{"id":37114,"date":"2020-02-17T12:42:21","date_gmt":"2020-02-17T15:42:21","guid":{"rendered":"http:\/\/www.gaveanews.com\/?p=37114"},"modified":"2020-02-17T12:42:23","modified_gmt":"2020-02-17T15:42:23","slug":"bolsonaro-recebe-dirigentes-do-flamengo-e-ouve-pedido-por-mudancas-na-legislacao","status":"publish","type":"post","link":"https:\/\/www.gaveanews.com\/index.php\/2020\/02\/17\/bolsonaro-recebe-dirigentes-do-flamengo-e-ouve-pedido-por-mudancas-na-legislacao\/","title":{"rendered":"Bolsonaro recebe dirigentes do Flamengo e ouve pedido por mudan\u00e7as na legisla\u00e7\u00e3o"},"content":{"rendered":"\n<p>O presidente Jair Bolsonaro se reuniu nesta segunda-feira com dirigentes do Flamengo no Pal\u00e1cio da Alvorada. Bolsonaro disse que recebeu sugest\u00f5es de mudan\u00e7as na legisla\u00e7\u00e3o do futebol, mas n\u00e3o entrou em detalhes. O vice-presidente de futebol do Flamengo, Marcos Braz, foi um dos presentes.<\/p>\n\n\n\n<p>\u2014 Trouxeram sugest\u00f5es de mudan\u00e7as na legisla\u00e7\u00e3o, para ajudar o futebol no Brasil. Sugest\u00f5es\u2026N\u00e3o vou comentar, porque vai virar pauta e eu n\u00e3o quero pauta na imprensa nesse assunto \u2014 disse Bolsonaro, na sa\u00edda do Pal\u00e1cio da Alvorada.<\/p>\n\n\n\n<p>\u2014Perguntei se havia unanimidade nos demais clubes de futebol. A princ\u00edpio, h\u00e1 um entendimento de que tem que reformular algumas leis no futebol. S\u00f3 isso.<\/p>\n\n\n\n<p>A assessoria do Flamengo informou que uma &#8220;pequena comitiva&#8221; do clube foi convidada devido ao t\u00edtulo da Supercopa, conquistado no domingo, no Man\u00e9 Garrinha, em Bras\u00edlia. Bolsonaro assistiu ao jogo, ao lado de diversos ministros. O presidente disse que &#8220;tudo&#8221; foi comentado na reuni\u00e3o desta segunda:<\/p>\n\n\n\n<p>\u2014 Tudo que voc\u00ea possa imaginar foi comentado. Alguma coisa (foi) novidade para mim. Vou dado o respectivo encaminhamento de como come\u00e7ar a ajudar a reformular o futebol no Brasil. Essa \u00e9 a ideia.<\/p>\n\n\n\n<p>Bolsonaro ressaltou que continuar\u00e1 assistindo partidas e que \u00e9 natural ouvir pedidos nessas ocasi\u00f5es:<\/p>\n\n\n\n<p>\u2014 Posso te adiantar que em todos os jogos de futebol que eu estive eu conversei com dirigentes de clubes, sempre algu\u00e9m tem algo para falar de como melhor o futebol no Brasil. Ent\u00e3o, n\u00e3o \u00e9 de agora, vou continuar indo em est\u00e1dio de futebol onde, obviamente, ao ser convidado, sempre eles querem colocar alguma coisa na mesa. Eu sempre vou acompanhado de ministros e a gente vai buscar atender o futebol no Brasil.<\/p>\n\n\n\n<p>Retirado de: O Globo<\/p>\n","protected":false},"excerpt":{"rendered":"<p>O presidente Jair Bolsonaro se reuniu nesta segunda-feira com dirigentes do Flamengo no Pal\u00e1cio da Alvorada. Bolsonaro disse que recebeu sugest\u00f5es de mudan\u00e7as na legisla\u00e7\u00e3o do futebol, mas n\u00e3o entrou em detalhes. O vice-presidente de futebol do Flamengo, Marcos Braz, foi um dos presentes. \u2014 Trouxeram sugest\u00f5es de mudan\u00e7as na legisla\u00e7\u00e3o, para ajudar o futebol [&hellip;]<\/p>\n","protected":false},"author":1,"featured_media":15077,"comment_status":"open","ping_status":"closed","sticky":false,"template":"","format":"standard","meta":{"footnotes":""},"categories":[1],"tags":[],"class_list":["post-37114","post","type-post","status-publish","format-standard","has-post-thumbnail","hentry","category-flamengo"],"yoast_head":"<!-- This site is optimized with the Yoast SEO Premium plugin v24.2 (Yoast SEO v26.9) - https:\/\/yoast.com\/product\/yoast-seo-premium-wordpress\/ -->\n<title>Bolsonaro recebe dirigentes do Flamengo e ouve pedido por mudan\u00e7as na legisla\u00e7\u00e3o<\/title>\n<meta name=\"robots\" content=\"index, follow, max-snippet:-1, max-image-preview:large, max-video-preview:-1\" \/>\n<link rel=\"canonical\" href=\"https:\/\/www.gaveanews.com\/index.php\/2020\/02\/17\/bolsonaro-recebe-dirigentes-do-flamengo-e-ouve-pedido-por-mudancas-na-legislacao\/\" \/>\n<meta property=\"og:locale\" content=\"pt_BR\" \/>\n<meta property=\"og:type\" content=\"article\" \/>\n<meta property=\"og:title\" content=\"Bolsonaro recebe dirigentes do Flamengo e ouve pedido por mudan\u00e7as na legisla\u00e7\u00e3o\" \/>\n<meta property=\"og:description\" content=\"O presidente Jair Bolsonaro se reuniu nesta segunda-feira com dirigentes do Flamengo no Pal\u00e1cio da Alvorada. Bolsonaro disse que recebeu sugest\u00f5es de mudan\u00e7as na legisla\u00e7\u00e3o do futebol, mas n\u00e3o entrou em detalhes. O vice-presidente de futebol do Flamengo, Marcos Braz, foi um dos presentes. \u2014 Trouxeram sugest\u00f5es de mudan\u00e7as na legisla\u00e7\u00e3o, para ajudar o futebol [&hellip;]\" \/>\n<meta property=\"og:url\" content=\"https:\/\/www.gaveanews.com\/index.php\/2020\/02\/17\/bolsonaro-recebe-dirigentes-do-flamengo-e-ouve-pedido-por-mudancas-na-legislacao\/\" \/>\n<meta property=\"og:site_name\" content=\"G\u00e1vea News\" \/>\n<meta property=\"article:publisher\" content=\"https:\/\/facebook.com\/gaveaNews\/\" \/>\n<meta property=\"article:published_time\" content=\"2020-02-17T15:42:21+00:00\" \/>\n<meta property=\"article:modified_time\" content=\"2020-02-17T15:42:23+00:00\" \/>\n<meta property=\"og:image\" content=\"https:\/\/www.gaveanews.com\/wp-content\/uploads\/2019\/03\/Rodolfo-Landim-durante-entrevista-coletiva-na-Gavea.webp\" \/>\n\t<meta property=\"og:image:width\" content=\"1\" \/>\n\t<meta property=\"og:image:height\" content=\"1\" \/>\n\t<meta property=\"og:image:type\" content=\"image\/jpeg\" \/>\n<meta name=\"author\" content=\"Equipe G\u00e1vea News\" \/>\n<meta name=\"twitter:card\" content=\"summary_large_image\" \/>\n<meta name=\"twitter:label1\" content=\"Escrito por\" \/>\n\t<meta name=\"twitter:data1\" content=\"Equipe G\u00e1vea News\" \/>\n\t<meta name=\"twitter:label2\" content=\"Est. tempo de leitura\" \/>\n\t<meta name=\"twitter:data2\" content=\"1 minuto\" \/>\n<script type=\"application\/ld+json\" class=\"yoast-schema-graph\">{\"@context\":\"https:\/\/schema.org\",\"@graph\":[{\"@type\":\"NewsArticle\",\"@id\":\"https:\/\/www.gaveanews.com\/index.php\/2020\/02\/17\/bolsonaro-recebe-dirigentes-do-flamengo-e-ouve-pedido-por-mudancas-na-legislacao\/#article\",\"isPartOf\":{\"@id\":\"https:\/\/www.gaveanews.com\/index.php\/2020\/02\/17\/bolsonaro-recebe-dirigentes-do-flamengo-e-ouve-pedido-por-mudancas-na-legislacao\/\"},\"author\":{\"name\":\"Equipe G\u00e1vea News\",\"@id\":\"https:\/\/www.gaveanews.com\/#\/schema\/person\/2ec14f73fb96be2caf28f91afb14749d\"},\"headline\":\"Bolsonaro recebe dirigentes do Flamengo e ouve pedido por mudan\u00e7as na legisla\u00e7\u00e3o\",\"datePublished\":\"2020-02-17T15:42:21+00:00\",\"dateModified\":\"2020-02-17T15:42:23+00:00\",\"mainEntityOfPage\":{\"@id\":\"https:\/\/www.gaveanews.com\/index.php\/2020\/02\/17\/bolsonaro-recebe-dirigentes-do-flamengo-e-ouve-pedido-por-mudancas-na-legislacao\/\"},\"wordCount\":310,\"commentCount\":112,\"image\":{\"@id\":\"https:\/\/www.gaveanews.com\/index.php\/2020\/02\/17\/bolsonaro-recebe-dirigentes-do-flamengo-e-ouve-pedido-por-mudancas-na-legislacao\/#primaryimage\"},\"thumbnailUrl\":\"https:\/\/www.gaveanews.com\/wp-content\/uploads\/2019\/03\/Rodolfo-Landim-durante-entrevista-coletiva-na-Gavea.webp\",\"articleSection\":[\"Flamengo\"],\"inLanguage\":\"pt-BR\",\"potentialAction\":[{\"@type\":\"CommentAction\",\"name\":\"Comment\",\"target\":[\"https:\/\/www.gaveanews.com\/index.php\/2020\/02\/17\/bolsonaro-recebe-dirigentes-do-flamengo-e-ouve-pedido-por-mudancas-na-legislacao\/#respond\"]}],\"copyrightYear\":\"2020\",\"copyrightHolder\":{\"@id\":\"https:\/\/www.gaveanews.com\/#organization\"}},{\"@type\":\"WebPage\",\"@id\":\"https:\/\/www.gaveanews.com\/index.php\/2020\/02\/17\/bolsonaro-recebe-dirigentes-do-flamengo-e-ouve-pedido-por-mudancas-na-legislacao\/\",\"url\":\"https:\/\/www.gaveanews.com\/index.php\/2020\/02\/17\/bolsonaro-recebe-dirigentes-do-flamengo-e-ouve-pedido-por-mudancas-na-legislacao\/\",\"name\":\"Bolsonaro recebe dirigentes do Flamengo e ouve pedido por mudan\u00e7as na legisla\u00e7\u00e3o\",\"isPartOf\":{\"@id\":\"https:\/\/www.gaveanews.com\/#website\"},\"primaryImageOfPage\":{\"@id\":\"https:\/\/www.gaveanews.com\/index.php\/2020\/02\/17\/bolsonaro-recebe-dirigentes-do-flamengo-e-ouve-pedido-por-mudancas-na-legislacao\/#primaryimage\"},\"image\":{\"@id\":\"https:\/\/www.gaveanews.com\/index.php\/2020\/02\/17\/bolsonaro-recebe-dirigentes-do-flamengo-e-ouve-pedido-por-mudancas-na-legislacao\/#primaryimage\"},\"thumbnailUrl\":\"https:\/\/www.gaveanews.com\/wp-content\/uploads\/2019\/03\/Rodolfo-Landim-durante-entrevista-coletiva-na-Gavea.webp\",\"datePublished\":\"2020-02-17T15:42:21+00:00\",\"dateModified\":\"2020-02-17T15:42:23+00:00\",\"author\":{\"@id\":\"https:\/\/www.gaveanews.com\/#\/schema\/person\/2ec14f73fb96be2caf28f91afb14749d\"},\"breadcrumb\":{\"@id\":\"https:\/\/www.gaveanews.com\/index.php\/2020\/02\/17\/bolsonaro-recebe-dirigentes-do-flamengo-e-ouve-pedido-por-mudancas-na-legislacao\/#breadcrumb\"},\"inLanguage\":\"pt-BR\",\"potentialAction\":[{\"@type\":\"ReadAction\",\"target\":[\"https:\/\/www.gaveanews.com\/index.php\/2020\/02\/17\/bolsonaro-recebe-dirigentes-do-flamengo-e-ouve-pedido-por-mudancas-na-legislacao\/\"]}]},{\"@type\":\"ImageObject\",\"inLanguage\":\"pt-BR\",\"@id\":\"https:\/\/www.gaveanews.com\/index.php\/2020\/02\/17\/bolsonaro-recebe-dirigentes-do-flamengo-e-ouve-pedido-por-mudancas-na-legislacao\/#primaryimage\",\"url\":\"https:\/\/www.gaveanews.com\/wp-content\/uploads\/2019\/03\/Rodolfo-Landim-durante-entrevista-coletiva-na-Gavea.webp\",\"contentUrl\":\"https:\/\/www.gaveanews.com\/wp-content\/uploads\/2019\/03\/Rodolfo-Landim-durante-entrevista-coletiva-na-Gavea.webp\",\"width\":900,\"height\":599,\"caption\":\"Rodolfo Landim durante entrevista coletiva na G\u00e1vea (Foto: Ag\u00eancia Foto BR)\"},{\"@type\":\"BreadcrumbList\",\"@id\":\"https:\/\/www.gaveanews.com\/index.php\/2020\/02\/17\/bolsonaro-recebe-dirigentes-do-flamengo-e-ouve-pedido-por-mudancas-na-legislacao\/#breadcrumb\",\"itemListElement\":[{\"@type\":\"ListItem\",\"position\":1,\"name\":\"Home\",\"item\":\"https:\/\/www.gaveanews.com\/\"},{\"@type\":\"ListItem\",\"position\":2,\"name\":\"Bolsonaro recebe dirigentes do Flamengo e ouve pedido por mudan\u00e7as na legisla\u00e7\u00e3o\"}]},{\"@type\":\"WebSite\",\"@id\":\"https:\/\/www.gaveanews.com\/#website\",\"url\":\"https:\/\/www.gaveanews.com\/\",\"name\":\"G\u00e1vea News\",\"description\":\"Veja todas as not\u00edcias sobre o Flamengo: Contrata\u00e7\u00f5es, categorias de base, resultados das partidas, tabela de classifica\u00e7\u00e3o, pr\u00f3ximos jogos!\",\"potentialAction\":[{\"@type\":\"SearchAction\",\"target\":{\"@type\":\"EntryPoint\",\"urlTemplate\":\"https:\/\/www.gaveanews.com\/?s={search_term_string}\"},\"query-input\":{\"@type\":\"PropertyValueSpecification\",\"valueRequired\":true,\"valueName\":\"search_term_string\"}}],\"inLanguage\":\"pt-BR\"},{\"@type\":\"Person\",\"@id\":\"https:\/\/www.gaveanews.com\/#\/schema\/person\/2ec14f73fb96be2caf28f91afb14749d\",\"name\":\"Equipe G\u00e1vea News\",\"image\":{\"@type\":\"ImageObject\",\"inLanguage\":\"pt-BR\",\"@id\":\"https:\/\/www.gaveanews.com\/#\/schema\/person\/image\/\",\"url\":\"https:\/\/secure.gravatar.com\/avatar\/1e1956f1facbffd3f8fa53a326721950116b3b9dc9bd44939c01180fd4a745a9?s=96&d=mm&r=g\",\"contentUrl\":\"https:\/\/secure.gravatar.com\/avatar\/1e1956f1facbffd3f8fa53a326721950116b3b9dc9bd44939c01180fd4a745a9?s=96&d=mm&r=g\",\"caption\":\"Equipe G\u00e1vea News\"}}]}<\/script>\n<!-- \/ Yoast SEO Premium plugin. -->","yoast_head_json":{"title":"Bolsonaro recebe dirigentes do Flamengo e ouve pedido por mudan\u00e7as na legisla\u00e7\u00e3o","robots":{"index":"index","follow":"follow","max-snippet":"max-snippet:-1","max-image-preview":"max-image-preview:large","max-video-preview":"max-video-preview:-1"},"canonical":"https:\/\/www.gaveanews.com\/index.php\/2020\/02\/17\/bolsonaro-recebe-dirigentes-do-flamengo-e-ouve-pedido-por-mudancas-na-legislacao\/","og_locale":"pt_BR","og_type":"article","og_title":"Bolsonaro recebe dirigentes do Flamengo e ouve pedido por mudan\u00e7as na legisla\u00e7\u00e3o","og_description":"O presidente Jair Bolsonaro se reuniu nesta segunda-feira com dirigentes do Flamengo no Pal\u00e1cio da Alvorada. Bolsonaro disse que recebeu sugest\u00f5es de mudan\u00e7as na legisla\u00e7\u00e3o do futebol, mas n\u00e3o entrou em detalhes. O vice-presidente de futebol do Flamengo, Marcos Braz, foi um dos presentes. \u2014 Trouxeram sugest\u00f5es de mudan\u00e7as na legisla\u00e7\u00e3o, para ajudar o futebol [&hellip;]","og_url":"https:\/\/www.gaveanews.com\/index.php\/2020\/02\/17\/bolsonaro-recebe-dirigentes-do-flamengo-e-ouve-pedido-por-mudancas-na-legislacao\/","og_site_name":"G\u00e1vea News","article_publisher":"https:\/\/facebook.com\/gaveaNews\/","article_published_time":"2020-02-17T15:42:21+00:00","article_modified_time":"2020-02-17T15:42:23+00:00","og_image":[{"url":"https:\/\/www.gaveanews.com\/wp-content\/uploads\/2019\/03\/Rodolfo-Landim-durante-entrevista-coletiva-na-Gavea.webp","width":1,"height":1,"type":"image\/jpeg"}],"author":"Equipe G\u00e1vea News","twitter_card":"summary_large_image","twitter_misc":{"Escrito por":"Equipe G\u00e1vea News","Est. tempo de leitura":"1 minuto"},"schema":{"@context":"https:\/\/schema.org","@graph":[{"@type":"NewsArticle","@id":"https:\/\/www.gaveanews.com\/index.php\/2020\/02\/17\/bolsonaro-recebe-dirigentes-do-flamengo-e-ouve-pedido-por-mudancas-na-legislacao\/#article","isPartOf":{"@id":"https:\/\/www.gaveanews.com\/index.php\/2020\/02\/17\/bolsonaro-recebe-dirigentes-do-flamengo-e-ouve-pedido-por-mudancas-na-legislacao\/"},"author":{"name":"Equipe G\u00e1vea News","@id":"https:\/\/www.gaveanews.com\/#\/schema\/person\/2ec14f73fb96be2caf28f91afb14749d"},"headline":"Bolsonaro recebe dirigentes do Flamengo e ouve pedido por mudan\u00e7as na legisla\u00e7\u00e3o","datePublished":"2020-02-17T15:42:21+00:00","dateModified":"2020-02-17T15:42:23+00:00","mainEntityOfPage":{"@id":"https:\/\/www.gaveanews.com\/index.php\/2020\/02\/17\/bolsonaro-recebe-dirigentes-do-flamengo-e-ouve-pedido-por-mudancas-na-legislacao\/"},"wordCount":310,"commentCount":112,"image":{"@id":"https:\/\/www.gaveanews.com\/index.php\/2020\/02\/17\/bolsonaro-recebe-dirigentes-do-flamengo-e-ouve-pedido-por-mudancas-na-legislacao\/#primaryimage"},"thumbnailUrl":"https:\/\/www.gaveanews.com\/wp-content\/uploads\/2019\/03\/Rodolfo-Landim-durante-entrevista-coletiva-na-Gavea.webp","articleSection":["Flamengo"],"inLanguage":"pt-BR","potentialAction":[{"@type":"CommentAction","name":"Comment","target":["https:\/\/www.gaveanews.com\/index.php\/2020\/02\/17\/bolsonaro-recebe-dirigentes-do-flamengo-e-ouve-pedido-por-mudancas-na-legislacao\/#respond"]}],"copyrightYear":"2020","copyrightHolder":{"@id":"https:\/\/www.gaveanews.com\/#organization"}},{"@type":"WebPage","@id":"https:\/\/www.gaveanews.com\/index.php\/2020\/02\/17\/bolsonaro-recebe-dirigentes-do-flamengo-e-ouve-pedido-por-mudancas-na-legislacao\/","url":"https:\/\/www.gaveanews.com\/index.php\/2020\/02\/17\/bolsonaro-recebe-dirigentes-do-flamengo-e-ouve-pedido-por-mudancas-na-legislacao\/","name":"Bolsonaro recebe dirigentes do Flamengo e ouve pedido por mudan\u00e7as na legisla\u00e7\u00e3o","isPartOf":{"@id":"https:\/\/www.gaveanews.com\/#website"},"primaryImageOfPage":{"@id":"https:\/\/www.gaveanews.com\/index.php\/2020\/02\/17\/bolsonaro-recebe-dirigentes-do-flamengo-e-ouve-pedido-por-mudancas-na-legislacao\/#primaryimage"},"image":{"@id":"https:\/\/www.gaveanews.com\/index.php\/2020\/02\/17\/bolsonaro-recebe-dirigentes-do-flamengo-e-ouve-pedido-por-mudancas-na-legislacao\/#primaryimage"},"thumbnailUrl":"https:\/\/www.gaveanews.com\/wp-content\/uploads\/2019\/03\/Rodolfo-Landim-durante-entrevista-coletiva-na-Gavea.webp","datePublished":"2020-02-17T15:42:21+00:00","dateModified":"2020-02-17T15:42:23+00:00","author":{"@id":"https:\/\/www.gaveanews.com\/#\/schema\/person\/2ec14f73fb96be2caf28f91afb14749d"},"breadcrumb":{"@id":"https:\/\/www.gaveanews.com\/index.php\/2020\/02\/17\/bolsonaro-recebe-dirigentes-do-flamengo-e-ouve-pedido-por-mudancas-na-legislacao\/#breadcrumb"},"inLanguage":"pt-BR","potentialAction":[{"@type":"ReadAction","target":["https:\/\/www.gaveanews.com\/index.php\/2020\/02\/17\/bolsonaro-recebe-dirigentes-do-flamengo-e-ouve-pedido-por-mudancas-na-legislacao\/"]}]},{"@type":"ImageObject","inLanguage":"pt-BR","@id":"https:\/\/www.gaveanews.com\/index.php\/2020\/02\/17\/bolsonaro-recebe-dirigentes-do-flamengo-e-ouve-pedido-por-mudancas-na-legislacao\/#primaryimage","url":"https:\/\/www.gaveanews.com\/wp-content\/uploads\/2019\/03\/Rodolfo-Landim-durante-entrevista-coletiva-na-Gavea.webp","contentUrl":"https:\/\/www.gaveanews.com\/wp-content\/uploads\/2019\/03\/Rodolfo-Landim-durante-entrevista-coletiva-na-Gavea.webp","width":900,"height":599,"caption":"Rodolfo Landim durante entrevista coletiva na G\u00e1vea (Foto: Ag\u00eancia Foto BR)"},{"@type":"BreadcrumbList","@id":"https:\/\/www.gaveanews.com\/index.php\/2020\/02\/17\/bolsonaro-recebe-dirigentes-do-flamengo-e-ouve-pedido-por-mudancas-na-legislacao\/#breadcrumb","itemListElement":[{"@type":"ListItem","position":1,"name":"Home","item":"https:\/\/www.gaveanews.com\/"},{"@type":"ListItem","position":2,"name":"Bolsonaro recebe dirigentes do Flamengo e ouve pedido por mudan\u00e7as na legisla\u00e7\u00e3o"}]},{"@type":"WebSite","@id":"https:\/\/www.gaveanews.com\/#website","url":"https:\/\/www.gaveanews.com\/","name":"G\u00e1vea News","description":"Veja todas as not\u00edcias sobre o Flamengo: Contrata\u00e7\u00f5es, categorias de base, resultados das partidas, tabela de classifica\u00e7\u00e3o, pr\u00f3ximos jogos!","potentialAction":[{"@type":"SearchAction","target":{"@type":"EntryPoint","urlTemplate":"https:\/\/www.gaveanews.com\/?s={search_term_string}"},"query-input":{"@type":"PropertyValueSpecification","valueRequired":true,"valueName":"search_term_string"}}],"inLanguage":"pt-BR"},{"@type":"Person","@id":"https:\/\/www.gaveanews.com\/#\/schema\/person\/2ec14f73fb96be2caf28f91afb14749d","name":"Equipe G\u00e1vea News","image":{"@type":"ImageObject","inLanguage":"pt-BR","@id":"https:\/\/www.gaveanews.com\/#\/schema\/person\/image\/","url":"https:\/\/secure.gravatar.com\/avatar\/1e1956f1facbffd3f8fa53a326721950116b3b9dc9bd44939c01180fd4a745a9?s=96&d=mm&r=g","contentUrl":"https:\/\/secure.gravatar.com\/avatar\/1e1956f1facbffd3f8fa53a326721950116b3b9dc9bd44939c01180fd4a745a9?s=96&d=mm&r=g","caption":"Equipe G\u00e1vea News"}}]}},"_links":{"self":[{"href":"https:\/\/www.gaveanews.com\/index.php\/wp-json\/wp\/v2\/posts\/37114","targetHints":{"allow":["GET"]}}],"collection":[{"href":"https:\/\/www.gaveanews.com\/index.php\/wp-json\/wp\/v2\/posts"}],"about":[{"href":"https:\/\/www.gaveanews.com\/index.php\/wp-json\/wp\/v2\/types\/post"}],"author":[{"embeddable":true,"href":"https:\/\/www.gaveanews.com\/index.php\/wp-json\/wp\/v2\/users\/1"}],"replies":[{"embeddable":true,"href":"https:\/\/www.gaveanews.com\/index.php\/wp-json\/wp\/v2\/comments?post=37114"}],"version-history":[{"count":0,"href":"https:\/\/www.gaveanews.com\/index.php\/wp-json\/wp\/v2\/posts\/37114\/revisions"}],"wp:featuredmedia":[{"embeddable":true,"href":"https:\/\/www.gaveanews.com\/index.php\/wp-json\/wp\/v2\/media\/15077"}],"wp:attachment":[{"href":"https:\/\/www.gaveanews.com\/index.php\/wp-json\/wp\/v2\/media?parent=37114"}],"wp:term":[{"taxonomy":"category","embeddable":true,"href":"https:\/\/www.gaveanews.com\/index.php\/wp-json\/wp\/v2\/categories?post=37114"},{"taxonomy":"post_tag","embeddable":true,"href":"https:\/\/www.gaveanews.com\/index.php\/wp-json\/wp\/v2\/tags?post=37114"}],"curies":[{"name":"wp","href":"https:\/\/api.w.org\/{rel}","templated":true}]}}