{"id":37119,"date":"2020-02-17T14:38:57","date_gmt":"2020-02-17T17:38:57","guid":{"rendered":"http:\/\/www.gaveanews.com\/?p=37119"},"modified":"2020-02-17T14:39:01","modified_gmt":"2020-02-17T17:39:01","slug":"meia-diego-ribas-valoriza-titulo-da-supercopa-e-lateral-filipe-luis-deixa-estadio-com-o-trofeu","status":"publish","type":"post","link":"https:\/\/www.gaveanews.com\/index.php\/2020\/02\/17\/meia-diego-ribas-valoriza-titulo-da-supercopa-e-lateral-filipe-luis-deixa-estadio-com-o-trofeu\/","title":{"rendered":"Meia Diego Ribas valoriza t\u00edtulo da Supercopa, e lateral Filipe Lu\u00eds deixa est\u00e1dio com o trof\u00e9u"},"content":{"rendered":"\n<p>Nos respectivos curr\u00edculos, passagens vitoriosas pela Europa, t\u00edtulos pela Sele\u00e7\u00e3o Brasileira e uma amizade de anos: Diego e Filipe Lu\u00eds s\u00e3o dos mais experientes do atual elenco do Flamengo e, ap\u00f3s a vit\u00f3ria por 3 a 0 sobre o Athletico, fizeram quest\u00e3o de exaltar a conquista da Supercopa do Brasil.<\/p>\n\n\n\n<p>Um dos capit\u00e3es do Fla, o camisa 10 levantou o trof\u00e9u junto com Diego Alves e Everton Ribeiro. Um privil\u00e9gio, avaliou Diego ao fim do jogo no Man\u00e9 Garrincha.<\/p>\n\n\n\n<p>\u2014 Acho que \u00e9 um grande privil\u00e9gio fazer parte desse grupo, neste momento. Acredito que estamos fazendo o que deve ser feito, aproveitando a oportunidade para fazer hist\u00f3ria e ganhar t\u00edtulos. Mais uma vez, fizemos de forma incr\u00edvel. O jogo foi muito bom, seguimos assim. \u00c9 comemorar no dia de hoje e, a partir de amanh\u00e3, j\u00e1 pensar na quarta-feira, que \u00e9 outra decis\u00e3o &#8211; afirmou o meio-campista, que entrou na etapa final contra o Athletico.<\/p>\n\n\n\n<p>\u200bNa sa\u00edda do Man\u00e9 Garrincha, Filipe Lu\u00eds foi o respons\u00e1vel pelo transporte do trof\u00e9u da Supercopa do Brasil, o levando do vesti\u00e1rio ao \u00f4nibus e, na sequ\u00eancia, ao hotel. No caminho, o camisa 16 atendeu aos jornalistas, celebrando mais im t\u00edtulo pelo seu clube do cora\u00e7\u00e3o.<\/p>\n\n\n\n<p>\u2014 T\u00edtulo muito importante. Pode ser considerado o menor da temporada, e relativamente novo, mas, no final das contas, \u00e9 mais t\u00edtulo na carreira. O primeiro na hist\u00f3ria do Flamengo, e muito importante \u00e9, mais uma vez, fazer hist\u00f3ria com o clube do cora\u00e7\u00e3o &#8211; exaltou.<\/p>\n\n\n\n<p>Na manh\u00e3 desta segunda-feira, o time do Flamengo faz um trabalho regenerativo antes de embarcar para Quito. Na quarta-feira, \u00e0s 22h30 (de Bras\u00edlia), nova decis\u00e3o:.<\/p>\n\n\n\n<p>O Rubro-Negro enfrenta o Independiente Del Valle, do Equador, na partida de ida da Recopa Sul-Americana. A volta ser\u00e1 no dia 26, no Maracan\u00e3, e Filipe Lu\u00eds projetou o confronto.<\/p>\n\n\n\n<p>\u2014 Temos que focar a cada jogo como j\u00e1 fizemos. Estamos em um grande momento, o time est\u00e1 bem fisicamente e n\u00f3s entendemos a ideia do treinador. Vamos em busca dos t\u00edtulos que s\u00e3o os nossos objetivos &#8211; finalizou o lateral.<\/p>\n\n\n\n<p>Retirado de: Lance<\/p>\n","protected":false},"excerpt":{"rendered":"<p>Nos respectivos curr\u00edculos, passagens vitoriosas pela Europa, t\u00edtulos pela Sele\u00e7\u00e3o Brasileira e uma amizade de anos: Diego e Filipe Lu\u00eds s\u00e3o dos mais experientes do atual elenco do Flamengo e, ap\u00f3s a vit\u00f3ria por 3 a 0 sobre o Athletico, fizeram quest\u00e3o de exaltar a conquista da Supercopa do Brasil. Um dos capit\u00e3es do Fla, [&hellip;]<\/p>\n","protected":false},"author":1,"featured_media":36610,"comment_status":"open","ping_status":"closed","sticky":false,"template":"","format":"standard","meta":{"footnotes":""},"categories":[1],"tags":[],"class_list":["post-37119","post","type-post","status-publish","format-standard","has-post-thumbnail","hentry","category-flamengo"],"yoast_head":"<!-- This site is optimized with the Yoast SEO Premium plugin v24.2 (Yoast SEO v26.9) - https:\/\/yoast.com\/product\/yoast-seo-premium-wordpress\/ -->\n<title>Meia Diego Ribas valoriza t\u00edtulo da Supercopa, e lateral Filipe Lu\u00eds deixa est\u00e1dio com o trof\u00e9u<\/title>\n<meta name=\"robots\" content=\"index, follow, max-snippet:-1, max-image-preview:large, max-video-preview:-1\" \/>\n<link rel=\"canonical\" href=\"https:\/\/www.gaveanews.com\/index.php\/2020\/02\/17\/meia-diego-ribas-valoriza-titulo-da-supercopa-e-lateral-filipe-luis-deixa-estadio-com-o-trofeu\/\" \/>\n<meta property=\"og:locale\" content=\"pt_BR\" \/>\n<meta property=\"og:type\" content=\"article\" \/>\n<meta property=\"og:title\" content=\"Meia Diego Ribas valoriza t\u00edtulo da Supercopa, e lateral Filipe Lu\u00eds deixa est\u00e1dio com o trof\u00e9u\" \/>\n<meta property=\"og:description\" content=\"Nos respectivos curr\u00edculos, passagens vitoriosas pela Europa, t\u00edtulos pela Sele\u00e7\u00e3o Brasileira e uma amizade de anos: Diego e Filipe Lu\u00eds s\u00e3o dos mais experientes do atual elenco do Flamengo e, ap\u00f3s a vit\u00f3ria por 3 a 0 sobre o Athletico, fizeram quest\u00e3o de exaltar a conquista da Supercopa do Brasil. Um dos capit\u00e3es do Fla, [&hellip;]\" \/>\n<meta property=\"og:url\" content=\"https:\/\/www.gaveanews.com\/index.php\/2020\/02\/17\/meia-diego-ribas-valoriza-titulo-da-supercopa-e-lateral-filipe-luis-deixa-estadio-com-o-trofeu\/\" \/>\n<meta property=\"og:site_name\" content=\"G\u00e1vea News\" \/>\n<meta property=\"article:publisher\" content=\"https:\/\/facebook.com\/gaveaNews\/\" \/>\n<meta property=\"article:published_time\" content=\"2020-02-17T17:38:57+00:00\" \/>\n<meta property=\"article:modified_time\" content=\"2020-02-17T17:39:01+00:00\" \/>\n<meta property=\"og:image\" content=\"https:\/\/www.gaveanews.com\/wp-content\/uploads\/Logomarca-da-Supercopa-Do-Brasil.webp\" \/>\n\t<meta property=\"og:image:width\" content=\"910\" \/>\n\t<meta property=\"og:image:height\" content=\"501\" \/>\n\t<meta property=\"og:image:type\" content=\"image\/jpeg\" \/>\n<meta name=\"author\" content=\"Equipe G\u00e1vea News\" \/>\n<meta name=\"twitter:card\" content=\"summary_large_image\" \/>\n<meta name=\"twitter:label1\" content=\"Escrito por\" \/>\n\t<meta name=\"twitter:data1\" content=\"Equipe G\u00e1vea News\" \/>\n\t<meta name=\"twitter:label2\" content=\"Est. tempo de leitura\" \/>\n\t<meta name=\"twitter:data2\" content=\"2 minutos\" \/>\n<script type=\"application\/ld+json\" class=\"yoast-schema-graph\">{\"@context\":\"https:\/\/schema.org\",\"@graph\":[{\"@type\":\"NewsArticle\",\"@id\":\"https:\/\/www.gaveanews.com\/index.php\/2020\/02\/17\/meia-diego-ribas-valoriza-titulo-da-supercopa-e-lateral-filipe-luis-deixa-estadio-com-o-trofeu\/#article\",\"isPartOf\":{\"@id\":\"https:\/\/www.gaveanews.com\/index.php\/2020\/02\/17\/meia-diego-ribas-valoriza-titulo-da-supercopa-e-lateral-filipe-luis-deixa-estadio-com-o-trofeu\/\"},\"author\":{\"name\":\"Equipe G\u00e1vea News\",\"@id\":\"https:\/\/www.gaveanews.com\/#\/schema\/person\/2ec14f73fb96be2caf28f91afb14749d\"},\"headline\":\"Meia Diego Ribas valoriza t\u00edtulo da Supercopa, e lateral Filipe Lu\u00eds deixa est\u00e1dio com o trof\u00e9u\",\"datePublished\":\"2020-02-17T17:38:57+00:00\",\"dateModified\":\"2020-02-17T17:39:01+00:00\",\"mainEntityOfPage\":{\"@id\":\"https:\/\/www.gaveanews.com\/index.php\/2020\/02\/17\/meia-diego-ribas-valoriza-titulo-da-supercopa-e-lateral-filipe-luis-deixa-estadio-com-o-trofeu\/\"},\"wordCount\":388,\"commentCount\":7,\"image\":{\"@id\":\"https:\/\/www.gaveanews.com\/index.php\/2020\/02\/17\/meia-diego-ribas-valoriza-titulo-da-supercopa-e-lateral-filipe-luis-deixa-estadio-com-o-trofeu\/#primaryimage\"},\"thumbnailUrl\":\"https:\/\/www.gaveanews.com\/wp-content\/uploads\/Logomarca-da-Supercopa-Do-Brasil.webp\",\"articleSection\":[\"Flamengo\"],\"inLanguage\":\"pt-BR\",\"potentialAction\":[{\"@type\":\"CommentAction\",\"name\":\"Comment\",\"target\":[\"https:\/\/www.gaveanews.com\/index.php\/2020\/02\/17\/meia-diego-ribas-valoriza-titulo-da-supercopa-e-lateral-filipe-luis-deixa-estadio-com-o-trofeu\/#respond\"]}],\"copyrightYear\":\"2020\",\"copyrightHolder\":{\"@id\":\"https:\/\/www.gaveanews.com\/#organization\"}},{\"@type\":\"WebPage\",\"@id\":\"https:\/\/www.gaveanews.com\/index.php\/2020\/02\/17\/meia-diego-ribas-valoriza-titulo-da-supercopa-e-lateral-filipe-luis-deixa-estadio-com-o-trofeu\/\",\"url\":\"https:\/\/www.gaveanews.com\/index.php\/2020\/02\/17\/meia-diego-ribas-valoriza-titulo-da-supercopa-e-lateral-filipe-luis-deixa-estadio-com-o-trofeu\/\",\"name\":\"Meia Diego Ribas valoriza t\u00edtulo da Supercopa, e lateral Filipe Lu\u00eds deixa est\u00e1dio com o trof\u00e9u\",\"isPartOf\":{\"@id\":\"https:\/\/www.gaveanews.com\/#website\"},\"primaryImageOfPage\":{\"@id\":\"https:\/\/www.gaveanews.com\/index.php\/2020\/02\/17\/meia-diego-ribas-valoriza-titulo-da-supercopa-e-lateral-filipe-luis-deixa-estadio-com-o-trofeu\/#primaryimage\"},\"image\":{\"@id\":\"https:\/\/www.gaveanews.com\/index.php\/2020\/02\/17\/meia-diego-ribas-valoriza-titulo-da-supercopa-e-lateral-filipe-luis-deixa-estadio-com-o-trofeu\/#primaryimage\"},\"thumbnailUrl\":\"https:\/\/www.gaveanews.com\/wp-content\/uploads\/Logomarca-da-Supercopa-Do-Brasil.webp\",\"datePublished\":\"2020-02-17T17:38:57+00:00\",\"dateModified\":\"2020-02-17T17:39:01+00:00\",\"author\":{\"@id\":\"https:\/\/www.gaveanews.com\/#\/schema\/person\/2ec14f73fb96be2caf28f91afb14749d\"},\"breadcrumb\":{\"@id\":\"https:\/\/www.gaveanews.com\/index.php\/2020\/02\/17\/meia-diego-ribas-valoriza-titulo-da-supercopa-e-lateral-filipe-luis-deixa-estadio-com-o-trofeu\/#breadcrumb\"},\"inLanguage\":\"pt-BR\",\"potentialAction\":[{\"@type\":\"ReadAction\",\"target\":[\"https:\/\/www.gaveanews.com\/index.php\/2020\/02\/17\/meia-diego-ribas-valoriza-titulo-da-supercopa-e-lateral-filipe-luis-deixa-estadio-com-o-trofeu\/\"]}]},{\"@type\":\"ImageObject\",\"inLanguage\":\"pt-BR\",\"@id\":\"https:\/\/www.gaveanews.com\/index.php\/2020\/02\/17\/meia-diego-ribas-valoriza-titulo-da-supercopa-e-lateral-filipe-luis-deixa-estadio-com-o-trofeu\/#primaryimage\",\"url\":\"https:\/\/www.gaveanews.com\/wp-content\/uploads\/Logomarca-da-Supercopa-Do-Brasil.webp\",\"contentUrl\":\"https:\/\/www.gaveanews.com\/wp-content\/uploads\/Logomarca-da-Supercopa-Do-Brasil.webp\",\"width\":910,\"height\":501},{\"@type\":\"BreadcrumbList\",\"@id\":\"https:\/\/www.gaveanews.com\/index.php\/2020\/02\/17\/meia-diego-ribas-valoriza-titulo-da-supercopa-e-lateral-filipe-luis-deixa-estadio-com-o-trofeu\/#breadcrumb\",\"itemListElement\":[{\"@type\":\"ListItem\",\"position\":1,\"name\":\"Home\",\"item\":\"https:\/\/www.gaveanews.com\/\"},{\"@type\":\"ListItem\",\"position\":2,\"name\":\"Meia Diego Ribas valoriza t\u00edtulo da Supercopa, e lateral Filipe Lu\u00eds deixa est\u00e1dio com o trof\u00e9u\"}]},{\"@type\":\"WebSite\",\"@id\":\"https:\/\/www.gaveanews.com\/#website\",\"url\":\"https:\/\/www.gaveanews.com\/\",\"name\":\"G\u00e1vea News\",\"description\":\"Veja todas as not\u00edcias sobre o Flamengo: Contrata\u00e7\u00f5es, categorias de base, resultados das partidas, tabela de classifica\u00e7\u00e3o, pr\u00f3ximos jogos!\",\"potentialAction\":[{\"@type\":\"SearchAction\",\"target\":{\"@type\":\"EntryPoint\",\"urlTemplate\":\"https:\/\/www.gaveanews.com\/?s={search_term_string}\"},\"query-input\":{\"@type\":\"PropertyValueSpecification\",\"valueRequired\":true,\"valueName\":\"search_term_string\"}}],\"inLanguage\":\"pt-BR\"},{\"@type\":\"Person\",\"@id\":\"https:\/\/www.gaveanews.com\/#\/schema\/person\/2ec14f73fb96be2caf28f91afb14749d\",\"name\":\"Equipe G\u00e1vea News\",\"image\":{\"@type\":\"ImageObject\",\"inLanguage\":\"pt-BR\",\"@id\":\"https:\/\/www.gaveanews.com\/#\/schema\/person\/image\/\",\"url\":\"https:\/\/secure.gravatar.com\/avatar\/1e1956f1facbffd3f8fa53a326721950116b3b9dc9bd44939c01180fd4a745a9?s=96&d=mm&r=g\",\"contentUrl\":\"https:\/\/secure.gravatar.com\/avatar\/1e1956f1facbffd3f8fa53a326721950116b3b9dc9bd44939c01180fd4a745a9?s=96&d=mm&r=g\",\"caption\":\"Equipe G\u00e1vea News\"}}]}<\/script>\n<!-- \/ Yoast SEO Premium plugin. -->","yoast_head_json":{"title":"Meia Diego Ribas valoriza t\u00edtulo da Supercopa, e lateral Filipe Lu\u00eds deixa est\u00e1dio com o trof\u00e9u","robots":{"index":"index","follow":"follow","max-snippet":"max-snippet:-1","max-image-preview":"max-image-preview:large","max-video-preview":"max-video-preview:-1"},"canonical":"https:\/\/www.gaveanews.com\/index.php\/2020\/02\/17\/meia-diego-ribas-valoriza-titulo-da-supercopa-e-lateral-filipe-luis-deixa-estadio-com-o-trofeu\/","og_locale":"pt_BR","og_type":"article","og_title":"Meia Diego Ribas valoriza t\u00edtulo da Supercopa, e lateral Filipe Lu\u00eds deixa est\u00e1dio com o trof\u00e9u","og_description":"Nos respectivos curr\u00edculos, passagens vitoriosas pela Europa, t\u00edtulos pela Sele\u00e7\u00e3o Brasileira e uma amizade de anos: Diego e Filipe Lu\u00eds s\u00e3o dos mais experientes do atual elenco do Flamengo e, ap\u00f3s a vit\u00f3ria por 3 a 0 sobre o Athletico, fizeram quest\u00e3o de exaltar a conquista da Supercopa do Brasil. Um dos capit\u00e3es do Fla, [&hellip;]","og_url":"https:\/\/www.gaveanews.com\/index.php\/2020\/02\/17\/meia-diego-ribas-valoriza-titulo-da-supercopa-e-lateral-filipe-luis-deixa-estadio-com-o-trofeu\/","og_site_name":"G\u00e1vea News","article_publisher":"https:\/\/facebook.com\/gaveaNews\/","article_published_time":"2020-02-17T17:38:57+00:00","article_modified_time":"2020-02-17T17:39:01+00:00","og_image":[{"width":910,"height":501,"url":"https:\/\/www.gaveanews.com\/wp-content\/uploads\/Logomarca-da-Supercopa-Do-Brasil.webp","type":"image\/jpeg"}],"author":"Equipe G\u00e1vea News","twitter_card":"summary_large_image","twitter_misc":{"Escrito por":"Equipe G\u00e1vea News","Est. tempo de leitura":"2 minutos"},"schema":{"@context":"https:\/\/schema.org","@graph":[{"@type":"NewsArticle","@id":"https:\/\/www.gaveanews.com\/index.php\/2020\/02\/17\/meia-diego-ribas-valoriza-titulo-da-supercopa-e-lateral-filipe-luis-deixa-estadio-com-o-trofeu\/#article","isPartOf":{"@id":"https:\/\/www.gaveanews.com\/index.php\/2020\/02\/17\/meia-diego-ribas-valoriza-titulo-da-supercopa-e-lateral-filipe-luis-deixa-estadio-com-o-trofeu\/"},"author":{"name":"Equipe G\u00e1vea News","@id":"https:\/\/www.gaveanews.com\/#\/schema\/person\/2ec14f73fb96be2caf28f91afb14749d"},"headline":"Meia Diego Ribas valoriza t\u00edtulo da Supercopa, e lateral Filipe Lu\u00eds deixa est\u00e1dio com o trof\u00e9u","datePublished":"2020-02-17T17:38:57+00:00","dateModified":"2020-02-17T17:39:01+00:00","mainEntityOfPage":{"@id":"https:\/\/www.gaveanews.com\/index.php\/2020\/02\/17\/meia-diego-ribas-valoriza-titulo-da-supercopa-e-lateral-filipe-luis-deixa-estadio-com-o-trofeu\/"},"wordCount":388,"commentCount":7,"image":{"@id":"https:\/\/www.gaveanews.com\/index.php\/2020\/02\/17\/meia-diego-ribas-valoriza-titulo-da-supercopa-e-lateral-filipe-luis-deixa-estadio-com-o-trofeu\/#primaryimage"},"thumbnailUrl":"https:\/\/www.gaveanews.com\/wp-content\/uploads\/Logomarca-da-Supercopa-Do-Brasil.webp","articleSection":["Flamengo"],"inLanguage":"pt-BR","potentialAction":[{"@type":"CommentAction","name":"Comment","target":["https:\/\/www.gaveanews.com\/index.php\/2020\/02\/17\/meia-diego-ribas-valoriza-titulo-da-supercopa-e-lateral-filipe-luis-deixa-estadio-com-o-trofeu\/#respond"]}],"copyrightYear":"2020","copyrightHolder":{"@id":"https:\/\/www.gaveanews.com\/#organization"}},{"@type":"WebPage","@id":"https:\/\/www.gaveanews.com\/index.php\/2020\/02\/17\/meia-diego-ribas-valoriza-titulo-da-supercopa-e-lateral-filipe-luis-deixa-estadio-com-o-trofeu\/","url":"https:\/\/www.gaveanews.com\/index.php\/2020\/02\/17\/meia-diego-ribas-valoriza-titulo-da-supercopa-e-lateral-filipe-luis-deixa-estadio-com-o-trofeu\/","name":"Meia Diego Ribas valoriza t\u00edtulo da Supercopa, e lateral Filipe Lu\u00eds deixa est\u00e1dio com o trof\u00e9u","isPartOf":{"@id":"https:\/\/www.gaveanews.com\/#website"},"primaryImageOfPage":{"@id":"https:\/\/www.gaveanews.com\/index.php\/2020\/02\/17\/meia-diego-ribas-valoriza-titulo-da-supercopa-e-lateral-filipe-luis-deixa-estadio-com-o-trofeu\/#primaryimage"},"image":{"@id":"https:\/\/www.gaveanews.com\/index.php\/2020\/02\/17\/meia-diego-ribas-valoriza-titulo-da-supercopa-e-lateral-filipe-luis-deixa-estadio-com-o-trofeu\/#primaryimage"},"thumbnailUrl":"https:\/\/www.gaveanews.com\/wp-content\/uploads\/Logomarca-da-Supercopa-Do-Brasil.webp","datePublished":"2020-02-17T17:38:57+00:00","dateModified":"2020-02-17T17:39:01+00:00","author":{"@id":"https:\/\/www.gaveanews.com\/#\/schema\/person\/2ec14f73fb96be2caf28f91afb14749d"},"breadcrumb":{"@id":"https:\/\/www.gaveanews.com\/index.php\/2020\/02\/17\/meia-diego-ribas-valoriza-titulo-da-supercopa-e-lateral-filipe-luis-deixa-estadio-com-o-trofeu\/#breadcrumb"},"inLanguage":"pt-BR","potentialAction":[{"@type":"ReadAction","target":["https:\/\/www.gaveanews.com\/index.php\/2020\/02\/17\/meia-diego-ribas-valoriza-titulo-da-supercopa-e-lateral-filipe-luis-deixa-estadio-com-o-trofeu\/"]}]},{"@type":"ImageObject","inLanguage":"pt-BR","@id":"https:\/\/www.gaveanews.com\/index.php\/2020\/02\/17\/meia-diego-ribas-valoriza-titulo-da-supercopa-e-lateral-filipe-luis-deixa-estadio-com-o-trofeu\/#primaryimage","url":"https:\/\/www.gaveanews.com\/wp-content\/uploads\/Logomarca-da-Supercopa-Do-Brasil.webp","contentUrl":"https:\/\/www.gaveanews.com\/wp-content\/uploads\/Logomarca-da-Supercopa-Do-Brasil.webp","width":910,"height":501},{"@type":"BreadcrumbList","@id":"https:\/\/www.gaveanews.com\/index.php\/2020\/02\/17\/meia-diego-ribas-valoriza-titulo-da-supercopa-e-lateral-filipe-luis-deixa-estadio-com-o-trofeu\/#breadcrumb","itemListElement":[{"@type":"ListItem","position":1,"name":"Home","item":"https:\/\/www.gaveanews.com\/"},{"@type":"ListItem","position":2,"name":"Meia Diego Ribas valoriza t\u00edtulo da Supercopa, e lateral Filipe Lu\u00eds deixa est\u00e1dio com o trof\u00e9u"}]},{"@type":"WebSite","@id":"https:\/\/www.gaveanews.com\/#website","url":"https:\/\/www.gaveanews.com\/","name":"G\u00e1vea News","description":"Veja todas as not\u00edcias sobre o Flamengo: Contrata\u00e7\u00f5es, categorias de base, resultados das partidas, tabela de classifica\u00e7\u00e3o, pr\u00f3ximos jogos!","potentialAction":[{"@type":"SearchAction","target":{"@type":"EntryPoint","urlTemplate":"https:\/\/www.gaveanews.com\/?s={search_term_string}"},"query-input":{"@type":"PropertyValueSpecification","valueRequired":true,"valueName":"search_term_string"}}],"inLanguage":"pt-BR"},{"@type":"Person","@id":"https:\/\/www.gaveanews.com\/#\/schema\/person\/2ec14f73fb96be2caf28f91afb14749d","name":"Equipe G\u00e1vea News","image":{"@type":"ImageObject","inLanguage":"pt-BR","@id":"https:\/\/www.gaveanews.com\/#\/schema\/person\/image\/","url":"https:\/\/secure.gravatar.com\/avatar\/1e1956f1facbffd3f8fa53a326721950116b3b9dc9bd44939c01180fd4a745a9?s=96&d=mm&r=g","contentUrl":"https:\/\/secure.gravatar.com\/avatar\/1e1956f1facbffd3f8fa53a326721950116b3b9dc9bd44939c01180fd4a745a9?s=96&d=mm&r=g","caption":"Equipe G\u00e1vea News"}}]}},"_links":{"self":[{"href":"https:\/\/www.gaveanews.com\/index.php\/wp-json\/wp\/v2\/posts\/37119","targetHints":{"allow":["GET"]}}],"collection":[{"href":"https:\/\/www.gaveanews.com\/index.php\/wp-json\/wp\/v2\/posts"}],"about":[{"href":"https:\/\/www.gaveanews.com\/index.php\/wp-json\/wp\/v2\/types\/post"}],"author":[{"embeddable":true,"href":"https:\/\/www.gaveanews.com\/index.php\/wp-json\/wp\/v2\/users\/1"}],"replies":[{"embeddable":true,"href":"https:\/\/www.gaveanews.com\/index.php\/wp-json\/wp\/v2\/comments?post=37119"}],"version-history":[{"count":0,"href":"https:\/\/www.gaveanews.com\/index.php\/wp-json\/wp\/v2\/posts\/37119\/revisions"}],"wp:featuredmedia":[{"embeddable":true,"href":"https:\/\/www.gaveanews.com\/index.php\/wp-json\/wp\/v2\/media\/36610"}],"wp:attachment":[{"href":"https:\/\/www.gaveanews.com\/index.php\/wp-json\/wp\/v2\/media?parent=37119"}],"wp:term":[{"taxonomy":"category","embeddable":true,"href":"https:\/\/www.gaveanews.com\/index.php\/wp-json\/wp\/v2\/categories?post=37119"},{"taxonomy":"post_tag","embeddable":true,"href":"https:\/\/www.gaveanews.com\/index.php\/wp-json\/wp\/v2\/tags?post=37119"}],"curies":[{"name":"wp","href":"https:\/\/api.w.org\/{rel}","templated":true}]}}