{"id":37121,"date":"2020-02-17T15:43:55","date_gmt":"2020-02-17T18:43:55","guid":{"rendered":"http:\/\/www.gaveanews.com\/?p=37121"},"modified":"2020-02-17T16:03:57","modified_gmt":"2020-02-17T19:03:57","slug":"com-dois-desfalques-flamengo-divulga-lista-de-jogadores-relacionados-para-a-partida-contra-o-independiente-del-valle","status":"publish","type":"post","link":"https:\/\/www.gaveanews.com\/index.php\/2020\/02\/17\/com-dois-desfalques-flamengo-divulga-lista-de-jogadores-relacionados-para-a-partida-contra-o-independiente-del-valle\/","title":{"rendered":"Com dois desfalques, Flamengo divulga lista de jogadores relacionados para a partida contra o Independiente Del Valle"},"content":{"rendered":"\n<p>O Flamengo divulgou na tarde desta segunda-feira a lista de relacionados para a primeira partida contra o Independiente del Valle, na quarta, v\u00e1lida pela Recopa Sul-Americana. Ao todo, 25 jogadores viajam para Quito, no Equador.<\/p>\n\n\n\n<p>Gabigol e L\u00e9o Pereira s\u00e3o os dois \u00fanicos desfalques para o confronto. O atacante ter\u00e1 que cumprir suspens\u00e3o pela expuls\u00e3o na final da Libertadores do ano passado, contra o River Plate. E o zagueiro se recupera de uma les\u00e3o na parte posterior da coxa esquerda. Ambos retornaram para o Rio de Janeiro nesta segunda.<\/p>\n\n\n\n<p>Al\u00e9m deles, os atletas Hugo Souza, Rafael Santos, Hugo Moura, Lucas Silva, Pep\u00ea e Berr\u00edo ficaram fora da lista por op\u00e7\u00e3o da comiss\u00e3o t\u00e9cnica.<\/p>\n\n\n\n<p>Flamengo e Independiente del Valle se enfrentam nesta quarta-feira, \u00e0s 21h30 (de Bras\u00edlia), em Quito. O jogo de volta est\u00e1 marcado para o dia 26, no Maracan\u00e3.<\/p>\n\n\n\n<p>Vale destacar que DAZN transmitir\u00e1 a partida com imagem. Caso voc\u00ea n\u00e3o tenha nenhum cadastro na plataforma, \u00e9 poss\u00edvel voc\u00ea se cadastrar e assistir as finais de maneira totalmente gratuita. <a href=\"https:\/\/prf.hn\/click\/camref:1100l8ctL\">Clique aqui e aproveite a promo\u00e7\u00e3o<\/a>.<\/p>\n\n\n\n<h3 class=\"wp-block-heading\">Confira a lista de jogadores relacionados em ordem alfab\u00e9tica:<\/h3>\n\n\n\n<ul class=\"wp-block-list\"><li>Bruno Henrique<\/li><li>C\u00e9sar<\/li><li>Dantas<\/li><li>De Arrascaeta<\/li><li>Diego Ribas<\/li><li>Diego Alves<\/li><li>Everton Ribeiro<\/li><li>Filipe Lu\u00eds<\/li><li>Gabriel Batista<\/li><li>Gerson<\/li><li>Gustavo Henrique<\/li><li>Jo\u00e3o Lucas<\/li><li>Lincoln<\/li><li>Matheus Thuler<\/li><li>Michael<\/li><li>Pedro<\/li><li>Pedro Rocha<\/li><li>Piris da Motta<\/li><li>Rafinha<\/li><li>Ren\u00ea<\/li><li>Rodrigo Caio<\/li><li>Thiago Maia<\/li><li>Vinicius Souza<\/li><li>Vitinho<\/li><li>Willian Ar\u00e3o<\/li><\/ul>\n\n\n\n<p>Retirado de: Globo Esporte<\/p>\n","protected":false},"excerpt":{"rendered":"<p>O Flamengo divulgou na tarde desta segunda-feira a lista de relacionados para a primeira partida contra o Independiente del Valle, na quarta, v\u00e1lida pela Recopa Sul-Americana. Ao todo, 25 jogadores viajam para Quito, no Equador. Gabigol e L\u00e9o Pereira s\u00e3o os dois \u00fanicos desfalques para o confronto. O atacante ter\u00e1 que cumprir suspens\u00e3o pela expuls\u00e3o [&hellip;]<\/p>\n","protected":false},"author":1,"featured_media":16362,"comment_status":"open","ping_status":"closed","sticky":false,"template":"","format":"standard","meta":{"footnotes":""},"categories":[1],"tags":[],"class_list":["post-37121","post","type-post","status-publish","format-standard","has-post-thumbnail","hentry","category-flamengo"],"yoast_head":"<!-- This site is optimized with the Yoast SEO Premium plugin v24.2 (Yoast SEO v26.9) - https:\/\/yoast.com\/product\/yoast-seo-premium-wordpress\/ -->\n<title>Com dois desfalques, Flamengo divulga lista de jogadores relacionados para a partida contra o Independiente Del Valle<\/title>\n<meta name=\"robots\" content=\"index, follow, max-snippet:-1, max-image-preview:large, max-video-preview:-1\" \/>\n<link rel=\"canonical\" href=\"https:\/\/www.gaveanews.com\/index.php\/2020\/02\/17\/com-dois-desfalques-flamengo-divulga-lista-de-jogadores-relacionados-para-a-partida-contra-o-independiente-del-valle\/\" \/>\n<meta property=\"og:locale\" content=\"pt_BR\" \/>\n<meta property=\"og:type\" content=\"article\" \/>\n<meta property=\"og:title\" content=\"Com dois desfalques, Flamengo divulga lista de jogadores relacionados para a partida contra o Independiente Del Valle\" \/>\n<meta property=\"og:description\" content=\"O Flamengo divulgou na tarde desta segunda-feira a lista de relacionados para a primeira partida contra o Independiente del Valle, na quarta, v\u00e1lida pela Recopa Sul-Americana. Ao todo, 25 jogadores viajam para Quito, no Equador. Gabigol e L\u00e9o Pereira s\u00e3o os dois \u00fanicos desfalques para o confronto. O atacante ter\u00e1 que cumprir suspens\u00e3o pela expuls\u00e3o [&hellip;]\" \/>\n<meta property=\"og:url\" content=\"https:\/\/www.gaveanews.com\/index.php\/2020\/02\/17\/com-dois-desfalques-flamengo-divulga-lista-de-jogadores-relacionados-para-a-partida-contra-o-independiente-del-valle\/\" \/>\n<meta property=\"og:site_name\" content=\"G\u00e1vea News\" \/>\n<meta property=\"article:publisher\" content=\"https:\/\/facebook.com\/gaveaNews\/\" \/>\n<meta property=\"article:published_time\" content=\"2020-02-17T18:43:55+00:00\" \/>\n<meta property=\"article:modified_time\" content=\"2020-02-17T19:03:57+00:00\" \/>\n<meta property=\"og:image\" content=\"https:\/\/www.gaveanews.com\/wp-content\/uploads\/2019\/03\/Para-receber-orientacoes-jogadores-do-Flamengo-fazem-uma-rodinha-em-um-campo-do-Ninho-do-Urubu.webp\" \/>\n\t<meta property=\"og:image:width\" content=\"1\" \/>\n\t<meta property=\"og:image:height\" content=\"1\" \/>\n\t<meta property=\"og:image:type\" content=\"image\/jpeg\" \/>\n<meta name=\"author\" content=\"Equipe G\u00e1vea News\" \/>\n<meta name=\"twitter:card\" content=\"summary_large_image\" \/>\n<meta name=\"twitter:label1\" content=\"Escrito por\" \/>\n\t<meta name=\"twitter:data1\" content=\"Equipe G\u00e1vea News\" \/>\n\t<meta name=\"twitter:label2\" content=\"Est. tempo de leitura\" \/>\n\t<meta name=\"twitter:data2\" content=\"1 minuto\" \/>\n<script type=\"application\/ld+json\" class=\"yoast-schema-graph\">{\"@context\":\"https:\/\/schema.org\",\"@graph\":[{\"@type\":\"NewsArticle\",\"@id\":\"https:\/\/www.gaveanews.com\/index.php\/2020\/02\/17\/com-dois-desfalques-flamengo-divulga-lista-de-jogadores-relacionados-para-a-partida-contra-o-independiente-del-valle\/#article\",\"isPartOf\":{\"@id\":\"https:\/\/www.gaveanews.com\/index.php\/2020\/02\/17\/com-dois-desfalques-flamengo-divulga-lista-de-jogadores-relacionados-para-a-partida-contra-o-independiente-del-valle\/\"},\"author\":{\"name\":\"Equipe G\u00e1vea News\",\"@id\":\"https:\/\/www.gaveanews.com\/#\/schema\/person\/2ec14f73fb96be2caf28f91afb14749d\"},\"headline\":\"Com dois desfalques, Flamengo divulga lista de jogadores relacionados para a partida contra o Independiente Del Valle\",\"datePublished\":\"2020-02-17T18:43:55+00:00\",\"dateModified\":\"2020-02-17T19:03:57+00:00\",\"mainEntityOfPage\":{\"@id\":\"https:\/\/www.gaveanews.com\/index.php\/2020\/02\/17\/com-dois-desfalques-flamengo-divulga-lista-de-jogadores-relacionados-para-a-partida-contra-o-independiente-del-valle\/\"},\"wordCount\":265,\"commentCount\":30,\"image\":{\"@id\":\"https:\/\/www.gaveanews.com\/index.php\/2020\/02\/17\/com-dois-desfalques-flamengo-divulga-lista-de-jogadores-relacionados-para-a-partida-contra-o-independiente-del-valle\/#primaryimage\"},\"thumbnailUrl\":\"https:\/\/www.gaveanews.com\/wp-content\/uploads\/2019\/03\/Para-receber-orientacoes-jogadores-do-Flamengo-fazem-uma-rodinha-em-um-campo-do-Ninho-do-Urubu.webp\",\"articleSection\":[\"Flamengo\"],\"inLanguage\":\"pt-BR\",\"potentialAction\":[{\"@type\":\"CommentAction\",\"name\":\"Comment\",\"target\":[\"https:\/\/www.gaveanews.com\/index.php\/2020\/02\/17\/com-dois-desfalques-flamengo-divulga-lista-de-jogadores-relacionados-para-a-partida-contra-o-independiente-del-valle\/#respond\"]}],\"copyrightYear\":\"2020\",\"copyrightHolder\":{\"@id\":\"https:\/\/www.gaveanews.com\/#organization\"}},{\"@type\":\"WebPage\",\"@id\":\"https:\/\/www.gaveanews.com\/index.php\/2020\/02\/17\/com-dois-desfalques-flamengo-divulga-lista-de-jogadores-relacionados-para-a-partida-contra-o-independiente-del-valle\/\",\"url\":\"https:\/\/www.gaveanews.com\/index.php\/2020\/02\/17\/com-dois-desfalques-flamengo-divulga-lista-de-jogadores-relacionados-para-a-partida-contra-o-independiente-del-valle\/\",\"name\":\"Com dois desfalques, Flamengo divulga lista de jogadores relacionados para a partida contra o Independiente Del Valle\",\"isPartOf\":{\"@id\":\"https:\/\/www.gaveanews.com\/#website\"},\"primaryImageOfPage\":{\"@id\":\"https:\/\/www.gaveanews.com\/index.php\/2020\/02\/17\/com-dois-desfalques-flamengo-divulga-lista-de-jogadores-relacionados-para-a-partida-contra-o-independiente-del-valle\/#primaryimage\"},\"image\":{\"@id\":\"https:\/\/www.gaveanews.com\/index.php\/2020\/02\/17\/com-dois-desfalques-flamengo-divulga-lista-de-jogadores-relacionados-para-a-partida-contra-o-independiente-del-valle\/#primaryimage\"},\"thumbnailUrl\":\"https:\/\/www.gaveanews.com\/wp-content\/uploads\/2019\/03\/Para-receber-orientacoes-jogadores-do-Flamengo-fazem-uma-rodinha-em-um-campo-do-Ninho-do-Urubu.webp\",\"datePublished\":\"2020-02-17T18:43:55+00:00\",\"dateModified\":\"2020-02-17T19:03:57+00:00\",\"author\":{\"@id\":\"https:\/\/www.gaveanews.com\/#\/schema\/person\/2ec14f73fb96be2caf28f91afb14749d\"},\"breadcrumb\":{\"@id\":\"https:\/\/www.gaveanews.com\/index.php\/2020\/02\/17\/com-dois-desfalques-flamengo-divulga-lista-de-jogadores-relacionados-para-a-partida-contra-o-independiente-del-valle\/#breadcrumb\"},\"inLanguage\":\"pt-BR\",\"potentialAction\":[{\"@type\":\"ReadAction\",\"target\":[\"https:\/\/www.gaveanews.com\/index.php\/2020\/02\/17\/com-dois-desfalques-flamengo-divulga-lista-de-jogadores-relacionados-para-a-partida-contra-o-independiente-del-valle\/\"]}]},{\"@type\":\"ImageObject\",\"inLanguage\":\"pt-BR\",\"@id\":\"https:\/\/www.gaveanews.com\/index.php\/2020\/02\/17\/com-dois-desfalques-flamengo-divulga-lista-de-jogadores-relacionados-para-a-partida-contra-o-independiente-del-valle\/#primaryimage\",\"url\":\"https:\/\/www.gaveanews.com\/wp-content\/uploads\/2019\/03\/Para-receber-orientacoes-jogadores-do-Flamengo-fazem-uma-rodinha-em-um-campo-do-Ninho-do-Urubu.webp\",\"contentUrl\":\"https:\/\/www.gaveanews.com\/wp-content\/uploads\/2019\/03\/Para-receber-orientacoes-jogadores-do-Flamengo-fazem-uma-rodinha-em-um-campo-do-Ninho-do-Urubu.webp\",\"caption\":\"Para receber orienta\u00e7\u00f5es, jogadores do Flamengo fazem uma rodinha em um campo do Ninho do Urubu (Foto: Alexandre Vidal\/Flamengo)\"},{\"@type\":\"BreadcrumbList\",\"@id\":\"https:\/\/www.gaveanews.com\/index.php\/2020\/02\/17\/com-dois-desfalques-flamengo-divulga-lista-de-jogadores-relacionados-para-a-partida-contra-o-independiente-del-valle\/#breadcrumb\",\"itemListElement\":[{\"@type\":\"ListItem\",\"position\":1,\"name\":\"Home\",\"item\":\"https:\/\/www.gaveanews.com\/\"},{\"@type\":\"ListItem\",\"position\":2,\"name\":\"Com dois desfalques, Flamengo divulga lista de jogadores relacionados para a partida contra o Independiente Del Valle\"}]},{\"@type\":\"WebSite\",\"@id\":\"https:\/\/www.gaveanews.com\/#website\",\"url\":\"https:\/\/www.gaveanews.com\/\",\"name\":\"G\u00e1vea News\",\"description\":\"Veja todas as not\u00edcias sobre o Flamengo: Contrata\u00e7\u00f5es, categorias de base, resultados das partidas, tabela de classifica\u00e7\u00e3o, pr\u00f3ximos jogos!\",\"potentialAction\":[{\"@type\":\"SearchAction\",\"target\":{\"@type\":\"EntryPoint\",\"urlTemplate\":\"https:\/\/www.gaveanews.com\/?s={search_term_string}\"},\"query-input\":{\"@type\":\"PropertyValueSpecification\",\"valueRequired\":true,\"valueName\":\"search_term_string\"}}],\"inLanguage\":\"pt-BR\"},{\"@type\":\"Person\",\"@id\":\"https:\/\/www.gaveanews.com\/#\/schema\/person\/2ec14f73fb96be2caf28f91afb14749d\",\"name\":\"Equipe G\u00e1vea News\",\"image\":{\"@type\":\"ImageObject\",\"inLanguage\":\"pt-BR\",\"@id\":\"https:\/\/www.gaveanews.com\/#\/schema\/person\/image\/\",\"url\":\"https:\/\/secure.gravatar.com\/avatar\/1e1956f1facbffd3f8fa53a326721950116b3b9dc9bd44939c01180fd4a745a9?s=96&d=mm&r=g\",\"contentUrl\":\"https:\/\/secure.gravatar.com\/avatar\/1e1956f1facbffd3f8fa53a326721950116b3b9dc9bd44939c01180fd4a745a9?s=96&d=mm&r=g\",\"caption\":\"Equipe G\u00e1vea News\"}}]}<\/script>\n<!-- \/ Yoast SEO Premium plugin. -->","yoast_head_json":{"title":"Com dois desfalques, Flamengo divulga lista de jogadores relacionados para a partida contra o Independiente Del Valle","robots":{"index":"index","follow":"follow","max-snippet":"max-snippet:-1","max-image-preview":"max-image-preview:large","max-video-preview":"max-video-preview:-1"},"canonical":"https:\/\/www.gaveanews.com\/index.php\/2020\/02\/17\/com-dois-desfalques-flamengo-divulga-lista-de-jogadores-relacionados-para-a-partida-contra-o-independiente-del-valle\/","og_locale":"pt_BR","og_type":"article","og_title":"Com dois desfalques, Flamengo divulga lista de jogadores relacionados para a partida contra o Independiente Del Valle","og_description":"O Flamengo divulgou na tarde desta segunda-feira a lista de relacionados para a primeira partida contra o Independiente del Valle, na quarta, v\u00e1lida pela Recopa Sul-Americana. Ao todo, 25 jogadores viajam para Quito, no Equador. Gabigol e L\u00e9o Pereira s\u00e3o os dois \u00fanicos desfalques para o confronto. O atacante ter\u00e1 que cumprir suspens\u00e3o pela expuls\u00e3o [&hellip;]","og_url":"https:\/\/www.gaveanews.com\/index.php\/2020\/02\/17\/com-dois-desfalques-flamengo-divulga-lista-de-jogadores-relacionados-para-a-partida-contra-o-independiente-del-valle\/","og_site_name":"G\u00e1vea News","article_publisher":"https:\/\/facebook.com\/gaveaNews\/","article_published_time":"2020-02-17T18:43:55+00:00","article_modified_time":"2020-02-17T19:03:57+00:00","og_image":[{"url":"https:\/\/www.gaveanews.com\/wp-content\/uploads\/2019\/03\/Para-receber-orientacoes-jogadores-do-Flamengo-fazem-uma-rodinha-em-um-campo-do-Ninho-do-Urubu.webp","width":1,"height":1,"type":"image\/jpeg"}],"author":"Equipe G\u00e1vea News","twitter_card":"summary_large_image","twitter_misc":{"Escrito por":"Equipe G\u00e1vea News","Est. tempo de leitura":"1 minuto"},"schema":{"@context":"https:\/\/schema.org","@graph":[{"@type":"NewsArticle","@id":"https:\/\/www.gaveanews.com\/index.php\/2020\/02\/17\/com-dois-desfalques-flamengo-divulga-lista-de-jogadores-relacionados-para-a-partida-contra-o-independiente-del-valle\/#article","isPartOf":{"@id":"https:\/\/www.gaveanews.com\/index.php\/2020\/02\/17\/com-dois-desfalques-flamengo-divulga-lista-de-jogadores-relacionados-para-a-partida-contra-o-independiente-del-valle\/"},"author":{"name":"Equipe G\u00e1vea News","@id":"https:\/\/www.gaveanews.com\/#\/schema\/person\/2ec14f73fb96be2caf28f91afb14749d"},"headline":"Com dois desfalques, Flamengo divulga lista de jogadores relacionados para a partida contra o Independiente Del Valle","datePublished":"2020-02-17T18:43:55+00:00","dateModified":"2020-02-17T19:03:57+00:00","mainEntityOfPage":{"@id":"https:\/\/www.gaveanews.com\/index.php\/2020\/02\/17\/com-dois-desfalques-flamengo-divulga-lista-de-jogadores-relacionados-para-a-partida-contra-o-independiente-del-valle\/"},"wordCount":265,"commentCount":30,"image":{"@id":"https:\/\/www.gaveanews.com\/index.php\/2020\/02\/17\/com-dois-desfalques-flamengo-divulga-lista-de-jogadores-relacionados-para-a-partida-contra-o-independiente-del-valle\/#primaryimage"},"thumbnailUrl":"https:\/\/www.gaveanews.com\/wp-content\/uploads\/2019\/03\/Para-receber-orientacoes-jogadores-do-Flamengo-fazem-uma-rodinha-em-um-campo-do-Ninho-do-Urubu.webp","articleSection":["Flamengo"],"inLanguage":"pt-BR","potentialAction":[{"@type":"CommentAction","name":"Comment","target":["https:\/\/www.gaveanews.com\/index.php\/2020\/02\/17\/com-dois-desfalques-flamengo-divulga-lista-de-jogadores-relacionados-para-a-partida-contra-o-independiente-del-valle\/#respond"]}],"copyrightYear":"2020","copyrightHolder":{"@id":"https:\/\/www.gaveanews.com\/#organization"}},{"@type":"WebPage","@id":"https:\/\/www.gaveanews.com\/index.php\/2020\/02\/17\/com-dois-desfalques-flamengo-divulga-lista-de-jogadores-relacionados-para-a-partida-contra-o-independiente-del-valle\/","url":"https:\/\/www.gaveanews.com\/index.php\/2020\/02\/17\/com-dois-desfalques-flamengo-divulga-lista-de-jogadores-relacionados-para-a-partida-contra-o-independiente-del-valle\/","name":"Com dois desfalques, Flamengo divulga lista de jogadores relacionados para a partida contra o Independiente Del Valle","isPartOf":{"@id":"https:\/\/www.gaveanews.com\/#website"},"primaryImageOfPage":{"@id":"https:\/\/www.gaveanews.com\/index.php\/2020\/02\/17\/com-dois-desfalques-flamengo-divulga-lista-de-jogadores-relacionados-para-a-partida-contra-o-independiente-del-valle\/#primaryimage"},"image":{"@id":"https:\/\/www.gaveanews.com\/index.php\/2020\/02\/17\/com-dois-desfalques-flamengo-divulga-lista-de-jogadores-relacionados-para-a-partida-contra-o-independiente-del-valle\/#primaryimage"},"thumbnailUrl":"https:\/\/www.gaveanews.com\/wp-content\/uploads\/2019\/03\/Para-receber-orientacoes-jogadores-do-Flamengo-fazem-uma-rodinha-em-um-campo-do-Ninho-do-Urubu.webp","datePublished":"2020-02-17T18:43:55+00:00","dateModified":"2020-02-17T19:03:57+00:00","author":{"@id":"https:\/\/www.gaveanews.com\/#\/schema\/person\/2ec14f73fb96be2caf28f91afb14749d"},"breadcrumb":{"@id":"https:\/\/www.gaveanews.com\/index.php\/2020\/02\/17\/com-dois-desfalques-flamengo-divulga-lista-de-jogadores-relacionados-para-a-partida-contra-o-independiente-del-valle\/#breadcrumb"},"inLanguage":"pt-BR","potentialAction":[{"@type":"ReadAction","target":["https:\/\/www.gaveanews.com\/index.php\/2020\/02\/17\/com-dois-desfalques-flamengo-divulga-lista-de-jogadores-relacionados-para-a-partida-contra-o-independiente-del-valle\/"]}]},{"@type":"ImageObject","inLanguage":"pt-BR","@id":"https:\/\/www.gaveanews.com\/index.php\/2020\/02\/17\/com-dois-desfalques-flamengo-divulga-lista-de-jogadores-relacionados-para-a-partida-contra-o-independiente-del-valle\/#primaryimage","url":"https:\/\/www.gaveanews.com\/wp-content\/uploads\/2019\/03\/Para-receber-orientacoes-jogadores-do-Flamengo-fazem-uma-rodinha-em-um-campo-do-Ninho-do-Urubu.webp","contentUrl":"https:\/\/www.gaveanews.com\/wp-content\/uploads\/2019\/03\/Para-receber-orientacoes-jogadores-do-Flamengo-fazem-uma-rodinha-em-um-campo-do-Ninho-do-Urubu.webp","caption":"Para receber orienta\u00e7\u00f5es, jogadores do Flamengo fazem uma rodinha em um campo do Ninho do Urubu (Foto: Alexandre Vidal\/Flamengo)"},{"@type":"BreadcrumbList","@id":"https:\/\/www.gaveanews.com\/index.php\/2020\/02\/17\/com-dois-desfalques-flamengo-divulga-lista-de-jogadores-relacionados-para-a-partida-contra-o-independiente-del-valle\/#breadcrumb","itemListElement":[{"@type":"ListItem","position":1,"name":"Home","item":"https:\/\/www.gaveanews.com\/"},{"@type":"ListItem","position":2,"name":"Com dois desfalques, Flamengo divulga lista de jogadores relacionados para a partida contra o Independiente Del Valle"}]},{"@type":"WebSite","@id":"https:\/\/www.gaveanews.com\/#website","url":"https:\/\/www.gaveanews.com\/","name":"G\u00e1vea News","description":"Veja todas as not\u00edcias sobre o Flamengo: Contrata\u00e7\u00f5es, categorias de base, resultados das partidas, tabela de classifica\u00e7\u00e3o, pr\u00f3ximos jogos!","potentialAction":[{"@type":"SearchAction","target":{"@type":"EntryPoint","urlTemplate":"https:\/\/www.gaveanews.com\/?s={search_term_string}"},"query-input":{"@type":"PropertyValueSpecification","valueRequired":true,"valueName":"search_term_string"}}],"inLanguage":"pt-BR"},{"@type":"Person","@id":"https:\/\/www.gaveanews.com\/#\/schema\/person\/2ec14f73fb96be2caf28f91afb14749d","name":"Equipe G\u00e1vea News","image":{"@type":"ImageObject","inLanguage":"pt-BR","@id":"https:\/\/www.gaveanews.com\/#\/schema\/person\/image\/","url":"https:\/\/secure.gravatar.com\/avatar\/1e1956f1facbffd3f8fa53a326721950116b3b9dc9bd44939c01180fd4a745a9?s=96&d=mm&r=g","contentUrl":"https:\/\/secure.gravatar.com\/avatar\/1e1956f1facbffd3f8fa53a326721950116b3b9dc9bd44939c01180fd4a745a9?s=96&d=mm&r=g","caption":"Equipe G\u00e1vea News"}}]}},"_links":{"self":[{"href":"https:\/\/www.gaveanews.com\/index.php\/wp-json\/wp\/v2\/posts\/37121","targetHints":{"allow":["GET"]}}],"collection":[{"href":"https:\/\/www.gaveanews.com\/index.php\/wp-json\/wp\/v2\/posts"}],"about":[{"href":"https:\/\/www.gaveanews.com\/index.php\/wp-json\/wp\/v2\/types\/post"}],"author":[{"embeddable":true,"href":"https:\/\/www.gaveanews.com\/index.php\/wp-json\/wp\/v2\/users\/1"}],"replies":[{"embeddable":true,"href":"https:\/\/www.gaveanews.com\/index.php\/wp-json\/wp\/v2\/comments?post=37121"}],"version-history":[{"count":0,"href":"https:\/\/www.gaveanews.com\/index.php\/wp-json\/wp\/v2\/posts\/37121\/revisions"}],"wp:featuredmedia":[{"embeddable":true,"href":"https:\/\/www.gaveanews.com\/index.php\/wp-json\/wp\/v2\/media\/16362"}],"wp:attachment":[{"href":"https:\/\/www.gaveanews.com\/index.php\/wp-json\/wp\/v2\/media?parent=37121"}],"wp:term":[{"taxonomy":"category","embeddable":true,"href":"https:\/\/www.gaveanews.com\/index.php\/wp-json\/wp\/v2\/categories?post=37121"},{"taxonomy":"post_tag","embeddable":true,"href":"https:\/\/www.gaveanews.com\/index.php\/wp-json\/wp\/v2\/tags?post=37121"}],"curies":[{"name":"wp","href":"https:\/\/api.w.org\/{rel}","templated":true}]}}