{"id":37146,"date":"2020-02-18T01:20:04","date_gmt":"2020-02-18T04:20:04","guid":{"rendered":"http:\/\/www.gaveanews.com\/?p=37146"},"modified":"2020-02-18T01:20:05","modified_gmt":"2020-02-18T04:20:05","slug":"atraves-das-redes-sociais-meio-campista-se-despede-do-flamengo-muito-obrigado","status":"publish","type":"post","link":"https:\/\/www.gaveanews.com\/index.php\/2020\/02\/18\/atraves-das-redes-sociais-meio-campista-se-despede-do-flamengo-muito-obrigado\/","title":{"rendered":"Atrav\u00e9s das redes sociais, meio-campista se despede do Flamengo: &#8220;Muito obrigado&#8221;"},"content":{"rendered":"\n<p>Enfim, o volante Luiz Henrique chega ao Fortaleza. O jogador de 20 anos deve desembarcar na capital cearense na ter\u00e7a-feira (18), para se apresentar ao clube quatro semanas depois do an\u00fancio oficial de sua contrata\u00e7\u00e3o. <\/p>\n\n\n\n<p>O v\u00ednculo vai at\u00e9 dezembro de 2021, sendo que o time nordestino ficar\u00e1 com 60% dos direitos econ\u00f4micos do atleta, que tamb\u00e9m atua como meia.<\/p>\n\n\n\n<p>Luiz Henrique demorou a chegar no Pici por conta de um entrave na negocia\u00e7\u00e3o com o Flamengo, clube pelo qual fez 50 jogos em 2019, marcando quatro gols e sendo campe\u00e3o do Brasileir\u00e3o sub-20, da Supercopa do Brasil sub-20 e da Copa S\u00e3o Paulo de Futebol J\u00fanior. <\/p>\n\n\n\n<p>O Rubro-Negro quis manter o volante at\u00e9 o fim da Ta\u00e7a Guanabara, mas o Fortaleza conseguiu antecipar a vinda antes das finais da disputa estadual.<\/p>\n\n\n\n<figure class=\"wp-block-embed-twitter wp-block-embed is-type-rich is-provider-twitter\"><div class=\"wp-block-embed__wrapper\">\nhttps:\/\/twitter.com\/luizinho_LH99\/status\/1229426318170841089?ref_src=twsrc%5Etfw%7Ctwcamp%5Etweetembed%7Ctwterm%5E1229426318170841089&#038;ref_url=https%3A%2F%2Fwww.flaresenha.com%2F2020%2F02%2Fluiz-henrique-se-despede-do-flamengo-rumo-ao-fortaleza.html\n<\/div><\/figure>\n\n\n\n<p>Retirado de: O Povo<\/p>\n","protected":false},"excerpt":{"rendered":"<p>Enfim, o volante Luiz Henrique chega ao Fortaleza. O jogador de 20 anos deve desembarcar na capital cearense na ter\u00e7a-feira (18), para se apresentar ao clube quatro semanas depois do an\u00fancio oficial de sua contrata\u00e7\u00e3o. O v\u00ednculo vai at\u00e9 dezembro de 2021, sendo que o time nordestino ficar\u00e1 com 60% dos direitos econ\u00f4micos do atleta, [&hellip;]<\/p>\n","protected":false},"author":1,"featured_media":34898,"comment_status":"open","ping_status":"closed","sticky":false,"template":"","format":"standard","meta":{"footnotes":""},"categories":[1],"tags":[],"class_list":["post-37146","post","type-post","status-publish","format-standard","has-post-thumbnail","hentry","category-flamengo"],"yoast_head":"<!-- This site is optimized with the Yoast SEO Premium plugin v24.2 (Yoast SEO v26.9) - https:\/\/yoast.com\/product\/yoast-seo-premium-wordpress\/ -->\n<title>Atrav\u00e9s das redes sociais, meio-campista se despede do Flamengo: &quot;Muito obrigado&quot;<\/title>\n<meta name=\"robots\" content=\"index, follow, max-snippet:-1, max-image-preview:large, max-video-preview:-1\" \/>\n<link rel=\"canonical\" href=\"https:\/\/www.gaveanews.com\/index.php\/2020\/02\/18\/atraves-das-redes-sociais-meio-campista-se-despede-do-flamengo-muito-obrigado\/\" \/>\n<meta property=\"og:locale\" content=\"pt_BR\" \/>\n<meta property=\"og:type\" content=\"article\" \/>\n<meta property=\"og:title\" content=\"Atrav\u00e9s das redes sociais, meio-campista se despede do Flamengo: &quot;Muito obrigado&quot;\" \/>\n<meta property=\"og:description\" content=\"Enfim, o volante Luiz Henrique chega ao Fortaleza. O jogador de 20 anos deve desembarcar na capital cearense na ter\u00e7a-feira (18), para se apresentar ao clube quatro semanas depois do an\u00fancio oficial de sua contrata\u00e7\u00e3o. O v\u00ednculo vai at\u00e9 dezembro de 2021, sendo que o time nordestino ficar\u00e1 com 60% dos direitos econ\u00f4micos do atleta, [&hellip;]\" \/>\n<meta property=\"og:url\" content=\"https:\/\/www.gaveanews.com\/index.php\/2020\/02\/18\/atraves-das-redes-sociais-meio-campista-se-despede-do-flamengo-muito-obrigado\/\" \/>\n<meta property=\"og:site_name\" content=\"G\u00e1vea News\" \/>\n<meta property=\"article:publisher\" content=\"https:\/\/facebook.com\/gaveaNews\/\" \/>\n<meta property=\"article:published_time\" content=\"2020-02-18T04:20:04+00:00\" \/>\n<meta property=\"article:modified_time\" content=\"2020-02-18T04:20:05+00:00\" \/>\n<meta property=\"og:image\" content=\"https:\/\/www.gaveanews.com\/wp-content\/uploads\/Luiz-Henrique.webp\" \/>\n\t<meta property=\"og:image:width\" content=\"873\" \/>\n\t<meta property=\"og:image:height\" content=\"590\" \/>\n\t<meta property=\"og:image:type\" content=\"image\/png\" \/>\n<meta name=\"author\" content=\"Equipe G\u00e1vea News\" \/>\n<meta name=\"twitter:card\" content=\"summary_large_image\" \/>\n<meta name=\"twitter:label1\" content=\"Escrito por\" \/>\n\t<meta name=\"twitter:data1\" content=\"Equipe G\u00e1vea News\" \/>\n\t<meta name=\"twitter:label2\" content=\"Est. tempo de leitura\" \/>\n\t<meta name=\"twitter:data2\" content=\"1 minuto\" \/>\n<script type=\"application\/ld+json\" class=\"yoast-schema-graph\">{\"@context\":\"https:\/\/schema.org\",\"@graph\":[{\"@type\":\"NewsArticle\",\"@id\":\"https:\/\/www.gaveanews.com\/index.php\/2020\/02\/18\/atraves-das-redes-sociais-meio-campista-se-despede-do-flamengo-muito-obrigado\/#article\",\"isPartOf\":{\"@id\":\"https:\/\/www.gaveanews.com\/index.php\/2020\/02\/18\/atraves-das-redes-sociais-meio-campista-se-despede-do-flamengo-muito-obrigado\/\"},\"author\":{\"name\":\"Equipe G\u00e1vea News\",\"@id\":\"https:\/\/www.gaveanews.com\/#\/schema\/person\/2ec14f73fb96be2caf28f91afb14749d\"},\"headline\":\"Atrav\u00e9s das redes sociais, meio-campista se despede do Flamengo: &#8220;Muito obrigado&#8221;\",\"datePublished\":\"2020-02-18T04:20:04+00:00\",\"dateModified\":\"2020-02-18T04:20:05+00:00\",\"mainEntityOfPage\":{\"@id\":\"https:\/\/www.gaveanews.com\/index.php\/2020\/02\/18\/atraves-das-redes-sociais-meio-campista-se-despede-do-flamengo-muito-obrigado\/\"},\"wordCount\":181,\"commentCount\":31,\"image\":{\"@id\":\"https:\/\/www.gaveanews.com\/index.php\/2020\/02\/18\/atraves-das-redes-sociais-meio-campista-se-despede-do-flamengo-muito-obrigado\/#primaryimage\"},\"thumbnailUrl\":\"https:\/\/www.gaveanews.com\/wp-content\/uploads\/Luiz-Henrique.webp\",\"articleSection\":[\"Flamengo\"],\"inLanguage\":\"pt-BR\",\"potentialAction\":[{\"@type\":\"CommentAction\",\"name\":\"Comment\",\"target\":[\"https:\/\/www.gaveanews.com\/index.php\/2020\/02\/18\/atraves-das-redes-sociais-meio-campista-se-despede-do-flamengo-muito-obrigado\/#respond\"]}],\"copyrightYear\":\"2020\",\"copyrightHolder\":{\"@id\":\"https:\/\/www.gaveanews.com\/#organization\"}},{\"@type\":\"WebPage\",\"@id\":\"https:\/\/www.gaveanews.com\/index.php\/2020\/02\/18\/atraves-das-redes-sociais-meio-campista-se-despede-do-flamengo-muito-obrigado\/\",\"url\":\"https:\/\/www.gaveanews.com\/index.php\/2020\/02\/18\/atraves-das-redes-sociais-meio-campista-se-despede-do-flamengo-muito-obrigado\/\",\"name\":\"Atrav\u00e9s das redes sociais, meio-campista se despede do Flamengo: \\\"Muito obrigado\\\"\",\"isPartOf\":{\"@id\":\"https:\/\/www.gaveanews.com\/#website\"},\"primaryImageOfPage\":{\"@id\":\"https:\/\/www.gaveanews.com\/index.php\/2020\/02\/18\/atraves-das-redes-sociais-meio-campista-se-despede-do-flamengo-muito-obrigado\/#primaryimage\"},\"image\":{\"@id\":\"https:\/\/www.gaveanews.com\/index.php\/2020\/02\/18\/atraves-das-redes-sociais-meio-campista-se-despede-do-flamengo-muito-obrigado\/#primaryimage\"},\"thumbnailUrl\":\"https:\/\/www.gaveanews.com\/wp-content\/uploads\/Luiz-Henrique.webp\",\"datePublished\":\"2020-02-18T04:20:04+00:00\",\"dateModified\":\"2020-02-18T04:20:05+00:00\",\"author\":{\"@id\":\"https:\/\/www.gaveanews.com\/#\/schema\/person\/2ec14f73fb96be2caf28f91afb14749d\"},\"breadcrumb\":{\"@id\":\"https:\/\/www.gaveanews.com\/index.php\/2020\/02\/18\/atraves-das-redes-sociais-meio-campista-se-despede-do-flamengo-muito-obrigado\/#breadcrumb\"},\"inLanguage\":\"pt-BR\",\"potentialAction\":[{\"@type\":\"ReadAction\",\"target\":[\"https:\/\/www.gaveanews.com\/index.php\/2020\/02\/18\/atraves-das-redes-sociais-meio-campista-se-despede-do-flamengo-muito-obrigado\/\"]}]},{\"@type\":\"ImageObject\",\"inLanguage\":\"pt-BR\",\"@id\":\"https:\/\/www.gaveanews.com\/index.php\/2020\/02\/18\/atraves-das-redes-sociais-meio-campista-se-despede-do-flamengo-muito-obrigado\/#primaryimage\",\"url\":\"https:\/\/www.gaveanews.com\/wp-content\/uploads\/Luiz-Henrique.webp\",\"contentUrl\":\"https:\/\/www.gaveanews.com\/wp-content\/uploads\/Luiz-Henrique.webp\",\"width\":873,\"height\":590,\"caption\":\"Luiz Henrique foi capit\u00e3o do time sub-20 do Flamengo em 2019 (Foto: Divulga\u00e7\u00e3o)\"},{\"@type\":\"BreadcrumbList\",\"@id\":\"https:\/\/www.gaveanews.com\/index.php\/2020\/02\/18\/atraves-das-redes-sociais-meio-campista-se-despede-do-flamengo-muito-obrigado\/#breadcrumb\",\"itemListElement\":[{\"@type\":\"ListItem\",\"position\":1,\"name\":\"Home\",\"item\":\"https:\/\/www.gaveanews.com\/\"},{\"@type\":\"ListItem\",\"position\":2,\"name\":\"Atrav\u00e9s das redes sociais, meio-campista se despede do Flamengo: &#8220;Muito obrigado&#8221;\"}]},{\"@type\":\"WebSite\",\"@id\":\"https:\/\/www.gaveanews.com\/#website\",\"url\":\"https:\/\/www.gaveanews.com\/\",\"name\":\"G\u00e1vea News\",\"description\":\"Veja todas as not\u00edcias sobre o Flamengo: Contrata\u00e7\u00f5es, categorias de base, resultados das partidas, tabela de classifica\u00e7\u00e3o, pr\u00f3ximos jogos!\",\"potentialAction\":[{\"@type\":\"SearchAction\",\"target\":{\"@type\":\"EntryPoint\",\"urlTemplate\":\"https:\/\/www.gaveanews.com\/?s={search_term_string}\"},\"query-input\":{\"@type\":\"PropertyValueSpecification\",\"valueRequired\":true,\"valueName\":\"search_term_string\"}}],\"inLanguage\":\"pt-BR\"},{\"@type\":\"Person\",\"@id\":\"https:\/\/www.gaveanews.com\/#\/schema\/person\/2ec14f73fb96be2caf28f91afb14749d\",\"name\":\"Equipe G\u00e1vea News\",\"image\":{\"@type\":\"ImageObject\",\"inLanguage\":\"pt-BR\",\"@id\":\"https:\/\/www.gaveanews.com\/#\/schema\/person\/image\/\",\"url\":\"https:\/\/secure.gravatar.com\/avatar\/1e1956f1facbffd3f8fa53a326721950116b3b9dc9bd44939c01180fd4a745a9?s=96&d=mm&r=g\",\"contentUrl\":\"https:\/\/secure.gravatar.com\/avatar\/1e1956f1facbffd3f8fa53a326721950116b3b9dc9bd44939c01180fd4a745a9?s=96&d=mm&r=g\",\"caption\":\"Equipe G\u00e1vea News\"}}]}<\/script>\n<!-- \/ Yoast SEO Premium plugin. -->","yoast_head_json":{"title":"Atrav\u00e9s das redes sociais, meio-campista se despede do Flamengo: \"Muito obrigado\"","robots":{"index":"index","follow":"follow","max-snippet":"max-snippet:-1","max-image-preview":"max-image-preview:large","max-video-preview":"max-video-preview:-1"},"canonical":"https:\/\/www.gaveanews.com\/index.php\/2020\/02\/18\/atraves-das-redes-sociais-meio-campista-se-despede-do-flamengo-muito-obrigado\/","og_locale":"pt_BR","og_type":"article","og_title":"Atrav\u00e9s das redes sociais, meio-campista se despede do Flamengo: \"Muito obrigado\"","og_description":"Enfim, o volante Luiz Henrique chega ao Fortaleza. O jogador de 20 anos deve desembarcar na capital cearense na ter\u00e7a-feira (18), para se apresentar ao clube quatro semanas depois do an\u00fancio oficial de sua contrata\u00e7\u00e3o. O v\u00ednculo vai at\u00e9 dezembro de 2021, sendo que o time nordestino ficar\u00e1 com 60% dos direitos econ\u00f4micos do atleta, [&hellip;]","og_url":"https:\/\/www.gaveanews.com\/index.php\/2020\/02\/18\/atraves-das-redes-sociais-meio-campista-se-despede-do-flamengo-muito-obrigado\/","og_site_name":"G\u00e1vea News","article_publisher":"https:\/\/facebook.com\/gaveaNews\/","article_published_time":"2020-02-18T04:20:04+00:00","article_modified_time":"2020-02-18T04:20:05+00:00","og_image":[{"width":873,"height":590,"url":"https:\/\/www.gaveanews.com\/wp-content\/uploads\/Luiz-Henrique.webp","type":"image\/png"}],"author":"Equipe G\u00e1vea News","twitter_card":"summary_large_image","twitter_misc":{"Escrito por":"Equipe G\u00e1vea News","Est. tempo de leitura":"1 minuto"},"schema":{"@context":"https:\/\/schema.org","@graph":[{"@type":"NewsArticle","@id":"https:\/\/www.gaveanews.com\/index.php\/2020\/02\/18\/atraves-das-redes-sociais-meio-campista-se-despede-do-flamengo-muito-obrigado\/#article","isPartOf":{"@id":"https:\/\/www.gaveanews.com\/index.php\/2020\/02\/18\/atraves-das-redes-sociais-meio-campista-se-despede-do-flamengo-muito-obrigado\/"},"author":{"name":"Equipe G\u00e1vea News","@id":"https:\/\/www.gaveanews.com\/#\/schema\/person\/2ec14f73fb96be2caf28f91afb14749d"},"headline":"Atrav\u00e9s das redes sociais, meio-campista se despede do Flamengo: &#8220;Muito obrigado&#8221;","datePublished":"2020-02-18T04:20:04+00:00","dateModified":"2020-02-18T04:20:05+00:00","mainEntityOfPage":{"@id":"https:\/\/www.gaveanews.com\/index.php\/2020\/02\/18\/atraves-das-redes-sociais-meio-campista-se-despede-do-flamengo-muito-obrigado\/"},"wordCount":181,"commentCount":31,"image":{"@id":"https:\/\/www.gaveanews.com\/index.php\/2020\/02\/18\/atraves-das-redes-sociais-meio-campista-se-despede-do-flamengo-muito-obrigado\/#primaryimage"},"thumbnailUrl":"https:\/\/www.gaveanews.com\/wp-content\/uploads\/Luiz-Henrique.webp","articleSection":["Flamengo"],"inLanguage":"pt-BR","potentialAction":[{"@type":"CommentAction","name":"Comment","target":["https:\/\/www.gaveanews.com\/index.php\/2020\/02\/18\/atraves-das-redes-sociais-meio-campista-se-despede-do-flamengo-muito-obrigado\/#respond"]}],"copyrightYear":"2020","copyrightHolder":{"@id":"https:\/\/www.gaveanews.com\/#organization"}},{"@type":"WebPage","@id":"https:\/\/www.gaveanews.com\/index.php\/2020\/02\/18\/atraves-das-redes-sociais-meio-campista-se-despede-do-flamengo-muito-obrigado\/","url":"https:\/\/www.gaveanews.com\/index.php\/2020\/02\/18\/atraves-das-redes-sociais-meio-campista-se-despede-do-flamengo-muito-obrigado\/","name":"Atrav\u00e9s das redes sociais, meio-campista se despede do Flamengo: \"Muito obrigado\"","isPartOf":{"@id":"https:\/\/www.gaveanews.com\/#website"},"primaryImageOfPage":{"@id":"https:\/\/www.gaveanews.com\/index.php\/2020\/02\/18\/atraves-das-redes-sociais-meio-campista-se-despede-do-flamengo-muito-obrigado\/#primaryimage"},"image":{"@id":"https:\/\/www.gaveanews.com\/index.php\/2020\/02\/18\/atraves-das-redes-sociais-meio-campista-se-despede-do-flamengo-muito-obrigado\/#primaryimage"},"thumbnailUrl":"https:\/\/www.gaveanews.com\/wp-content\/uploads\/Luiz-Henrique.webp","datePublished":"2020-02-18T04:20:04+00:00","dateModified":"2020-02-18T04:20:05+00:00","author":{"@id":"https:\/\/www.gaveanews.com\/#\/schema\/person\/2ec14f73fb96be2caf28f91afb14749d"},"breadcrumb":{"@id":"https:\/\/www.gaveanews.com\/index.php\/2020\/02\/18\/atraves-das-redes-sociais-meio-campista-se-despede-do-flamengo-muito-obrigado\/#breadcrumb"},"inLanguage":"pt-BR","potentialAction":[{"@type":"ReadAction","target":["https:\/\/www.gaveanews.com\/index.php\/2020\/02\/18\/atraves-das-redes-sociais-meio-campista-se-despede-do-flamengo-muito-obrigado\/"]}]},{"@type":"ImageObject","inLanguage":"pt-BR","@id":"https:\/\/www.gaveanews.com\/index.php\/2020\/02\/18\/atraves-das-redes-sociais-meio-campista-se-despede-do-flamengo-muito-obrigado\/#primaryimage","url":"https:\/\/www.gaveanews.com\/wp-content\/uploads\/Luiz-Henrique.webp","contentUrl":"https:\/\/www.gaveanews.com\/wp-content\/uploads\/Luiz-Henrique.webp","width":873,"height":590,"caption":"Luiz Henrique foi capit\u00e3o do time sub-20 do Flamengo em 2019 (Foto: Divulga\u00e7\u00e3o)"},{"@type":"BreadcrumbList","@id":"https:\/\/www.gaveanews.com\/index.php\/2020\/02\/18\/atraves-das-redes-sociais-meio-campista-se-despede-do-flamengo-muito-obrigado\/#breadcrumb","itemListElement":[{"@type":"ListItem","position":1,"name":"Home","item":"https:\/\/www.gaveanews.com\/"},{"@type":"ListItem","position":2,"name":"Atrav\u00e9s das redes sociais, meio-campista se despede do Flamengo: &#8220;Muito obrigado&#8221;"}]},{"@type":"WebSite","@id":"https:\/\/www.gaveanews.com\/#website","url":"https:\/\/www.gaveanews.com\/","name":"G\u00e1vea News","description":"Veja todas as not\u00edcias sobre o Flamengo: Contrata\u00e7\u00f5es, categorias de base, resultados das partidas, tabela de classifica\u00e7\u00e3o, pr\u00f3ximos jogos!","potentialAction":[{"@type":"SearchAction","target":{"@type":"EntryPoint","urlTemplate":"https:\/\/www.gaveanews.com\/?s={search_term_string}"},"query-input":{"@type":"PropertyValueSpecification","valueRequired":true,"valueName":"search_term_string"}}],"inLanguage":"pt-BR"},{"@type":"Person","@id":"https:\/\/www.gaveanews.com\/#\/schema\/person\/2ec14f73fb96be2caf28f91afb14749d","name":"Equipe G\u00e1vea News","image":{"@type":"ImageObject","inLanguage":"pt-BR","@id":"https:\/\/www.gaveanews.com\/#\/schema\/person\/image\/","url":"https:\/\/secure.gravatar.com\/avatar\/1e1956f1facbffd3f8fa53a326721950116b3b9dc9bd44939c01180fd4a745a9?s=96&d=mm&r=g","contentUrl":"https:\/\/secure.gravatar.com\/avatar\/1e1956f1facbffd3f8fa53a326721950116b3b9dc9bd44939c01180fd4a745a9?s=96&d=mm&r=g","caption":"Equipe G\u00e1vea News"}}]}},"_links":{"self":[{"href":"https:\/\/www.gaveanews.com\/index.php\/wp-json\/wp\/v2\/posts\/37146","targetHints":{"allow":["GET"]}}],"collection":[{"href":"https:\/\/www.gaveanews.com\/index.php\/wp-json\/wp\/v2\/posts"}],"about":[{"href":"https:\/\/www.gaveanews.com\/index.php\/wp-json\/wp\/v2\/types\/post"}],"author":[{"embeddable":true,"href":"https:\/\/www.gaveanews.com\/index.php\/wp-json\/wp\/v2\/users\/1"}],"replies":[{"embeddable":true,"href":"https:\/\/www.gaveanews.com\/index.php\/wp-json\/wp\/v2\/comments?post=37146"}],"version-history":[{"count":0,"href":"https:\/\/www.gaveanews.com\/index.php\/wp-json\/wp\/v2\/posts\/37146\/revisions"}],"wp:featuredmedia":[{"embeddable":true,"href":"https:\/\/www.gaveanews.com\/index.php\/wp-json\/wp\/v2\/media\/34898"}],"wp:attachment":[{"href":"https:\/\/www.gaveanews.com\/index.php\/wp-json\/wp\/v2\/media?parent=37146"}],"wp:term":[{"taxonomy":"category","embeddable":true,"href":"https:\/\/www.gaveanews.com\/index.php\/wp-json\/wp\/v2\/categories?post=37146"},{"taxonomy":"post_tag","embeddable":true,"href":"https:\/\/www.gaveanews.com\/index.php\/wp-json\/wp\/v2\/tags?post=37146"}],"curies":[{"name":"wp","href":"https:\/\/api.w.org\/{rel}","templated":true}]}}