{"id":37152,"date":"2020-02-18T07:35:01","date_gmt":"2020-02-18T10:35:01","guid":{"rendered":"http:\/\/www.gaveanews.com\/?p=37152"},"modified":"2020-02-18T07:35:03","modified_gmt":"2020-02-18T10:35:03","slug":"suspensao-de-gabigol-abre-espaco-para-pedro-em-final-do-flamengo-na-recopa","status":"publish","type":"post","link":"https:\/\/www.gaveanews.com\/index.php\/2020\/02\/18\/suspensao-de-gabigol-abre-espaco-para-pedro-em-final-do-flamengo-na-recopa\/","title":{"rendered":"Suspens\u00e3o de Gabigol abre espa\u00e7o para Pedro em final do Flamengo na Recopa"},"content":{"rendered":"\n<p>Contrata\u00e7\u00e3o das mais badaladas do Rubro-Negro no \u00faltimo mercado da bola, o atacante Pedro est\u00e1 sendo preparado para estrear como titular do Flamengo. Com a suspens\u00e3o de Gabigol, o camisa 21 dever\u00e1 ser o titular no jogo de amanh\u00e3 (19) contra o Independiente del Valle (EQU), \u00e0s 22h30 (de Bras\u00edlia), pela Recopa Sul-Americana.<\/p>\n\n\n\n<p>Expulso do jogo contra o River Plate, confronto que deu ao Fla o t\u00edtulo da Libertadores, o artilheiro sequer seguiu com a delega\u00e7\u00e3o que viajou de Bras\u00edlia para Quito. Sem o goleador, o ex-jogador do Fluminense surge como a alternativa n\u00famero 1 de Jorge Jesus, que n\u00e3o pretende altera\u00e7\u00f5es dr\u00e1sticas no estilo do time que encara os equatorianos.<\/p>\n\n\n\n<p>Caso sua escala\u00e7\u00e3o seja confirmada, Pedro far\u00e1 sua estreia entre os 11 que iniciam uma partida justamente em um confronto decisivo. Apesar do in\u00edcio animador, com dois gols em 36 minutos jogados, ele tem sido op\u00e7\u00e3o para o portugu\u00eas.<\/p>\n\n\n\n<p>&#8220;Como o Mister disse, n\u00e3o adianta ter dinheiro e jogadores qualificados se n\u00e3o souber potencializ\u00e1-los. Mesmo em clubes fora do pa\u00eds, acontece bastante isso. Acho que o Jesus tem feito um trabalho maravilhoso&#8221;, afirmou Gabigol.<\/p>\n\n\n\n<p>Pedro \u00e9 desejo antigo do portugu\u00eas, que sempre pediu aos diretores a contrata\u00e7\u00e3o de um &#8220;avan\u00e7ado&#8221;. Em um elenco recheado de op\u00e7\u00f5es, a vida dos que chegaram depois da vitoriosa temporada de 2019 tem sido um pouco mais dif\u00edcil no in\u00edcio dos trabalhos.<\/p>\n\n\n\n<p>&#8220;N\u00e3o \u00e9 f\u00e1cil entrar neste time. N\u00e3o s\u00f3 pela qualidade, mas estes jogadores que jogam t\u00eam oito meses comigo. Trabalhamos n\u00e3o s\u00f3 a t\u00e9cnica, mas componentes t\u00e1ticos e movimenta\u00e7\u00f5es que s\u00e3o importantes&#8221;, justificou o treinador.<\/p>\n\n\n\n<p>Ap\u00f3s levantar o trof\u00e9u da Supercopa, a delega\u00e7\u00e3o do Flamengo j\u00e1 est\u00e1 no Equador. O Rubro-Negro mira uma outra conquista in\u00e9dita diante dos campe\u00f5es da Copa Sul-Americana e a tend\u00eancia \u00e9 que a \u00fanica mexida seja mesmo a entrada de Pedro.<\/p>\n\n\n\n<h3 class=\"wp-block-heading\">Imbr\u00f3glio com o Flu:<\/h3>\n\n\n\n<p>Pedro entrou com a\u00e7\u00e3o contra o Tricolor cobrando pouco mais de R$ 2,2 milh\u00f5es (13\u00ba sal\u00e1rio proporcional de 2019, f\u00e9rias dos \u00faltimos dois anos, FGTS n\u00e3o recolhido e outras verbas rescis\u00f3rias). Outros pontos da pe\u00e7a judicial s\u00e3o pol\u00eamicos, como o pedido de exclus\u00e3o do clube do Ato Trabalhista e a cobran\u00e7a pela les\u00e3o sofrida pelo jogador em 2018.<\/p>\n\n\n\n<p>O atleta e seus advogados alegam que a contus\u00e3o foi um acidente de trabalho e que o clube n\u00e3o contratou um seguro obrigat\u00f3rio. Uma audi\u00eancia de concilia\u00e7\u00e3o est\u00e1 marcada para 24 de mar\u00e7o. Na a\u00e7\u00e3o, Pedro pediu o pagamento imediato de verbas indenizat\u00f3rias e parcelas do FGTS, o que n\u00e3o foi acolhido pelo juiz Marco Ant\u00f4nio Belchior da Silveira. O magistrado preferiu esperar a defesa do Flu.<\/p>\n\n\n\n<p>Retirado de: UOL<\/p>\n","protected":false},"excerpt":{"rendered":"<p>Contrata\u00e7\u00e3o das mais badaladas do Rubro-Negro no \u00faltimo mercado da bola, o atacante Pedro est\u00e1 sendo preparado para estrear como titular do Flamengo. Com a suspens\u00e3o de Gabigol, o camisa 21 dever\u00e1 ser o titular no jogo de amanh\u00e3 (19) contra o Independiente del Valle (EQU), \u00e0s 22h30 (de Bras\u00edlia), pela Recopa Sul-Americana. Expulso do [&hellip;]<\/p>\n","protected":false},"author":1,"featured_media":35980,"comment_status":"open","ping_status":"closed","sticky":false,"template":"","format":"standard","meta":{"footnotes":""},"categories":[1],"tags":[],"class_list":["post-37152","post","type-post","status-publish","format-standard","has-post-thumbnail","hentry","category-flamengo"],"yoast_head":"<!-- This site is optimized with the Yoast SEO Premium plugin v24.2 (Yoast SEO v26.9) - https:\/\/yoast.com\/product\/yoast-seo-premium-wordpress\/ -->\n<title>Suspens\u00e3o de Gabigol abre espa\u00e7o para Pedro em final do Flamengo na Recopa<\/title>\n<meta name=\"robots\" content=\"index, follow, max-snippet:-1, max-image-preview:large, max-video-preview:-1\" \/>\n<link rel=\"canonical\" href=\"https:\/\/www.gaveanews.com\/index.php\/2020\/02\/18\/suspensao-de-gabigol-abre-espaco-para-pedro-em-final-do-flamengo-na-recopa\/\" \/>\n<meta property=\"og:locale\" content=\"pt_BR\" \/>\n<meta property=\"og:type\" content=\"article\" \/>\n<meta property=\"og:title\" content=\"Suspens\u00e3o de Gabigol abre espa\u00e7o para Pedro em final do Flamengo na Recopa\" \/>\n<meta property=\"og:description\" content=\"Contrata\u00e7\u00e3o das mais badaladas do Rubro-Negro no \u00faltimo mercado da bola, o atacante Pedro est\u00e1 sendo preparado para estrear como titular do Flamengo. Com a suspens\u00e3o de Gabigol, o camisa 21 dever\u00e1 ser o titular no jogo de amanh\u00e3 (19) contra o Independiente del Valle (EQU), \u00e0s 22h30 (de Bras\u00edlia), pela Recopa Sul-Americana. Expulso do [&hellip;]\" \/>\n<meta property=\"og:url\" content=\"https:\/\/www.gaveanews.com\/index.php\/2020\/02\/18\/suspensao-de-gabigol-abre-espaco-para-pedro-em-final-do-flamengo-na-recopa\/\" \/>\n<meta property=\"og:site_name\" content=\"G\u00e1vea News\" \/>\n<meta property=\"article:publisher\" content=\"https:\/\/facebook.com\/gaveaNews\/\" \/>\n<meta property=\"article:published_time\" content=\"2020-02-18T10:35:01+00:00\" \/>\n<meta property=\"article:modified_time\" content=\"2020-02-18T10:35:03+00:00\" \/>\n<meta property=\"og:image\" content=\"https:\/\/www.gaveanews.com\/wp-content\/uploads\/Pedro-durante-coletiva-de-imprensa-no-Ninho-do-Urubu.webp\" \/>\n\t<meta property=\"og:image:width\" content=\"2048\" \/>\n\t<meta property=\"og:image:height\" content=\"1363\" \/>\n\t<meta property=\"og:image:type\" content=\"image\/jpeg\" \/>\n<meta name=\"author\" content=\"Equipe G\u00e1vea News\" \/>\n<meta name=\"twitter:card\" content=\"summary_large_image\" \/>\n<meta name=\"twitter:label1\" content=\"Escrito por\" \/>\n\t<meta name=\"twitter:data1\" content=\"Equipe G\u00e1vea News\" \/>\n\t<meta name=\"twitter:label2\" content=\"Est. tempo de leitura\" \/>\n\t<meta name=\"twitter:data2\" content=\"2 minutos\" \/>\n<script type=\"application\/ld+json\" class=\"yoast-schema-graph\">{\"@context\":\"https:\/\/schema.org\",\"@graph\":[{\"@type\":\"NewsArticle\",\"@id\":\"https:\/\/www.gaveanews.com\/index.php\/2020\/02\/18\/suspensao-de-gabigol-abre-espaco-para-pedro-em-final-do-flamengo-na-recopa\/#article\",\"isPartOf\":{\"@id\":\"https:\/\/www.gaveanews.com\/index.php\/2020\/02\/18\/suspensao-de-gabigol-abre-espaco-para-pedro-em-final-do-flamengo-na-recopa\/\"},\"author\":{\"name\":\"Equipe G\u00e1vea News\",\"@id\":\"https:\/\/www.gaveanews.com\/#\/schema\/person\/2ec14f73fb96be2caf28f91afb14749d\"},\"headline\":\"Suspens\u00e3o de Gabigol abre espa\u00e7o para Pedro em final do Flamengo na Recopa\",\"datePublished\":\"2020-02-18T10:35:01+00:00\",\"dateModified\":\"2020-02-18T10:35:03+00:00\",\"mainEntityOfPage\":{\"@id\":\"https:\/\/www.gaveanews.com\/index.php\/2020\/02\/18\/suspensao-de-gabigol-abre-espaco-para-pedro-em-final-do-flamengo-na-recopa\/\"},\"wordCount\":499,\"commentCount\":7,\"image\":{\"@id\":\"https:\/\/www.gaveanews.com\/index.php\/2020\/02\/18\/suspensao-de-gabigol-abre-espaco-para-pedro-em-final-do-flamengo-na-recopa\/#primaryimage\"},\"thumbnailUrl\":\"https:\/\/www.gaveanews.com\/wp-content\/uploads\/Pedro-durante-coletiva-de-imprensa-no-Ninho-do-Urubu.webp\",\"articleSection\":[\"Flamengo\"],\"inLanguage\":\"pt-BR\",\"potentialAction\":[{\"@type\":\"CommentAction\",\"name\":\"Comment\",\"target\":[\"https:\/\/www.gaveanews.com\/index.php\/2020\/02\/18\/suspensao-de-gabigol-abre-espaco-para-pedro-em-final-do-flamengo-na-recopa\/#respond\"]}],\"copyrightYear\":\"2020\",\"copyrightHolder\":{\"@id\":\"https:\/\/www.gaveanews.com\/#organization\"}},{\"@type\":\"WebPage\",\"@id\":\"https:\/\/www.gaveanews.com\/index.php\/2020\/02\/18\/suspensao-de-gabigol-abre-espaco-para-pedro-em-final-do-flamengo-na-recopa\/\",\"url\":\"https:\/\/www.gaveanews.com\/index.php\/2020\/02\/18\/suspensao-de-gabigol-abre-espaco-para-pedro-em-final-do-flamengo-na-recopa\/\",\"name\":\"Suspens\u00e3o de Gabigol abre espa\u00e7o para Pedro em final do Flamengo na Recopa\",\"isPartOf\":{\"@id\":\"https:\/\/www.gaveanews.com\/#website\"},\"primaryImageOfPage\":{\"@id\":\"https:\/\/www.gaveanews.com\/index.php\/2020\/02\/18\/suspensao-de-gabigol-abre-espaco-para-pedro-em-final-do-flamengo-na-recopa\/#primaryimage\"},\"image\":{\"@id\":\"https:\/\/www.gaveanews.com\/index.php\/2020\/02\/18\/suspensao-de-gabigol-abre-espaco-para-pedro-em-final-do-flamengo-na-recopa\/#primaryimage\"},\"thumbnailUrl\":\"https:\/\/www.gaveanews.com\/wp-content\/uploads\/Pedro-durante-coletiva-de-imprensa-no-Ninho-do-Urubu.webp\",\"datePublished\":\"2020-02-18T10:35:01+00:00\",\"dateModified\":\"2020-02-18T10:35:03+00:00\",\"author\":{\"@id\":\"https:\/\/www.gaveanews.com\/#\/schema\/person\/2ec14f73fb96be2caf28f91afb14749d\"},\"breadcrumb\":{\"@id\":\"https:\/\/www.gaveanews.com\/index.php\/2020\/02\/18\/suspensao-de-gabigol-abre-espaco-para-pedro-em-final-do-flamengo-na-recopa\/#breadcrumb\"},\"inLanguage\":\"pt-BR\",\"potentialAction\":[{\"@type\":\"ReadAction\",\"target\":[\"https:\/\/www.gaveanews.com\/index.php\/2020\/02\/18\/suspensao-de-gabigol-abre-espaco-para-pedro-em-final-do-flamengo-na-recopa\/\"]}]},{\"@type\":\"ImageObject\",\"inLanguage\":\"pt-BR\",\"@id\":\"https:\/\/www.gaveanews.com\/index.php\/2020\/02\/18\/suspensao-de-gabigol-abre-espaco-para-pedro-em-final-do-flamengo-na-recopa\/#primaryimage\",\"url\":\"https:\/\/www.gaveanews.com\/wp-content\/uploads\/Pedro-durante-coletiva-de-imprensa-no-Ninho-do-Urubu.webp\",\"contentUrl\":\"https:\/\/www.gaveanews.com\/wp-content\/uploads\/Pedro-durante-coletiva-de-imprensa-no-Ninho-do-Urubu.webp\",\"width\":2048,\"height\":1363},{\"@type\":\"BreadcrumbList\",\"@id\":\"https:\/\/www.gaveanews.com\/index.php\/2020\/02\/18\/suspensao-de-gabigol-abre-espaco-para-pedro-em-final-do-flamengo-na-recopa\/#breadcrumb\",\"itemListElement\":[{\"@type\":\"ListItem\",\"position\":1,\"name\":\"Home\",\"item\":\"https:\/\/www.gaveanews.com\/\"},{\"@type\":\"ListItem\",\"position\":2,\"name\":\"Suspens\u00e3o de Gabigol abre espa\u00e7o para Pedro em final do Flamengo na Recopa\"}]},{\"@type\":\"WebSite\",\"@id\":\"https:\/\/www.gaveanews.com\/#website\",\"url\":\"https:\/\/www.gaveanews.com\/\",\"name\":\"G\u00e1vea News\",\"description\":\"Veja todas as not\u00edcias sobre o Flamengo: Contrata\u00e7\u00f5es, categorias de base, resultados das partidas, tabela de classifica\u00e7\u00e3o, pr\u00f3ximos jogos!\",\"potentialAction\":[{\"@type\":\"SearchAction\",\"target\":{\"@type\":\"EntryPoint\",\"urlTemplate\":\"https:\/\/www.gaveanews.com\/?s={search_term_string}\"},\"query-input\":{\"@type\":\"PropertyValueSpecification\",\"valueRequired\":true,\"valueName\":\"search_term_string\"}}],\"inLanguage\":\"pt-BR\"},{\"@type\":\"Person\",\"@id\":\"https:\/\/www.gaveanews.com\/#\/schema\/person\/2ec14f73fb96be2caf28f91afb14749d\",\"name\":\"Equipe G\u00e1vea News\",\"image\":{\"@type\":\"ImageObject\",\"inLanguage\":\"pt-BR\",\"@id\":\"https:\/\/www.gaveanews.com\/#\/schema\/person\/image\/\",\"url\":\"https:\/\/secure.gravatar.com\/avatar\/1e1956f1facbffd3f8fa53a326721950116b3b9dc9bd44939c01180fd4a745a9?s=96&d=mm&r=g\",\"contentUrl\":\"https:\/\/secure.gravatar.com\/avatar\/1e1956f1facbffd3f8fa53a326721950116b3b9dc9bd44939c01180fd4a745a9?s=96&d=mm&r=g\",\"caption\":\"Equipe G\u00e1vea News\"}}]}<\/script>\n<!-- \/ Yoast SEO Premium plugin. -->","yoast_head_json":{"title":"Suspens\u00e3o de Gabigol abre espa\u00e7o para Pedro em final do Flamengo na Recopa","robots":{"index":"index","follow":"follow","max-snippet":"max-snippet:-1","max-image-preview":"max-image-preview:large","max-video-preview":"max-video-preview:-1"},"canonical":"https:\/\/www.gaveanews.com\/index.php\/2020\/02\/18\/suspensao-de-gabigol-abre-espaco-para-pedro-em-final-do-flamengo-na-recopa\/","og_locale":"pt_BR","og_type":"article","og_title":"Suspens\u00e3o de Gabigol abre espa\u00e7o para Pedro em final do Flamengo na Recopa","og_description":"Contrata\u00e7\u00e3o das mais badaladas do Rubro-Negro no \u00faltimo mercado da bola, o atacante Pedro est\u00e1 sendo preparado para estrear como titular do Flamengo. Com a suspens\u00e3o de Gabigol, o camisa 21 dever\u00e1 ser o titular no jogo de amanh\u00e3 (19) contra o Independiente del Valle (EQU), \u00e0s 22h30 (de Bras\u00edlia), pela Recopa Sul-Americana. Expulso do [&hellip;]","og_url":"https:\/\/www.gaveanews.com\/index.php\/2020\/02\/18\/suspensao-de-gabigol-abre-espaco-para-pedro-em-final-do-flamengo-na-recopa\/","og_site_name":"G\u00e1vea News","article_publisher":"https:\/\/facebook.com\/gaveaNews\/","article_published_time":"2020-02-18T10:35:01+00:00","article_modified_time":"2020-02-18T10:35:03+00:00","og_image":[{"width":2048,"height":1363,"url":"https:\/\/www.gaveanews.com\/wp-content\/uploads\/Pedro-durante-coletiva-de-imprensa-no-Ninho-do-Urubu.webp","type":"image\/jpeg"}],"author":"Equipe G\u00e1vea News","twitter_card":"summary_large_image","twitter_misc":{"Escrito por":"Equipe G\u00e1vea News","Est. tempo de leitura":"2 minutos"},"schema":{"@context":"https:\/\/schema.org","@graph":[{"@type":"NewsArticle","@id":"https:\/\/www.gaveanews.com\/index.php\/2020\/02\/18\/suspensao-de-gabigol-abre-espaco-para-pedro-em-final-do-flamengo-na-recopa\/#article","isPartOf":{"@id":"https:\/\/www.gaveanews.com\/index.php\/2020\/02\/18\/suspensao-de-gabigol-abre-espaco-para-pedro-em-final-do-flamengo-na-recopa\/"},"author":{"name":"Equipe G\u00e1vea News","@id":"https:\/\/www.gaveanews.com\/#\/schema\/person\/2ec14f73fb96be2caf28f91afb14749d"},"headline":"Suspens\u00e3o de Gabigol abre espa\u00e7o para Pedro em final do Flamengo na Recopa","datePublished":"2020-02-18T10:35:01+00:00","dateModified":"2020-02-18T10:35:03+00:00","mainEntityOfPage":{"@id":"https:\/\/www.gaveanews.com\/index.php\/2020\/02\/18\/suspensao-de-gabigol-abre-espaco-para-pedro-em-final-do-flamengo-na-recopa\/"},"wordCount":499,"commentCount":7,"image":{"@id":"https:\/\/www.gaveanews.com\/index.php\/2020\/02\/18\/suspensao-de-gabigol-abre-espaco-para-pedro-em-final-do-flamengo-na-recopa\/#primaryimage"},"thumbnailUrl":"https:\/\/www.gaveanews.com\/wp-content\/uploads\/Pedro-durante-coletiva-de-imprensa-no-Ninho-do-Urubu.webp","articleSection":["Flamengo"],"inLanguage":"pt-BR","potentialAction":[{"@type":"CommentAction","name":"Comment","target":["https:\/\/www.gaveanews.com\/index.php\/2020\/02\/18\/suspensao-de-gabigol-abre-espaco-para-pedro-em-final-do-flamengo-na-recopa\/#respond"]}],"copyrightYear":"2020","copyrightHolder":{"@id":"https:\/\/www.gaveanews.com\/#organization"}},{"@type":"WebPage","@id":"https:\/\/www.gaveanews.com\/index.php\/2020\/02\/18\/suspensao-de-gabigol-abre-espaco-para-pedro-em-final-do-flamengo-na-recopa\/","url":"https:\/\/www.gaveanews.com\/index.php\/2020\/02\/18\/suspensao-de-gabigol-abre-espaco-para-pedro-em-final-do-flamengo-na-recopa\/","name":"Suspens\u00e3o de Gabigol abre espa\u00e7o para Pedro em final do Flamengo na Recopa","isPartOf":{"@id":"https:\/\/www.gaveanews.com\/#website"},"primaryImageOfPage":{"@id":"https:\/\/www.gaveanews.com\/index.php\/2020\/02\/18\/suspensao-de-gabigol-abre-espaco-para-pedro-em-final-do-flamengo-na-recopa\/#primaryimage"},"image":{"@id":"https:\/\/www.gaveanews.com\/index.php\/2020\/02\/18\/suspensao-de-gabigol-abre-espaco-para-pedro-em-final-do-flamengo-na-recopa\/#primaryimage"},"thumbnailUrl":"https:\/\/www.gaveanews.com\/wp-content\/uploads\/Pedro-durante-coletiva-de-imprensa-no-Ninho-do-Urubu.webp","datePublished":"2020-02-18T10:35:01+00:00","dateModified":"2020-02-18T10:35:03+00:00","author":{"@id":"https:\/\/www.gaveanews.com\/#\/schema\/person\/2ec14f73fb96be2caf28f91afb14749d"},"breadcrumb":{"@id":"https:\/\/www.gaveanews.com\/index.php\/2020\/02\/18\/suspensao-de-gabigol-abre-espaco-para-pedro-em-final-do-flamengo-na-recopa\/#breadcrumb"},"inLanguage":"pt-BR","potentialAction":[{"@type":"ReadAction","target":["https:\/\/www.gaveanews.com\/index.php\/2020\/02\/18\/suspensao-de-gabigol-abre-espaco-para-pedro-em-final-do-flamengo-na-recopa\/"]}]},{"@type":"ImageObject","inLanguage":"pt-BR","@id":"https:\/\/www.gaveanews.com\/index.php\/2020\/02\/18\/suspensao-de-gabigol-abre-espaco-para-pedro-em-final-do-flamengo-na-recopa\/#primaryimage","url":"https:\/\/www.gaveanews.com\/wp-content\/uploads\/Pedro-durante-coletiva-de-imprensa-no-Ninho-do-Urubu.webp","contentUrl":"https:\/\/www.gaveanews.com\/wp-content\/uploads\/Pedro-durante-coletiva-de-imprensa-no-Ninho-do-Urubu.webp","width":2048,"height":1363},{"@type":"BreadcrumbList","@id":"https:\/\/www.gaveanews.com\/index.php\/2020\/02\/18\/suspensao-de-gabigol-abre-espaco-para-pedro-em-final-do-flamengo-na-recopa\/#breadcrumb","itemListElement":[{"@type":"ListItem","position":1,"name":"Home","item":"https:\/\/www.gaveanews.com\/"},{"@type":"ListItem","position":2,"name":"Suspens\u00e3o de Gabigol abre espa\u00e7o para Pedro em final do Flamengo na Recopa"}]},{"@type":"WebSite","@id":"https:\/\/www.gaveanews.com\/#website","url":"https:\/\/www.gaveanews.com\/","name":"G\u00e1vea News","description":"Veja todas as not\u00edcias sobre o Flamengo: Contrata\u00e7\u00f5es, categorias de base, resultados das partidas, tabela de classifica\u00e7\u00e3o, pr\u00f3ximos jogos!","potentialAction":[{"@type":"SearchAction","target":{"@type":"EntryPoint","urlTemplate":"https:\/\/www.gaveanews.com\/?s={search_term_string}"},"query-input":{"@type":"PropertyValueSpecification","valueRequired":true,"valueName":"search_term_string"}}],"inLanguage":"pt-BR"},{"@type":"Person","@id":"https:\/\/www.gaveanews.com\/#\/schema\/person\/2ec14f73fb96be2caf28f91afb14749d","name":"Equipe G\u00e1vea News","image":{"@type":"ImageObject","inLanguage":"pt-BR","@id":"https:\/\/www.gaveanews.com\/#\/schema\/person\/image\/","url":"https:\/\/secure.gravatar.com\/avatar\/1e1956f1facbffd3f8fa53a326721950116b3b9dc9bd44939c01180fd4a745a9?s=96&d=mm&r=g","contentUrl":"https:\/\/secure.gravatar.com\/avatar\/1e1956f1facbffd3f8fa53a326721950116b3b9dc9bd44939c01180fd4a745a9?s=96&d=mm&r=g","caption":"Equipe G\u00e1vea News"}}]}},"_links":{"self":[{"href":"https:\/\/www.gaveanews.com\/index.php\/wp-json\/wp\/v2\/posts\/37152","targetHints":{"allow":["GET"]}}],"collection":[{"href":"https:\/\/www.gaveanews.com\/index.php\/wp-json\/wp\/v2\/posts"}],"about":[{"href":"https:\/\/www.gaveanews.com\/index.php\/wp-json\/wp\/v2\/types\/post"}],"author":[{"embeddable":true,"href":"https:\/\/www.gaveanews.com\/index.php\/wp-json\/wp\/v2\/users\/1"}],"replies":[{"embeddable":true,"href":"https:\/\/www.gaveanews.com\/index.php\/wp-json\/wp\/v2\/comments?post=37152"}],"version-history":[{"count":0,"href":"https:\/\/www.gaveanews.com\/index.php\/wp-json\/wp\/v2\/posts\/37152\/revisions"}],"wp:featuredmedia":[{"embeddable":true,"href":"https:\/\/www.gaveanews.com\/index.php\/wp-json\/wp\/v2\/media\/35980"}],"wp:attachment":[{"href":"https:\/\/www.gaveanews.com\/index.php\/wp-json\/wp\/v2\/media?parent=37152"}],"wp:term":[{"taxonomy":"category","embeddable":true,"href":"https:\/\/www.gaveanews.com\/index.php\/wp-json\/wp\/v2\/categories?post=37152"},{"taxonomy":"post_tag","embeddable":true,"href":"https:\/\/www.gaveanews.com\/index.php\/wp-json\/wp\/v2\/tags?post=37152"}],"curies":[{"name":"wp","href":"https:\/\/api.w.org\/{rel}","templated":true}]}}