{"id":37154,"date":"2020-02-18T09:09:34","date_gmt":"2020-02-18T12:09:34","guid":{"rendered":"http:\/\/www.gaveanews.com\/?p=37154"},"modified":"2020-02-18T09:09:45","modified_gmt":"2020-02-18T12:09:45","slug":"semifinais-da-copa-do-brasil-e-da-copa-libertadores-e-vice-do-brasileiro-sao-metas-minimas-do-flamengo-para-2020","status":"publish","type":"post","link":"https:\/\/www.gaveanews.com\/index.php\/2020\/02\/18\/semifinais-da-copa-do-brasil-e-da-copa-libertadores-e-vice-do-brasileiro-sao-metas-minimas-do-flamengo-para-2020\/","title":{"rendered":"Semifinais da Copa do Brasil e da Copa Libertadores e vice do Campeonato Brasileiro s\u00e3o metas m\u00ednimas do Flamengo para 2020"},"content":{"rendered":"\n<p>O Flamengo j\u00e1 ergueu uma das nove ta\u00e7as poss\u00edveis para o ano de 2020 \u2014 a da Supercopa do Brasil. O mantra no departamento de futebol \u00e9 ir em busca de mais oito, e superar as conquistas de 2019, quando o clube ganhou Estadual, Brasileiro e Libertadores. No entanto, o clube trabalha com os p\u00e9s no ch\u00e3o em seu or\u00e7amento.<\/p>\n\n\n\n<p>Al\u00e9m dos torneios de tiro curto no come\u00e7o de temporada, com a Recopa Sul-Americana, que ser\u00e1 disputada a partir de amanh\u00e3 no Equador, e na pr\u00f3xima quarta-feira, no Rio, a dire\u00e7\u00e3o fez proje\u00e7\u00f5es animadas, mas precavidas nas principais competi\u00e7\u00f5es que acabam no segundo semestre.<\/p>\n\n\n\n<p>A \u00fanica obriga\u00e7\u00e3o de t\u00edtulo projetada \u00e9 o Estadual, cuja decis\u00e3o do primeiro turno o Flamengo disputa no s\u00e1bado. Na Copa do Brasil e Libertadores a ideia \u00e9 chegar ao menos \u00e0s semifinais , e no Brasileiro a proje\u00e7\u00e3o \u00e9 de no m\u00ednimo chegar ao vice-campeonato.<\/p>\n\n\n\n<p>A posi\u00e7\u00e3o conservadora se d\u00e1 pela necessidade de n\u00e3o contar com o total de receitas de premia\u00e7\u00e3o, que saltam consideravelmente em caso de conquista. O principal fator levado em conta para contabilizar os ganhos financeiros \u00e9 n\u00e3o s\u00f3 a imprevisibilidade, mas a dificuldade de se alcan\u00e7ar o topo em tantas competi\u00e7\u00f5es diante de um calend\u00e1rio desafiador.<\/p>\n\n\n\n<p>Depois de viajar para Bras\u00edlia na quinta-feira e jogar no domingo, o Flamengo embarcou para a altitude de Quito ontem, sem Gabigol, suspenso, e L\u00e9o Pereira, lesionado. Na quinta-feira, volta ao Rio para a final da Ta\u00e7a Guanabara. O t\u00e9cnico Jorge Jesus ainda n\u00e3o deu ind\u00edcios sobre a utiliza\u00e7\u00e3o de uma equipe alternativa.<\/p>\n\n\n\n<h3 class=\"wp-block-heading\">Calend\u00e1rio pode pesar<\/h3>\n\n\n\n<p>A poss\u00edvel hegemonia do Flamengo, com a conquista de at\u00e9 nove trof\u00e9us, foi tratada como uma miss\u00e3o quase imposs\u00edvel para a maioria dos especialistas ouvidos pela reportagem.<\/p>\n\n\n\n<p>\u2014 Em algum momento haver\u00e1 desfalques, inclusive provocado por convoca\u00e7\u00f5es; aperto de calend\u00e1rio, desgaste, acho bem dif\u00edcil \u2014 argumentou Mauro C\u00e9zar Pereira, da \u201cESPN\u201d.<\/p>\n\n\n\n<p>Para Eug\u00eanio Leal, da \u201cFOX\u201d, trata-se de um milagre tamanha fa\u00e7anha.<\/p>\n\n\n\n<p>\u2014 O Flamengo est\u00e1 bem acima dos outros no Brasil. Mas ganhar todos os t\u00edtulos \u00e9 dif\u00edcil pois v\u00e3o aparecer times com mais for\u00e7a, e o calend\u00e1rio \u00e9 apertado. Ano passado ganhar Libertadores e Brasileiro foi fundamental ter ca\u00eddo na Copa do Brasil. Encarar os tr\u00eas em reta final, por mais que tenha elenco, \u00e9 dif\u00edcil. Seria quase um milagre.<\/p>\n\n\n\n<p>T\u00e9o Benjamim, que faz sucesso com an\u00e1lises no Twitter, lembrou que quando Guardiola ergueu seis ta\u00e7as em 2009 com o Barcelona j\u00e1 foi algo extraordin\u00e1rio.<\/p>\n\n\n\n<p>\u2014 Se voc\u00ea olhar pra cada torneio individualmente, \u00e9 claro que o Flamengo tem chance de ganhar cada um deles. Ganhar todos \u00e9 outra hist\u00f3ria\u2026 Precisa juntar muitos fatores. Futebol sempre precisa de alguma dose de sorte. Pra ganhar um, tem que ter alguma sorte (times melhores precisam de menos, claro). Pra ganhar dois, precisa de mais\u2026 Pra ganhar 9, tem que ter um alinhamento bem impressionante! \u2014 opinou.<\/p>\n\n\n\n<p>Pedro Ivo, editor do \u201cUOL\u201d e comentarista da &#8220;ESPN&#8221;, v\u00ea apenas o Corinthians como rival capaz de desbancar o Flamengo em um poss\u00edvel mata-mata.<\/p>\n\n\n\n<p>\u2014 Os \u00faltimos meses j\u00e1 mostraram que a equipe de Jorge Jesus se prop\u00f5e a enfileirar ta\u00e7as e entrar para a hist\u00f3ria. O que leva um time vencedor e superior a sair do trilho das conquistas \u00e9 uma poss\u00edvel acomoda\u00e7\u00e3o, algo que esse Flamengo n\u00e3o mostra. Ou quando um concorrente direto se apresenta com for\u00e7a semelhante, algo que tamb\u00e9m n\u00e3o ocorre por ora. Com uma dist\u00e2ncia grande para os principais rivais, \u00e9 dif\u00edcil imaginar que o Flamengo de Jesus n\u00e3o disputar\u00e1 cada uma das ta\u00e7as citadas. Pode cair num mata-mata? Sim. Mas passar fase a fase nesses torneios \u00e9 algo completamente dentro do que se projeta atualmente. Seria a regra, n\u00e3o a surpresa.<\/p>\n\n\n\n<p>Retirado  de: O Globo<\/p>\n","protected":false},"excerpt":{"rendered":"<p>O Flamengo j\u00e1 ergueu uma das nove ta\u00e7as poss\u00edveis para o ano de 2020 \u2014 a da Supercopa do Brasil. O mantra no departamento de futebol \u00e9 ir em busca de mais oito, e superar as conquistas de 2019, quando o clube ganhou Estadual, Brasileiro e Libertadores. No entanto, o clube trabalha com os p\u00e9s [&hellip;]<\/p>\n","protected":false},"author":1,"featured_media":14851,"comment_status":"open","ping_status":"closed","sticky":false,"template":"","format":"standard","meta":{"footnotes":""},"categories":[1],"tags":[],"class_list":["post-37154","post","type-post","status-publish","format-standard","has-post-thumbnail","hentry","category-flamengo"],"yoast_head":"<!-- This site is optimized with the Yoast SEO Premium plugin v24.2 (Yoast SEO v26.9) - https:\/\/yoast.com\/product\/yoast-seo-premium-wordpress\/ -->\n<title>Semifinais da Copa do Brasil e da Copa Libertadores e vice do Campeonato Brasileiro s\u00e3o metas m\u00ednimas do Flamengo para 2020<\/title>\n<meta name=\"robots\" content=\"index, follow, max-snippet:-1, max-image-preview:large, max-video-preview:-1\" \/>\n<link rel=\"canonical\" href=\"https:\/\/www.gaveanews.com\/index.php\/2020\/02\/18\/semifinais-da-copa-do-brasil-e-da-copa-libertadores-e-vice-do-brasileiro-sao-metas-minimas-do-flamengo-para-2020\/\" \/>\n<meta property=\"og:locale\" content=\"pt_BR\" \/>\n<meta property=\"og:type\" content=\"article\" \/>\n<meta property=\"og:title\" content=\"Semifinais da Copa do Brasil e da Copa Libertadores e vice do Campeonato Brasileiro s\u00e3o metas m\u00ednimas do Flamengo para 2020\" \/>\n<meta property=\"og:description\" content=\"O Flamengo j\u00e1 ergueu uma das nove ta\u00e7as poss\u00edveis para o ano de 2020 \u2014 a da Supercopa do Brasil. O mantra no departamento de futebol \u00e9 ir em busca de mais oito, e superar as conquistas de 2019, quando o clube ganhou Estadual, Brasileiro e Libertadores. No entanto, o clube trabalha com os p\u00e9s [&hellip;]\" \/>\n<meta property=\"og:url\" content=\"https:\/\/www.gaveanews.com\/index.php\/2020\/02\/18\/semifinais-da-copa-do-brasil-e-da-copa-libertadores-e-vice-do-brasileiro-sao-metas-minimas-do-flamengo-para-2020\/\" \/>\n<meta property=\"og:site_name\" content=\"G\u00e1vea News\" \/>\n<meta property=\"article:publisher\" content=\"https:\/\/facebook.com\/gaveaNews\/\" \/>\n<meta property=\"article:published_time\" content=\"2020-02-18T12:09:34+00:00\" \/>\n<meta property=\"article:modified_time\" content=\"2020-02-18T12:09:45+00:00\" \/>\n<meta property=\"og:image\" content=\"https:\/\/www.gaveanews.com\/wp-content\/uploads\/2019\/03\/Taca-da-Copa-Libertadores-da-America.webp\" \/>\n\t<meta property=\"og:image:width\" content=\"1\" \/>\n\t<meta property=\"og:image:height\" content=\"1\" \/>\n\t<meta property=\"og:image:type\" content=\"image\/jpeg\" \/>\n<meta name=\"author\" content=\"Equipe G\u00e1vea News\" \/>\n<meta name=\"twitter:card\" content=\"summary_large_image\" \/>\n<meta name=\"twitter:label1\" content=\"Escrito por\" \/>\n\t<meta name=\"twitter:data1\" content=\"Equipe G\u00e1vea News\" \/>\n\t<meta name=\"twitter:label2\" content=\"Est. tempo de leitura\" \/>\n\t<meta name=\"twitter:data2\" content=\"3 minutos\" \/>\n<script type=\"application\/ld+json\" class=\"yoast-schema-graph\">{\"@context\":\"https:\/\/schema.org\",\"@graph\":[{\"@type\":\"NewsArticle\",\"@id\":\"https:\/\/www.gaveanews.com\/index.php\/2020\/02\/18\/semifinais-da-copa-do-brasil-e-da-copa-libertadores-e-vice-do-brasileiro-sao-metas-minimas-do-flamengo-para-2020\/#article\",\"isPartOf\":{\"@id\":\"https:\/\/www.gaveanews.com\/index.php\/2020\/02\/18\/semifinais-da-copa-do-brasil-e-da-copa-libertadores-e-vice-do-brasileiro-sao-metas-minimas-do-flamengo-para-2020\/\"},\"author\":{\"name\":\"Equipe G\u00e1vea News\",\"@id\":\"https:\/\/www.gaveanews.com\/#\/schema\/person\/2ec14f73fb96be2caf28f91afb14749d\"},\"headline\":\"Semifinais da Copa do Brasil e da Copa Libertadores e vice do Campeonato Brasileiro s\u00e3o metas m\u00ednimas do Flamengo para 2020\",\"datePublished\":\"2020-02-18T12:09:34+00:00\",\"dateModified\":\"2020-02-18T12:09:45+00:00\",\"mainEntityOfPage\":{\"@id\":\"https:\/\/www.gaveanews.com\/index.php\/2020\/02\/18\/semifinais-da-copa-do-brasil-e-da-copa-libertadores-e-vice-do-brasileiro-sao-metas-minimas-do-flamengo-para-2020\/\"},\"wordCount\":686,\"commentCount\":17,\"image\":{\"@id\":\"https:\/\/www.gaveanews.com\/index.php\/2020\/02\/18\/semifinais-da-copa-do-brasil-e-da-copa-libertadores-e-vice-do-brasileiro-sao-metas-minimas-do-flamengo-para-2020\/#primaryimage\"},\"thumbnailUrl\":\"https:\/\/www.gaveanews.com\/wp-content\/uploads\/2019\/03\/Taca-da-Copa-Libertadores-da-America.webp\",\"articleSection\":[\"Flamengo\"],\"inLanguage\":\"pt-BR\",\"potentialAction\":[{\"@type\":\"CommentAction\",\"name\":\"Comment\",\"target\":[\"https:\/\/www.gaveanews.com\/index.php\/2020\/02\/18\/semifinais-da-copa-do-brasil-e-da-copa-libertadores-e-vice-do-brasileiro-sao-metas-minimas-do-flamengo-para-2020\/#respond\"]}],\"copyrightYear\":\"2020\",\"copyrightHolder\":{\"@id\":\"https:\/\/www.gaveanews.com\/#organization\"}},{\"@type\":\"WebPage\",\"@id\":\"https:\/\/www.gaveanews.com\/index.php\/2020\/02\/18\/semifinais-da-copa-do-brasil-e-da-copa-libertadores-e-vice-do-brasileiro-sao-metas-minimas-do-flamengo-para-2020\/\",\"url\":\"https:\/\/www.gaveanews.com\/index.php\/2020\/02\/18\/semifinais-da-copa-do-brasil-e-da-copa-libertadores-e-vice-do-brasileiro-sao-metas-minimas-do-flamengo-para-2020\/\",\"name\":\"Semifinais da Copa do Brasil e da Copa Libertadores e vice do Campeonato Brasileiro s\u00e3o metas m\u00ednimas do Flamengo para 2020\",\"isPartOf\":{\"@id\":\"https:\/\/www.gaveanews.com\/#website\"},\"primaryImageOfPage\":{\"@id\":\"https:\/\/www.gaveanews.com\/index.php\/2020\/02\/18\/semifinais-da-copa-do-brasil-e-da-copa-libertadores-e-vice-do-brasileiro-sao-metas-minimas-do-flamengo-para-2020\/#primaryimage\"},\"image\":{\"@id\":\"https:\/\/www.gaveanews.com\/index.php\/2020\/02\/18\/semifinais-da-copa-do-brasil-e-da-copa-libertadores-e-vice-do-brasileiro-sao-metas-minimas-do-flamengo-para-2020\/#primaryimage\"},\"thumbnailUrl\":\"https:\/\/www.gaveanews.com\/wp-content\/uploads\/2019\/03\/Taca-da-Copa-Libertadores-da-America.webp\",\"datePublished\":\"2020-02-18T12:09:34+00:00\",\"dateModified\":\"2020-02-18T12:09:45+00:00\",\"author\":{\"@id\":\"https:\/\/www.gaveanews.com\/#\/schema\/person\/2ec14f73fb96be2caf28f91afb14749d\"},\"breadcrumb\":{\"@id\":\"https:\/\/www.gaveanews.com\/index.php\/2020\/02\/18\/semifinais-da-copa-do-brasil-e-da-copa-libertadores-e-vice-do-brasileiro-sao-metas-minimas-do-flamengo-para-2020\/#breadcrumb\"},\"inLanguage\":\"pt-BR\",\"potentialAction\":[{\"@type\":\"ReadAction\",\"target\":[\"https:\/\/www.gaveanews.com\/index.php\/2020\/02\/18\/semifinais-da-copa-do-brasil-e-da-copa-libertadores-e-vice-do-brasileiro-sao-metas-minimas-do-flamengo-para-2020\/\"]}]},{\"@type\":\"ImageObject\",\"inLanguage\":\"pt-BR\",\"@id\":\"https:\/\/www.gaveanews.com\/index.php\/2020\/02\/18\/semifinais-da-copa-do-brasil-e-da-copa-libertadores-e-vice-do-brasileiro-sao-metas-minimas-do-flamengo-para-2020\/#primaryimage\",\"url\":\"https:\/\/www.gaveanews.com\/wp-content\/uploads\/2019\/03\/Taca-da-Copa-Libertadores-da-America.webp\",\"contentUrl\":\"https:\/\/www.gaveanews.com\/wp-content\/uploads\/2019\/03\/Taca-da-Copa-Libertadores-da-America.webp\",\"caption\":\"Ta\u00e7a da Copa Libertadores da Am\u00e9rica (Foto: Divulga\u00e7\u00e3o\/Conmebol)\"},{\"@type\":\"BreadcrumbList\",\"@id\":\"https:\/\/www.gaveanews.com\/index.php\/2020\/02\/18\/semifinais-da-copa-do-brasil-e-da-copa-libertadores-e-vice-do-brasileiro-sao-metas-minimas-do-flamengo-para-2020\/#breadcrumb\",\"itemListElement\":[{\"@type\":\"ListItem\",\"position\":1,\"name\":\"Home\",\"item\":\"https:\/\/www.gaveanews.com\/\"},{\"@type\":\"ListItem\",\"position\":2,\"name\":\"Semifinais da Copa do Brasil e da Copa Libertadores e vice do Campeonato Brasileiro s\u00e3o metas m\u00ednimas do Flamengo para 2020\"}]},{\"@type\":\"WebSite\",\"@id\":\"https:\/\/www.gaveanews.com\/#website\",\"url\":\"https:\/\/www.gaveanews.com\/\",\"name\":\"G\u00e1vea News\",\"description\":\"Veja todas as not\u00edcias sobre o Flamengo: Contrata\u00e7\u00f5es, categorias de base, resultados das partidas, tabela de classifica\u00e7\u00e3o, pr\u00f3ximos jogos!\",\"potentialAction\":[{\"@type\":\"SearchAction\",\"target\":{\"@type\":\"EntryPoint\",\"urlTemplate\":\"https:\/\/www.gaveanews.com\/?s={search_term_string}\"},\"query-input\":{\"@type\":\"PropertyValueSpecification\",\"valueRequired\":true,\"valueName\":\"search_term_string\"}}],\"inLanguage\":\"pt-BR\"},{\"@type\":\"Person\",\"@id\":\"https:\/\/www.gaveanews.com\/#\/schema\/person\/2ec14f73fb96be2caf28f91afb14749d\",\"name\":\"Equipe G\u00e1vea News\",\"image\":{\"@type\":\"ImageObject\",\"inLanguage\":\"pt-BR\",\"@id\":\"https:\/\/www.gaveanews.com\/#\/schema\/person\/image\/\",\"url\":\"https:\/\/secure.gravatar.com\/avatar\/1e1956f1facbffd3f8fa53a326721950116b3b9dc9bd44939c01180fd4a745a9?s=96&d=mm&r=g\",\"contentUrl\":\"https:\/\/secure.gravatar.com\/avatar\/1e1956f1facbffd3f8fa53a326721950116b3b9dc9bd44939c01180fd4a745a9?s=96&d=mm&r=g\",\"caption\":\"Equipe G\u00e1vea News\"}}]}<\/script>\n<!-- \/ Yoast SEO Premium plugin. -->","yoast_head_json":{"title":"Semifinais da Copa do Brasil e da Copa Libertadores e vice do Campeonato Brasileiro s\u00e3o metas m\u00ednimas do Flamengo para 2020","robots":{"index":"index","follow":"follow","max-snippet":"max-snippet:-1","max-image-preview":"max-image-preview:large","max-video-preview":"max-video-preview:-1"},"canonical":"https:\/\/www.gaveanews.com\/index.php\/2020\/02\/18\/semifinais-da-copa-do-brasil-e-da-copa-libertadores-e-vice-do-brasileiro-sao-metas-minimas-do-flamengo-para-2020\/","og_locale":"pt_BR","og_type":"article","og_title":"Semifinais da Copa do Brasil e da Copa Libertadores e vice do Campeonato Brasileiro s\u00e3o metas m\u00ednimas do Flamengo para 2020","og_description":"O Flamengo j\u00e1 ergueu uma das nove ta\u00e7as poss\u00edveis para o ano de 2020 \u2014 a da Supercopa do Brasil. O mantra no departamento de futebol \u00e9 ir em busca de mais oito, e superar as conquistas de 2019, quando o clube ganhou Estadual, Brasileiro e Libertadores. No entanto, o clube trabalha com os p\u00e9s [&hellip;]","og_url":"https:\/\/www.gaveanews.com\/index.php\/2020\/02\/18\/semifinais-da-copa-do-brasil-e-da-copa-libertadores-e-vice-do-brasileiro-sao-metas-minimas-do-flamengo-para-2020\/","og_site_name":"G\u00e1vea News","article_publisher":"https:\/\/facebook.com\/gaveaNews\/","article_published_time":"2020-02-18T12:09:34+00:00","article_modified_time":"2020-02-18T12:09:45+00:00","og_image":[{"url":"https:\/\/www.gaveanews.com\/wp-content\/uploads\/2019\/03\/Taca-da-Copa-Libertadores-da-America.webp","width":1,"height":1,"type":"image\/jpeg"}],"author":"Equipe G\u00e1vea News","twitter_card":"summary_large_image","twitter_misc":{"Escrito por":"Equipe G\u00e1vea News","Est. tempo de leitura":"3 minutos"},"schema":{"@context":"https:\/\/schema.org","@graph":[{"@type":"NewsArticle","@id":"https:\/\/www.gaveanews.com\/index.php\/2020\/02\/18\/semifinais-da-copa-do-brasil-e-da-copa-libertadores-e-vice-do-brasileiro-sao-metas-minimas-do-flamengo-para-2020\/#article","isPartOf":{"@id":"https:\/\/www.gaveanews.com\/index.php\/2020\/02\/18\/semifinais-da-copa-do-brasil-e-da-copa-libertadores-e-vice-do-brasileiro-sao-metas-minimas-do-flamengo-para-2020\/"},"author":{"name":"Equipe G\u00e1vea News","@id":"https:\/\/www.gaveanews.com\/#\/schema\/person\/2ec14f73fb96be2caf28f91afb14749d"},"headline":"Semifinais da Copa do Brasil e da Copa Libertadores e vice do Campeonato Brasileiro s\u00e3o metas m\u00ednimas do Flamengo para 2020","datePublished":"2020-02-18T12:09:34+00:00","dateModified":"2020-02-18T12:09:45+00:00","mainEntityOfPage":{"@id":"https:\/\/www.gaveanews.com\/index.php\/2020\/02\/18\/semifinais-da-copa-do-brasil-e-da-copa-libertadores-e-vice-do-brasileiro-sao-metas-minimas-do-flamengo-para-2020\/"},"wordCount":686,"commentCount":17,"image":{"@id":"https:\/\/www.gaveanews.com\/index.php\/2020\/02\/18\/semifinais-da-copa-do-brasil-e-da-copa-libertadores-e-vice-do-brasileiro-sao-metas-minimas-do-flamengo-para-2020\/#primaryimage"},"thumbnailUrl":"https:\/\/www.gaveanews.com\/wp-content\/uploads\/2019\/03\/Taca-da-Copa-Libertadores-da-America.webp","articleSection":["Flamengo"],"inLanguage":"pt-BR","potentialAction":[{"@type":"CommentAction","name":"Comment","target":["https:\/\/www.gaveanews.com\/index.php\/2020\/02\/18\/semifinais-da-copa-do-brasil-e-da-copa-libertadores-e-vice-do-brasileiro-sao-metas-minimas-do-flamengo-para-2020\/#respond"]}],"copyrightYear":"2020","copyrightHolder":{"@id":"https:\/\/www.gaveanews.com\/#organization"}},{"@type":"WebPage","@id":"https:\/\/www.gaveanews.com\/index.php\/2020\/02\/18\/semifinais-da-copa-do-brasil-e-da-copa-libertadores-e-vice-do-brasileiro-sao-metas-minimas-do-flamengo-para-2020\/","url":"https:\/\/www.gaveanews.com\/index.php\/2020\/02\/18\/semifinais-da-copa-do-brasil-e-da-copa-libertadores-e-vice-do-brasileiro-sao-metas-minimas-do-flamengo-para-2020\/","name":"Semifinais da Copa do Brasil e da Copa Libertadores e vice do Campeonato Brasileiro s\u00e3o metas m\u00ednimas do Flamengo para 2020","isPartOf":{"@id":"https:\/\/www.gaveanews.com\/#website"},"primaryImageOfPage":{"@id":"https:\/\/www.gaveanews.com\/index.php\/2020\/02\/18\/semifinais-da-copa-do-brasil-e-da-copa-libertadores-e-vice-do-brasileiro-sao-metas-minimas-do-flamengo-para-2020\/#primaryimage"},"image":{"@id":"https:\/\/www.gaveanews.com\/index.php\/2020\/02\/18\/semifinais-da-copa-do-brasil-e-da-copa-libertadores-e-vice-do-brasileiro-sao-metas-minimas-do-flamengo-para-2020\/#primaryimage"},"thumbnailUrl":"https:\/\/www.gaveanews.com\/wp-content\/uploads\/2019\/03\/Taca-da-Copa-Libertadores-da-America.webp","datePublished":"2020-02-18T12:09:34+00:00","dateModified":"2020-02-18T12:09:45+00:00","author":{"@id":"https:\/\/www.gaveanews.com\/#\/schema\/person\/2ec14f73fb96be2caf28f91afb14749d"},"breadcrumb":{"@id":"https:\/\/www.gaveanews.com\/index.php\/2020\/02\/18\/semifinais-da-copa-do-brasil-e-da-copa-libertadores-e-vice-do-brasileiro-sao-metas-minimas-do-flamengo-para-2020\/#breadcrumb"},"inLanguage":"pt-BR","potentialAction":[{"@type":"ReadAction","target":["https:\/\/www.gaveanews.com\/index.php\/2020\/02\/18\/semifinais-da-copa-do-brasil-e-da-copa-libertadores-e-vice-do-brasileiro-sao-metas-minimas-do-flamengo-para-2020\/"]}]},{"@type":"ImageObject","inLanguage":"pt-BR","@id":"https:\/\/www.gaveanews.com\/index.php\/2020\/02\/18\/semifinais-da-copa-do-brasil-e-da-copa-libertadores-e-vice-do-brasileiro-sao-metas-minimas-do-flamengo-para-2020\/#primaryimage","url":"https:\/\/www.gaveanews.com\/wp-content\/uploads\/2019\/03\/Taca-da-Copa-Libertadores-da-America.webp","contentUrl":"https:\/\/www.gaveanews.com\/wp-content\/uploads\/2019\/03\/Taca-da-Copa-Libertadores-da-America.webp","caption":"Ta\u00e7a da Copa Libertadores da Am\u00e9rica (Foto: Divulga\u00e7\u00e3o\/Conmebol)"},{"@type":"BreadcrumbList","@id":"https:\/\/www.gaveanews.com\/index.php\/2020\/02\/18\/semifinais-da-copa-do-brasil-e-da-copa-libertadores-e-vice-do-brasileiro-sao-metas-minimas-do-flamengo-para-2020\/#breadcrumb","itemListElement":[{"@type":"ListItem","position":1,"name":"Home","item":"https:\/\/www.gaveanews.com\/"},{"@type":"ListItem","position":2,"name":"Semifinais da Copa do Brasil e da Copa Libertadores e vice do Campeonato Brasileiro s\u00e3o metas m\u00ednimas do Flamengo para 2020"}]},{"@type":"WebSite","@id":"https:\/\/www.gaveanews.com\/#website","url":"https:\/\/www.gaveanews.com\/","name":"G\u00e1vea News","description":"Veja todas as not\u00edcias sobre o Flamengo: Contrata\u00e7\u00f5es, categorias de base, resultados das partidas, tabela de classifica\u00e7\u00e3o, pr\u00f3ximos jogos!","potentialAction":[{"@type":"SearchAction","target":{"@type":"EntryPoint","urlTemplate":"https:\/\/www.gaveanews.com\/?s={search_term_string}"},"query-input":{"@type":"PropertyValueSpecification","valueRequired":true,"valueName":"search_term_string"}}],"inLanguage":"pt-BR"},{"@type":"Person","@id":"https:\/\/www.gaveanews.com\/#\/schema\/person\/2ec14f73fb96be2caf28f91afb14749d","name":"Equipe G\u00e1vea News","image":{"@type":"ImageObject","inLanguage":"pt-BR","@id":"https:\/\/www.gaveanews.com\/#\/schema\/person\/image\/","url":"https:\/\/secure.gravatar.com\/avatar\/1e1956f1facbffd3f8fa53a326721950116b3b9dc9bd44939c01180fd4a745a9?s=96&d=mm&r=g","contentUrl":"https:\/\/secure.gravatar.com\/avatar\/1e1956f1facbffd3f8fa53a326721950116b3b9dc9bd44939c01180fd4a745a9?s=96&d=mm&r=g","caption":"Equipe G\u00e1vea News"}}]}},"_links":{"self":[{"href":"https:\/\/www.gaveanews.com\/index.php\/wp-json\/wp\/v2\/posts\/37154","targetHints":{"allow":["GET"]}}],"collection":[{"href":"https:\/\/www.gaveanews.com\/index.php\/wp-json\/wp\/v2\/posts"}],"about":[{"href":"https:\/\/www.gaveanews.com\/index.php\/wp-json\/wp\/v2\/types\/post"}],"author":[{"embeddable":true,"href":"https:\/\/www.gaveanews.com\/index.php\/wp-json\/wp\/v2\/users\/1"}],"replies":[{"embeddable":true,"href":"https:\/\/www.gaveanews.com\/index.php\/wp-json\/wp\/v2\/comments?post=37154"}],"version-history":[{"count":0,"href":"https:\/\/www.gaveanews.com\/index.php\/wp-json\/wp\/v2\/posts\/37154\/revisions"}],"wp:featuredmedia":[{"embeddable":true,"href":"https:\/\/www.gaveanews.com\/index.php\/wp-json\/wp\/v2\/media\/14851"}],"wp:attachment":[{"href":"https:\/\/www.gaveanews.com\/index.php\/wp-json\/wp\/v2\/media?parent=37154"}],"wp:term":[{"taxonomy":"category","embeddable":true,"href":"https:\/\/www.gaveanews.com\/index.php\/wp-json\/wp\/v2\/categories?post=37154"},{"taxonomy":"post_tag","embeddable":true,"href":"https:\/\/www.gaveanews.com\/index.php\/wp-json\/wp\/v2\/tags?post=37154"}],"curies":[{"name":"wp","href":"https:\/\/api.w.org\/{rel}","templated":true}]}}