{"id":37165,"date":"2020-02-18T13:34:15","date_gmt":"2020-02-18T16:34:15","guid":{"rendered":"http:\/\/www.gaveanews.com\/?p=37165"},"modified":"2020-02-18T13:34:16","modified_gmt":"2020-02-18T16:34:16","slug":"de-arrascaeta-minimiza-altitude-e-garante-vamos-estar-preparados-fisicamente","status":"publish","type":"post","link":"https:\/\/www.gaveanews.com\/index.php\/2020\/02\/18\/de-arrascaeta-minimiza-altitude-e-garante-vamos-estar-preparados-fisicamente\/","title":{"rendered":"De Arrascaeta minimiza altitude e garante: &#8220;Vamos estar preparados fisicamente&#8221;"},"content":{"rendered":"\n<p>Pauta principal antes do jogo do Flamengo contra o Independiente del Valle, em Quito, pela Recopa Sul-Americana, a altitude n\u00e3o assusta Arrascaeta. O meia rubro-negro mostrou confian\u00e7a na prepara\u00e7\u00e3o da comiss\u00e3o t\u00e9cnica e afirmou que o time estar\u00e1 preparado fisicamente para a partida desta quarta-feira.<\/p>\n\n\n\n<p>\u2014 J\u00e1 sabemos das caracter\u00edsticas do jogo que vamos ter aqui. Vamos estar preparados fisicamente. Ser\u00e1 um jogo muito intenso, din\u00e2mico. Tivemos um desgaste grande na Supercopa, uma viagem desgastante, e precisamos descansar bem. Ser\u00e1 um partida dif\u00edcil contra um time muito intenso &#8211; afirmou Arrascaeta.<\/p>\n\n\n\n<p>O meia uruguaio tamb\u00e9m garantiu que o Flamengo n\u00e3o vai mudar seu estilo de jogo por causa da altitude. Quito, a capital do Equador, fica a 2.850 metros do n\u00edvel do mar. Curiosamente, Arrascaeta foi um dos jogadores que mais sentiram a diferen\u00e7a nos jogos em altitude em 2019: foi substitu\u00eddo no intervalo contra o San Jos\u00e9, em Oruro, e no segundo tempo contra a LDU, em Quito.<\/p>\n\n\n\n<p>\u2014 Quando entramos no campo de jogo, respeitamos muitos os advers\u00e1rios. Temos a nossa caracter\u00edstica e vamos manter. A cada vez mais vamos ser mais fortes e melhores. A humildade que temos tamb\u00e9m \u00e9 uma caracter\u00edstica e vamos seguir por esse caminho.<\/p>\n\n\n\n<p>O Flamengo enfrenta o Independiente del Valle \u00e0s 22h30 (de Bras\u00edlia) nesta quarta-feira, no est\u00e1dio Atahualpa, em Quito. Este \u00e9 o jogo de ida da final da Recopa Sul-Americana. A partida de ida acontece na quarta da pr\u00f3xima semana, no Maracan\u00e3.<\/p>\n\n\n\n<h2 class=\"wp-block-heading\">Confira outros t\u00f3picos da coletiva de Arrascaeta:<\/h2>\n\n\n\n<h3 class=\"wp-block-heading\"><strong>Aus\u00eancia de Gabigol<\/strong><\/h3>\n\n\n\n<p>\u2014 Gabriel \u00e9 um jogador importante, nosso goleador, um dos baluartes do nosso elenco. Esperamos que quem entrar possa substitu\u00ed-lo bem. Gabriel \u00e9 um cara que se movimenta muito, busca muito o passe, e quem entrar tem que estar preparado. Ser\u00e1 um jogo muito decisivo.<\/p>\n\n\n\n<h3 class=\"wp-block-heading\"><strong>An\u00e1lise do Del Valle<\/strong><\/h3>\n\n\n\n<p>\u2014 Del Valle \u00e9 uma equipe complicada, tem resultados bons contra grandes equipes argentinas, bons resultados. E temos que ter muito respeito.<\/p>\n\n\n\n<p>Retirado de: Globo Esporte<\/p>\n","protected":false},"excerpt":{"rendered":"<p>Pauta principal antes do jogo do Flamengo contra o Independiente del Valle, em Quito, pela Recopa Sul-Americana, a altitude n\u00e3o assusta Arrascaeta. O meia rubro-negro mostrou confian\u00e7a na prepara\u00e7\u00e3o da comiss\u00e3o t\u00e9cnica e afirmou que o time estar\u00e1 preparado fisicamente para a partida desta quarta-feira. \u2014 J\u00e1 sabemos das caracter\u00edsticas do jogo que vamos ter [&hellip;]<\/p>\n","protected":false},"author":1,"featured_media":28935,"comment_status":"open","ping_status":"closed","sticky":false,"template":"","format":"standard","meta":{"footnotes":""},"categories":[1],"tags":[],"class_list":["post-37165","post","type-post","status-publish","format-standard","has-post-thumbnail","hentry","category-flamengo"],"yoast_head":"<!-- This site is optimized with the Yoast SEO Premium plugin v24.2 (Yoast SEO v26.9) - https:\/\/yoast.com\/product\/yoast-seo-premium-wordpress\/ -->\n<title>De Arrascaeta minimiza altitude e garante: &quot;Vamos estar preparados fisicamente&quot;<\/title>\n<meta name=\"robots\" content=\"index, follow, max-snippet:-1, max-image-preview:large, max-video-preview:-1\" \/>\n<link rel=\"canonical\" href=\"https:\/\/www.gaveanews.com\/index.php\/2020\/02\/18\/de-arrascaeta-minimiza-altitude-e-garante-vamos-estar-preparados-fisicamente\/\" \/>\n<meta property=\"og:locale\" content=\"pt_BR\" \/>\n<meta property=\"og:type\" content=\"article\" \/>\n<meta property=\"og:title\" content=\"De Arrascaeta minimiza altitude e garante: &quot;Vamos estar preparados fisicamente&quot;\" \/>\n<meta property=\"og:description\" content=\"Pauta principal antes do jogo do Flamengo contra o Independiente del Valle, em Quito, pela Recopa Sul-Americana, a altitude n\u00e3o assusta Arrascaeta. O meia rubro-negro mostrou confian\u00e7a na prepara\u00e7\u00e3o da comiss\u00e3o t\u00e9cnica e afirmou que o time estar\u00e1 preparado fisicamente para a partida desta quarta-feira. \u2014 J\u00e1 sabemos das caracter\u00edsticas do jogo que vamos ter [&hellip;]\" \/>\n<meta property=\"og:url\" content=\"https:\/\/www.gaveanews.com\/index.php\/2020\/02\/18\/de-arrascaeta-minimiza-altitude-e-garante-vamos-estar-preparados-fisicamente\/\" \/>\n<meta property=\"og:site_name\" content=\"G\u00e1vea News\" \/>\n<meta property=\"article:publisher\" content=\"https:\/\/facebook.com\/gaveaNews\/\" \/>\n<meta property=\"article:published_time\" content=\"2020-02-18T16:34:15+00:00\" \/>\n<meta property=\"article:modified_time\" content=\"2020-02-18T16:34:16+00:00\" \/>\n<meta property=\"og:image\" content=\"https:\/\/www.gaveanews.com\/wp-content\/uploads\/Meia-Arrascaeta-em-acao-pelo-Flamengo.webp\" \/>\n\t<meta property=\"og:image:width\" content=\"1\" \/>\n\t<meta property=\"og:image:height\" content=\"1\" \/>\n\t<meta property=\"og:image:type\" content=\"image\/jpeg\" \/>\n<meta name=\"author\" content=\"Equipe G\u00e1vea News\" \/>\n<meta name=\"twitter:card\" content=\"summary_large_image\" \/>\n<meta name=\"twitter:label1\" content=\"Escrito por\" \/>\n\t<meta name=\"twitter:data1\" content=\"Equipe G\u00e1vea News\" \/>\n\t<meta name=\"twitter:label2\" content=\"Est. tempo de leitura\" \/>\n\t<meta name=\"twitter:data2\" content=\"2 minutos\" \/>\n<script type=\"application\/ld+json\" class=\"yoast-schema-graph\">{\"@context\":\"https:\/\/schema.org\",\"@graph\":[{\"@type\":\"NewsArticle\",\"@id\":\"https:\/\/www.gaveanews.com\/index.php\/2020\/02\/18\/de-arrascaeta-minimiza-altitude-e-garante-vamos-estar-preparados-fisicamente\/#article\",\"isPartOf\":{\"@id\":\"https:\/\/www.gaveanews.com\/index.php\/2020\/02\/18\/de-arrascaeta-minimiza-altitude-e-garante-vamos-estar-preparados-fisicamente\/\"},\"author\":{\"name\":\"Equipe G\u00e1vea News\",\"@id\":\"https:\/\/www.gaveanews.com\/#\/schema\/person\/2ec14f73fb96be2caf28f91afb14749d\"},\"headline\":\"De Arrascaeta minimiza altitude e garante: &#8220;Vamos estar preparados fisicamente&#8221;\",\"datePublished\":\"2020-02-18T16:34:15+00:00\",\"dateModified\":\"2020-02-18T16:34:16+00:00\",\"mainEntityOfPage\":{\"@id\":\"https:\/\/www.gaveanews.com\/index.php\/2020\/02\/18\/de-arrascaeta-minimiza-altitude-e-garante-vamos-estar-preparados-fisicamente\/\"},\"wordCount\":350,\"commentCount\":0,\"image\":{\"@id\":\"https:\/\/www.gaveanews.com\/index.php\/2020\/02\/18\/de-arrascaeta-minimiza-altitude-e-garante-vamos-estar-preparados-fisicamente\/#primaryimage\"},\"thumbnailUrl\":\"https:\/\/www.gaveanews.com\/wp-content\/uploads\/Meia-Arrascaeta-em-acao-pelo-Flamengo.webp\",\"articleSection\":[\"Flamengo\"],\"inLanguage\":\"pt-BR\",\"potentialAction\":[{\"@type\":\"CommentAction\",\"name\":\"Comment\",\"target\":[\"https:\/\/www.gaveanews.com\/index.php\/2020\/02\/18\/de-arrascaeta-minimiza-altitude-e-garante-vamos-estar-preparados-fisicamente\/#respond\"]}],\"copyrightYear\":\"2020\",\"copyrightHolder\":{\"@id\":\"https:\/\/www.gaveanews.com\/#organization\"}},{\"@type\":\"WebPage\",\"@id\":\"https:\/\/www.gaveanews.com\/index.php\/2020\/02\/18\/de-arrascaeta-minimiza-altitude-e-garante-vamos-estar-preparados-fisicamente\/\",\"url\":\"https:\/\/www.gaveanews.com\/index.php\/2020\/02\/18\/de-arrascaeta-minimiza-altitude-e-garante-vamos-estar-preparados-fisicamente\/\",\"name\":\"De Arrascaeta minimiza altitude e garante: \\\"Vamos estar preparados fisicamente\\\"\",\"isPartOf\":{\"@id\":\"https:\/\/www.gaveanews.com\/#website\"},\"primaryImageOfPage\":{\"@id\":\"https:\/\/www.gaveanews.com\/index.php\/2020\/02\/18\/de-arrascaeta-minimiza-altitude-e-garante-vamos-estar-preparados-fisicamente\/#primaryimage\"},\"image\":{\"@id\":\"https:\/\/www.gaveanews.com\/index.php\/2020\/02\/18\/de-arrascaeta-minimiza-altitude-e-garante-vamos-estar-preparados-fisicamente\/#primaryimage\"},\"thumbnailUrl\":\"https:\/\/www.gaveanews.com\/wp-content\/uploads\/Meia-Arrascaeta-em-acao-pelo-Flamengo.webp\",\"datePublished\":\"2020-02-18T16:34:15+00:00\",\"dateModified\":\"2020-02-18T16:34:16+00:00\",\"author\":{\"@id\":\"https:\/\/www.gaveanews.com\/#\/schema\/person\/2ec14f73fb96be2caf28f91afb14749d\"},\"breadcrumb\":{\"@id\":\"https:\/\/www.gaveanews.com\/index.php\/2020\/02\/18\/de-arrascaeta-minimiza-altitude-e-garante-vamos-estar-preparados-fisicamente\/#breadcrumb\"},\"inLanguage\":\"pt-BR\",\"potentialAction\":[{\"@type\":\"ReadAction\",\"target\":[\"https:\/\/www.gaveanews.com\/index.php\/2020\/02\/18\/de-arrascaeta-minimiza-altitude-e-garante-vamos-estar-preparados-fisicamente\/\"]}]},{\"@type\":\"ImageObject\",\"inLanguage\":\"pt-BR\",\"@id\":\"https:\/\/www.gaveanews.com\/index.php\/2020\/02\/18\/de-arrascaeta-minimiza-altitude-e-garante-vamos-estar-preparados-fisicamente\/#primaryimage\",\"url\":\"https:\/\/www.gaveanews.com\/wp-content\/uploads\/Meia-Arrascaeta-em-acao-pelo-Flamengo.webp\",\"contentUrl\":\"https:\/\/www.gaveanews.com\/wp-content\/uploads\/Meia-Arrascaeta-em-acao-pelo-Flamengo.webp\",\"caption\":\"Meia Arrascaeta em a\u00e7\u00e3o pelo Flamengo (Foto: Alexandre Vidal\/Flamengo)\"},{\"@type\":\"BreadcrumbList\",\"@id\":\"https:\/\/www.gaveanews.com\/index.php\/2020\/02\/18\/de-arrascaeta-minimiza-altitude-e-garante-vamos-estar-preparados-fisicamente\/#breadcrumb\",\"itemListElement\":[{\"@type\":\"ListItem\",\"position\":1,\"name\":\"Home\",\"item\":\"https:\/\/www.gaveanews.com\/\"},{\"@type\":\"ListItem\",\"position\":2,\"name\":\"De Arrascaeta minimiza altitude e garante: &#8220;Vamos estar preparados fisicamente&#8221;\"}]},{\"@type\":\"WebSite\",\"@id\":\"https:\/\/www.gaveanews.com\/#website\",\"url\":\"https:\/\/www.gaveanews.com\/\",\"name\":\"G\u00e1vea News\",\"description\":\"Veja todas as not\u00edcias sobre o Flamengo: Contrata\u00e7\u00f5es, categorias de base, resultados das partidas, tabela de classifica\u00e7\u00e3o, pr\u00f3ximos jogos!\",\"potentialAction\":[{\"@type\":\"SearchAction\",\"target\":{\"@type\":\"EntryPoint\",\"urlTemplate\":\"https:\/\/www.gaveanews.com\/?s={search_term_string}\"},\"query-input\":{\"@type\":\"PropertyValueSpecification\",\"valueRequired\":true,\"valueName\":\"search_term_string\"}}],\"inLanguage\":\"pt-BR\"},{\"@type\":\"Person\",\"@id\":\"https:\/\/www.gaveanews.com\/#\/schema\/person\/2ec14f73fb96be2caf28f91afb14749d\",\"name\":\"Equipe G\u00e1vea News\",\"image\":{\"@type\":\"ImageObject\",\"inLanguage\":\"pt-BR\",\"@id\":\"https:\/\/www.gaveanews.com\/#\/schema\/person\/image\/\",\"url\":\"https:\/\/secure.gravatar.com\/avatar\/1e1956f1facbffd3f8fa53a326721950116b3b9dc9bd44939c01180fd4a745a9?s=96&d=mm&r=g\",\"contentUrl\":\"https:\/\/secure.gravatar.com\/avatar\/1e1956f1facbffd3f8fa53a326721950116b3b9dc9bd44939c01180fd4a745a9?s=96&d=mm&r=g\",\"caption\":\"Equipe G\u00e1vea News\"}}]}<\/script>\n<!-- \/ Yoast SEO Premium plugin. -->","yoast_head_json":{"title":"De Arrascaeta minimiza altitude e garante: \"Vamos estar preparados fisicamente\"","robots":{"index":"index","follow":"follow","max-snippet":"max-snippet:-1","max-image-preview":"max-image-preview:large","max-video-preview":"max-video-preview:-1"},"canonical":"https:\/\/www.gaveanews.com\/index.php\/2020\/02\/18\/de-arrascaeta-minimiza-altitude-e-garante-vamos-estar-preparados-fisicamente\/","og_locale":"pt_BR","og_type":"article","og_title":"De Arrascaeta minimiza altitude e garante: \"Vamos estar preparados fisicamente\"","og_description":"Pauta principal antes do jogo do Flamengo contra o Independiente del Valle, em Quito, pela Recopa Sul-Americana, a altitude n\u00e3o assusta Arrascaeta. O meia rubro-negro mostrou confian\u00e7a na prepara\u00e7\u00e3o da comiss\u00e3o t\u00e9cnica e afirmou que o time estar\u00e1 preparado fisicamente para a partida desta quarta-feira. \u2014 J\u00e1 sabemos das caracter\u00edsticas do jogo que vamos ter [&hellip;]","og_url":"https:\/\/www.gaveanews.com\/index.php\/2020\/02\/18\/de-arrascaeta-minimiza-altitude-e-garante-vamos-estar-preparados-fisicamente\/","og_site_name":"G\u00e1vea News","article_publisher":"https:\/\/facebook.com\/gaveaNews\/","article_published_time":"2020-02-18T16:34:15+00:00","article_modified_time":"2020-02-18T16:34:16+00:00","og_image":[{"url":"https:\/\/www.gaveanews.com\/wp-content\/uploads\/Meia-Arrascaeta-em-acao-pelo-Flamengo.webp","width":1,"height":1,"type":"image\/jpeg"}],"author":"Equipe G\u00e1vea News","twitter_card":"summary_large_image","twitter_misc":{"Escrito por":"Equipe G\u00e1vea News","Est. tempo de leitura":"2 minutos"},"schema":{"@context":"https:\/\/schema.org","@graph":[{"@type":"NewsArticle","@id":"https:\/\/www.gaveanews.com\/index.php\/2020\/02\/18\/de-arrascaeta-minimiza-altitude-e-garante-vamos-estar-preparados-fisicamente\/#article","isPartOf":{"@id":"https:\/\/www.gaveanews.com\/index.php\/2020\/02\/18\/de-arrascaeta-minimiza-altitude-e-garante-vamos-estar-preparados-fisicamente\/"},"author":{"name":"Equipe G\u00e1vea News","@id":"https:\/\/www.gaveanews.com\/#\/schema\/person\/2ec14f73fb96be2caf28f91afb14749d"},"headline":"De Arrascaeta minimiza altitude e garante: &#8220;Vamos estar preparados fisicamente&#8221;","datePublished":"2020-02-18T16:34:15+00:00","dateModified":"2020-02-18T16:34:16+00:00","mainEntityOfPage":{"@id":"https:\/\/www.gaveanews.com\/index.php\/2020\/02\/18\/de-arrascaeta-minimiza-altitude-e-garante-vamos-estar-preparados-fisicamente\/"},"wordCount":350,"commentCount":0,"image":{"@id":"https:\/\/www.gaveanews.com\/index.php\/2020\/02\/18\/de-arrascaeta-minimiza-altitude-e-garante-vamos-estar-preparados-fisicamente\/#primaryimage"},"thumbnailUrl":"https:\/\/www.gaveanews.com\/wp-content\/uploads\/Meia-Arrascaeta-em-acao-pelo-Flamengo.webp","articleSection":["Flamengo"],"inLanguage":"pt-BR","potentialAction":[{"@type":"CommentAction","name":"Comment","target":["https:\/\/www.gaveanews.com\/index.php\/2020\/02\/18\/de-arrascaeta-minimiza-altitude-e-garante-vamos-estar-preparados-fisicamente\/#respond"]}],"copyrightYear":"2020","copyrightHolder":{"@id":"https:\/\/www.gaveanews.com\/#organization"}},{"@type":"WebPage","@id":"https:\/\/www.gaveanews.com\/index.php\/2020\/02\/18\/de-arrascaeta-minimiza-altitude-e-garante-vamos-estar-preparados-fisicamente\/","url":"https:\/\/www.gaveanews.com\/index.php\/2020\/02\/18\/de-arrascaeta-minimiza-altitude-e-garante-vamos-estar-preparados-fisicamente\/","name":"De Arrascaeta minimiza altitude e garante: \"Vamos estar preparados fisicamente\"","isPartOf":{"@id":"https:\/\/www.gaveanews.com\/#website"},"primaryImageOfPage":{"@id":"https:\/\/www.gaveanews.com\/index.php\/2020\/02\/18\/de-arrascaeta-minimiza-altitude-e-garante-vamos-estar-preparados-fisicamente\/#primaryimage"},"image":{"@id":"https:\/\/www.gaveanews.com\/index.php\/2020\/02\/18\/de-arrascaeta-minimiza-altitude-e-garante-vamos-estar-preparados-fisicamente\/#primaryimage"},"thumbnailUrl":"https:\/\/www.gaveanews.com\/wp-content\/uploads\/Meia-Arrascaeta-em-acao-pelo-Flamengo.webp","datePublished":"2020-02-18T16:34:15+00:00","dateModified":"2020-02-18T16:34:16+00:00","author":{"@id":"https:\/\/www.gaveanews.com\/#\/schema\/person\/2ec14f73fb96be2caf28f91afb14749d"},"breadcrumb":{"@id":"https:\/\/www.gaveanews.com\/index.php\/2020\/02\/18\/de-arrascaeta-minimiza-altitude-e-garante-vamos-estar-preparados-fisicamente\/#breadcrumb"},"inLanguage":"pt-BR","potentialAction":[{"@type":"ReadAction","target":["https:\/\/www.gaveanews.com\/index.php\/2020\/02\/18\/de-arrascaeta-minimiza-altitude-e-garante-vamos-estar-preparados-fisicamente\/"]}]},{"@type":"ImageObject","inLanguage":"pt-BR","@id":"https:\/\/www.gaveanews.com\/index.php\/2020\/02\/18\/de-arrascaeta-minimiza-altitude-e-garante-vamos-estar-preparados-fisicamente\/#primaryimage","url":"https:\/\/www.gaveanews.com\/wp-content\/uploads\/Meia-Arrascaeta-em-acao-pelo-Flamengo.webp","contentUrl":"https:\/\/www.gaveanews.com\/wp-content\/uploads\/Meia-Arrascaeta-em-acao-pelo-Flamengo.webp","caption":"Meia Arrascaeta em a\u00e7\u00e3o pelo Flamengo (Foto: Alexandre Vidal\/Flamengo)"},{"@type":"BreadcrumbList","@id":"https:\/\/www.gaveanews.com\/index.php\/2020\/02\/18\/de-arrascaeta-minimiza-altitude-e-garante-vamos-estar-preparados-fisicamente\/#breadcrumb","itemListElement":[{"@type":"ListItem","position":1,"name":"Home","item":"https:\/\/www.gaveanews.com\/"},{"@type":"ListItem","position":2,"name":"De Arrascaeta minimiza altitude e garante: &#8220;Vamos estar preparados fisicamente&#8221;"}]},{"@type":"WebSite","@id":"https:\/\/www.gaveanews.com\/#website","url":"https:\/\/www.gaveanews.com\/","name":"G\u00e1vea News","description":"Veja todas as not\u00edcias sobre o Flamengo: Contrata\u00e7\u00f5es, categorias de base, resultados das partidas, tabela de classifica\u00e7\u00e3o, pr\u00f3ximos jogos!","potentialAction":[{"@type":"SearchAction","target":{"@type":"EntryPoint","urlTemplate":"https:\/\/www.gaveanews.com\/?s={search_term_string}"},"query-input":{"@type":"PropertyValueSpecification","valueRequired":true,"valueName":"search_term_string"}}],"inLanguage":"pt-BR"},{"@type":"Person","@id":"https:\/\/www.gaveanews.com\/#\/schema\/person\/2ec14f73fb96be2caf28f91afb14749d","name":"Equipe G\u00e1vea News","image":{"@type":"ImageObject","inLanguage":"pt-BR","@id":"https:\/\/www.gaveanews.com\/#\/schema\/person\/image\/","url":"https:\/\/secure.gravatar.com\/avatar\/1e1956f1facbffd3f8fa53a326721950116b3b9dc9bd44939c01180fd4a745a9?s=96&d=mm&r=g","contentUrl":"https:\/\/secure.gravatar.com\/avatar\/1e1956f1facbffd3f8fa53a326721950116b3b9dc9bd44939c01180fd4a745a9?s=96&d=mm&r=g","caption":"Equipe G\u00e1vea News"}}]}},"_links":{"self":[{"href":"https:\/\/www.gaveanews.com\/index.php\/wp-json\/wp\/v2\/posts\/37165","targetHints":{"allow":["GET"]}}],"collection":[{"href":"https:\/\/www.gaveanews.com\/index.php\/wp-json\/wp\/v2\/posts"}],"about":[{"href":"https:\/\/www.gaveanews.com\/index.php\/wp-json\/wp\/v2\/types\/post"}],"author":[{"embeddable":true,"href":"https:\/\/www.gaveanews.com\/index.php\/wp-json\/wp\/v2\/users\/1"}],"replies":[{"embeddable":true,"href":"https:\/\/www.gaveanews.com\/index.php\/wp-json\/wp\/v2\/comments?post=37165"}],"version-history":[{"count":0,"href":"https:\/\/www.gaveanews.com\/index.php\/wp-json\/wp\/v2\/posts\/37165\/revisions"}],"wp:featuredmedia":[{"embeddable":true,"href":"https:\/\/www.gaveanews.com\/index.php\/wp-json\/wp\/v2\/media\/28935"}],"wp:attachment":[{"href":"https:\/\/www.gaveanews.com\/index.php\/wp-json\/wp\/v2\/media?parent=37165"}],"wp:term":[{"taxonomy":"category","embeddable":true,"href":"https:\/\/www.gaveanews.com\/index.php\/wp-json\/wp\/v2\/categories?post=37165"},{"taxonomy":"post_tag","embeddable":true,"href":"https:\/\/www.gaveanews.com\/index.php\/wp-json\/wp\/v2\/tags?post=37165"}],"curies":[{"name":"wp","href":"https:\/\/api.w.org\/{rel}","templated":true}]}}