{"id":37182,"date":"2020-02-18T19:47:00","date_gmt":"2020-02-18T22:47:00","guid":{"rendered":"https:\/\/www.gaveanews.com\/?p=37182"},"modified":"2020-02-18T19:47:02","modified_gmt":"2020-02-18T22:47:02","slug":"flamengo-pode-alcancar-marca-que-so-santos-de-pele-e-sao-paulo-de-tele-conseguiram-no-brasil","status":"publish","type":"post","link":"https:\/\/www.gaveanews.com\/index.php\/2020\/02\/18\/flamengo-pode-alcancar-marca-que-so-santos-de-pele-e-sao-paulo-de-tele-conseguiram-no-brasil\/","title":{"rendered":"Flamengo pode alcan\u00e7ar marca que s\u00f3 Santos de Pel\u00e9 e S\u00e3o Paulo de Tel\u00ea conseguiram no Brasil"},"content":{"rendered":"\n<p>O Flamengo come\u00e7ou 2020 da mesma maneira que terminou 2019: Campe\u00e3o. J\u00e1 classificado para a final da Ta\u00e7a Guanabara, o rubro-negro \u00e9 o grande favorito ao t\u00edtulo estadual, j\u00e1 conquistou a Supercopa e ainda esse m\u00eas decidir\u00e1 a Recopa Sul-Americana.<\/p>\n\n\n\n<p>Na quarta-feira, a equipe entra em campo no Equador, onde enfrenta o Independiente Del Valle, pelo primeiro jogo da final da Recopa Sul-Americana. O jogo de volta ser\u00e1 no pr\u00f3ximo dia 26, no Maracan\u00e3. Em caso de conquista, ser\u00e1 o segundo trof\u00e9u em menos de dois meses.<\/p>\n\n\n\n<p>Ao se consolidar campe\u00e3o, o Flamengo vai tornar bem mais real a possibilidade de repetir um feito que s\u00f3 o Santos de Pel\u00e9 e o S\u00e3o Paulo de Tel\u00ea Santana conseguiram.<\/p>\n\n\n\n<p>A meta ser alcan\u00e7ada pela equipe de Jorge Jesus \u00e9 a de quatro t\u00edtulos. Al\u00e9m do Campeonato Carioca e da Recopa, o Flamengo disputar\u00e1 tamb\u00e9m a Libertadores, a Copa do Brasil e o Campeonato Brasileiro. E ainda existe a possibilidade do retorno ao Mundial de Clubes.<\/p>\n\n\n\n<p>O Santos em 1963, conquistou:  a Ta\u00e7a Brasil, o Rio-S\u00e3o Paulo, a Libertadores e o Mundial. Em 1968, o mesmo Santos ergueu o Campeonato Paulista, a Recopa Intercontinental, a Supercopa Sul-Americana e o Robert\u00e3o, al\u00e9m de tr\u00eas torneios amistosos.<\/p>\n\n\n\n<p>Em 1993, foi a vez do S\u00e3o Paulo igualar o feito e conquistar a Libertadores, o Mundial, a Recopa Sul-Americana e a Supercopa Sul-Americana, e ainda mais seis torneios disputados de forma amistosa.<\/p>\n\n\n\n<p>Em 2019, as conquistas do Campeonato Carioca, Campeonato Brasileiro e Libertadores, fizeram o Flamengo alcan\u00e7ar seu pr\u00f3prio feito, ocorrido em 1981.<\/p>\n\n\n\n<p>J\u00e1 campe\u00e3o da Supercopa, o rubro-negro depende da conquista de mais tr\u00eas ta\u00e7as para se igualar aos hist\u00f3ricos Santos e S\u00e3o Paulo e confirmar seu momento de supremacia no futebol nacional.<\/p>\n\n\n\n<p>Retirado de: Torcedores<\/p>\n","protected":false},"excerpt":{"rendered":"<p>O Flamengo come\u00e7ou 2020 da mesma maneira que terminou 2019: Campe\u00e3o. J\u00e1 classificado para a final da Ta\u00e7a Guanabara, o rubro-negro \u00e9 o grande favorito ao t\u00edtulo estadual, j\u00e1 conquistou a Supercopa e ainda esse m\u00eas decidir\u00e1 a Recopa Sul-Americana. Na quarta-feira, a equipe entra em campo no Equador, onde enfrenta o Independiente Del Valle, [&hellip;]<\/p>\n","protected":false},"author":1,"featured_media":15269,"comment_status":"open","ping_status":"closed","sticky":false,"template":"","format":"standard","meta":{"footnotes":""},"categories":[1],"tags":[],"class_list":["post-37182","post","type-post","status-publish","format-standard","has-post-thumbnail","hentry","category-flamengo"],"yoast_head":"<!-- This site is optimized with the Yoast SEO Premium plugin v24.2 (Yoast SEO v26.9) - https:\/\/yoast.com\/product\/yoast-seo-premium-wordpress\/ -->\n<title>Flamengo pode alcan\u00e7ar marca que s\u00f3 Santos de Pel\u00e9 e S\u00e3o Paulo de Tel\u00ea conseguiram no Brasil<\/title>\n<meta name=\"robots\" content=\"index, follow, max-snippet:-1, max-image-preview:large, max-video-preview:-1\" \/>\n<link rel=\"canonical\" href=\"https:\/\/www.gaveanews.com\/index.php\/2020\/02\/18\/flamengo-pode-alcancar-marca-que-so-santos-de-pele-e-sao-paulo-de-tele-conseguiram-no-brasil\/\" \/>\n<meta property=\"og:locale\" content=\"pt_BR\" \/>\n<meta property=\"og:type\" content=\"article\" \/>\n<meta property=\"og:title\" content=\"Flamengo pode alcan\u00e7ar marca que s\u00f3 Santos de Pel\u00e9 e S\u00e3o Paulo de Tel\u00ea conseguiram no Brasil\" \/>\n<meta property=\"og:description\" content=\"O Flamengo come\u00e7ou 2020 da mesma maneira que terminou 2019: Campe\u00e3o. J\u00e1 classificado para a final da Ta\u00e7a Guanabara, o rubro-negro \u00e9 o grande favorito ao t\u00edtulo estadual, j\u00e1 conquistou a Supercopa e ainda esse m\u00eas decidir\u00e1 a Recopa Sul-Americana. Na quarta-feira, a equipe entra em campo no Equador, onde enfrenta o Independiente Del Valle, [&hellip;]\" \/>\n<meta property=\"og:url\" content=\"https:\/\/www.gaveanews.com\/index.php\/2020\/02\/18\/flamengo-pode-alcancar-marca-que-so-santos-de-pele-e-sao-paulo-de-tele-conseguiram-no-brasil\/\" \/>\n<meta property=\"og:site_name\" content=\"G\u00e1vea News\" \/>\n<meta property=\"article:publisher\" content=\"https:\/\/facebook.com\/gaveaNews\/\" \/>\n<meta property=\"article:published_time\" content=\"2020-02-18T22:47:00+00:00\" \/>\n<meta property=\"article:modified_time\" content=\"2020-02-18T22:47:02+00:00\" \/>\n<meta property=\"og:image\" content=\"https:\/\/www.gaveanews.com\/wp-content\/uploads\/2018\/07\/Elenco-do-Flamengo-durante-treinamento-na-Gavea.webp\" \/>\n\t<meta property=\"og:image:width\" content=\"1\" \/>\n\t<meta property=\"og:image:height\" content=\"1\" \/>\n\t<meta property=\"og:image:type\" content=\"image\/jpeg\" \/>\n<meta name=\"author\" content=\"Equipe G\u00e1vea News\" \/>\n<meta name=\"twitter:card\" content=\"summary_large_image\" \/>\n<meta name=\"twitter:label1\" content=\"Escrito por\" \/>\n\t<meta name=\"twitter:data1\" content=\"Equipe G\u00e1vea News\" \/>\n\t<meta name=\"twitter:label2\" content=\"Est. tempo de leitura\" \/>\n\t<meta name=\"twitter:data2\" content=\"2 minutos\" \/>\n<script type=\"application\/ld+json\" class=\"yoast-schema-graph\">{\"@context\":\"https:\/\/schema.org\",\"@graph\":[{\"@type\":\"NewsArticle\",\"@id\":\"https:\/\/www.gaveanews.com\/index.php\/2020\/02\/18\/flamengo-pode-alcancar-marca-que-so-santos-de-pele-e-sao-paulo-de-tele-conseguiram-no-brasil\/#article\",\"isPartOf\":{\"@id\":\"https:\/\/www.gaveanews.com\/index.php\/2020\/02\/18\/flamengo-pode-alcancar-marca-que-so-santos-de-pele-e-sao-paulo-de-tele-conseguiram-no-brasil\/\"},\"author\":{\"name\":\"Equipe G\u00e1vea News\",\"@id\":\"https:\/\/www.gaveanews.com\/#\/schema\/person\/2ec14f73fb96be2caf28f91afb14749d\"},\"headline\":\"Flamengo pode alcan\u00e7ar marca que s\u00f3 Santos de Pel\u00e9 e S\u00e3o Paulo de Tel\u00ea conseguiram no Brasil\",\"datePublished\":\"2020-02-18T22:47:00+00:00\",\"dateModified\":\"2020-02-18T22:47:02+00:00\",\"mainEntityOfPage\":{\"@id\":\"https:\/\/www.gaveanews.com\/index.php\/2020\/02\/18\/flamengo-pode-alcancar-marca-que-so-santos-de-pele-e-sao-paulo-de-tele-conseguiram-no-brasil\/\"},\"wordCount\":326,\"commentCount\":35,\"image\":{\"@id\":\"https:\/\/www.gaveanews.com\/index.php\/2020\/02\/18\/flamengo-pode-alcancar-marca-que-so-santos-de-pele-e-sao-paulo-de-tele-conseguiram-no-brasil\/#primaryimage\"},\"thumbnailUrl\":\"https:\/\/www.gaveanews.com\/wp-content\/uploads\/2018\/07\/Elenco-do-Flamengo-durante-treinamento-na-Gavea.webp\",\"articleSection\":[\"Flamengo\"],\"inLanguage\":\"pt-BR\",\"potentialAction\":[{\"@type\":\"CommentAction\",\"name\":\"Comment\",\"target\":[\"https:\/\/www.gaveanews.com\/index.php\/2020\/02\/18\/flamengo-pode-alcancar-marca-que-so-santos-de-pele-e-sao-paulo-de-tele-conseguiram-no-brasil\/#respond\"]}],\"copyrightYear\":\"2020\",\"copyrightHolder\":{\"@id\":\"https:\/\/www.gaveanews.com\/#organization\"}},{\"@type\":\"WebPage\",\"@id\":\"https:\/\/www.gaveanews.com\/index.php\/2020\/02\/18\/flamengo-pode-alcancar-marca-que-so-santos-de-pele-e-sao-paulo-de-tele-conseguiram-no-brasil\/\",\"url\":\"https:\/\/www.gaveanews.com\/index.php\/2020\/02\/18\/flamengo-pode-alcancar-marca-que-so-santos-de-pele-e-sao-paulo-de-tele-conseguiram-no-brasil\/\",\"name\":\"Flamengo pode alcan\u00e7ar marca que s\u00f3 Santos de Pel\u00e9 e S\u00e3o Paulo de Tel\u00ea conseguiram no Brasil\",\"isPartOf\":{\"@id\":\"https:\/\/www.gaveanews.com\/#website\"},\"primaryImageOfPage\":{\"@id\":\"https:\/\/www.gaveanews.com\/index.php\/2020\/02\/18\/flamengo-pode-alcancar-marca-que-so-santos-de-pele-e-sao-paulo-de-tele-conseguiram-no-brasil\/#primaryimage\"},\"image\":{\"@id\":\"https:\/\/www.gaveanews.com\/index.php\/2020\/02\/18\/flamengo-pode-alcancar-marca-que-so-santos-de-pele-e-sao-paulo-de-tele-conseguiram-no-brasil\/#primaryimage\"},\"thumbnailUrl\":\"https:\/\/www.gaveanews.com\/wp-content\/uploads\/2018\/07\/Elenco-do-Flamengo-durante-treinamento-na-Gavea.webp\",\"datePublished\":\"2020-02-18T22:47:00+00:00\",\"dateModified\":\"2020-02-18T22:47:02+00:00\",\"author\":{\"@id\":\"https:\/\/www.gaveanews.com\/#\/schema\/person\/2ec14f73fb96be2caf28f91afb14749d\"},\"breadcrumb\":{\"@id\":\"https:\/\/www.gaveanews.com\/index.php\/2020\/02\/18\/flamengo-pode-alcancar-marca-que-so-santos-de-pele-e-sao-paulo-de-tele-conseguiram-no-brasil\/#breadcrumb\"},\"inLanguage\":\"pt-BR\",\"potentialAction\":[{\"@type\":\"ReadAction\",\"target\":[\"https:\/\/www.gaveanews.com\/index.php\/2020\/02\/18\/flamengo-pode-alcancar-marca-que-so-santos-de-pele-e-sao-paulo-de-tele-conseguiram-no-brasil\/\"]}]},{\"@type\":\"ImageObject\",\"inLanguage\":\"pt-BR\",\"@id\":\"https:\/\/www.gaveanews.com\/index.php\/2020\/02\/18\/flamengo-pode-alcancar-marca-que-so-santos-de-pele-e-sao-paulo-de-tele-conseguiram-no-brasil\/#primaryimage\",\"url\":\"https:\/\/www.gaveanews.com\/wp-content\/uploads\/2018\/07\/Elenco-do-Flamengo-durante-treinamento-na-Gavea.webp\",\"contentUrl\":\"https:\/\/www.gaveanews.com\/wp-content\/uploads\/2018\/07\/Elenco-do-Flamengo-durante-treinamento-na-Gavea.webp\",\"width\":900,\"height\":599,\"caption\":\"Elenco do Flamengo durante treinamento na G\u00e1vea (Foto: Alexandre Vidal\/Flamengo)\"},{\"@type\":\"BreadcrumbList\",\"@id\":\"https:\/\/www.gaveanews.com\/index.php\/2020\/02\/18\/flamengo-pode-alcancar-marca-que-so-santos-de-pele-e-sao-paulo-de-tele-conseguiram-no-brasil\/#breadcrumb\",\"itemListElement\":[{\"@type\":\"ListItem\",\"position\":1,\"name\":\"Home\",\"item\":\"https:\/\/www.gaveanews.com\/\"},{\"@type\":\"ListItem\",\"position\":2,\"name\":\"Flamengo pode alcan\u00e7ar marca que s\u00f3 Santos de Pel\u00e9 e S\u00e3o Paulo de Tel\u00ea conseguiram no Brasil\"}]},{\"@type\":\"WebSite\",\"@id\":\"https:\/\/www.gaveanews.com\/#website\",\"url\":\"https:\/\/www.gaveanews.com\/\",\"name\":\"G\u00e1vea News\",\"description\":\"Veja todas as not\u00edcias sobre o Flamengo: Contrata\u00e7\u00f5es, categorias de base, resultados das partidas, tabela de classifica\u00e7\u00e3o, pr\u00f3ximos jogos!\",\"potentialAction\":[{\"@type\":\"SearchAction\",\"target\":{\"@type\":\"EntryPoint\",\"urlTemplate\":\"https:\/\/www.gaveanews.com\/?s={search_term_string}\"},\"query-input\":{\"@type\":\"PropertyValueSpecification\",\"valueRequired\":true,\"valueName\":\"search_term_string\"}}],\"inLanguage\":\"pt-BR\"},{\"@type\":\"Person\",\"@id\":\"https:\/\/www.gaveanews.com\/#\/schema\/person\/2ec14f73fb96be2caf28f91afb14749d\",\"name\":\"Equipe G\u00e1vea News\",\"image\":{\"@type\":\"ImageObject\",\"inLanguage\":\"pt-BR\",\"@id\":\"https:\/\/www.gaveanews.com\/#\/schema\/person\/image\/\",\"url\":\"https:\/\/secure.gravatar.com\/avatar\/1e1956f1facbffd3f8fa53a326721950116b3b9dc9bd44939c01180fd4a745a9?s=96&d=mm&r=g\",\"contentUrl\":\"https:\/\/secure.gravatar.com\/avatar\/1e1956f1facbffd3f8fa53a326721950116b3b9dc9bd44939c01180fd4a745a9?s=96&d=mm&r=g\",\"caption\":\"Equipe G\u00e1vea News\"}}]}<\/script>\n<!-- \/ Yoast SEO Premium plugin. -->","yoast_head_json":{"title":"Flamengo pode alcan\u00e7ar marca que s\u00f3 Santos de Pel\u00e9 e S\u00e3o Paulo de Tel\u00ea conseguiram no Brasil","robots":{"index":"index","follow":"follow","max-snippet":"max-snippet:-1","max-image-preview":"max-image-preview:large","max-video-preview":"max-video-preview:-1"},"canonical":"https:\/\/www.gaveanews.com\/index.php\/2020\/02\/18\/flamengo-pode-alcancar-marca-que-so-santos-de-pele-e-sao-paulo-de-tele-conseguiram-no-brasil\/","og_locale":"pt_BR","og_type":"article","og_title":"Flamengo pode alcan\u00e7ar marca que s\u00f3 Santos de Pel\u00e9 e S\u00e3o Paulo de Tel\u00ea conseguiram no Brasil","og_description":"O Flamengo come\u00e7ou 2020 da mesma maneira que terminou 2019: Campe\u00e3o. J\u00e1 classificado para a final da Ta\u00e7a Guanabara, o rubro-negro \u00e9 o grande favorito ao t\u00edtulo estadual, j\u00e1 conquistou a Supercopa e ainda esse m\u00eas decidir\u00e1 a Recopa Sul-Americana. Na quarta-feira, a equipe entra em campo no Equador, onde enfrenta o Independiente Del Valle, [&hellip;]","og_url":"https:\/\/www.gaveanews.com\/index.php\/2020\/02\/18\/flamengo-pode-alcancar-marca-que-so-santos-de-pele-e-sao-paulo-de-tele-conseguiram-no-brasil\/","og_site_name":"G\u00e1vea News","article_publisher":"https:\/\/facebook.com\/gaveaNews\/","article_published_time":"2020-02-18T22:47:00+00:00","article_modified_time":"2020-02-18T22:47:02+00:00","og_image":[{"url":"https:\/\/www.gaveanews.com\/wp-content\/uploads\/2018\/07\/Elenco-do-Flamengo-durante-treinamento-na-Gavea.webp","width":1,"height":1,"type":"image\/jpeg"}],"author":"Equipe G\u00e1vea News","twitter_card":"summary_large_image","twitter_misc":{"Escrito por":"Equipe G\u00e1vea News","Est. tempo de leitura":"2 minutos"},"schema":{"@context":"https:\/\/schema.org","@graph":[{"@type":"NewsArticle","@id":"https:\/\/www.gaveanews.com\/index.php\/2020\/02\/18\/flamengo-pode-alcancar-marca-que-so-santos-de-pele-e-sao-paulo-de-tele-conseguiram-no-brasil\/#article","isPartOf":{"@id":"https:\/\/www.gaveanews.com\/index.php\/2020\/02\/18\/flamengo-pode-alcancar-marca-que-so-santos-de-pele-e-sao-paulo-de-tele-conseguiram-no-brasil\/"},"author":{"name":"Equipe G\u00e1vea News","@id":"https:\/\/www.gaveanews.com\/#\/schema\/person\/2ec14f73fb96be2caf28f91afb14749d"},"headline":"Flamengo pode alcan\u00e7ar marca que s\u00f3 Santos de Pel\u00e9 e S\u00e3o Paulo de Tel\u00ea conseguiram no Brasil","datePublished":"2020-02-18T22:47:00+00:00","dateModified":"2020-02-18T22:47:02+00:00","mainEntityOfPage":{"@id":"https:\/\/www.gaveanews.com\/index.php\/2020\/02\/18\/flamengo-pode-alcancar-marca-que-so-santos-de-pele-e-sao-paulo-de-tele-conseguiram-no-brasil\/"},"wordCount":326,"commentCount":35,"image":{"@id":"https:\/\/www.gaveanews.com\/index.php\/2020\/02\/18\/flamengo-pode-alcancar-marca-que-so-santos-de-pele-e-sao-paulo-de-tele-conseguiram-no-brasil\/#primaryimage"},"thumbnailUrl":"https:\/\/www.gaveanews.com\/wp-content\/uploads\/2018\/07\/Elenco-do-Flamengo-durante-treinamento-na-Gavea.webp","articleSection":["Flamengo"],"inLanguage":"pt-BR","potentialAction":[{"@type":"CommentAction","name":"Comment","target":["https:\/\/www.gaveanews.com\/index.php\/2020\/02\/18\/flamengo-pode-alcancar-marca-que-so-santos-de-pele-e-sao-paulo-de-tele-conseguiram-no-brasil\/#respond"]}],"copyrightYear":"2020","copyrightHolder":{"@id":"https:\/\/www.gaveanews.com\/#organization"}},{"@type":"WebPage","@id":"https:\/\/www.gaveanews.com\/index.php\/2020\/02\/18\/flamengo-pode-alcancar-marca-que-so-santos-de-pele-e-sao-paulo-de-tele-conseguiram-no-brasil\/","url":"https:\/\/www.gaveanews.com\/index.php\/2020\/02\/18\/flamengo-pode-alcancar-marca-que-so-santos-de-pele-e-sao-paulo-de-tele-conseguiram-no-brasil\/","name":"Flamengo pode alcan\u00e7ar marca que s\u00f3 Santos de Pel\u00e9 e S\u00e3o Paulo de Tel\u00ea conseguiram no Brasil","isPartOf":{"@id":"https:\/\/www.gaveanews.com\/#website"},"primaryImageOfPage":{"@id":"https:\/\/www.gaveanews.com\/index.php\/2020\/02\/18\/flamengo-pode-alcancar-marca-que-so-santos-de-pele-e-sao-paulo-de-tele-conseguiram-no-brasil\/#primaryimage"},"image":{"@id":"https:\/\/www.gaveanews.com\/index.php\/2020\/02\/18\/flamengo-pode-alcancar-marca-que-so-santos-de-pele-e-sao-paulo-de-tele-conseguiram-no-brasil\/#primaryimage"},"thumbnailUrl":"https:\/\/www.gaveanews.com\/wp-content\/uploads\/2018\/07\/Elenco-do-Flamengo-durante-treinamento-na-Gavea.webp","datePublished":"2020-02-18T22:47:00+00:00","dateModified":"2020-02-18T22:47:02+00:00","author":{"@id":"https:\/\/www.gaveanews.com\/#\/schema\/person\/2ec14f73fb96be2caf28f91afb14749d"},"breadcrumb":{"@id":"https:\/\/www.gaveanews.com\/index.php\/2020\/02\/18\/flamengo-pode-alcancar-marca-que-so-santos-de-pele-e-sao-paulo-de-tele-conseguiram-no-brasil\/#breadcrumb"},"inLanguage":"pt-BR","potentialAction":[{"@type":"ReadAction","target":["https:\/\/www.gaveanews.com\/index.php\/2020\/02\/18\/flamengo-pode-alcancar-marca-que-so-santos-de-pele-e-sao-paulo-de-tele-conseguiram-no-brasil\/"]}]},{"@type":"ImageObject","inLanguage":"pt-BR","@id":"https:\/\/www.gaveanews.com\/index.php\/2020\/02\/18\/flamengo-pode-alcancar-marca-que-so-santos-de-pele-e-sao-paulo-de-tele-conseguiram-no-brasil\/#primaryimage","url":"https:\/\/www.gaveanews.com\/wp-content\/uploads\/2018\/07\/Elenco-do-Flamengo-durante-treinamento-na-Gavea.webp","contentUrl":"https:\/\/www.gaveanews.com\/wp-content\/uploads\/2018\/07\/Elenco-do-Flamengo-durante-treinamento-na-Gavea.webp","width":900,"height":599,"caption":"Elenco do Flamengo durante treinamento na G\u00e1vea (Foto: Alexandre Vidal\/Flamengo)"},{"@type":"BreadcrumbList","@id":"https:\/\/www.gaveanews.com\/index.php\/2020\/02\/18\/flamengo-pode-alcancar-marca-que-so-santos-de-pele-e-sao-paulo-de-tele-conseguiram-no-brasil\/#breadcrumb","itemListElement":[{"@type":"ListItem","position":1,"name":"Home","item":"https:\/\/www.gaveanews.com\/"},{"@type":"ListItem","position":2,"name":"Flamengo pode alcan\u00e7ar marca que s\u00f3 Santos de Pel\u00e9 e S\u00e3o Paulo de Tel\u00ea conseguiram no Brasil"}]},{"@type":"WebSite","@id":"https:\/\/www.gaveanews.com\/#website","url":"https:\/\/www.gaveanews.com\/","name":"G\u00e1vea News","description":"Veja todas as not\u00edcias sobre o Flamengo: Contrata\u00e7\u00f5es, categorias de base, resultados das partidas, tabela de classifica\u00e7\u00e3o, pr\u00f3ximos jogos!","potentialAction":[{"@type":"SearchAction","target":{"@type":"EntryPoint","urlTemplate":"https:\/\/www.gaveanews.com\/?s={search_term_string}"},"query-input":{"@type":"PropertyValueSpecification","valueRequired":true,"valueName":"search_term_string"}}],"inLanguage":"pt-BR"},{"@type":"Person","@id":"https:\/\/www.gaveanews.com\/#\/schema\/person\/2ec14f73fb96be2caf28f91afb14749d","name":"Equipe G\u00e1vea News","image":{"@type":"ImageObject","inLanguage":"pt-BR","@id":"https:\/\/www.gaveanews.com\/#\/schema\/person\/image\/","url":"https:\/\/secure.gravatar.com\/avatar\/1e1956f1facbffd3f8fa53a326721950116b3b9dc9bd44939c01180fd4a745a9?s=96&d=mm&r=g","contentUrl":"https:\/\/secure.gravatar.com\/avatar\/1e1956f1facbffd3f8fa53a326721950116b3b9dc9bd44939c01180fd4a745a9?s=96&d=mm&r=g","caption":"Equipe G\u00e1vea News"}}]}},"_links":{"self":[{"href":"https:\/\/www.gaveanews.com\/index.php\/wp-json\/wp\/v2\/posts\/37182","targetHints":{"allow":["GET"]}}],"collection":[{"href":"https:\/\/www.gaveanews.com\/index.php\/wp-json\/wp\/v2\/posts"}],"about":[{"href":"https:\/\/www.gaveanews.com\/index.php\/wp-json\/wp\/v2\/types\/post"}],"author":[{"embeddable":true,"href":"https:\/\/www.gaveanews.com\/index.php\/wp-json\/wp\/v2\/users\/1"}],"replies":[{"embeddable":true,"href":"https:\/\/www.gaveanews.com\/index.php\/wp-json\/wp\/v2\/comments?post=37182"}],"version-history":[{"count":0,"href":"https:\/\/www.gaveanews.com\/index.php\/wp-json\/wp\/v2\/posts\/37182\/revisions"}],"wp:featuredmedia":[{"embeddable":true,"href":"https:\/\/www.gaveanews.com\/index.php\/wp-json\/wp\/v2\/media\/15269"}],"wp:attachment":[{"href":"https:\/\/www.gaveanews.com\/index.php\/wp-json\/wp\/v2\/media?parent=37182"}],"wp:term":[{"taxonomy":"category","embeddable":true,"href":"https:\/\/www.gaveanews.com\/index.php\/wp-json\/wp\/v2\/categories?post=37182"},{"taxonomy":"post_tag","embeddable":true,"href":"https:\/\/www.gaveanews.com\/index.php\/wp-json\/wp\/v2\/tags?post=37182"}],"curies":[{"name":"wp","href":"https:\/\/api.w.org\/{rel}","templated":true}]}}