{"id":37449,"date":"2020-02-24T06:40:00","date_gmt":"2020-02-24T09:40:00","guid":{"rendered":"https:\/\/www.gaveanews.com\/?p=37449"},"modified":"2020-02-24T01:15:58","modified_gmt":"2020-02-24T04:15:58","slug":"flamengo-pode-ficar-sem-4-jogadores-titulares-para-final-contra-o-independiente","status":"publish","type":"post","link":"https:\/\/www.gaveanews.com\/index.php\/2020\/02\/24\/flamengo-pode-ficar-sem-4-jogadores-titulares-para-final-contra-o-independiente\/","title":{"rendered":"Flamengo pode ficar sem 4 jogadores titulares para a final contra o Independiente"},"content":{"rendered":"\n<p>A sequ\u00eancia de jogos neste in\u00edcio de temporada do Flamengo est\u00e3o cobrando seu pre\u00e7o. Em onze dias, a equipe rubro-negra encarou quatro partidas decisivas e viagem apara fora do pa\u00eds, o que obrigou o t\u00e9cnico Jorge Jesus a escalar uma equipe alternativa na final da Ta\u00e7a Guanabara, neste s\u00e1bado, contra o Boavista.<\/p>\n\n\n\n<p>A maratona come\u00e7ou na quarta-feira, dia 12 de fevereiro, quando o advers\u00e1rio foi Fluminense pela semifinal da Ta\u00e7a Guanabara. Em um cl\u00e1ssico bastante movimentado, o Fla saiu vencedor por 3 a 2.<\/p>\n\n\n\n<p>Quatro dias depois, na manh\u00e3 de domingo, foi realizada a final da Supercopa do Brasil no est\u00e1dio Man\u00e9 Garrincha, em Bras\u00edlia. Diante do Athletico Paranaense, o Flamengo teve uma atua\u00e7\u00e3o de gala e conquistou o t\u00edtulo com uma vit\u00f3ria por 3 a 0.<\/p>\n\n\n\n<p>De Bras\u00edlia, a delega\u00e7\u00e3o rubro-negra partiu para Quito, no Equador, onde na quarta-feira, dia 19, encarou o Inependiente del Valle no confronto de ida da final da Recopa Sul-Americana. Jogando na altitude de 2.800 metros, o Fla saiu atr\u00e1s no placar, virou o jogo e sofreu o empate aos 45 minutos em cobran\u00e7a de p\u00eanalti.<\/p>\n\n\n\n<p>A equipe retornou ao Brasil na quinta-feira e no s\u00e1bado venceu o Boavista de virada por 2 a 1 e conquistou a Ta\u00e7a Guanabara, primeiro turno do Campeonato Carioca.<\/p>\n\n\n\n<p>Contrariando sua filosofia de trabalho, Jorge Jesus escalou o time para a partida no Maracan\u00e3 com apenas dois titulares entre os onze iniciais, o zagueiro Gustavo Henrique e o atacante Gabigol, sendo que este n\u00e3o esteve no Equador pois estava suspenso.<\/p>\n\n\n\n<p>O t\u00e9cnico admitiu ap\u00f3s o confronto que o n\u00edvel de desgaste no elenco est\u00e1 acima do normal, e que n\u00e3o teve alternativa a n\u00e3o ser poupar um n\u00famero elevado de jogadores.<\/p>\n\n\n\n<p>\u201cNormalmente n\u00e3o mudamos tantos jogadores. Mas o jogo que tivemos no Equador foi completamente diferente. \u00c9 um desgaste enorme. Achei que neste jogo teria que mexer mais do que habitualmente fa\u00e7o no time,\u201d explicou o treinador.<\/p>\n\n\n\n<p>\u201cDepois que voltamos do Equador, analisando o jogo e a carga que teve, o que poderia acontecer \u00e0 equipe se jogasse hoje. Jogaria no limite do risco da les\u00e3o. Tentamos n\u00e3o correr este risco,\u201d completou.<\/p>\n\n\n\n<p>Na pr\u00f3xima quarta-feira, o Flamengo encerra a sequ\u00eancia de jogos decisivos encarando novamente o Indpendiente del Valle no confronto que valera o t\u00edtulo da Recopa, desta vez no Maracan\u00e3.<\/p>\n\n\n\n<p>Quatro jogadores considerados titulares podem ficar de fora desta decis\u00e3o. Os casos mais complicados s\u00e3o os de Bruno Henrique e Rodrigo Caio e as chances deles estarem em campo s\u00e3o remotas. O atacante teve les\u00e3o diagnosticada no ligamento colateral medial do joelho direito e um estiramento na c\u00e1psula lateral no local ap\u00f3s se chocar com o goleiro do Independiente del Valle no lance do primeiro gol do Flamengo.<\/p>\n\n\n\n<p>\u201cA recupera\u00e7\u00e3o est\u00e1 indo bem, estou fazendo tratamento para voltar o mais r\u00e1pido poss\u00edvel. N\u00e3o sei, estou fazendo tratamento intensivo para diminuir os dias fora. \u00c9 tratar para ficar bem. Ficar de fora \u00e9 sempre ruim, mas nosso time tem muita qualidade,\u201d disse Bruno Henrique.<\/p>\n\n\n\n<figure class=\"wp-block-image size-large\"><img decoding=\"async\" src=\"https:\/\/www.gazetaesportiva.com\/wp-content\/uploads\/imagem\/2020\/02\/23\/les%C3%A3o.webp\" alt=\"\"\/><figcaption>(Foto: Divulga\u00e7\u00e3o\/Alexandre Vidal)<\/figcaption><\/figure>\n\n\n\n\n\n<p>J\u00e1 o zagueiro sofreu uma les\u00e3o muscular no adutor da coxa esquerda.<\/p>\n\n\n\n<p>\u201cRecupera\u00e7\u00e3o vai indo bem, a cada dia me sentindo melhor. \u00c9 dif\u00edcil eu falar, estou tentando recuperar o mais r\u00e1pido poss\u00edvel. N\u00e3o tem previs\u00e3o, \u00e9 dif\u00edcil falar se vai ser hoje ou a dez dias. \u00c9 importante recuperar bem para voltar o quanto antes,\u201d afirmou Rodrigo Caio.<\/p>\n\n\n\n<p>Al\u00e9m deles, o meia Arrascaeta e o lateral Rafinha s\u00e3o os que mais preocupam pelo desgaste e podem n\u00e3o estar entre os titulares na decis\u00e3o.<\/p>\n\n\n\n<p>\u201cArrascaeta, Rafinha, Bruno Henrique\u2026 Principalmente estes tr\u00eas, n\u00e3o sabemos antes se ser\u00e3o recuperados at\u00e9 quarta. Dos tr\u00eas, n\u00e3o sei. Tenho alguma d\u00favida. Talvez o Rafinha. Mas estou habituado que o departamento m\u00e9dico do Flamengo fa\u00e7a milagres,\u201d disse Jorge Jesus.<\/p>\n\n\n\n<p>O elenco do Flamengo ganhou folga neste domingo e retorna aos treinos nesta segunda-feira, no CT do Ninho do Urubu.<\/p>\n\n\n\n<p>Retirado de: Gazeta Esportiva<\/p>\n","protected":false},"excerpt":{"rendered":"<p>A sequ\u00eancia de jogos neste in\u00edcio de temporada do Flamengo est\u00e3o cobrando seu pre\u00e7o. Em onze dias, a equipe rubro-negra encarou quatro partidas decisivas e viagem apara fora do pa\u00eds, o que obrigou o t\u00e9cnico Jorge Jesus a escalar uma equipe alternativa na final da Ta\u00e7a Guanabara, neste s\u00e1bado, contra o Boavista. A maratona come\u00e7ou [&hellip;]<\/p>\n","protected":false},"author":1,"featured_media":29166,"comment_status":"open","ping_status":"closed","sticky":false,"template":"","format":"standard","meta":{"footnotes":""},"categories":[1],"tags":[],"class_list":["post-37449","post","type-post","status-publish","format-standard","has-post-thumbnail","hentry","category-flamengo"],"yoast_head":"<!-- This site is optimized with the Yoast SEO Premium plugin v24.2 (Yoast SEO v26.9) - https:\/\/yoast.com\/product\/yoast-seo-premium-wordpress\/ -->\n<title>Flamengo pode ficar sem 4 jogadores titulares para a final contra o Independiente<\/title>\n<meta name=\"robots\" content=\"index, follow, max-snippet:-1, max-image-preview:large, max-video-preview:-1\" \/>\n<link rel=\"canonical\" href=\"https:\/\/www.gaveanews.com\/index.php\/2020\/02\/24\/flamengo-pode-ficar-sem-4-jogadores-titulares-para-final-contra-o-independiente\/\" \/>\n<meta property=\"og:locale\" content=\"pt_BR\" \/>\n<meta property=\"og:type\" content=\"article\" \/>\n<meta property=\"og:title\" content=\"Flamengo pode ficar sem 4 jogadores titulares para a final contra o Independiente\" \/>\n<meta property=\"og:description\" content=\"A sequ\u00eancia de jogos neste in\u00edcio de temporada do Flamengo est\u00e3o cobrando seu pre\u00e7o. Em onze dias, a equipe rubro-negra encarou quatro partidas decisivas e viagem apara fora do pa\u00eds, o que obrigou o t\u00e9cnico Jorge Jesus a escalar uma equipe alternativa na final da Ta\u00e7a Guanabara, neste s\u00e1bado, contra o Boavista. A maratona come\u00e7ou [&hellip;]\" \/>\n<meta property=\"og:url\" content=\"https:\/\/www.gaveanews.com\/index.php\/2020\/02\/24\/flamengo-pode-ficar-sem-4-jogadores-titulares-para-final-contra-o-independiente\/\" \/>\n<meta property=\"og:site_name\" content=\"G\u00e1vea News\" \/>\n<meta property=\"article:publisher\" content=\"https:\/\/facebook.com\/gaveaNews\/\" \/>\n<meta property=\"article:published_time\" content=\"2020-02-24T09:40:00+00:00\" \/>\n<meta property=\"og:image\" content=\"https:\/\/www.gaveanews.com\/wp-content\/uploads\/Jorge-Jesus-e-Joao-de-Deus-durante-treinamento-do-elenco-do-Flamengo-na-academia-do-Ninho-do-Urubu.webp\" \/>\n\t<meta property=\"og:image:width\" content=\"1\" \/>\n\t<meta property=\"og:image:height\" content=\"1\" \/>\n\t<meta property=\"og:image:type\" content=\"image\/jpeg\" \/>\n<meta name=\"author\" content=\"Equipe G\u00e1vea News\" \/>\n<meta name=\"twitter:card\" content=\"summary_large_image\" \/>\n<meta name=\"twitter:label1\" content=\"Escrito por\" \/>\n\t<meta name=\"twitter:data1\" content=\"Equipe G\u00e1vea News\" \/>\n\t<meta name=\"twitter:label2\" content=\"Est. tempo de leitura\" \/>\n\t<meta name=\"twitter:data2\" content=\"3 minutos\" \/>\n<script type=\"application\/ld+json\" class=\"yoast-schema-graph\">{\"@context\":\"https:\/\/schema.org\",\"@graph\":[{\"@type\":\"NewsArticle\",\"@id\":\"https:\/\/www.gaveanews.com\/index.php\/2020\/02\/24\/flamengo-pode-ficar-sem-4-jogadores-titulares-para-final-contra-o-independiente\/#article\",\"isPartOf\":{\"@id\":\"https:\/\/www.gaveanews.com\/index.php\/2020\/02\/24\/flamengo-pode-ficar-sem-4-jogadores-titulares-para-final-contra-o-independiente\/\"},\"author\":{\"name\":\"Equipe G\u00e1vea News\",\"@id\":\"https:\/\/www.gaveanews.com\/#\/schema\/person\/2ec14f73fb96be2caf28f91afb14749d\"},\"headline\":\"Flamengo pode ficar sem 4 jogadores titulares para a final contra o Independiente\",\"datePublished\":\"2020-02-24T09:40:00+00:00\",\"mainEntityOfPage\":{\"@id\":\"https:\/\/www.gaveanews.com\/index.php\/2020\/02\/24\/flamengo-pode-ficar-sem-4-jogadores-titulares-para-final-contra-o-independiente\/\"},\"wordCount\":711,\"commentCount\":31,\"image\":{\"@id\":\"https:\/\/www.gaveanews.com\/index.php\/2020\/02\/24\/flamengo-pode-ficar-sem-4-jogadores-titulares-para-final-contra-o-independiente\/#primaryimage\"},\"thumbnailUrl\":\"https:\/\/www.gaveanews.com\/wp-content\/uploads\/Jorge-Jesus-e-Joao-de-Deus-durante-treinamento-do-elenco-do-Flamengo-na-academia-do-Ninho-do-Urubu.webp\",\"articleSection\":[\"Flamengo\"],\"inLanguage\":\"pt-BR\",\"potentialAction\":[{\"@type\":\"CommentAction\",\"name\":\"Comment\",\"target\":[\"https:\/\/www.gaveanews.com\/index.php\/2020\/02\/24\/flamengo-pode-ficar-sem-4-jogadores-titulares-para-final-contra-o-independiente\/#respond\"]}],\"copyrightYear\":\"2020\",\"copyrightHolder\":{\"@id\":\"https:\/\/www.gaveanews.com\/#organization\"}},{\"@type\":\"WebPage\",\"@id\":\"https:\/\/www.gaveanews.com\/index.php\/2020\/02\/24\/flamengo-pode-ficar-sem-4-jogadores-titulares-para-final-contra-o-independiente\/\",\"url\":\"https:\/\/www.gaveanews.com\/index.php\/2020\/02\/24\/flamengo-pode-ficar-sem-4-jogadores-titulares-para-final-contra-o-independiente\/\",\"name\":\"Flamengo pode ficar sem 4 jogadores titulares para a final contra o Independiente\",\"isPartOf\":{\"@id\":\"https:\/\/www.gaveanews.com\/#website\"},\"primaryImageOfPage\":{\"@id\":\"https:\/\/www.gaveanews.com\/index.php\/2020\/02\/24\/flamengo-pode-ficar-sem-4-jogadores-titulares-para-final-contra-o-independiente\/#primaryimage\"},\"image\":{\"@id\":\"https:\/\/www.gaveanews.com\/index.php\/2020\/02\/24\/flamengo-pode-ficar-sem-4-jogadores-titulares-para-final-contra-o-independiente\/#primaryimage\"},\"thumbnailUrl\":\"https:\/\/www.gaveanews.com\/wp-content\/uploads\/Jorge-Jesus-e-Joao-de-Deus-durante-treinamento-do-elenco-do-Flamengo-na-academia-do-Ninho-do-Urubu.webp\",\"datePublished\":\"2020-02-24T09:40:00+00:00\",\"author\":{\"@id\":\"https:\/\/www.gaveanews.com\/#\/schema\/person\/2ec14f73fb96be2caf28f91afb14749d\"},\"breadcrumb\":{\"@id\":\"https:\/\/www.gaveanews.com\/index.php\/2020\/02\/24\/flamengo-pode-ficar-sem-4-jogadores-titulares-para-final-contra-o-independiente\/#breadcrumb\"},\"inLanguage\":\"pt-BR\",\"potentialAction\":[{\"@type\":\"ReadAction\",\"target\":[\"https:\/\/www.gaveanews.com\/index.php\/2020\/02\/24\/flamengo-pode-ficar-sem-4-jogadores-titulares-para-final-contra-o-independiente\/\"]}]},{\"@type\":\"ImageObject\",\"inLanguage\":\"pt-BR\",\"@id\":\"https:\/\/www.gaveanews.com\/index.php\/2020\/02\/24\/flamengo-pode-ficar-sem-4-jogadores-titulares-para-final-contra-o-independiente\/#primaryimage\",\"url\":\"https:\/\/www.gaveanews.com\/wp-content\/uploads\/Jorge-Jesus-e-Joao-de-Deus-durante-treinamento-do-elenco-do-Flamengo-na-academia-do-Ninho-do-Urubu.webp\",\"contentUrl\":\"https:\/\/www.gaveanews.com\/wp-content\/uploads\/Jorge-Jesus-e-Joao-de-Deus-durante-treinamento-do-elenco-do-Flamengo-na-academia-do-Ninho-do-Urubu.webp\",\"width\":1024,\"height\":681,\"caption\":\"Jorge Jesus e Jo\u00e3o de Deus durante treinamento do elenco do Flamengo na academia do Ninho do Urubu (Foto: Alexandre Vidal\/Flamengo)\"},{\"@type\":\"BreadcrumbList\",\"@id\":\"https:\/\/www.gaveanews.com\/index.php\/2020\/02\/24\/flamengo-pode-ficar-sem-4-jogadores-titulares-para-final-contra-o-independiente\/#breadcrumb\",\"itemListElement\":[{\"@type\":\"ListItem\",\"position\":1,\"name\":\"Home\",\"item\":\"https:\/\/www.gaveanews.com\/\"},{\"@type\":\"ListItem\",\"position\":2,\"name\":\"Flamengo pode ficar sem 4 jogadores titulares para a final contra o Independiente\"}]},{\"@type\":\"WebSite\",\"@id\":\"https:\/\/www.gaveanews.com\/#website\",\"url\":\"https:\/\/www.gaveanews.com\/\",\"name\":\"G\u00e1vea News\",\"description\":\"Veja todas as not\u00edcias sobre o Flamengo: Contrata\u00e7\u00f5es, categorias de base, resultados das partidas, tabela de classifica\u00e7\u00e3o, pr\u00f3ximos jogos!\",\"potentialAction\":[{\"@type\":\"SearchAction\",\"target\":{\"@type\":\"EntryPoint\",\"urlTemplate\":\"https:\/\/www.gaveanews.com\/?s={search_term_string}\"},\"query-input\":{\"@type\":\"PropertyValueSpecification\",\"valueRequired\":true,\"valueName\":\"search_term_string\"}}],\"inLanguage\":\"pt-BR\"},{\"@type\":\"Person\",\"@id\":\"https:\/\/www.gaveanews.com\/#\/schema\/person\/2ec14f73fb96be2caf28f91afb14749d\",\"name\":\"Equipe G\u00e1vea News\",\"image\":{\"@type\":\"ImageObject\",\"inLanguage\":\"pt-BR\",\"@id\":\"https:\/\/www.gaveanews.com\/#\/schema\/person\/image\/\",\"url\":\"https:\/\/secure.gravatar.com\/avatar\/1e1956f1facbffd3f8fa53a326721950116b3b9dc9bd44939c01180fd4a745a9?s=96&d=mm&r=g\",\"contentUrl\":\"https:\/\/secure.gravatar.com\/avatar\/1e1956f1facbffd3f8fa53a326721950116b3b9dc9bd44939c01180fd4a745a9?s=96&d=mm&r=g\",\"caption\":\"Equipe G\u00e1vea News\"}}]}<\/script>\n<!-- \/ Yoast SEO Premium plugin. -->","yoast_head_json":{"title":"Flamengo pode ficar sem 4 jogadores titulares para a final contra o Independiente","robots":{"index":"index","follow":"follow","max-snippet":"max-snippet:-1","max-image-preview":"max-image-preview:large","max-video-preview":"max-video-preview:-1"},"canonical":"https:\/\/www.gaveanews.com\/index.php\/2020\/02\/24\/flamengo-pode-ficar-sem-4-jogadores-titulares-para-final-contra-o-independiente\/","og_locale":"pt_BR","og_type":"article","og_title":"Flamengo pode ficar sem 4 jogadores titulares para a final contra o Independiente","og_description":"A sequ\u00eancia de jogos neste in\u00edcio de temporada do Flamengo est\u00e3o cobrando seu pre\u00e7o. Em onze dias, a equipe rubro-negra encarou quatro partidas decisivas e viagem apara fora do pa\u00eds, o que obrigou o t\u00e9cnico Jorge Jesus a escalar uma equipe alternativa na final da Ta\u00e7a Guanabara, neste s\u00e1bado, contra o Boavista. A maratona come\u00e7ou [&hellip;]","og_url":"https:\/\/www.gaveanews.com\/index.php\/2020\/02\/24\/flamengo-pode-ficar-sem-4-jogadores-titulares-para-final-contra-o-independiente\/","og_site_name":"G\u00e1vea News","article_publisher":"https:\/\/facebook.com\/gaveaNews\/","article_published_time":"2020-02-24T09:40:00+00:00","og_image":[{"url":"https:\/\/www.gaveanews.com\/wp-content\/uploads\/Jorge-Jesus-e-Joao-de-Deus-durante-treinamento-do-elenco-do-Flamengo-na-academia-do-Ninho-do-Urubu.webp","width":1,"height":1,"type":"image\/jpeg"}],"author":"Equipe G\u00e1vea News","twitter_card":"summary_large_image","twitter_misc":{"Escrito por":"Equipe G\u00e1vea News","Est. tempo de leitura":"3 minutos"},"schema":{"@context":"https:\/\/schema.org","@graph":[{"@type":"NewsArticle","@id":"https:\/\/www.gaveanews.com\/index.php\/2020\/02\/24\/flamengo-pode-ficar-sem-4-jogadores-titulares-para-final-contra-o-independiente\/#article","isPartOf":{"@id":"https:\/\/www.gaveanews.com\/index.php\/2020\/02\/24\/flamengo-pode-ficar-sem-4-jogadores-titulares-para-final-contra-o-independiente\/"},"author":{"name":"Equipe G\u00e1vea News","@id":"https:\/\/www.gaveanews.com\/#\/schema\/person\/2ec14f73fb96be2caf28f91afb14749d"},"headline":"Flamengo pode ficar sem 4 jogadores titulares para a final contra o Independiente","datePublished":"2020-02-24T09:40:00+00:00","mainEntityOfPage":{"@id":"https:\/\/www.gaveanews.com\/index.php\/2020\/02\/24\/flamengo-pode-ficar-sem-4-jogadores-titulares-para-final-contra-o-independiente\/"},"wordCount":711,"commentCount":31,"image":{"@id":"https:\/\/www.gaveanews.com\/index.php\/2020\/02\/24\/flamengo-pode-ficar-sem-4-jogadores-titulares-para-final-contra-o-independiente\/#primaryimage"},"thumbnailUrl":"https:\/\/www.gaveanews.com\/wp-content\/uploads\/Jorge-Jesus-e-Joao-de-Deus-durante-treinamento-do-elenco-do-Flamengo-na-academia-do-Ninho-do-Urubu.webp","articleSection":["Flamengo"],"inLanguage":"pt-BR","potentialAction":[{"@type":"CommentAction","name":"Comment","target":["https:\/\/www.gaveanews.com\/index.php\/2020\/02\/24\/flamengo-pode-ficar-sem-4-jogadores-titulares-para-final-contra-o-independiente\/#respond"]}],"copyrightYear":"2020","copyrightHolder":{"@id":"https:\/\/www.gaveanews.com\/#organization"}},{"@type":"WebPage","@id":"https:\/\/www.gaveanews.com\/index.php\/2020\/02\/24\/flamengo-pode-ficar-sem-4-jogadores-titulares-para-final-contra-o-independiente\/","url":"https:\/\/www.gaveanews.com\/index.php\/2020\/02\/24\/flamengo-pode-ficar-sem-4-jogadores-titulares-para-final-contra-o-independiente\/","name":"Flamengo pode ficar sem 4 jogadores titulares para a final contra o Independiente","isPartOf":{"@id":"https:\/\/www.gaveanews.com\/#website"},"primaryImageOfPage":{"@id":"https:\/\/www.gaveanews.com\/index.php\/2020\/02\/24\/flamengo-pode-ficar-sem-4-jogadores-titulares-para-final-contra-o-independiente\/#primaryimage"},"image":{"@id":"https:\/\/www.gaveanews.com\/index.php\/2020\/02\/24\/flamengo-pode-ficar-sem-4-jogadores-titulares-para-final-contra-o-independiente\/#primaryimage"},"thumbnailUrl":"https:\/\/www.gaveanews.com\/wp-content\/uploads\/Jorge-Jesus-e-Joao-de-Deus-durante-treinamento-do-elenco-do-Flamengo-na-academia-do-Ninho-do-Urubu.webp","datePublished":"2020-02-24T09:40:00+00:00","author":{"@id":"https:\/\/www.gaveanews.com\/#\/schema\/person\/2ec14f73fb96be2caf28f91afb14749d"},"breadcrumb":{"@id":"https:\/\/www.gaveanews.com\/index.php\/2020\/02\/24\/flamengo-pode-ficar-sem-4-jogadores-titulares-para-final-contra-o-independiente\/#breadcrumb"},"inLanguage":"pt-BR","potentialAction":[{"@type":"ReadAction","target":["https:\/\/www.gaveanews.com\/index.php\/2020\/02\/24\/flamengo-pode-ficar-sem-4-jogadores-titulares-para-final-contra-o-independiente\/"]}]},{"@type":"ImageObject","inLanguage":"pt-BR","@id":"https:\/\/www.gaveanews.com\/index.php\/2020\/02\/24\/flamengo-pode-ficar-sem-4-jogadores-titulares-para-final-contra-o-independiente\/#primaryimage","url":"https:\/\/www.gaveanews.com\/wp-content\/uploads\/Jorge-Jesus-e-Joao-de-Deus-durante-treinamento-do-elenco-do-Flamengo-na-academia-do-Ninho-do-Urubu.webp","contentUrl":"https:\/\/www.gaveanews.com\/wp-content\/uploads\/Jorge-Jesus-e-Joao-de-Deus-durante-treinamento-do-elenco-do-Flamengo-na-academia-do-Ninho-do-Urubu.webp","width":1024,"height":681,"caption":"Jorge Jesus e Jo\u00e3o de Deus durante treinamento do elenco do Flamengo na academia do Ninho do Urubu (Foto: Alexandre Vidal\/Flamengo)"},{"@type":"BreadcrumbList","@id":"https:\/\/www.gaveanews.com\/index.php\/2020\/02\/24\/flamengo-pode-ficar-sem-4-jogadores-titulares-para-final-contra-o-independiente\/#breadcrumb","itemListElement":[{"@type":"ListItem","position":1,"name":"Home","item":"https:\/\/www.gaveanews.com\/"},{"@type":"ListItem","position":2,"name":"Flamengo pode ficar sem 4 jogadores titulares para a final contra o Independiente"}]},{"@type":"WebSite","@id":"https:\/\/www.gaveanews.com\/#website","url":"https:\/\/www.gaveanews.com\/","name":"G\u00e1vea News","description":"Veja todas as not\u00edcias sobre o Flamengo: Contrata\u00e7\u00f5es, categorias de base, resultados das partidas, tabela de classifica\u00e7\u00e3o, pr\u00f3ximos jogos!","potentialAction":[{"@type":"SearchAction","target":{"@type":"EntryPoint","urlTemplate":"https:\/\/www.gaveanews.com\/?s={search_term_string}"},"query-input":{"@type":"PropertyValueSpecification","valueRequired":true,"valueName":"search_term_string"}}],"inLanguage":"pt-BR"},{"@type":"Person","@id":"https:\/\/www.gaveanews.com\/#\/schema\/person\/2ec14f73fb96be2caf28f91afb14749d","name":"Equipe G\u00e1vea News","image":{"@type":"ImageObject","inLanguage":"pt-BR","@id":"https:\/\/www.gaveanews.com\/#\/schema\/person\/image\/","url":"https:\/\/secure.gravatar.com\/avatar\/1e1956f1facbffd3f8fa53a326721950116b3b9dc9bd44939c01180fd4a745a9?s=96&d=mm&r=g","contentUrl":"https:\/\/secure.gravatar.com\/avatar\/1e1956f1facbffd3f8fa53a326721950116b3b9dc9bd44939c01180fd4a745a9?s=96&d=mm&r=g","caption":"Equipe G\u00e1vea News"}}]}},"_links":{"self":[{"href":"https:\/\/www.gaveanews.com\/index.php\/wp-json\/wp\/v2\/posts\/37449","targetHints":{"allow":["GET"]}}],"collection":[{"href":"https:\/\/www.gaveanews.com\/index.php\/wp-json\/wp\/v2\/posts"}],"about":[{"href":"https:\/\/www.gaveanews.com\/index.php\/wp-json\/wp\/v2\/types\/post"}],"author":[{"embeddable":true,"href":"https:\/\/www.gaveanews.com\/index.php\/wp-json\/wp\/v2\/users\/1"}],"replies":[{"embeddable":true,"href":"https:\/\/www.gaveanews.com\/index.php\/wp-json\/wp\/v2\/comments?post=37449"}],"version-history":[{"count":0,"href":"https:\/\/www.gaveanews.com\/index.php\/wp-json\/wp\/v2\/posts\/37449\/revisions"}],"wp:featuredmedia":[{"embeddable":true,"href":"https:\/\/www.gaveanews.com\/index.php\/wp-json\/wp\/v2\/media\/29166"}],"wp:attachment":[{"href":"https:\/\/www.gaveanews.com\/index.php\/wp-json\/wp\/v2\/media?parent=37449"}],"wp:term":[{"taxonomy":"category","embeddable":true,"href":"https:\/\/www.gaveanews.com\/index.php\/wp-json\/wp\/v2\/categories?post=37449"},{"taxonomy":"post_tag","embeddable":true,"href":"https:\/\/www.gaveanews.com\/index.php\/wp-json\/wp\/v2\/tags?post=37449"}],"curies":[{"name":"wp","href":"https:\/\/api.w.org\/{rel}","templated":true}]}}