{"id":37485,"date":"2020-02-24T19:55:41","date_gmt":"2020-02-24T22:55:41","guid":{"rendered":"https:\/\/www.gaveanews.com\/?p=37485"},"modified":"2020-02-24T19:55:43","modified_gmt":"2020-02-24T22:55:43","slug":"tres-jogadores-do-flamengo-nao-treinam-nesta-segunda-feira-e-devem-desfalcar-o-rubro-negro-na-recopa","status":"publish","type":"post","link":"https:\/\/www.gaveanews.com\/index.php\/2020\/02\/24\/tres-jogadores-do-flamengo-nao-treinam-nesta-segunda-feira-e-devem-desfalcar-o-rubro-negro-na-recopa\/","title":{"rendered":"Tr\u00eas jogadores do Flamengo n\u00e3o treinam nesta segunda-feira e devem desfalcar o rubro-negro na Recopa"},"content":{"rendered":"\n<p>O Flamengo se reapresentou hoje (24) ap\u00f3s a conquista da Ta\u00e7a Guanabara j\u00e1 de olho em mais uma decis\u00e3o. Lesionados, o zagueiro Rodrigo Caio, o lateral-direito Rafinha e o atacante Bruno Henrique n\u00e3o foram a campo e seguem realizando tratamento intensivo visando a final da Recopa Sul-Americana. <\/p>\n\n\n\n<p>Apesar da tentativa do departamento m\u00e9dico e da fisioterapia, o trio dificilmente estar\u00e1 em campo na partida que acontece quarta-feira (26), contra o Independiente del Valle (EQU), \u00e0s 21h30, no Maracan\u00e3.<\/p>\n\n\n\n<p>O zagueiro e o atacante se lesionaram na partida de ida contra o pr\u00f3prio Independiente del Valle, no Est\u00e1dio Atahualpa, em Quito. Rodrigo sentiu dores no m\u00fasculo adutor da coxa esquerda, enquanto Bruno teve um trauma na perna direita ap\u00f3s choque com o goleiro Pinos. A zaga deve ser formada novamente por Gustavo Henrique e L\u00e9o Pereira.<\/p>\n\n\n\n<p>Os exames iniciais descartaram fratura no camisa 27, mas outros, mais aprofundados, revelaram les\u00e3o no joelho. A dupla deve ficar 15 dias fora e \u00e9 improv\u00e1vel que atue na quarta-feira. Ao que tudo indica, assim como na final da Ta\u00e7a Guanabara, o centroavante Pedro deve ser seu substituto.<\/p>\n\n\n\n<p>J\u00e1 Rafinha sentiu dores na posterior da coxa esquerda. Um exame realizado na sexta-feira (21) constatou pequena uma les\u00e3o no local. O lateral-direito segue em tratamento intensivo para tentar participar da decis\u00e3o. Ali, Jorge Jesus ainda tem uma d\u00favida: lateral de of\u00edcio, Jo\u00e3o Lucas \u00e9 o favorito, mas uma improvisa\u00e7\u00e3o n\u00e3o est\u00e1 descartada.<\/p>\n\n\n\n<p>Por outro lado, Arrascaeta foi a campo na tarde de hoje, treinou com o restante dos companheiros e pode ser &#8220;refor\u00e7o&#8221; para a final. O jogador n\u00e3o havia sido relacionado para o jogo contra o Boavista, no s\u00e1bado, por conta de um desgaste muscular.<\/p>\n","protected":false},"excerpt":{"rendered":"<p>O Flamengo se reapresentou hoje (24) ap\u00f3s a conquista da Ta\u00e7a Guanabara j\u00e1 de olho em mais uma decis\u00e3o. Lesionados, o zagueiro Rodrigo Caio, o lateral-direito Rafinha e o atacante Bruno Henrique n\u00e3o foram a campo e seguem realizando tratamento intensivo visando a final da Recopa Sul-Americana. Apesar da tentativa do departamento m\u00e9dico e da [&hellip;]<\/p>\n","protected":false},"author":1,"featured_media":16362,"comment_status":"open","ping_status":"closed","sticky":false,"template":"","format":"standard","meta":{"footnotes":""},"categories":[47],"tags":[],"class_list":["post-37485","post","type-post","status-publish","format-standard","has-post-thumbnail","hentry","category-destaques"],"yoast_head":"<!-- This site is optimized with the Yoast SEO Premium plugin v24.2 (Yoast SEO v26.9) - https:\/\/yoast.com\/product\/yoast-seo-premium-wordpress\/ -->\n<title>Tr\u00eas jogadores do Flamengo n\u00e3o treinam nesta segunda-feira e devem desfalcar o rubro-negro na Recopa<\/title>\n<meta name=\"robots\" content=\"index, follow, max-snippet:-1, max-image-preview:large, max-video-preview:-1\" \/>\n<link rel=\"canonical\" href=\"https:\/\/www.gaveanews.com\/index.php\/2020\/02\/24\/tres-jogadores-do-flamengo-nao-treinam-nesta-segunda-feira-e-devem-desfalcar-o-rubro-negro-na-recopa\/\" \/>\n<meta property=\"og:locale\" content=\"pt_BR\" \/>\n<meta property=\"og:type\" content=\"article\" \/>\n<meta property=\"og:title\" content=\"Tr\u00eas jogadores do Flamengo n\u00e3o treinam nesta segunda-feira e devem desfalcar o rubro-negro na Recopa\" \/>\n<meta property=\"og:description\" content=\"O Flamengo se reapresentou hoje (24) ap\u00f3s a conquista da Ta\u00e7a Guanabara j\u00e1 de olho em mais uma decis\u00e3o. Lesionados, o zagueiro Rodrigo Caio, o lateral-direito Rafinha e o atacante Bruno Henrique n\u00e3o foram a campo e seguem realizando tratamento intensivo visando a final da Recopa Sul-Americana. Apesar da tentativa do departamento m\u00e9dico e da [&hellip;]\" \/>\n<meta property=\"og:url\" content=\"https:\/\/www.gaveanews.com\/index.php\/2020\/02\/24\/tres-jogadores-do-flamengo-nao-treinam-nesta-segunda-feira-e-devem-desfalcar-o-rubro-negro-na-recopa\/\" \/>\n<meta property=\"og:site_name\" content=\"G\u00e1vea News\" \/>\n<meta property=\"article:publisher\" content=\"https:\/\/facebook.com\/gaveaNews\/\" \/>\n<meta property=\"article:published_time\" content=\"2020-02-24T22:55:41+00:00\" \/>\n<meta property=\"article:modified_time\" content=\"2020-02-24T22:55:43+00:00\" \/>\n<meta property=\"og:image\" content=\"https:\/\/www.gaveanews.com\/wp-content\/uploads\/2019\/03\/Para-receber-orientacoes-jogadores-do-Flamengo-fazem-uma-rodinha-em-um-campo-do-Ninho-do-Urubu.webp\" \/>\n\t<meta property=\"og:image:width\" content=\"1\" \/>\n\t<meta property=\"og:image:height\" content=\"1\" \/>\n\t<meta property=\"og:image:type\" content=\"image\/jpeg\" \/>\n<meta name=\"author\" content=\"Equipe G\u00e1vea News\" \/>\n<meta name=\"twitter:card\" content=\"summary_large_image\" \/>\n<meta name=\"twitter:label1\" content=\"Escrito por\" \/>\n\t<meta name=\"twitter:data1\" content=\"Equipe G\u00e1vea News\" \/>\n\t<meta name=\"twitter:label2\" content=\"Est. tempo de leitura\" \/>\n\t<meta name=\"twitter:data2\" content=\"1 minuto\" \/>\n<script type=\"application\/ld+json\" class=\"yoast-schema-graph\">{\"@context\":\"https:\/\/schema.org\",\"@graph\":[{\"@type\":\"NewsArticle\",\"@id\":\"https:\/\/www.gaveanews.com\/index.php\/2020\/02\/24\/tres-jogadores-do-flamengo-nao-treinam-nesta-segunda-feira-e-devem-desfalcar-o-rubro-negro-na-recopa\/#article\",\"isPartOf\":{\"@id\":\"https:\/\/www.gaveanews.com\/index.php\/2020\/02\/24\/tres-jogadores-do-flamengo-nao-treinam-nesta-segunda-feira-e-devem-desfalcar-o-rubro-negro-na-recopa\/\"},\"author\":{\"name\":\"Equipe G\u00e1vea News\",\"@id\":\"https:\/\/www.gaveanews.com\/#\/schema\/person\/2ec14f73fb96be2caf28f91afb14749d\"},\"headline\":\"Tr\u00eas jogadores do Flamengo n\u00e3o treinam nesta segunda-feira e devem desfalcar o rubro-negro na Recopa\",\"datePublished\":\"2020-02-24T22:55:41+00:00\",\"dateModified\":\"2020-02-24T22:55:43+00:00\",\"mainEntityOfPage\":{\"@id\":\"https:\/\/www.gaveanews.com\/index.php\/2020\/02\/24\/tres-jogadores-do-flamengo-nao-treinam-nesta-segunda-feira-e-devem-desfalcar-o-rubro-negro-na-recopa\/\"},\"wordCount\":313,\"commentCount\":28,\"image\":{\"@id\":\"https:\/\/www.gaveanews.com\/index.php\/2020\/02\/24\/tres-jogadores-do-flamengo-nao-treinam-nesta-segunda-feira-e-devem-desfalcar-o-rubro-negro-na-recopa\/#primaryimage\"},\"thumbnailUrl\":\"https:\/\/www.gaveanews.com\/wp-content\/uploads\/2019\/03\/Para-receber-orientacoes-jogadores-do-Flamengo-fazem-uma-rodinha-em-um-campo-do-Ninho-do-Urubu.webp\",\"articleSection\":[\"Destaques\"],\"inLanguage\":\"pt-BR\",\"potentialAction\":[{\"@type\":\"CommentAction\",\"name\":\"Comment\",\"target\":[\"https:\/\/www.gaveanews.com\/index.php\/2020\/02\/24\/tres-jogadores-do-flamengo-nao-treinam-nesta-segunda-feira-e-devem-desfalcar-o-rubro-negro-na-recopa\/#respond\"]}],\"copyrightYear\":\"2020\",\"copyrightHolder\":{\"@id\":\"https:\/\/www.gaveanews.com\/#organization\"}},{\"@type\":\"WebPage\",\"@id\":\"https:\/\/www.gaveanews.com\/index.php\/2020\/02\/24\/tres-jogadores-do-flamengo-nao-treinam-nesta-segunda-feira-e-devem-desfalcar-o-rubro-negro-na-recopa\/\",\"url\":\"https:\/\/www.gaveanews.com\/index.php\/2020\/02\/24\/tres-jogadores-do-flamengo-nao-treinam-nesta-segunda-feira-e-devem-desfalcar-o-rubro-negro-na-recopa\/\",\"name\":\"Tr\u00eas jogadores do Flamengo n\u00e3o treinam nesta segunda-feira e devem desfalcar o rubro-negro na Recopa\",\"isPartOf\":{\"@id\":\"https:\/\/www.gaveanews.com\/#website\"},\"primaryImageOfPage\":{\"@id\":\"https:\/\/www.gaveanews.com\/index.php\/2020\/02\/24\/tres-jogadores-do-flamengo-nao-treinam-nesta-segunda-feira-e-devem-desfalcar-o-rubro-negro-na-recopa\/#primaryimage\"},\"image\":{\"@id\":\"https:\/\/www.gaveanews.com\/index.php\/2020\/02\/24\/tres-jogadores-do-flamengo-nao-treinam-nesta-segunda-feira-e-devem-desfalcar-o-rubro-negro-na-recopa\/#primaryimage\"},\"thumbnailUrl\":\"https:\/\/www.gaveanews.com\/wp-content\/uploads\/2019\/03\/Para-receber-orientacoes-jogadores-do-Flamengo-fazem-uma-rodinha-em-um-campo-do-Ninho-do-Urubu.webp\",\"datePublished\":\"2020-02-24T22:55:41+00:00\",\"dateModified\":\"2020-02-24T22:55:43+00:00\",\"author\":{\"@id\":\"https:\/\/www.gaveanews.com\/#\/schema\/person\/2ec14f73fb96be2caf28f91afb14749d\"},\"breadcrumb\":{\"@id\":\"https:\/\/www.gaveanews.com\/index.php\/2020\/02\/24\/tres-jogadores-do-flamengo-nao-treinam-nesta-segunda-feira-e-devem-desfalcar-o-rubro-negro-na-recopa\/#breadcrumb\"},\"inLanguage\":\"pt-BR\",\"potentialAction\":[{\"@type\":\"ReadAction\",\"target\":[\"https:\/\/www.gaveanews.com\/index.php\/2020\/02\/24\/tres-jogadores-do-flamengo-nao-treinam-nesta-segunda-feira-e-devem-desfalcar-o-rubro-negro-na-recopa\/\"]}]},{\"@type\":\"ImageObject\",\"inLanguage\":\"pt-BR\",\"@id\":\"https:\/\/www.gaveanews.com\/index.php\/2020\/02\/24\/tres-jogadores-do-flamengo-nao-treinam-nesta-segunda-feira-e-devem-desfalcar-o-rubro-negro-na-recopa\/#primaryimage\",\"url\":\"https:\/\/www.gaveanews.com\/wp-content\/uploads\/2019\/03\/Para-receber-orientacoes-jogadores-do-Flamengo-fazem-uma-rodinha-em-um-campo-do-Ninho-do-Urubu.webp\",\"contentUrl\":\"https:\/\/www.gaveanews.com\/wp-content\/uploads\/2019\/03\/Para-receber-orientacoes-jogadores-do-Flamengo-fazem-uma-rodinha-em-um-campo-do-Ninho-do-Urubu.webp\",\"caption\":\"Para receber orienta\u00e7\u00f5es, jogadores do Flamengo fazem uma rodinha em um campo do Ninho do Urubu (Foto: Alexandre Vidal\/Flamengo)\"},{\"@type\":\"BreadcrumbList\",\"@id\":\"https:\/\/www.gaveanews.com\/index.php\/2020\/02\/24\/tres-jogadores-do-flamengo-nao-treinam-nesta-segunda-feira-e-devem-desfalcar-o-rubro-negro-na-recopa\/#breadcrumb\",\"itemListElement\":[{\"@type\":\"ListItem\",\"position\":1,\"name\":\"Home\",\"item\":\"https:\/\/www.gaveanews.com\/\"},{\"@type\":\"ListItem\",\"position\":2,\"name\":\"Tr\u00eas jogadores do Flamengo n\u00e3o treinam nesta segunda-feira e devem desfalcar o rubro-negro na Recopa\"}]},{\"@type\":\"WebSite\",\"@id\":\"https:\/\/www.gaveanews.com\/#website\",\"url\":\"https:\/\/www.gaveanews.com\/\",\"name\":\"G\u00e1vea News\",\"description\":\"Veja todas as not\u00edcias sobre o Flamengo: Contrata\u00e7\u00f5es, categorias de base, resultados das partidas, tabela de classifica\u00e7\u00e3o, pr\u00f3ximos jogos!\",\"potentialAction\":[{\"@type\":\"SearchAction\",\"target\":{\"@type\":\"EntryPoint\",\"urlTemplate\":\"https:\/\/www.gaveanews.com\/?s={search_term_string}\"},\"query-input\":{\"@type\":\"PropertyValueSpecification\",\"valueRequired\":true,\"valueName\":\"search_term_string\"}}],\"inLanguage\":\"pt-BR\"},{\"@type\":\"Person\",\"@id\":\"https:\/\/www.gaveanews.com\/#\/schema\/person\/2ec14f73fb96be2caf28f91afb14749d\",\"name\":\"Equipe G\u00e1vea News\",\"image\":{\"@type\":\"ImageObject\",\"inLanguage\":\"pt-BR\",\"@id\":\"https:\/\/www.gaveanews.com\/#\/schema\/person\/image\/\",\"url\":\"https:\/\/secure.gravatar.com\/avatar\/1e1956f1facbffd3f8fa53a326721950116b3b9dc9bd44939c01180fd4a745a9?s=96&d=mm&r=g\",\"contentUrl\":\"https:\/\/secure.gravatar.com\/avatar\/1e1956f1facbffd3f8fa53a326721950116b3b9dc9bd44939c01180fd4a745a9?s=96&d=mm&r=g\",\"caption\":\"Equipe G\u00e1vea News\"}}]}<\/script>\n<!-- \/ Yoast SEO Premium plugin. -->","yoast_head_json":{"title":"Tr\u00eas jogadores do Flamengo n\u00e3o treinam nesta segunda-feira e devem desfalcar o rubro-negro na Recopa","robots":{"index":"index","follow":"follow","max-snippet":"max-snippet:-1","max-image-preview":"max-image-preview:large","max-video-preview":"max-video-preview:-1"},"canonical":"https:\/\/www.gaveanews.com\/index.php\/2020\/02\/24\/tres-jogadores-do-flamengo-nao-treinam-nesta-segunda-feira-e-devem-desfalcar-o-rubro-negro-na-recopa\/","og_locale":"pt_BR","og_type":"article","og_title":"Tr\u00eas jogadores do Flamengo n\u00e3o treinam nesta segunda-feira e devem desfalcar o rubro-negro na Recopa","og_description":"O Flamengo se reapresentou hoje (24) ap\u00f3s a conquista da Ta\u00e7a Guanabara j\u00e1 de olho em mais uma decis\u00e3o. Lesionados, o zagueiro Rodrigo Caio, o lateral-direito Rafinha e o atacante Bruno Henrique n\u00e3o foram a campo e seguem realizando tratamento intensivo visando a final da Recopa Sul-Americana. Apesar da tentativa do departamento m\u00e9dico e da [&hellip;]","og_url":"https:\/\/www.gaveanews.com\/index.php\/2020\/02\/24\/tres-jogadores-do-flamengo-nao-treinam-nesta-segunda-feira-e-devem-desfalcar-o-rubro-negro-na-recopa\/","og_site_name":"G\u00e1vea News","article_publisher":"https:\/\/facebook.com\/gaveaNews\/","article_published_time":"2020-02-24T22:55:41+00:00","article_modified_time":"2020-02-24T22:55:43+00:00","og_image":[{"url":"https:\/\/www.gaveanews.com\/wp-content\/uploads\/2019\/03\/Para-receber-orientacoes-jogadores-do-Flamengo-fazem-uma-rodinha-em-um-campo-do-Ninho-do-Urubu.webp","width":1,"height":1,"type":"image\/jpeg"}],"author":"Equipe G\u00e1vea News","twitter_card":"summary_large_image","twitter_misc":{"Escrito por":"Equipe G\u00e1vea News","Est. tempo de leitura":"1 minuto"},"schema":{"@context":"https:\/\/schema.org","@graph":[{"@type":"NewsArticle","@id":"https:\/\/www.gaveanews.com\/index.php\/2020\/02\/24\/tres-jogadores-do-flamengo-nao-treinam-nesta-segunda-feira-e-devem-desfalcar-o-rubro-negro-na-recopa\/#article","isPartOf":{"@id":"https:\/\/www.gaveanews.com\/index.php\/2020\/02\/24\/tres-jogadores-do-flamengo-nao-treinam-nesta-segunda-feira-e-devem-desfalcar-o-rubro-negro-na-recopa\/"},"author":{"name":"Equipe G\u00e1vea News","@id":"https:\/\/www.gaveanews.com\/#\/schema\/person\/2ec14f73fb96be2caf28f91afb14749d"},"headline":"Tr\u00eas jogadores do Flamengo n\u00e3o treinam nesta segunda-feira e devem desfalcar o rubro-negro na Recopa","datePublished":"2020-02-24T22:55:41+00:00","dateModified":"2020-02-24T22:55:43+00:00","mainEntityOfPage":{"@id":"https:\/\/www.gaveanews.com\/index.php\/2020\/02\/24\/tres-jogadores-do-flamengo-nao-treinam-nesta-segunda-feira-e-devem-desfalcar-o-rubro-negro-na-recopa\/"},"wordCount":313,"commentCount":28,"image":{"@id":"https:\/\/www.gaveanews.com\/index.php\/2020\/02\/24\/tres-jogadores-do-flamengo-nao-treinam-nesta-segunda-feira-e-devem-desfalcar-o-rubro-negro-na-recopa\/#primaryimage"},"thumbnailUrl":"https:\/\/www.gaveanews.com\/wp-content\/uploads\/2019\/03\/Para-receber-orientacoes-jogadores-do-Flamengo-fazem-uma-rodinha-em-um-campo-do-Ninho-do-Urubu.webp","articleSection":["Destaques"],"inLanguage":"pt-BR","potentialAction":[{"@type":"CommentAction","name":"Comment","target":["https:\/\/www.gaveanews.com\/index.php\/2020\/02\/24\/tres-jogadores-do-flamengo-nao-treinam-nesta-segunda-feira-e-devem-desfalcar-o-rubro-negro-na-recopa\/#respond"]}],"copyrightYear":"2020","copyrightHolder":{"@id":"https:\/\/www.gaveanews.com\/#organization"}},{"@type":"WebPage","@id":"https:\/\/www.gaveanews.com\/index.php\/2020\/02\/24\/tres-jogadores-do-flamengo-nao-treinam-nesta-segunda-feira-e-devem-desfalcar-o-rubro-negro-na-recopa\/","url":"https:\/\/www.gaveanews.com\/index.php\/2020\/02\/24\/tres-jogadores-do-flamengo-nao-treinam-nesta-segunda-feira-e-devem-desfalcar-o-rubro-negro-na-recopa\/","name":"Tr\u00eas jogadores do Flamengo n\u00e3o treinam nesta segunda-feira e devem desfalcar o rubro-negro na Recopa","isPartOf":{"@id":"https:\/\/www.gaveanews.com\/#website"},"primaryImageOfPage":{"@id":"https:\/\/www.gaveanews.com\/index.php\/2020\/02\/24\/tres-jogadores-do-flamengo-nao-treinam-nesta-segunda-feira-e-devem-desfalcar-o-rubro-negro-na-recopa\/#primaryimage"},"image":{"@id":"https:\/\/www.gaveanews.com\/index.php\/2020\/02\/24\/tres-jogadores-do-flamengo-nao-treinam-nesta-segunda-feira-e-devem-desfalcar-o-rubro-negro-na-recopa\/#primaryimage"},"thumbnailUrl":"https:\/\/www.gaveanews.com\/wp-content\/uploads\/2019\/03\/Para-receber-orientacoes-jogadores-do-Flamengo-fazem-uma-rodinha-em-um-campo-do-Ninho-do-Urubu.webp","datePublished":"2020-02-24T22:55:41+00:00","dateModified":"2020-02-24T22:55:43+00:00","author":{"@id":"https:\/\/www.gaveanews.com\/#\/schema\/person\/2ec14f73fb96be2caf28f91afb14749d"},"breadcrumb":{"@id":"https:\/\/www.gaveanews.com\/index.php\/2020\/02\/24\/tres-jogadores-do-flamengo-nao-treinam-nesta-segunda-feira-e-devem-desfalcar-o-rubro-negro-na-recopa\/#breadcrumb"},"inLanguage":"pt-BR","potentialAction":[{"@type":"ReadAction","target":["https:\/\/www.gaveanews.com\/index.php\/2020\/02\/24\/tres-jogadores-do-flamengo-nao-treinam-nesta-segunda-feira-e-devem-desfalcar-o-rubro-negro-na-recopa\/"]}]},{"@type":"ImageObject","inLanguage":"pt-BR","@id":"https:\/\/www.gaveanews.com\/index.php\/2020\/02\/24\/tres-jogadores-do-flamengo-nao-treinam-nesta-segunda-feira-e-devem-desfalcar-o-rubro-negro-na-recopa\/#primaryimage","url":"https:\/\/www.gaveanews.com\/wp-content\/uploads\/2019\/03\/Para-receber-orientacoes-jogadores-do-Flamengo-fazem-uma-rodinha-em-um-campo-do-Ninho-do-Urubu.webp","contentUrl":"https:\/\/www.gaveanews.com\/wp-content\/uploads\/2019\/03\/Para-receber-orientacoes-jogadores-do-Flamengo-fazem-uma-rodinha-em-um-campo-do-Ninho-do-Urubu.webp","caption":"Para receber orienta\u00e7\u00f5es, jogadores do Flamengo fazem uma rodinha em um campo do Ninho do Urubu (Foto: Alexandre Vidal\/Flamengo)"},{"@type":"BreadcrumbList","@id":"https:\/\/www.gaveanews.com\/index.php\/2020\/02\/24\/tres-jogadores-do-flamengo-nao-treinam-nesta-segunda-feira-e-devem-desfalcar-o-rubro-negro-na-recopa\/#breadcrumb","itemListElement":[{"@type":"ListItem","position":1,"name":"Home","item":"https:\/\/www.gaveanews.com\/"},{"@type":"ListItem","position":2,"name":"Tr\u00eas jogadores do Flamengo n\u00e3o treinam nesta segunda-feira e devem desfalcar o rubro-negro na Recopa"}]},{"@type":"WebSite","@id":"https:\/\/www.gaveanews.com\/#website","url":"https:\/\/www.gaveanews.com\/","name":"G\u00e1vea News","description":"Veja todas as not\u00edcias sobre o Flamengo: Contrata\u00e7\u00f5es, categorias de base, resultados das partidas, tabela de classifica\u00e7\u00e3o, pr\u00f3ximos jogos!","potentialAction":[{"@type":"SearchAction","target":{"@type":"EntryPoint","urlTemplate":"https:\/\/www.gaveanews.com\/?s={search_term_string}"},"query-input":{"@type":"PropertyValueSpecification","valueRequired":true,"valueName":"search_term_string"}}],"inLanguage":"pt-BR"},{"@type":"Person","@id":"https:\/\/www.gaveanews.com\/#\/schema\/person\/2ec14f73fb96be2caf28f91afb14749d","name":"Equipe G\u00e1vea News","image":{"@type":"ImageObject","inLanguage":"pt-BR","@id":"https:\/\/www.gaveanews.com\/#\/schema\/person\/image\/","url":"https:\/\/secure.gravatar.com\/avatar\/1e1956f1facbffd3f8fa53a326721950116b3b9dc9bd44939c01180fd4a745a9?s=96&d=mm&r=g","contentUrl":"https:\/\/secure.gravatar.com\/avatar\/1e1956f1facbffd3f8fa53a326721950116b3b9dc9bd44939c01180fd4a745a9?s=96&d=mm&r=g","caption":"Equipe G\u00e1vea News"}}]}},"_links":{"self":[{"href":"https:\/\/www.gaveanews.com\/index.php\/wp-json\/wp\/v2\/posts\/37485","targetHints":{"allow":["GET"]}}],"collection":[{"href":"https:\/\/www.gaveanews.com\/index.php\/wp-json\/wp\/v2\/posts"}],"about":[{"href":"https:\/\/www.gaveanews.com\/index.php\/wp-json\/wp\/v2\/types\/post"}],"author":[{"embeddable":true,"href":"https:\/\/www.gaveanews.com\/index.php\/wp-json\/wp\/v2\/users\/1"}],"replies":[{"embeddable":true,"href":"https:\/\/www.gaveanews.com\/index.php\/wp-json\/wp\/v2\/comments?post=37485"}],"version-history":[{"count":0,"href":"https:\/\/www.gaveanews.com\/index.php\/wp-json\/wp\/v2\/posts\/37485\/revisions"}],"wp:featuredmedia":[{"embeddable":true,"href":"https:\/\/www.gaveanews.com\/index.php\/wp-json\/wp\/v2\/media\/16362"}],"wp:attachment":[{"href":"https:\/\/www.gaveanews.com\/index.php\/wp-json\/wp\/v2\/media?parent=37485"}],"wp:term":[{"taxonomy":"category","embeddable":true,"href":"https:\/\/www.gaveanews.com\/index.php\/wp-json\/wp\/v2\/categories?post=37485"},{"taxonomy":"post_tag","embeddable":true,"href":"https:\/\/www.gaveanews.com\/index.php\/wp-json\/wp\/v2\/tags?post=37485"}],"curies":[{"name":"wp","href":"https:\/\/api.w.org\/{rel}","templated":true}]}}