{"id":37489,"date":"2020-02-24T20:57:28","date_gmt":"2020-02-24T23:57:28","guid":{"rendered":"https:\/\/www.gaveanews.com\/?p=37489"},"modified":"2020-02-24T20:57:32","modified_gmt":"2020-02-24T23:57:32","slug":"apos-apelo-em-rede-social-meio-campista-do-flamengo-gerson-consegue-seus-documentos","status":"publish","type":"post","link":"https:\/\/www.gaveanews.com\/index.php\/2020\/02\/24\/apos-apelo-em-rede-social-meio-campista-do-flamengo-gerson-consegue-seus-documentos\/","title":{"rendered":"Ap\u00f3s apelo em rede social, meio-campista do Flamengo, Gerson consegue seus documentos"},"content":{"rendered":"\n<p>O camisa 8 do Flamengo acabou perdendo sua carteira na Marina da Gl\u00f3ria. Diante disso, fez um apelo e contou com o apoio da na\u00e7\u00e3o rubro-negra. A mensagem publicada pelo jogador pendido ajuda teve 10 mil compartilhamentos, e acabou gerando resultado. Isso porque seus documentos, que estavam no objeto, foram encontrados.<\/p>\n\n\n\n<p>Com a grande repercuss\u00e3o da postagem, Gerson recuperou a carteira. Sendo assim, fez um agradecimento ao guarda municipal Gustavo Marcos Fontes Barbosa e seu amigo Gabriel, que ajudaram na miss\u00e3o.<\/p>\n\n\n\n<p>Veja abaixo as publica\u00e7\u00f5es do jogador:<\/p>\n\n\n\n<figure class=\"wp-block-embed-twitter wp-block-embed is-type-rich is-provider-twitter\"><div class=\"wp-block-embed__wrapper\">\n<blockquote class=\"twitter-tweet\" data-width=\"550\" data-dnt=\"true\"><p lang=\"pt\" dir=\"ltr\">Fala, galera. Ontem, na Marina da Gl\u00f3ria, perdi minha carteira com todos os meus documentos.<br><br>Quem puder compartilhar e me ajudar a encontrar, agrade\u00e7o demais.<\/p>&mdash; Gerson Santos (@GersonSantos08) <a href=\"https:\/\/twitter.com\/GersonSantos08\/status\/1231964532400062464?ref_src=twsrc%5Etfw\">February 24, 2020<\/a><\/blockquote><script async src=\"https:\/\/platform.twitter.com\/widgets.js\" charset=\"utf-8\"><\/script>\n<\/div><\/figure>\n\n\n\n<figure class=\"wp-block-embed-twitter wp-block-embed is-type-rich is-provider-twitter\"><div class=\"wp-block-embed__wrapper\">\n<blockquote class=\"twitter-tweet\" data-width=\"550\" data-dnt=\"true\"><p lang=\"pt\" dir=\"ltr\">Agrade\u00e7o a todos que compartilharam a mensagem. J\u00e1 encontrei a carteira com meus documentos.<br><br>Obrigado ao guarda municipal Gustavo Marcos Fontes Barbosa e seu amigo Gabriel por terem encontrado, guardado e feito contato para entregar. Tmj sempre \ud83d\ude45\ud83c\udfff\u200d\u2642<\/p>&mdash; Gerson Santos (@GersonSantos08) <a href=\"https:\/\/twitter.com\/GersonSantos08\/status\/1231998315534917633?ref_src=twsrc%5Etfw\">February 24, 2020<\/a><\/blockquote><script async src=\"https:\/\/platform.twitter.com\/widgets.js\" charset=\"utf-8\"><\/script>\n<\/div><\/figure>\n\n\n\n<p>Ap\u00f3s o epis\u00f3dio e o al\u00edvio por n\u00e3o perder seus documentos, Gerson e o grupo do Flamengo miram o pr\u00f3ximo objetivo da temporada. Ap\u00f3s o empate no Equador por 2 a 2, diante do Independiente del Valle, o Rubro-Negro contar\u00e1 com um Maracan\u00e3 lotado para conquistar a Recopa Sul-Americana, e faturar o terceiro trof\u00e9u em 2020.<\/p>\n\n\n\n<p>Retirado de: Torcedores<\/p>\n","protected":false},"excerpt":{"rendered":"<p>O camisa 8 do Flamengo acabou perdendo sua carteira na Marina da Gl\u00f3ria. Diante disso, fez um apelo e contou com o apoio da na\u00e7\u00e3o rubro-negra. A mensagem publicada pelo jogador pendido ajuda teve 10 mil compartilhamentos, e acabou gerando resultado. Isso porque seus documentos, que estavam no objeto, foram encontrados. Com a grande repercuss\u00e3o [&hellip;]<\/p>\n","protected":false},"author":1,"featured_media":28937,"comment_status":"open","ping_status":"closed","sticky":false,"template":"","format":"standard","meta":{"footnotes":""},"categories":[1],"tags":[],"class_list":["post-37489","post","type-post","status-publish","format-standard","has-post-thumbnail","hentry","category-flamengo"],"yoast_head":"<!-- This site is optimized with the Yoast SEO Premium plugin v24.2 (Yoast SEO v26.9) - https:\/\/yoast.com\/product\/yoast-seo-premium-wordpress\/ -->\n<title>Ap\u00f3s apelo em rede social, meio-campista do Flamengo, Gerson consegue seus documentos<\/title>\n<meta name=\"robots\" content=\"index, follow, max-snippet:-1, max-image-preview:large, max-video-preview:-1\" \/>\n<link rel=\"canonical\" href=\"https:\/\/www.gaveanews.com\/index.php\/2020\/02\/24\/apos-apelo-em-rede-social-meio-campista-do-flamengo-gerson-consegue-seus-documentos\/\" \/>\n<meta property=\"og:locale\" content=\"pt_BR\" \/>\n<meta property=\"og:type\" content=\"article\" \/>\n<meta property=\"og:title\" content=\"Ap\u00f3s apelo em rede social, meio-campista do Flamengo, Gerson consegue seus documentos\" \/>\n<meta property=\"og:description\" content=\"O camisa 8 do Flamengo acabou perdendo sua carteira na Marina da Gl\u00f3ria. Diante disso, fez um apelo e contou com o apoio da na\u00e7\u00e3o rubro-negra. A mensagem publicada pelo jogador pendido ajuda teve 10 mil compartilhamentos, e acabou gerando resultado. Isso porque seus documentos, que estavam no objeto, foram encontrados. Com a grande repercuss\u00e3o [&hellip;]\" \/>\n<meta property=\"og:url\" content=\"https:\/\/www.gaveanews.com\/index.php\/2020\/02\/24\/apos-apelo-em-rede-social-meio-campista-do-flamengo-gerson-consegue-seus-documentos\/\" \/>\n<meta property=\"og:site_name\" content=\"G\u00e1vea News\" \/>\n<meta property=\"article:publisher\" content=\"https:\/\/facebook.com\/gaveaNews\/\" \/>\n<meta property=\"article:published_time\" content=\"2020-02-24T23:57:28+00:00\" \/>\n<meta property=\"article:modified_time\" content=\"2020-02-24T23:57:32+00:00\" \/>\n<meta property=\"og:image\" content=\"https:\/\/www.gaveanews.com\/wp-content\/uploads\/Gerson-durante-uma-partida-do-Flamengo.webp\" \/>\n\t<meta property=\"og:image:width\" content=\"900\" \/>\n\t<meta property=\"og:image:height\" content=\"600\" \/>\n\t<meta property=\"og:image:type\" content=\"image\/jpeg\" \/>\n<meta name=\"author\" content=\"Equipe G\u00e1vea News\" \/>\n<meta name=\"twitter:card\" content=\"summary_large_image\" \/>\n<meta name=\"twitter:label1\" content=\"Escrito por\" \/>\n\t<meta name=\"twitter:data1\" content=\"Equipe G\u00e1vea News\" \/>\n\t<meta name=\"twitter:label2\" content=\"Est. tempo de leitura\" \/>\n\t<meta name=\"twitter:data2\" content=\"1 minuto\" \/>\n<script type=\"application\/ld+json\" class=\"yoast-schema-graph\">{\"@context\":\"https:\/\/schema.org\",\"@graph\":[{\"@type\":\"NewsArticle\",\"@id\":\"https:\/\/www.gaveanews.com\/index.php\/2020\/02\/24\/apos-apelo-em-rede-social-meio-campista-do-flamengo-gerson-consegue-seus-documentos\/#article\",\"isPartOf\":{\"@id\":\"https:\/\/www.gaveanews.com\/index.php\/2020\/02\/24\/apos-apelo-em-rede-social-meio-campista-do-flamengo-gerson-consegue-seus-documentos\/\"},\"author\":{\"name\":\"Equipe G\u00e1vea News\",\"@id\":\"https:\/\/www.gaveanews.com\/#\/schema\/person\/2ec14f73fb96be2caf28f91afb14749d\"},\"headline\":\"Ap\u00f3s apelo em rede social, meio-campista do Flamengo, Gerson consegue seus documentos\",\"datePublished\":\"2020-02-24T23:57:28+00:00\",\"dateModified\":\"2020-02-24T23:57:32+00:00\",\"mainEntityOfPage\":{\"@id\":\"https:\/\/www.gaveanews.com\/index.php\/2020\/02\/24\/apos-apelo-em-rede-social-meio-campista-do-flamengo-gerson-consegue-seus-documentos\/\"},\"wordCount\":218,\"commentCount\":20,\"image\":{\"@id\":\"https:\/\/www.gaveanews.com\/index.php\/2020\/02\/24\/apos-apelo-em-rede-social-meio-campista-do-flamengo-gerson-consegue-seus-documentos\/#primaryimage\"},\"thumbnailUrl\":\"https:\/\/www.gaveanews.com\/wp-content\/uploads\/Gerson-durante-uma-partida-do-Flamengo.webp\",\"articleSection\":[\"Flamengo\"],\"inLanguage\":\"pt-BR\",\"potentialAction\":[{\"@type\":\"CommentAction\",\"name\":\"Comment\",\"target\":[\"https:\/\/www.gaveanews.com\/index.php\/2020\/02\/24\/apos-apelo-em-rede-social-meio-campista-do-flamengo-gerson-consegue-seus-documentos\/#respond\"]}],\"copyrightYear\":\"2020\",\"copyrightHolder\":{\"@id\":\"https:\/\/www.gaveanews.com\/#organization\"}},{\"@type\":\"WebPage\",\"@id\":\"https:\/\/www.gaveanews.com\/index.php\/2020\/02\/24\/apos-apelo-em-rede-social-meio-campista-do-flamengo-gerson-consegue-seus-documentos\/\",\"url\":\"https:\/\/www.gaveanews.com\/index.php\/2020\/02\/24\/apos-apelo-em-rede-social-meio-campista-do-flamengo-gerson-consegue-seus-documentos\/\",\"name\":\"Ap\u00f3s apelo em rede social, meio-campista do Flamengo, Gerson consegue seus documentos\",\"isPartOf\":{\"@id\":\"https:\/\/www.gaveanews.com\/#website\"},\"primaryImageOfPage\":{\"@id\":\"https:\/\/www.gaveanews.com\/index.php\/2020\/02\/24\/apos-apelo-em-rede-social-meio-campista-do-flamengo-gerson-consegue-seus-documentos\/#primaryimage\"},\"image\":{\"@id\":\"https:\/\/www.gaveanews.com\/index.php\/2020\/02\/24\/apos-apelo-em-rede-social-meio-campista-do-flamengo-gerson-consegue-seus-documentos\/#primaryimage\"},\"thumbnailUrl\":\"https:\/\/www.gaveanews.com\/wp-content\/uploads\/Gerson-durante-uma-partida-do-Flamengo.webp\",\"datePublished\":\"2020-02-24T23:57:28+00:00\",\"dateModified\":\"2020-02-24T23:57:32+00:00\",\"author\":{\"@id\":\"https:\/\/www.gaveanews.com\/#\/schema\/person\/2ec14f73fb96be2caf28f91afb14749d\"},\"breadcrumb\":{\"@id\":\"https:\/\/www.gaveanews.com\/index.php\/2020\/02\/24\/apos-apelo-em-rede-social-meio-campista-do-flamengo-gerson-consegue-seus-documentos\/#breadcrumb\"},\"inLanguage\":\"pt-BR\",\"potentialAction\":[{\"@type\":\"ReadAction\",\"target\":[\"https:\/\/www.gaveanews.com\/index.php\/2020\/02\/24\/apos-apelo-em-rede-social-meio-campista-do-flamengo-gerson-consegue-seus-documentos\/\"]}]},{\"@type\":\"ImageObject\",\"inLanguage\":\"pt-BR\",\"@id\":\"https:\/\/www.gaveanews.com\/index.php\/2020\/02\/24\/apos-apelo-em-rede-social-meio-campista-do-flamengo-gerson-consegue-seus-documentos\/#primaryimage\",\"url\":\"https:\/\/www.gaveanews.com\/wp-content\/uploads\/Gerson-durante-uma-partida-do-Flamengo.webp\",\"contentUrl\":\"https:\/\/www.gaveanews.com\/wp-content\/uploads\/Gerson-durante-uma-partida-do-Flamengo.webp\",\"width\":900,\"height\":600,\"caption\":\"Gerson durante uma partida do Flamengo (Foto: Alexandre Vidal\/Flamengo)\"},{\"@type\":\"BreadcrumbList\",\"@id\":\"https:\/\/www.gaveanews.com\/index.php\/2020\/02\/24\/apos-apelo-em-rede-social-meio-campista-do-flamengo-gerson-consegue-seus-documentos\/#breadcrumb\",\"itemListElement\":[{\"@type\":\"ListItem\",\"position\":1,\"name\":\"Home\",\"item\":\"https:\/\/www.gaveanews.com\/\"},{\"@type\":\"ListItem\",\"position\":2,\"name\":\"Ap\u00f3s apelo em rede social, meio-campista do Flamengo, Gerson consegue seus documentos\"}]},{\"@type\":\"WebSite\",\"@id\":\"https:\/\/www.gaveanews.com\/#website\",\"url\":\"https:\/\/www.gaveanews.com\/\",\"name\":\"G\u00e1vea News\",\"description\":\"Veja todas as not\u00edcias sobre o Flamengo: Contrata\u00e7\u00f5es, categorias de base, resultados das partidas, tabela de classifica\u00e7\u00e3o, pr\u00f3ximos jogos!\",\"potentialAction\":[{\"@type\":\"SearchAction\",\"target\":{\"@type\":\"EntryPoint\",\"urlTemplate\":\"https:\/\/www.gaveanews.com\/?s={search_term_string}\"},\"query-input\":{\"@type\":\"PropertyValueSpecification\",\"valueRequired\":true,\"valueName\":\"search_term_string\"}}],\"inLanguage\":\"pt-BR\"},{\"@type\":\"Person\",\"@id\":\"https:\/\/www.gaveanews.com\/#\/schema\/person\/2ec14f73fb96be2caf28f91afb14749d\",\"name\":\"Equipe G\u00e1vea News\",\"image\":{\"@type\":\"ImageObject\",\"inLanguage\":\"pt-BR\",\"@id\":\"https:\/\/www.gaveanews.com\/#\/schema\/person\/image\/\",\"url\":\"https:\/\/secure.gravatar.com\/avatar\/1e1956f1facbffd3f8fa53a326721950116b3b9dc9bd44939c01180fd4a745a9?s=96&d=mm&r=g\",\"contentUrl\":\"https:\/\/secure.gravatar.com\/avatar\/1e1956f1facbffd3f8fa53a326721950116b3b9dc9bd44939c01180fd4a745a9?s=96&d=mm&r=g\",\"caption\":\"Equipe G\u00e1vea News\"}}]}<\/script>\n<!-- \/ Yoast SEO Premium plugin. -->","yoast_head_json":{"title":"Ap\u00f3s apelo em rede social, meio-campista do Flamengo, Gerson consegue seus documentos","robots":{"index":"index","follow":"follow","max-snippet":"max-snippet:-1","max-image-preview":"max-image-preview:large","max-video-preview":"max-video-preview:-1"},"canonical":"https:\/\/www.gaveanews.com\/index.php\/2020\/02\/24\/apos-apelo-em-rede-social-meio-campista-do-flamengo-gerson-consegue-seus-documentos\/","og_locale":"pt_BR","og_type":"article","og_title":"Ap\u00f3s apelo em rede social, meio-campista do Flamengo, Gerson consegue seus documentos","og_description":"O camisa 8 do Flamengo acabou perdendo sua carteira na Marina da Gl\u00f3ria. Diante disso, fez um apelo e contou com o apoio da na\u00e7\u00e3o rubro-negra. A mensagem publicada pelo jogador pendido ajuda teve 10 mil compartilhamentos, e acabou gerando resultado. Isso porque seus documentos, que estavam no objeto, foram encontrados. Com a grande repercuss\u00e3o [&hellip;]","og_url":"https:\/\/www.gaveanews.com\/index.php\/2020\/02\/24\/apos-apelo-em-rede-social-meio-campista-do-flamengo-gerson-consegue-seus-documentos\/","og_site_name":"G\u00e1vea News","article_publisher":"https:\/\/facebook.com\/gaveaNews\/","article_published_time":"2020-02-24T23:57:28+00:00","article_modified_time":"2020-02-24T23:57:32+00:00","og_image":[{"width":900,"height":600,"url":"https:\/\/www.gaveanews.com\/wp-content\/uploads\/Gerson-durante-uma-partida-do-Flamengo.webp","type":"image\/jpeg"}],"author":"Equipe G\u00e1vea News","twitter_card":"summary_large_image","twitter_misc":{"Escrito por":"Equipe G\u00e1vea News","Est. tempo de leitura":"1 minuto"},"schema":{"@context":"https:\/\/schema.org","@graph":[{"@type":"NewsArticle","@id":"https:\/\/www.gaveanews.com\/index.php\/2020\/02\/24\/apos-apelo-em-rede-social-meio-campista-do-flamengo-gerson-consegue-seus-documentos\/#article","isPartOf":{"@id":"https:\/\/www.gaveanews.com\/index.php\/2020\/02\/24\/apos-apelo-em-rede-social-meio-campista-do-flamengo-gerson-consegue-seus-documentos\/"},"author":{"name":"Equipe G\u00e1vea News","@id":"https:\/\/www.gaveanews.com\/#\/schema\/person\/2ec14f73fb96be2caf28f91afb14749d"},"headline":"Ap\u00f3s apelo em rede social, meio-campista do Flamengo, Gerson consegue seus documentos","datePublished":"2020-02-24T23:57:28+00:00","dateModified":"2020-02-24T23:57:32+00:00","mainEntityOfPage":{"@id":"https:\/\/www.gaveanews.com\/index.php\/2020\/02\/24\/apos-apelo-em-rede-social-meio-campista-do-flamengo-gerson-consegue-seus-documentos\/"},"wordCount":218,"commentCount":20,"image":{"@id":"https:\/\/www.gaveanews.com\/index.php\/2020\/02\/24\/apos-apelo-em-rede-social-meio-campista-do-flamengo-gerson-consegue-seus-documentos\/#primaryimage"},"thumbnailUrl":"https:\/\/www.gaveanews.com\/wp-content\/uploads\/Gerson-durante-uma-partida-do-Flamengo.webp","articleSection":["Flamengo"],"inLanguage":"pt-BR","potentialAction":[{"@type":"CommentAction","name":"Comment","target":["https:\/\/www.gaveanews.com\/index.php\/2020\/02\/24\/apos-apelo-em-rede-social-meio-campista-do-flamengo-gerson-consegue-seus-documentos\/#respond"]}],"copyrightYear":"2020","copyrightHolder":{"@id":"https:\/\/www.gaveanews.com\/#organization"}},{"@type":"WebPage","@id":"https:\/\/www.gaveanews.com\/index.php\/2020\/02\/24\/apos-apelo-em-rede-social-meio-campista-do-flamengo-gerson-consegue-seus-documentos\/","url":"https:\/\/www.gaveanews.com\/index.php\/2020\/02\/24\/apos-apelo-em-rede-social-meio-campista-do-flamengo-gerson-consegue-seus-documentos\/","name":"Ap\u00f3s apelo em rede social, meio-campista do Flamengo, Gerson consegue seus documentos","isPartOf":{"@id":"https:\/\/www.gaveanews.com\/#website"},"primaryImageOfPage":{"@id":"https:\/\/www.gaveanews.com\/index.php\/2020\/02\/24\/apos-apelo-em-rede-social-meio-campista-do-flamengo-gerson-consegue-seus-documentos\/#primaryimage"},"image":{"@id":"https:\/\/www.gaveanews.com\/index.php\/2020\/02\/24\/apos-apelo-em-rede-social-meio-campista-do-flamengo-gerson-consegue-seus-documentos\/#primaryimage"},"thumbnailUrl":"https:\/\/www.gaveanews.com\/wp-content\/uploads\/Gerson-durante-uma-partida-do-Flamengo.webp","datePublished":"2020-02-24T23:57:28+00:00","dateModified":"2020-02-24T23:57:32+00:00","author":{"@id":"https:\/\/www.gaveanews.com\/#\/schema\/person\/2ec14f73fb96be2caf28f91afb14749d"},"breadcrumb":{"@id":"https:\/\/www.gaveanews.com\/index.php\/2020\/02\/24\/apos-apelo-em-rede-social-meio-campista-do-flamengo-gerson-consegue-seus-documentos\/#breadcrumb"},"inLanguage":"pt-BR","potentialAction":[{"@type":"ReadAction","target":["https:\/\/www.gaveanews.com\/index.php\/2020\/02\/24\/apos-apelo-em-rede-social-meio-campista-do-flamengo-gerson-consegue-seus-documentos\/"]}]},{"@type":"ImageObject","inLanguage":"pt-BR","@id":"https:\/\/www.gaveanews.com\/index.php\/2020\/02\/24\/apos-apelo-em-rede-social-meio-campista-do-flamengo-gerson-consegue-seus-documentos\/#primaryimage","url":"https:\/\/www.gaveanews.com\/wp-content\/uploads\/Gerson-durante-uma-partida-do-Flamengo.webp","contentUrl":"https:\/\/www.gaveanews.com\/wp-content\/uploads\/Gerson-durante-uma-partida-do-Flamengo.webp","width":900,"height":600,"caption":"Gerson durante uma partida do Flamengo (Foto: Alexandre Vidal\/Flamengo)"},{"@type":"BreadcrumbList","@id":"https:\/\/www.gaveanews.com\/index.php\/2020\/02\/24\/apos-apelo-em-rede-social-meio-campista-do-flamengo-gerson-consegue-seus-documentos\/#breadcrumb","itemListElement":[{"@type":"ListItem","position":1,"name":"Home","item":"https:\/\/www.gaveanews.com\/"},{"@type":"ListItem","position":2,"name":"Ap\u00f3s apelo em rede social, meio-campista do Flamengo, Gerson consegue seus documentos"}]},{"@type":"WebSite","@id":"https:\/\/www.gaveanews.com\/#website","url":"https:\/\/www.gaveanews.com\/","name":"G\u00e1vea News","description":"Veja todas as not\u00edcias sobre o Flamengo: Contrata\u00e7\u00f5es, categorias de base, resultados das partidas, tabela de classifica\u00e7\u00e3o, pr\u00f3ximos jogos!","potentialAction":[{"@type":"SearchAction","target":{"@type":"EntryPoint","urlTemplate":"https:\/\/www.gaveanews.com\/?s={search_term_string}"},"query-input":{"@type":"PropertyValueSpecification","valueRequired":true,"valueName":"search_term_string"}}],"inLanguage":"pt-BR"},{"@type":"Person","@id":"https:\/\/www.gaveanews.com\/#\/schema\/person\/2ec14f73fb96be2caf28f91afb14749d","name":"Equipe G\u00e1vea News","image":{"@type":"ImageObject","inLanguage":"pt-BR","@id":"https:\/\/www.gaveanews.com\/#\/schema\/person\/image\/","url":"https:\/\/secure.gravatar.com\/avatar\/1e1956f1facbffd3f8fa53a326721950116b3b9dc9bd44939c01180fd4a745a9?s=96&d=mm&r=g","contentUrl":"https:\/\/secure.gravatar.com\/avatar\/1e1956f1facbffd3f8fa53a326721950116b3b9dc9bd44939c01180fd4a745a9?s=96&d=mm&r=g","caption":"Equipe G\u00e1vea News"}}]}},"_links":{"self":[{"href":"https:\/\/www.gaveanews.com\/index.php\/wp-json\/wp\/v2\/posts\/37489","targetHints":{"allow":["GET"]}}],"collection":[{"href":"https:\/\/www.gaveanews.com\/index.php\/wp-json\/wp\/v2\/posts"}],"about":[{"href":"https:\/\/www.gaveanews.com\/index.php\/wp-json\/wp\/v2\/types\/post"}],"author":[{"embeddable":true,"href":"https:\/\/www.gaveanews.com\/index.php\/wp-json\/wp\/v2\/users\/1"}],"replies":[{"embeddable":true,"href":"https:\/\/www.gaveanews.com\/index.php\/wp-json\/wp\/v2\/comments?post=37489"}],"version-history":[{"count":0,"href":"https:\/\/www.gaveanews.com\/index.php\/wp-json\/wp\/v2\/posts\/37489\/revisions"}],"wp:featuredmedia":[{"embeddable":true,"href":"https:\/\/www.gaveanews.com\/index.php\/wp-json\/wp\/v2\/media\/28937"}],"wp:attachment":[{"href":"https:\/\/www.gaveanews.com\/index.php\/wp-json\/wp\/v2\/media?parent=37489"}],"wp:term":[{"taxonomy":"category","embeddable":true,"href":"https:\/\/www.gaveanews.com\/index.php\/wp-json\/wp\/v2\/categories?post=37489"},{"taxonomy":"post_tag","embeddable":true,"href":"https:\/\/www.gaveanews.com\/index.php\/wp-json\/wp\/v2\/tags?post=37489"}],"curies":[{"name":"wp","href":"https:\/\/api.w.org\/{rel}","templated":true}]}}