{"id":37491,"date":"2020-02-24T21:52:52","date_gmt":"2020-02-25T00:52:52","guid":{"rendered":"https:\/\/www.gaveanews.com\/?p=37491"},"modified":"2020-02-24T21:52:56","modified_gmt":"2020-02-25T00:52:56","slug":"vaga-na-final-do-carioca-alivia-calendario-para-o-flamengo","status":"publish","type":"post","link":"https:\/\/www.gaveanews.com\/index.php\/2020\/02\/24\/vaga-na-final-do-carioca-alivia-calendario-para-o-flamengo\/","title":{"rendered":"Vaga na final do Carioca &#8216;alivia&#8217; calend\u00e1rio para o Flamengo"},"content":{"rendered":"\n<p>A conquista da Ta\u00e7a Guanabara, primeiro turno do Campeonato Carioca, pode representar um al\u00edvio no calend\u00e1rio do Flamengo em 2020 e at\u00e9 mesmo fazer com que o t\u00e9cnico Jorge Jesus mostre uma outra face no Rio, com mais disposi\u00e7\u00e3o a fazer testes e um rod\u00edzio mais intenso. Os badalados refor\u00e7os do clube neste ano, ali\u00e1s, est\u00e3o a\u00ed para isso, aguardando mais chances.<\/p>\n\n\n\n<p>O t\u00edtulo \u2014 que veio ap\u00f3s virada sobre o Boavista \u2014 faz com que o Rubro-Negro j\u00e1 garante vaga na final do Estadual, tirando um pouco do peso da Ta\u00e7a Rio pelos lados da G\u00e1vea. E a segunda metade do Carioca acontecer\u00e1 entre o in\u00edcio de mar\u00e7o e o come\u00e7o de abril, per\u00edodo em que est\u00e3o agendados quatro dos seis compromissos da equipe pela fase de grupo da Libertadores.<\/p>\n\n\n\n<p>O cen\u00e1rio permite que o t\u00e9cnico Jorge Jesus possa dar uma aten\u00e7\u00e3o maior \u00e0 competi\u00e7\u00e3o sul-americana, na qual o Flamengo busca o bi, e evite sustos como os de 2019, quando, \u00e0 \u00e9poca comandado por Abel Braga, chegou \u00e0 \u00faltima rodada da fase de grupos necessitando de um empate para alcan\u00e7ar as oitavas de final.<\/p>\n\n\n\n<p>A Ta\u00e7a Rio, inclusive, pode fazer com que Jesus se &#8220;mostre diferente&#8221;, poupando mais e fazendo testes diversos na equipe. Na \u00faltima temporada, o treinador do Fla chamou a aten\u00e7\u00e3o por usar, quase na totalidade dos jogos, a for\u00e7a m\u00e1xima que tinha \u00e0 disposi\u00e7\u00e3o. Poucas foram as oportunidades em que o torcedor viu em campo um time reserva ou misto.<\/p>\n\n\n\n<figure class=\"wp-block-embed-instagram wp-block-embed is-type-rich is-provider-instagram\"><div class=\"wp-block-embed__wrapper\">\nhttps:\/\/www.instagram.com\/p\/B891-rkBc6N\/\n<\/div><\/figure>\n\n\n\n<p>Uma das justificativas para tal estrat\u00e9gia era cumprir o objetivo de conquistar todos t\u00edtulos que o Flamengo disputava. Sob o comando do treinador, o time rubro-negro conquistou o Campeonato Brasileiro e a Libertadores.<\/p>\n\n\n\n<p>A pr\u00f3pria final da Ta\u00e7a Guanabara, quando usou apenas dois titulares, mostrou que Jesus est\u00e1 calculando os riscos e colocando prioridades. Ao explicar a escala\u00e7\u00e3o, ele citou a final da Recopa Sul-Americana, contra o Independiente del Valle, do Equador. O segundo jogo ser\u00e1 nesta quarta-feira, ap\u00f3s empate em 2 a 2 em Quito.<\/p>\n\n\n\n<p>&#8220;Depois que voltamos do Equador, analisando o jogo e a carga que teve, o que poderia acontecer \u00e0 equipe se jogasse hoje [contra o Boavista]. Jogaria no limite do risco da les\u00e3o. Tentamos n\u00e3o correr este risco&#8221;, disse.<\/p>\n\n\n\n<p>Com essa chance de fazer mexidas sem comprometer o planejamento dentro do Carioca, Jesus pode tamb\u00e9m dar mais oportunidade a alguns refor\u00e7os que chegaram \u00e0 G\u00e1vea nesta janela. O volante Thiago Maia fez a estreia no \u00faltimo s\u00e1bado e o atacante Pedro Rocha ainda nem sequer atuou. Michael, que vem sendo usado com certa regularidade, ainda n\u00e3o foi titular.<\/p>\n\n\n\n<p>&#8220;[Pedro Rocha] Tenho dificuldade de lhe dar algum tempo de jogo. Mas vai haver muitos jogos, vamos continuar com o Carioca, onde ele vai atuar. A posi\u00e7\u00e3o dos nossos atacantes requer conhecimento t\u00e1tico com bola e sem bola. Ele anda \u00e0 procura disso&#8221;, apontou o Mister.<\/p>\n\n\n\n<p>Mesmo com a ressalva de que a decis\u00e3o final \u00e9 do &#8216;Mister&#8217;, Marcos Braz, vice-presidente de Futebol, apontou que a Ta\u00e7a Rio poder\u00e1 ser utilizada para dar rodagem ao elenco.<\/p>\n\n\n\n<p>Retirado de: UOL<\/p>\n","protected":false},"excerpt":{"rendered":"<p>A conquista da Ta\u00e7a Guanabara, primeiro turno do Campeonato Carioca, pode representar um al\u00edvio no calend\u00e1rio do Flamengo em 2020 e at\u00e9 mesmo fazer com que o t\u00e9cnico Jorge Jesus mostre uma outra face no Rio, com mais disposi\u00e7\u00e3o a fazer testes e um rod\u00edzio mais intenso. Os badalados refor\u00e7os do clube neste ano, ali\u00e1s, [&hellip;]<\/p>\n","protected":false},"author":1,"featured_media":28616,"comment_status":"open","ping_status":"closed","sticky":false,"template":"","format":"standard","meta":{"footnotes":""},"categories":[1],"tags":[],"class_list":["post-37491","post","type-post","status-publish","format-standard","has-post-thumbnail","hentry","category-flamengo"],"yoast_head":"<!-- This site is optimized with the Yoast SEO Premium plugin v24.2 (Yoast SEO v26.9) - https:\/\/yoast.com\/product\/yoast-seo-premium-wordpress\/ -->\n<title>Vaga na final do Carioca &#039;alivia&#039; calend\u00e1rio para o Flamengo<\/title>\n<meta name=\"robots\" content=\"index, follow, max-snippet:-1, max-image-preview:large, max-video-preview:-1\" \/>\n<link rel=\"canonical\" href=\"https:\/\/www.gaveanews.com\/index.php\/2020\/02\/24\/vaga-na-final-do-carioca-alivia-calendario-para-o-flamengo\/\" \/>\n<meta property=\"og:locale\" content=\"pt_BR\" \/>\n<meta property=\"og:type\" content=\"article\" \/>\n<meta property=\"og:title\" content=\"Vaga na final do Carioca &#039;alivia&#039; calend\u00e1rio para o Flamengo\" \/>\n<meta property=\"og:description\" content=\"A conquista da Ta\u00e7a Guanabara, primeiro turno do Campeonato Carioca, pode representar um al\u00edvio no calend\u00e1rio do Flamengo em 2020 e at\u00e9 mesmo fazer com que o t\u00e9cnico Jorge Jesus mostre uma outra face no Rio, com mais disposi\u00e7\u00e3o a fazer testes e um rod\u00edzio mais intenso. Os badalados refor\u00e7os do clube neste ano, ali\u00e1s, [&hellip;]\" \/>\n<meta property=\"og:url\" content=\"https:\/\/www.gaveanews.com\/index.php\/2020\/02\/24\/vaga-na-final-do-carioca-alivia-calendario-para-o-flamengo\/\" \/>\n<meta property=\"og:site_name\" content=\"G\u00e1vea News\" \/>\n<meta property=\"article:publisher\" content=\"https:\/\/facebook.com\/gaveaNews\/\" \/>\n<meta property=\"article:published_time\" content=\"2020-02-25T00:52:52+00:00\" \/>\n<meta property=\"article:modified_time\" content=\"2020-02-25T00:52:56+00:00\" \/>\n<meta property=\"og:image\" content=\"https:\/\/www.gaveanews.com\/wp-content\/uploads\/Jorge-Jesus-durante-partida-do-Flamengo-no-estadio-do-Maracana.webp\" \/>\n\t<meta property=\"og:image:width\" content=\"1\" \/>\n\t<meta property=\"og:image:height\" content=\"1\" \/>\n\t<meta property=\"og:image:type\" content=\"image\/jpeg\" \/>\n<meta name=\"author\" content=\"Equipe G\u00e1vea News\" \/>\n<meta name=\"twitter:card\" content=\"summary_large_image\" \/>\n<meta name=\"twitter:label1\" content=\"Escrito por\" \/>\n\t<meta name=\"twitter:data1\" content=\"Equipe G\u00e1vea News\" \/>\n\t<meta name=\"twitter:label2\" content=\"Est. tempo de leitura\" \/>\n\t<meta name=\"twitter:data2\" content=\"3 minutos\" \/>\n<script type=\"application\/ld+json\" class=\"yoast-schema-graph\">{\"@context\":\"https:\/\/schema.org\",\"@graph\":[{\"@type\":\"NewsArticle\",\"@id\":\"https:\/\/www.gaveanews.com\/index.php\/2020\/02\/24\/vaga-na-final-do-carioca-alivia-calendario-para-o-flamengo\/#article\",\"isPartOf\":{\"@id\":\"https:\/\/www.gaveanews.com\/index.php\/2020\/02\/24\/vaga-na-final-do-carioca-alivia-calendario-para-o-flamengo\/\"},\"author\":{\"name\":\"Equipe G\u00e1vea News\",\"@id\":\"https:\/\/www.gaveanews.com\/#\/schema\/person\/2ec14f73fb96be2caf28f91afb14749d\"},\"headline\":\"Vaga na final do Carioca &#8216;alivia&#8217; calend\u00e1rio para o Flamengo\",\"datePublished\":\"2020-02-25T00:52:52+00:00\",\"dateModified\":\"2020-02-25T00:52:56+00:00\",\"mainEntityOfPage\":{\"@id\":\"https:\/\/www.gaveanews.com\/index.php\/2020\/02\/24\/vaga-na-final-do-carioca-alivia-calendario-para-o-flamengo\/\"},\"wordCount\":558,\"commentCount\":5,\"image\":{\"@id\":\"https:\/\/www.gaveanews.com\/index.php\/2020\/02\/24\/vaga-na-final-do-carioca-alivia-calendario-para-o-flamengo\/#primaryimage\"},\"thumbnailUrl\":\"https:\/\/www.gaveanews.com\/wp-content\/uploads\/Jorge-Jesus-durante-partida-do-Flamengo-no-estadio-do-Maracana.webp\",\"articleSection\":[\"Flamengo\"],\"inLanguage\":\"pt-BR\",\"potentialAction\":[{\"@type\":\"CommentAction\",\"name\":\"Comment\",\"target\":[\"https:\/\/www.gaveanews.com\/index.php\/2020\/02\/24\/vaga-na-final-do-carioca-alivia-calendario-para-o-flamengo\/#respond\"]}],\"copyrightYear\":\"2020\",\"copyrightHolder\":{\"@id\":\"https:\/\/www.gaveanews.com\/#organization\"}},{\"@type\":\"WebPage\",\"@id\":\"https:\/\/www.gaveanews.com\/index.php\/2020\/02\/24\/vaga-na-final-do-carioca-alivia-calendario-para-o-flamengo\/\",\"url\":\"https:\/\/www.gaveanews.com\/index.php\/2020\/02\/24\/vaga-na-final-do-carioca-alivia-calendario-para-o-flamengo\/\",\"name\":\"Vaga na final do Carioca 'alivia' calend\u00e1rio para o Flamengo\",\"isPartOf\":{\"@id\":\"https:\/\/www.gaveanews.com\/#website\"},\"primaryImageOfPage\":{\"@id\":\"https:\/\/www.gaveanews.com\/index.php\/2020\/02\/24\/vaga-na-final-do-carioca-alivia-calendario-para-o-flamengo\/#primaryimage\"},\"image\":{\"@id\":\"https:\/\/www.gaveanews.com\/index.php\/2020\/02\/24\/vaga-na-final-do-carioca-alivia-calendario-para-o-flamengo\/#primaryimage\"},\"thumbnailUrl\":\"https:\/\/www.gaveanews.com\/wp-content\/uploads\/Jorge-Jesus-durante-partida-do-Flamengo-no-estadio-do-Maracana.webp\",\"datePublished\":\"2020-02-25T00:52:52+00:00\",\"dateModified\":\"2020-02-25T00:52:56+00:00\",\"author\":{\"@id\":\"https:\/\/www.gaveanews.com\/#\/schema\/person\/2ec14f73fb96be2caf28f91afb14749d\"},\"breadcrumb\":{\"@id\":\"https:\/\/www.gaveanews.com\/index.php\/2020\/02\/24\/vaga-na-final-do-carioca-alivia-calendario-para-o-flamengo\/#breadcrumb\"},\"inLanguage\":\"pt-BR\",\"potentialAction\":[{\"@type\":\"ReadAction\",\"target\":[\"https:\/\/www.gaveanews.com\/index.php\/2020\/02\/24\/vaga-na-final-do-carioca-alivia-calendario-para-o-flamengo\/\"]}]},{\"@type\":\"ImageObject\",\"inLanguage\":\"pt-BR\",\"@id\":\"https:\/\/www.gaveanews.com\/index.php\/2020\/02\/24\/vaga-na-final-do-carioca-alivia-calendario-para-o-flamengo\/#primaryimage\",\"url\":\"https:\/\/www.gaveanews.com\/wp-content\/uploads\/Jorge-Jesus-durante-partida-do-Flamengo-no-estadio-do-Maracana.webp\",\"contentUrl\":\"https:\/\/www.gaveanews.com\/wp-content\/uploads\/Jorge-Jesus-durante-partida-do-Flamengo-no-estadio-do-Maracana.webp\",\"caption\":\"Jorge Jesus durante partida do Flamengo no est\u00e1dio do Maracan\u00e3 (Foto: Alexandre Vidal\/Flamengo)\"},{\"@type\":\"BreadcrumbList\",\"@id\":\"https:\/\/www.gaveanews.com\/index.php\/2020\/02\/24\/vaga-na-final-do-carioca-alivia-calendario-para-o-flamengo\/#breadcrumb\",\"itemListElement\":[{\"@type\":\"ListItem\",\"position\":1,\"name\":\"Home\",\"item\":\"https:\/\/www.gaveanews.com\/\"},{\"@type\":\"ListItem\",\"position\":2,\"name\":\"Vaga na final do Carioca &#8216;alivia&#8217; calend\u00e1rio para o Flamengo\"}]},{\"@type\":\"WebSite\",\"@id\":\"https:\/\/www.gaveanews.com\/#website\",\"url\":\"https:\/\/www.gaveanews.com\/\",\"name\":\"G\u00e1vea News\",\"description\":\"Veja todas as not\u00edcias sobre o Flamengo: Contrata\u00e7\u00f5es, categorias de base, resultados das partidas, tabela de classifica\u00e7\u00e3o, pr\u00f3ximos jogos!\",\"potentialAction\":[{\"@type\":\"SearchAction\",\"target\":{\"@type\":\"EntryPoint\",\"urlTemplate\":\"https:\/\/www.gaveanews.com\/?s={search_term_string}\"},\"query-input\":{\"@type\":\"PropertyValueSpecification\",\"valueRequired\":true,\"valueName\":\"search_term_string\"}}],\"inLanguage\":\"pt-BR\"},{\"@type\":\"Person\",\"@id\":\"https:\/\/www.gaveanews.com\/#\/schema\/person\/2ec14f73fb96be2caf28f91afb14749d\",\"name\":\"Equipe G\u00e1vea News\",\"image\":{\"@type\":\"ImageObject\",\"inLanguage\":\"pt-BR\",\"@id\":\"https:\/\/www.gaveanews.com\/#\/schema\/person\/image\/\",\"url\":\"https:\/\/secure.gravatar.com\/avatar\/1e1956f1facbffd3f8fa53a326721950116b3b9dc9bd44939c01180fd4a745a9?s=96&d=mm&r=g\",\"contentUrl\":\"https:\/\/secure.gravatar.com\/avatar\/1e1956f1facbffd3f8fa53a326721950116b3b9dc9bd44939c01180fd4a745a9?s=96&d=mm&r=g\",\"caption\":\"Equipe G\u00e1vea News\"}}]}<\/script>\n<!-- \/ Yoast SEO Premium plugin. -->","yoast_head_json":{"title":"Vaga na final do Carioca 'alivia' calend\u00e1rio para o Flamengo","robots":{"index":"index","follow":"follow","max-snippet":"max-snippet:-1","max-image-preview":"max-image-preview:large","max-video-preview":"max-video-preview:-1"},"canonical":"https:\/\/www.gaveanews.com\/index.php\/2020\/02\/24\/vaga-na-final-do-carioca-alivia-calendario-para-o-flamengo\/","og_locale":"pt_BR","og_type":"article","og_title":"Vaga na final do Carioca 'alivia' calend\u00e1rio para o Flamengo","og_description":"A conquista da Ta\u00e7a Guanabara, primeiro turno do Campeonato Carioca, pode representar um al\u00edvio no calend\u00e1rio do Flamengo em 2020 e at\u00e9 mesmo fazer com que o t\u00e9cnico Jorge Jesus mostre uma outra face no Rio, com mais disposi\u00e7\u00e3o a fazer testes e um rod\u00edzio mais intenso. Os badalados refor\u00e7os do clube neste ano, ali\u00e1s, [&hellip;]","og_url":"https:\/\/www.gaveanews.com\/index.php\/2020\/02\/24\/vaga-na-final-do-carioca-alivia-calendario-para-o-flamengo\/","og_site_name":"G\u00e1vea News","article_publisher":"https:\/\/facebook.com\/gaveaNews\/","article_published_time":"2020-02-25T00:52:52+00:00","article_modified_time":"2020-02-25T00:52:56+00:00","og_image":[{"url":"https:\/\/www.gaveanews.com\/wp-content\/uploads\/Jorge-Jesus-durante-partida-do-Flamengo-no-estadio-do-Maracana.webp","width":1,"height":1,"type":"image\/jpeg"}],"author":"Equipe G\u00e1vea News","twitter_card":"summary_large_image","twitter_misc":{"Escrito por":"Equipe G\u00e1vea News","Est. tempo de leitura":"3 minutos"},"schema":{"@context":"https:\/\/schema.org","@graph":[{"@type":"NewsArticle","@id":"https:\/\/www.gaveanews.com\/index.php\/2020\/02\/24\/vaga-na-final-do-carioca-alivia-calendario-para-o-flamengo\/#article","isPartOf":{"@id":"https:\/\/www.gaveanews.com\/index.php\/2020\/02\/24\/vaga-na-final-do-carioca-alivia-calendario-para-o-flamengo\/"},"author":{"name":"Equipe G\u00e1vea News","@id":"https:\/\/www.gaveanews.com\/#\/schema\/person\/2ec14f73fb96be2caf28f91afb14749d"},"headline":"Vaga na final do Carioca &#8216;alivia&#8217; calend\u00e1rio para o Flamengo","datePublished":"2020-02-25T00:52:52+00:00","dateModified":"2020-02-25T00:52:56+00:00","mainEntityOfPage":{"@id":"https:\/\/www.gaveanews.com\/index.php\/2020\/02\/24\/vaga-na-final-do-carioca-alivia-calendario-para-o-flamengo\/"},"wordCount":558,"commentCount":5,"image":{"@id":"https:\/\/www.gaveanews.com\/index.php\/2020\/02\/24\/vaga-na-final-do-carioca-alivia-calendario-para-o-flamengo\/#primaryimage"},"thumbnailUrl":"https:\/\/www.gaveanews.com\/wp-content\/uploads\/Jorge-Jesus-durante-partida-do-Flamengo-no-estadio-do-Maracana.webp","articleSection":["Flamengo"],"inLanguage":"pt-BR","potentialAction":[{"@type":"CommentAction","name":"Comment","target":["https:\/\/www.gaveanews.com\/index.php\/2020\/02\/24\/vaga-na-final-do-carioca-alivia-calendario-para-o-flamengo\/#respond"]}],"copyrightYear":"2020","copyrightHolder":{"@id":"https:\/\/www.gaveanews.com\/#organization"}},{"@type":"WebPage","@id":"https:\/\/www.gaveanews.com\/index.php\/2020\/02\/24\/vaga-na-final-do-carioca-alivia-calendario-para-o-flamengo\/","url":"https:\/\/www.gaveanews.com\/index.php\/2020\/02\/24\/vaga-na-final-do-carioca-alivia-calendario-para-o-flamengo\/","name":"Vaga na final do Carioca 'alivia' calend\u00e1rio para o Flamengo","isPartOf":{"@id":"https:\/\/www.gaveanews.com\/#website"},"primaryImageOfPage":{"@id":"https:\/\/www.gaveanews.com\/index.php\/2020\/02\/24\/vaga-na-final-do-carioca-alivia-calendario-para-o-flamengo\/#primaryimage"},"image":{"@id":"https:\/\/www.gaveanews.com\/index.php\/2020\/02\/24\/vaga-na-final-do-carioca-alivia-calendario-para-o-flamengo\/#primaryimage"},"thumbnailUrl":"https:\/\/www.gaveanews.com\/wp-content\/uploads\/Jorge-Jesus-durante-partida-do-Flamengo-no-estadio-do-Maracana.webp","datePublished":"2020-02-25T00:52:52+00:00","dateModified":"2020-02-25T00:52:56+00:00","author":{"@id":"https:\/\/www.gaveanews.com\/#\/schema\/person\/2ec14f73fb96be2caf28f91afb14749d"},"breadcrumb":{"@id":"https:\/\/www.gaveanews.com\/index.php\/2020\/02\/24\/vaga-na-final-do-carioca-alivia-calendario-para-o-flamengo\/#breadcrumb"},"inLanguage":"pt-BR","potentialAction":[{"@type":"ReadAction","target":["https:\/\/www.gaveanews.com\/index.php\/2020\/02\/24\/vaga-na-final-do-carioca-alivia-calendario-para-o-flamengo\/"]}]},{"@type":"ImageObject","inLanguage":"pt-BR","@id":"https:\/\/www.gaveanews.com\/index.php\/2020\/02\/24\/vaga-na-final-do-carioca-alivia-calendario-para-o-flamengo\/#primaryimage","url":"https:\/\/www.gaveanews.com\/wp-content\/uploads\/Jorge-Jesus-durante-partida-do-Flamengo-no-estadio-do-Maracana.webp","contentUrl":"https:\/\/www.gaveanews.com\/wp-content\/uploads\/Jorge-Jesus-durante-partida-do-Flamengo-no-estadio-do-Maracana.webp","caption":"Jorge Jesus durante partida do Flamengo no est\u00e1dio do Maracan\u00e3 (Foto: Alexandre Vidal\/Flamengo)"},{"@type":"BreadcrumbList","@id":"https:\/\/www.gaveanews.com\/index.php\/2020\/02\/24\/vaga-na-final-do-carioca-alivia-calendario-para-o-flamengo\/#breadcrumb","itemListElement":[{"@type":"ListItem","position":1,"name":"Home","item":"https:\/\/www.gaveanews.com\/"},{"@type":"ListItem","position":2,"name":"Vaga na final do Carioca &#8216;alivia&#8217; calend\u00e1rio para o Flamengo"}]},{"@type":"WebSite","@id":"https:\/\/www.gaveanews.com\/#website","url":"https:\/\/www.gaveanews.com\/","name":"G\u00e1vea News","description":"Veja todas as not\u00edcias sobre o Flamengo: Contrata\u00e7\u00f5es, categorias de base, resultados das partidas, tabela de classifica\u00e7\u00e3o, pr\u00f3ximos jogos!","potentialAction":[{"@type":"SearchAction","target":{"@type":"EntryPoint","urlTemplate":"https:\/\/www.gaveanews.com\/?s={search_term_string}"},"query-input":{"@type":"PropertyValueSpecification","valueRequired":true,"valueName":"search_term_string"}}],"inLanguage":"pt-BR"},{"@type":"Person","@id":"https:\/\/www.gaveanews.com\/#\/schema\/person\/2ec14f73fb96be2caf28f91afb14749d","name":"Equipe G\u00e1vea News","image":{"@type":"ImageObject","inLanguage":"pt-BR","@id":"https:\/\/www.gaveanews.com\/#\/schema\/person\/image\/","url":"https:\/\/secure.gravatar.com\/avatar\/1e1956f1facbffd3f8fa53a326721950116b3b9dc9bd44939c01180fd4a745a9?s=96&d=mm&r=g","contentUrl":"https:\/\/secure.gravatar.com\/avatar\/1e1956f1facbffd3f8fa53a326721950116b3b9dc9bd44939c01180fd4a745a9?s=96&d=mm&r=g","caption":"Equipe G\u00e1vea News"}}]}},"_links":{"self":[{"href":"https:\/\/www.gaveanews.com\/index.php\/wp-json\/wp\/v2\/posts\/37491","targetHints":{"allow":["GET"]}}],"collection":[{"href":"https:\/\/www.gaveanews.com\/index.php\/wp-json\/wp\/v2\/posts"}],"about":[{"href":"https:\/\/www.gaveanews.com\/index.php\/wp-json\/wp\/v2\/types\/post"}],"author":[{"embeddable":true,"href":"https:\/\/www.gaveanews.com\/index.php\/wp-json\/wp\/v2\/users\/1"}],"replies":[{"embeddable":true,"href":"https:\/\/www.gaveanews.com\/index.php\/wp-json\/wp\/v2\/comments?post=37491"}],"version-history":[{"count":0,"href":"https:\/\/www.gaveanews.com\/index.php\/wp-json\/wp\/v2\/posts\/37491\/revisions"}],"wp:featuredmedia":[{"embeddable":true,"href":"https:\/\/www.gaveanews.com\/index.php\/wp-json\/wp\/v2\/media\/28616"}],"wp:attachment":[{"href":"https:\/\/www.gaveanews.com\/index.php\/wp-json\/wp\/v2\/media?parent=37491"}],"wp:term":[{"taxonomy":"category","embeddable":true,"href":"https:\/\/www.gaveanews.com\/index.php\/wp-json\/wp\/v2\/categories?post=37491"},{"taxonomy":"post_tag","embeddable":true,"href":"https:\/\/www.gaveanews.com\/index.php\/wp-json\/wp\/v2\/tags?post=37491"}],"curies":[{"name":"wp","href":"https:\/\/api.w.org\/{rel}","templated":true}]}}