{"id":37533,"date":"2020-02-25T20:53:05","date_gmt":"2020-02-25T23:53:05","guid":{"rendered":"https:\/\/www.gaveanews.com\/?p=37533"},"modified":"2020-02-25T20:53:09","modified_gmt":"2020-02-25T23:53:09","slug":"aprendiz-de-rafinha-joao-lucas-se-diz-preparado-para-substituir-o-lateral-responsabilidade-boa","status":"publish","type":"post","link":"https:\/\/www.gaveanews.com\/index.php\/2020\/02\/25\/aprendiz-de-rafinha-joao-lucas-se-diz-preparado-para-substituir-o-lateral-responsabilidade-boa\/","title":{"rendered":"&#8220;Aprendiz&#8221; de Rafinha&#8221;, Jo\u00e3o Lucas se diz preparado para substituir o lateral: &#8220;responsabilidade boa&#8221;"},"content":{"rendered":"\n<p>Com les\u00e3o na posterior da coxa esquerda constatada, Rafinha se tornou d\u00favida para a decis\u00e3o da Recopa, diante do Del Valle, nesta quarta-feira(26), no Maracan\u00e3. Apesar de Jorge Jesus n\u00e3o descartar um &#8220;milagre&#8221; do departamento m\u00e9dico, o jovem Jo\u00e3o Lucas, de 21 anos, est\u00e1 em alerta. Caso seja confirmado o desfalque do camisa 13 \u00e9 ele quem dever\u00e1 assumir a posi\u00e7\u00e3o. <\/p>\n\n\n\n<p>Jo\u00e3o Lucas quase deixou o Flamengo por empr\u00e9stimo nesta janela de transfer\u00eancias, mas com a desist\u00eancia do Sport e a dificuldade para encontrar um nome na posi\u00e7\u00e3o, ele foi mantido no elenco e ganhou nova chance. No \u00faltimo s\u00e1bado, foi campe\u00e3o da Ta\u00e7a Guanabara como titular da equipe. <\/p>\n\n\n\n<p>&#8220;\u00c9 uma coisa que se eu falar que imaginava eu estaria mentindo. Quando eu estava no Bangu eu trabalhei para ter o meu lugar ao sol, e gra\u00e7as a Deus eu conseguir est\u00e1 aqui no Flamengo, a maior equipe do Brasil e do mundo, eu s\u00f3 tenho a agradecer e aproveitar as oportunidades&#8221;. <\/p>\n\n\n\n<p>Substituir o melhor lateral-direito do Brasil n\u00e3o \u00e9 uma tarefa f\u00e1cil, mas Jo\u00e3o Lucas garante que \u00e9 uma responsabilidade boa. <\/p>\n\n\n\n<p>&#8220;\u00c9 uma responsabilidade boa, eu passei um ano de adapta\u00e7\u00e3o, pude aprender a forma como o Mister gosta de jogador, venho escutando bastante ele. O Rafinha, que \u00e9 um cara sensacional me passa v\u00e1rias dicas, \u00e9 um cara rodado, o Filipe e o Ren\u00ea tamb\u00e9m. Eu tenho me dedicado todos os jogos e sempre que precisar eu vou estar aqui, eu me sinto feliz em ter essa oportunidade, a confian\u00e7a do Mister, do grupo todo&#8221;. <\/p>\n\n\n\n<p>Jo\u00e3o Lucas tamb\u00e9m destacou a import\u00e2ncia de Jorge Jesus em sua evolu\u00e7\u00e3o como jogador e os papos com Rafinha:<\/p>\n\n\n\n<p>&#8220;O Mister para mim est\u00e1 sendo muito importante, \u00e9 um treinador que tem uma vis\u00e3o diferente. Estou procurando evoluir ao m\u00e1ximo, prestar aten\u00e7\u00e3o ao m\u00e1ximo e s\u00f3 tenho a crescer com isso. O Rafinha me passa sempre o que aprendeu, ele \u00e9 vivido, vencedor, eu venho escutando ele. Eu aproveito bastante o conv\u00edvio com ele e isso est\u00e1 refletindo dentro de campo&#8221;. <\/p>\n\n\n\n<p>Para finalizar, Jo\u00e3o Lucas entrando em campo ou n\u00e3o, Jo\u00e3o Lucas espera colocar no curr\u00edculo mais um t\u00edtulo com a camisa do Flamengo. <\/p>\n\n\n\n<p>&#8220;Quem est\u00e1 no Flamengo joga sempre para ganhar, chegamos nessa condi\u00e7\u00e3o de estar disputando t\u00edtulos e vamos com tudo para se Deus quiser conquistar mais um&#8221;. <\/p>\n\n\n\n<p>O Flamengo recebe o Del Valle nesta quarta-feira(26), \u00e0s 21h30. A partida \u00e9 v\u00e1lida pelo segundo jogo da final da Recopa Sul-Americana. O primeiro jogo terminou em 2 a 2. Qualquer empate, independente do placar, j\u00e1 que n\u00e3o h\u00e1 regra do gol fora de casa, o jogo vai para a prorroga\u00e7\u00e3o. <\/p>\n\n\n\n<p>Retirado de: Onefootball<\/p>\n","protected":false},"excerpt":{"rendered":"<p>Com les\u00e3o na posterior da coxa esquerda constatada, Rafinha se tornou d\u00favida para a decis\u00e3o da Recopa, diante do Del Valle, nesta quarta-feira(26), no Maracan\u00e3. Apesar de Jorge Jesus n\u00e3o descartar um &#8220;milagre&#8221; do departamento m\u00e9dico, o jovem Jo\u00e3o Lucas, de 21 anos, est\u00e1 em alerta. Caso seja confirmado o desfalque do camisa 13 \u00e9 [&hellip;]<\/p>\n","protected":false},"author":1,"featured_media":34806,"comment_status":"open","ping_status":"closed","sticky":false,"template":"","format":"standard","meta":{"footnotes":""},"categories":[1],"tags":[],"class_list":["post-37533","post","type-post","status-publish","format-standard","has-post-thumbnail","hentry","category-flamengo"],"yoast_head":"<!-- This site is optimized with the Yoast SEO Premium plugin v24.2 (Yoast SEO v26.9) - https:\/\/yoast.com\/product\/yoast-seo-premium-wordpress\/ -->\n<title>&quot;Aprendiz&quot; de Rafinha&quot;, Jo\u00e3o Lucas se diz preparado para substituir o lateral: &quot;responsabilidade boa&quot;<\/title>\n<meta name=\"robots\" content=\"index, follow, max-snippet:-1, max-image-preview:large, max-video-preview:-1\" \/>\n<link rel=\"canonical\" href=\"https:\/\/www.gaveanews.com\/index.php\/2020\/02\/25\/aprendiz-de-rafinha-joao-lucas-se-diz-preparado-para-substituir-o-lateral-responsabilidade-boa\/\" \/>\n<meta property=\"og:locale\" content=\"pt_BR\" \/>\n<meta property=\"og:type\" content=\"article\" \/>\n<meta property=\"og:title\" content=\"&quot;Aprendiz&quot; de Rafinha&quot;, Jo\u00e3o Lucas se diz preparado para substituir o lateral: &quot;responsabilidade boa&quot;\" \/>\n<meta property=\"og:description\" content=\"Com les\u00e3o na posterior da coxa esquerda constatada, Rafinha se tornou d\u00favida para a decis\u00e3o da Recopa, diante do Del Valle, nesta quarta-feira(26), no Maracan\u00e3. Apesar de Jorge Jesus n\u00e3o descartar um &#8220;milagre&#8221; do departamento m\u00e9dico, o jovem Jo\u00e3o Lucas, de 21 anos, est\u00e1 em alerta. Caso seja confirmado o desfalque do camisa 13 \u00e9 [&hellip;]\" \/>\n<meta property=\"og:url\" content=\"https:\/\/www.gaveanews.com\/index.php\/2020\/02\/25\/aprendiz-de-rafinha-joao-lucas-se-diz-preparado-para-substituir-o-lateral-responsabilidade-boa\/\" \/>\n<meta property=\"og:site_name\" content=\"G\u00e1vea News\" \/>\n<meta property=\"article:publisher\" content=\"https:\/\/facebook.com\/gaveaNews\/\" \/>\n<meta property=\"article:published_time\" content=\"2020-02-25T23:53:05+00:00\" \/>\n<meta property=\"article:modified_time\" content=\"2020-02-25T23:53:09+00:00\" \/>\n<meta property=\"og:image\" content=\"https:\/\/www.gaveanews.com\/wp-content\/uploads\/Joao-Lucas-Flamengo.webp\" \/>\n\t<meta property=\"og:image:width\" content=\"1\" \/>\n\t<meta property=\"og:image:height\" content=\"1\" \/>\n\t<meta property=\"og:image:type\" content=\"image\/png\" \/>\n<meta name=\"author\" content=\"Equipe G\u00e1vea News\" \/>\n<meta name=\"twitter:card\" content=\"summary_large_image\" \/>\n<meta name=\"twitter:label1\" content=\"Escrito por\" \/>\n\t<meta name=\"twitter:data1\" content=\"Equipe G\u00e1vea News\" \/>\n\t<meta name=\"twitter:label2\" content=\"Est. tempo de leitura\" \/>\n\t<meta name=\"twitter:data2\" content=\"2 minutos\" \/>\n<script type=\"application\/ld+json\" class=\"yoast-schema-graph\">{\"@context\":\"https:\/\/schema.org\",\"@graph\":[{\"@type\":\"NewsArticle\",\"@id\":\"https:\/\/www.gaveanews.com\/index.php\/2020\/02\/25\/aprendiz-de-rafinha-joao-lucas-se-diz-preparado-para-substituir-o-lateral-responsabilidade-boa\/#article\",\"isPartOf\":{\"@id\":\"https:\/\/www.gaveanews.com\/index.php\/2020\/02\/25\/aprendiz-de-rafinha-joao-lucas-se-diz-preparado-para-substituir-o-lateral-responsabilidade-boa\/\"},\"author\":{\"name\":\"Equipe G\u00e1vea News\",\"@id\":\"https:\/\/www.gaveanews.com\/#\/schema\/person\/2ec14f73fb96be2caf28f91afb14749d\"},\"headline\":\"&#8220;Aprendiz&#8221; de Rafinha&#8221;, Jo\u00e3o Lucas se diz preparado para substituir o lateral: &#8220;responsabilidade boa&#8221;\",\"datePublished\":\"2020-02-25T23:53:05+00:00\",\"dateModified\":\"2020-02-25T23:53:09+00:00\",\"mainEntityOfPage\":{\"@id\":\"https:\/\/www.gaveanews.com\/index.php\/2020\/02\/25\/aprendiz-de-rafinha-joao-lucas-se-diz-preparado-para-substituir-o-lateral-responsabilidade-boa\/\"},\"wordCount\":484,\"commentCount\":17,\"image\":{\"@id\":\"https:\/\/www.gaveanews.com\/index.php\/2020\/02\/25\/aprendiz-de-rafinha-joao-lucas-se-diz-preparado-para-substituir-o-lateral-responsabilidade-boa\/#primaryimage\"},\"thumbnailUrl\":\"https:\/\/www.gaveanews.com\/wp-content\/uploads\/Joao-Lucas-Flamengo.webp\",\"articleSection\":[\"Flamengo\"],\"inLanguage\":\"pt-BR\",\"potentialAction\":[{\"@type\":\"CommentAction\",\"name\":\"Comment\",\"target\":[\"https:\/\/www.gaveanews.com\/index.php\/2020\/02\/25\/aprendiz-de-rafinha-joao-lucas-se-diz-preparado-para-substituir-o-lateral-responsabilidade-boa\/#respond\"]}],\"copyrightYear\":\"2020\",\"copyrightHolder\":{\"@id\":\"https:\/\/www.gaveanews.com\/#organization\"}},{\"@type\":\"WebPage\",\"@id\":\"https:\/\/www.gaveanews.com\/index.php\/2020\/02\/25\/aprendiz-de-rafinha-joao-lucas-se-diz-preparado-para-substituir-o-lateral-responsabilidade-boa\/\",\"url\":\"https:\/\/www.gaveanews.com\/index.php\/2020\/02\/25\/aprendiz-de-rafinha-joao-lucas-se-diz-preparado-para-substituir-o-lateral-responsabilidade-boa\/\",\"name\":\"\\\"Aprendiz\\\" de Rafinha\\\", Jo\u00e3o Lucas se diz preparado para substituir o lateral: \\\"responsabilidade boa\\\"\",\"isPartOf\":{\"@id\":\"https:\/\/www.gaveanews.com\/#website\"},\"primaryImageOfPage\":{\"@id\":\"https:\/\/www.gaveanews.com\/index.php\/2020\/02\/25\/aprendiz-de-rafinha-joao-lucas-se-diz-preparado-para-substituir-o-lateral-responsabilidade-boa\/#primaryimage\"},\"image\":{\"@id\":\"https:\/\/www.gaveanews.com\/index.php\/2020\/02\/25\/aprendiz-de-rafinha-joao-lucas-se-diz-preparado-para-substituir-o-lateral-responsabilidade-boa\/#primaryimage\"},\"thumbnailUrl\":\"https:\/\/www.gaveanews.com\/wp-content\/uploads\/Joao-Lucas-Flamengo.webp\",\"datePublished\":\"2020-02-25T23:53:05+00:00\",\"dateModified\":\"2020-02-25T23:53:09+00:00\",\"author\":{\"@id\":\"https:\/\/www.gaveanews.com\/#\/schema\/person\/2ec14f73fb96be2caf28f91afb14749d\"},\"breadcrumb\":{\"@id\":\"https:\/\/www.gaveanews.com\/index.php\/2020\/02\/25\/aprendiz-de-rafinha-joao-lucas-se-diz-preparado-para-substituir-o-lateral-responsabilidade-boa\/#breadcrumb\"},\"inLanguage\":\"pt-BR\",\"potentialAction\":[{\"@type\":\"ReadAction\",\"target\":[\"https:\/\/www.gaveanews.com\/index.php\/2020\/02\/25\/aprendiz-de-rafinha-joao-lucas-se-diz-preparado-para-substituir-o-lateral-responsabilidade-boa\/\"]}]},{\"@type\":\"ImageObject\",\"inLanguage\":\"pt-BR\",\"@id\":\"https:\/\/www.gaveanews.com\/index.php\/2020\/02\/25\/aprendiz-de-rafinha-joao-lucas-se-diz-preparado-para-substituir-o-lateral-responsabilidade-boa\/#primaryimage\",\"url\":\"https:\/\/www.gaveanews.com\/wp-content\/uploads\/Joao-Lucas-Flamengo.webp\",\"contentUrl\":\"https:\/\/www.gaveanews.com\/wp-content\/uploads\/Joao-Lucas-Flamengo.webp\",\"width\":1349,\"height\":886},{\"@type\":\"BreadcrumbList\",\"@id\":\"https:\/\/www.gaveanews.com\/index.php\/2020\/02\/25\/aprendiz-de-rafinha-joao-lucas-se-diz-preparado-para-substituir-o-lateral-responsabilidade-boa\/#breadcrumb\",\"itemListElement\":[{\"@type\":\"ListItem\",\"position\":1,\"name\":\"Home\",\"item\":\"https:\/\/www.gaveanews.com\/\"},{\"@type\":\"ListItem\",\"position\":2,\"name\":\"&#8220;Aprendiz&#8221; de Rafinha&#8221;, Jo\u00e3o Lucas se diz preparado para substituir o lateral: &#8220;responsabilidade boa&#8221;\"}]},{\"@type\":\"WebSite\",\"@id\":\"https:\/\/www.gaveanews.com\/#website\",\"url\":\"https:\/\/www.gaveanews.com\/\",\"name\":\"G\u00e1vea News\",\"description\":\"Veja todas as not\u00edcias sobre o Flamengo: Contrata\u00e7\u00f5es, categorias de base, resultados das partidas, tabela de classifica\u00e7\u00e3o, pr\u00f3ximos jogos!\",\"potentialAction\":[{\"@type\":\"SearchAction\",\"target\":{\"@type\":\"EntryPoint\",\"urlTemplate\":\"https:\/\/www.gaveanews.com\/?s={search_term_string}\"},\"query-input\":{\"@type\":\"PropertyValueSpecification\",\"valueRequired\":true,\"valueName\":\"search_term_string\"}}],\"inLanguage\":\"pt-BR\"},{\"@type\":\"Person\",\"@id\":\"https:\/\/www.gaveanews.com\/#\/schema\/person\/2ec14f73fb96be2caf28f91afb14749d\",\"name\":\"Equipe G\u00e1vea News\",\"image\":{\"@type\":\"ImageObject\",\"inLanguage\":\"pt-BR\",\"@id\":\"https:\/\/www.gaveanews.com\/#\/schema\/person\/image\/\",\"url\":\"https:\/\/secure.gravatar.com\/avatar\/1e1956f1facbffd3f8fa53a326721950116b3b9dc9bd44939c01180fd4a745a9?s=96&d=mm&r=g\",\"contentUrl\":\"https:\/\/secure.gravatar.com\/avatar\/1e1956f1facbffd3f8fa53a326721950116b3b9dc9bd44939c01180fd4a745a9?s=96&d=mm&r=g\",\"caption\":\"Equipe G\u00e1vea News\"}}]}<\/script>\n<!-- \/ Yoast SEO Premium plugin. -->","yoast_head_json":{"title":"\"Aprendiz\" de Rafinha\", Jo\u00e3o Lucas se diz preparado para substituir o lateral: \"responsabilidade boa\"","robots":{"index":"index","follow":"follow","max-snippet":"max-snippet:-1","max-image-preview":"max-image-preview:large","max-video-preview":"max-video-preview:-1"},"canonical":"https:\/\/www.gaveanews.com\/index.php\/2020\/02\/25\/aprendiz-de-rafinha-joao-lucas-se-diz-preparado-para-substituir-o-lateral-responsabilidade-boa\/","og_locale":"pt_BR","og_type":"article","og_title":"\"Aprendiz\" de Rafinha\", Jo\u00e3o Lucas se diz preparado para substituir o lateral: \"responsabilidade boa\"","og_description":"Com les\u00e3o na posterior da coxa esquerda constatada, Rafinha se tornou d\u00favida para a decis\u00e3o da Recopa, diante do Del Valle, nesta quarta-feira(26), no Maracan\u00e3. Apesar de Jorge Jesus n\u00e3o descartar um &#8220;milagre&#8221; do departamento m\u00e9dico, o jovem Jo\u00e3o Lucas, de 21 anos, est\u00e1 em alerta. Caso seja confirmado o desfalque do camisa 13 \u00e9 [&hellip;]","og_url":"https:\/\/www.gaveanews.com\/index.php\/2020\/02\/25\/aprendiz-de-rafinha-joao-lucas-se-diz-preparado-para-substituir-o-lateral-responsabilidade-boa\/","og_site_name":"G\u00e1vea News","article_publisher":"https:\/\/facebook.com\/gaveaNews\/","article_published_time":"2020-02-25T23:53:05+00:00","article_modified_time":"2020-02-25T23:53:09+00:00","og_image":[{"url":"https:\/\/www.gaveanews.com\/wp-content\/uploads\/Joao-Lucas-Flamengo.webp","width":1,"height":1,"type":"image\/png"}],"author":"Equipe G\u00e1vea News","twitter_card":"summary_large_image","twitter_misc":{"Escrito por":"Equipe G\u00e1vea News","Est. tempo de leitura":"2 minutos"},"schema":{"@context":"https:\/\/schema.org","@graph":[{"@type":"NewsArticle","@id":"https:\/\/www.gaveanews.com\/index.php\/2020\/02\/25\/aprendiz-de-rafinha-joao-lucas-se-diz-preparado-para-substituir-o-lateral-responsabilidade-boa\/#article","isPartOf":{"@id":"https:\/\/www.gaveanews.com\/index.php\/2020\/02\/25\/aprendiz-de-rafinha-joao-lucas-se-diz-preparado-para-substituir-o-lateral-responsabilidade-boa\/"},"author":{"name":"Equipe G\u00e1vea News","@id":"https:\/\/www.gaveanews.com\/#\/schema\/person\/2ec14f73fb96be2caf28f91afb14749d"},"headline":"&#8220;Aprendiz&#8221; de Rafinha&#8221;, Jo\u00e3o Lucas se diz preparado para substituir o lateral: &#8220;responsabilidade boa&#8221;","datePublished":"2020-02-25T23:53:05+00:00","dateModified":"2020-02-25T23:53:09+00:00","mainEntityOfPage":{"@id":"https:\/\/www.gaveanews.com\/index.php\/2020\/02\/25\/aprendiz-de-rafinha-joao-lucas-se-diz-preparado-para-substituir-o-lateral-responsabilidade-boa\/"},"wordCount":484,"commentCount":17,"image":{"@id":"https:\/\/www.gaveanews.com\/index.php\/2020\/02\/25\/aprendiz-de-rafinha-joao-lucas-se-diz-preparado-para-substituir-o-lateral-responsabilidade-boa\/#primaryimage"},"thumbnailUrl":"https:\/\/www.gaveanews.com\/wp-content\/uploads\/Joao-Lucas-Flamengo.webp","articleSection":["Flamengo"],"inLanguage":"pt-BR","potentialAction":[{"@type":"CommentAction","name":"Comment","target":["https:\/\/www.gaveanews.com\/index.php\/2020\/02\/25\/aprendiz-de-rafinha-joao-lucas-se-diz-preparado-para-substituir-o-lateral-responsabilidade-boa\/#respond"]}],"copyrightYear":"2020","copyrightHolder":{"@id":"https:\/\/www.gaveanews.com\/#organization"}},{"@type":"WebPage","@id":"https:\/\/www.gaveanews.com\/index.php\/2020\/02\/25\/aprendiz-de-rafinha-joao-lucas-se-diz-preparado-para-substituir-o-lateral-responsabilidade-boa\/","url":"https:\/\/www.gaveanews.com\/index.php\/2020\/02\/25\/aprendiz-de-rafinha-joao-lucas-se-diz-preparado-para-substituir-o-lateral-responsabilidade-boa\/","name":"\"Aprendiz\" de Rafinha\", Jo\u00e3o Lucas se diz preparado para substituir o lateral: \"responsabilidade boa\"","isPartOf":{"@id":"https:\/\/www.gaveanews.com\/#website"},"primaryImageOfPage":{"@id":"https:\/\/www.gaveanews.com\/index.php\/2020\/02\/25\/aprendiz-de-rafinha-joao-lucas-se-diz-preparado-para-substituir-o-lateral-responsabilidade-boa\/#primaryimage"},"image":{"@id":"https:\/\/www.gaveanews.com\/index.php\/2020\/02\/25\/aprendiz-de-rafinha-joao-lucas-se-diz-preparado-para-substituir-o-lateral-responsabilidade-boa\/#primaryimage"},"thumbnailUrl":"https:\/\/www.gaveanews.com\/wp-content\/uploads\/Joao-Lucas-Flamengo.webp","datePublished":"2020-02-25T23:53:05+00:00","dateModified":"2020-02-25T23:53:09+00:00","author":{"@id":"https:\/\/www.gaveanews.com\/#\/schema\/person\/2ec14f73fb96be2caf28f91afb14749d"},"breadcrumb":{"@id":"https:\/\/www.gaveanews.com\/index.php\/2020\/02\/25\/aprendiz-de-rafinha-joao-lucas-se-diz-preparado-para-substituir-o-lateral-responsabilidade-boa\/#breadcrumb"},"inLanguage":"pt-BR","potentialAction":[{"@type":"ReadAction","target":["https:\/\/www.gaveanews.com\/index.php\/2020\/02\/25\/aprendiz-de-rafinha-joao-lucas-se-diz-preparado-para-substituir-o-lateral-responsabilidade-boa\/"]}]},{"@type":"ImageObject","inLanguage":"pt-BR","@id":"https:\/\/www.gaveanews.com\/index.php\/2020\/02\/25\/aprendiz-de-rafinha-joao-lucas-se-diz-preparado-para-substituir-o-lateral-responsabilidade-boa\/#primaryimage","url":"https:\/\/www.gaveanews.com\/wp-content\/uploads\/Joao-Lucas-Flamengo.webp","contentUrl":"https:\/\/www.gaveanews.com\/wp-content\/uploads\/Joao-Lucas-Flamengo.webp","width":1349,"height":886},{"@type":"BreadcrumbList","@id":"https:\/\/www.gaveanews.com\/index.php\/2020\/02\/25\/aprendiz-de-rafinha-joao-lucas-se-diz-preparado-para-substituir-o-lateral-responsabilidade-boa\/#breadcrumb","itemListElement":[{"@type":"ListItem","position":1,"name":"Home","item":"https:\/\/www.gaveanews.com\/"},{"@type":"ListItem","position":2,"name":"&#8220;Aprendiz&#8221; de Rafinha&#8221;, Jo\u00e3o Lucas se diz preparado para substituir o lateral: &#8220;responsabilidade boa&#8221;"}]},{"@type":"WebSite","@id":"https:\/\/www.gaveanews.com\/#website","url":"https:\/\/www.gaveanews.com\/","name":"G\u00e1vea News","description":"Veja todas as not\u00edcias sobre o Flamengo: Contrata\u00e7\u00f5es, categorias de base, resultados das partidas, tabela de classifica\u00e7\u00e3o, pr\u00f3ximos jogos!","potentialAction":[{"@type":"SearchAction","target":{"@type":"EntryPoint","urlTemplate":"https:\/\/www.gaveanews.com\/?s={search_term_string}"},"query-input":{"@type":"PropertyValueSpecification","valueRequired":true,"valueName":"search_term_string"}}],"inLanguage":"pt-BR"},{"@type":"Person","@id":"https:\/\/www.gaveanews.com\/#\/schema\/person\/2ec14f73fb96be2caf28f91afb14749d","name":"Equipe G\u00e1vea News","image":{"@type":"ImageObject","inLanguage":"pt-BR","@id":"https:\/\/www.gaveanews.com\/#\/schema\/person\/image\/","url":"https:\/\/secure.gravatar.com\/avatar\/1e1956f1facbffd3f8fa53a326721950116b3b9dc9bd44939c01180fd4a745a9?s=96&d=mm&r=g","contentUrl":"https:\/\/secure.gravatar.com\/avatar\/1e1956f1facbffd3f8fa53a326721950116b3b9dc9bd44939c01180fd4a745a9?s=96&d=mm&r=g","caption":"Equipe G\u00e1vea News"}}]}},"_links":{"self":[{"href":"https:\/\/www.gaveanews.com\/index.php\/wp-json\/wp\/v2\/posts\/37533","targetHints":{"allow":["GET"]}}],"collection":[{"href":"https:\/\/www.gaveanews.com\/index.php\/wp-json\/wp\/v2\/posts"}],"about":[{"href":"https:\/\/www.gaveanews.com\/index.php\/wp-json\/wp\/v2\/types\/post"}],"author":[{"embeddable":true,"href":"https:\/\/www.gaveanews.com\/index.php\/wp-json\/wp\/v2\/users\/1"}],"replies":[{"embeddable":true,"href":"https:\/\/www.gaveanews.com\/index.php\/wp-json\/wp\/v2\/comments?post=37533"}],"version-history":[{"count":0,"href":"https:\/\/www.gaveanews.com\/index.php\/wp-json\/wp\/v2\/posts\/37533\/revisions"}],"wp:featuredmedia":[{"embeddable":true,"href":"https:\/\/www.gaveanews.com\/index.php\/wp-json\/wp\/v2\/media\/34806"}],"wp:attachment":[{"href":"https:\/\/www.gaveanews.com\/index.php\/wp-json\/wp\/v2\/media?parent=37533"}],"wp:term":[{"taxonomy":"category","embeddable":true,"href":"https:\/\/www.gaveanews.com\/index.php\/wp-json\/wp\/v2\/categories?post=37533"},{"taxonomy":"post_tag","embeddable":true,"href":"https:\/\/www.gaveanews.com\/index.php\/wp-json\/wp\/v2\/tags?post=37533"}],"curies":[{"name":"wp","href":"https:\/\/api.w.org\/{rel}","templated":true}]}}