{"id":37704,"date":"2020-02-28T20:35:48","date_gmt":"2020-02-28T23:35:48","guid":{"rendered":"https:\/\/www.gaveanews.com\/?p=37704"},"modified":"2020-02-28T20:35:49","modified_gmt":"2020-02-28T23:35:49","slug":"apos-reuniao-na-cbf-comentarista-afirma-que-clubes-paulistas-se-uniram-contra-o-flamengo","status":"publish","type":"post","link":"https:\/\/www.gaveanews.com\/index.php\/2020\/02\/28\/apos-reuniao-na-cbf-comentarista-afirma-que-clubes-paulistas-se-uniram-contra-o-flamengo\/","title":{"rendered":"Ap\u00f3s reuni\u00e3o na CBF, comentarista afirma que clubes paulistas se uniram  contra o Flamengo"},"content":{"rendered":"\n<p>Na noite de ontem foi votada algumas regras para o Campeonato Brasileiro de 2020. Na reuni\u00e3o entre os dirigentes ficou determinado que os clubes n\u00e3o podem mais vender mandos de campo. \u00c9 not\u00f3rio que para os clubes de menor condi\u00e7\u00e3o financeira, a venda de mando para clubes de grandes torcidas representa uma grande ajuda.<\/p>\n\n\n\n<p>Nesse cen\u00e1rio, o Flamengo acaba sendo o mais escolhido para a venda de mandos de campo. At\u00e9 ano passado, esse fato n\u00e3o preocupava os dirigentes dos clubes rivais. Por\u00e9m, aparentemente depois do time que o Flamengo montou e dos t\u00edtulos conquistados, coincidentemente a venda de campo parece algo absurdo. E assim, foi vetada.<\/p>\n\n\n\n<p>\u00c9 fato que o Flamengo hoje est\u00e1 acima dos rivais nacionais. E o fato do Flamengo \u201cganhar\u201d mandos pode representar para os times paulistas o t\u00e9rmino de qualquer chance deles conquistarem a competi\u00e7\u00e3o. Afinal, se a vantagem t\u00e9cnica j\u00e1 \u00e9 grande, com o Flamengo tendo mandos invertidos, o t\u00edtulo ficaria ainda mais distante.<\/p>\n\n\n\n<p>\u00c9 justamente desse ponto de vista que o comentarista Birner da ESPN teceu seu coment\u00e1rio:<\/p>\n\n\n\n<p>\u201cTenho a absoluta certeza de que os clubes paulistas, vendo a for\u00e7a que o Flamengo tem hoje, se uniram para votar em bloco contra e diminuir um pouco de sua for\u00e7a\u201d, comentou.<\/p>\n\n\n\n<p>Independentemente de qualquer coisa, o Flamengo segue firme em busca de mais t\u00edtulos em 2020. J\u00e1 foram 3, por\u00e9m os atletas querem muito mais. Para os pr\u00f3ximos dias, temos o restante dos estaduais e a fase de grupos da Libertadores.<\/p>\n\n\n\n<p>Retirado de: Fla Hoje<\/p>\n","protected":false},"excerpt":{"rendered":"<p>Na noite de ontem foi votada algumas regras para o Campeonato Brasileiro de 2020. Na reuni\u00e3o entre os dirigentes ficou determinado que os clubes n\u00e3o podem mais vender mandos de campo. \u00c9 not\u00f3rio que para os clubes de menor condi\u00e7\u00e3o financeira, a venda de mando para clubes de grandes torcidas representa uma grande ajuda. Nesse [&hellip;]<\/p>\n","protected":false},"author":1,"featured_media":16271,"comment_status":"open","ping_status":"closed","sticky":false,"template":"","format":"standard","meta":{"footnotes":""},"categories":[1],"tags":[],"class_list":["post-37704","post","type-post","status-publish","format-standard","has-post-thumbnail","hentry","category-flamengo"],"yoast_head":"<!-- This site is optimized with the Yoast SEO Premium plugin v24.2 (Yoast SEO v26.9) - https:\/\/yoast.com\/product\/yoast-seo-premium-wordpress\/ -->\n<title>Ap\u00f3s reuni\u00e3o na CBF, comentarista afirma que clubes paulistas se uniram contra o Flamengo<\/title>\n<meta name=\"robots\" content=\"index, follow, max-snippet:-1, max-image-preview:large, max-video-preview:-1\" \/>\n<link rel=\"canonical\" href=\"https:\/\/www.gaveanews.com\/index.php\/2020\/02\/28\/apos-reuniao-na-cbf-comentarista-afirma-que-clubes-paulistas-se-uniram-contra-o-flamengo\/\" \/>\n<meta property=\"og:locale\" content=\"pt_BR\" \/>\n<meta property=\"og:type\" content=\"article\" \/>\n<meta property=\"og:title\" content=\"Ap\u00f3s reuni\u00e3o na CBF, comentarista afirma que clubes paulistas se uniram contra o Flamengo\" \/>\n<meta property=\"og:description\" content=\"Na noite de ontem foi votada algumas regras para o Campeonato Brasileiro de 2020. Na reuni\u00e3o entre os dirigentes ficou determinado que os clubes n\u00e3o podem mais vender mandos de campo. \u00c9 not\u00f3rio que para os clubes de menor condi\u00e7\u00e3o financeira, a venda de mando para clubes de grandes torcidas representa uma grande ajuda. Nesse [&hellip;]\" \/>\n<meta property=\"og:url\" content=\"https:\/\/www.gaveanews.com\/index.php\/2020\/02\/28\/apos-reuniao-na-cbf-comentarista-afirma-que-clubes-paulistas-se-uniram-contra-o-flamengo\/\" \/>\n<meta property=\"og:site_name\" content=\"G\u00e1vea News\" \/>\n<meta property=\"article:publisher\" content=\"https:\/\/facebook.com\/gaveaNews\/\" \/>\n<meta property=\"article:published_time\" content=\"2020-02-28T23:35:48+00:00\" \/>\n<meta property=\"article:modified_time\" content=\"2020-02-28T23:35:49+00:00\" \/>\n<meta property=\"og:image\" content=\"https:\/\/www.gaveanews.com\/wp-content\/uploads\/2019\/02\/Sede-da-CBF-no-Rio-de-Janeiro.webp\" \/>\n\t<meta property=\"og:image:width\" content=\"690\" \/>\n\t<meta property=\"og:image:height\" content=\"518\" \/>\n\t<meta property=\"og:image:type\" content=\"image\/jpeg\" \/>\n<meta name=\"author\" content=\"Equipe G\u00e1vea News\" \/>\n<meta name=\"twitter:card\" content=\"summary_large_image\" \/>\n<meta name=\"twitter:label1\" content=\"Escrito por\" \/>\n\t<meta name=\"twitter:data1\" content=\"Equipe G\u00e1vea News\" \/>\n\t<meta name=\"twitter:label2\" content=\"Est. tempo de leitura\" \/>\n\t<meta name=\"twitter:data2\" content=\"1 minuto\" \/>\n<script type=\"application\/ld+json\" class=\"yoast-schema-graph\">{\"@context\":\"https:\/\/schema.org\",\"@graph\":[{\"@type\":\"NewsArticle\",\"@id\":\"https:\/\/www.gaveanews.com\/index.php\/2020\/02\/28\/apos-reuniao-na-cbf-comentarista-afirma-que-clubes-paulistas-se-uniram-contra-o-flamengo\/#article\",\"isPartOf\":{\"@id\":\"https:\/\/www.gaveanews.com\/index.php\/2020\/02\/28\/apos-reuniao-na-cbf-comentarista-afirma-que-clubes-paulistas-se-uniram-contra-o-flamengo\/\"},\"author\":{\"name\":\"Equipe G\u00e1vea News\",\"@id\":\"https:\/\/www.gaveanews.com\/#\/schema\/person\/2ec14f73fb96be2caf28f91afb14749d\"},\"headline\":\"Ap\u00f3s reuni\u00e3o na CBF, comentarista afirma que clubes paulistas se uniram contra o Flamengo\",\"datePublished\":\"2020-02-28T23:35:48+00:00\",\"dateModified\":\"2020-02-28T23:35:49+00:00\",\"mainEntityOfPage\":{\"@id\":\"https:\/\/www.gaveanews.com\/index.php\/2020\/02\/28\/apos-reuniao-na-cbf-comentarista-afirma-que-clubes-paulistas-se-uniram-contra-o-flamengo\/\"},\"wordCount\":278,\"commentCount\":112,\"image\":{\"@id\":\"https:\/\/www.gaveanews.com\/index.php\/2020\/02\/28\/apos-reuniao-na-cbf-comentarista-afirma-que-clubes-paulistas-se-uniram-contra-o-flamengo\/#primaryimage\"},\"thumbnailUrl\":\"https:\/\/www.gaveanews.com\/wp-content\/uploads\/2019\/02\/Sede-da-CBF-no-Rio-de-Janeiro.webp\",\"articleSection\":[\"Flamengo\"],\"inLanguage\":\"pt-BR\",\"potentialAction\":[{\"@type\":\"CommentAction\",\"name\":\"Comment\",\"target\":[\"https:\/\/www.gaveanews.com\/index.php\/2020\/02\/28\/apos-reuniao-na-cbf-comentarista-afirma-que-clubes-paulistas-se-uniram-contra-o-flamengo\/#respond\"]}],\"copyrightYear\":\"2020\",\"copyrightHolder\":{\"@id\":\"https:\/\/www.gaveanews.com\/#organization\"}},{\"@type\":\"WebPage\",\"@id\":\"https:\/\/www.gaveanews.com\/index.php\/2020\/02\/28\/apos-reuniao-na-cbf-comentarista-afirma-que-clubes-paulistas-se-uniram-contra-o-flamengo\/\",\"url\":\"https:\/\/www.gaveanews.com\/index.php\/2020\/02\/28\/apos-reuniao-na-cbf-comentarista-afirma-que-clubes-paulistas-se-uniram-contra-o-flamengo\/\",\"name\":\"Ap\u00f3s reuni\u00e3o na CBF, comentarista afirma que clubes paulistas se uniram contra o Flamengo\",\"isPartOf\":{\"@id\":\"https:\/\/www.gaveanews.com\/#website\"},\"primaryImageOfPage\":{\"@id\":\"https:\/\/www.gaveanews.com\/index.php\/2020\/02\/28\/apos-reuniao-na-cbf-comentarista-afirma-que-clubes-paulistas-se-uniram-contra-o-flamengo\/#primaryimage\"},\"image\":{\"@id\":\"https:\/\/www.gaveanews.com\/index.php\/2020\/02\/28\/apos-reuniao-na-cbf-comentarista-afirma-que-clubes-paulistas-se-uniram-contra-o-flamengo\/#primaryimage\"},\"thumbnailUrl\":\"https:\/\/www.gaveanews.com\/wp-content\/uploads\/2019\/02\/Sede-da-CBF-no-Rio-de-Janeiro.webp\",\"datePublished\":\"2020-02-28T23:35:48+00:00\",\"dateModified\":\"2020-02-28T23:35:49+00:00\",\"author\":{\"@id\":\"https:\/\/www.gaveanews.com\/#\/schema\/person\/2ec14f73fb96be2caf28f91afb14749d\"},\"breadcrumb\":{\"@id\":\"https:\/\/www.gaveanews.com\/index.php\/2020\/02\/28\/apos-reuniao-na-cbf-comentarista-afirma-que-clubes-paulistas-se-uniram-contra-o-flamengo\/#breadcrumb\"},\"inLanguage\":\"pt-BR\",\"potentialAction\":[{\"@type\":\"ReadAction\",\"target\":[\"https:\/\/www.gaveanews.com\/index.php\/2020\/02\/28\/apos-reuniao-na-cbf-comentarista-afirma-que-clubes-paulistas-se-uniram-contra-o-flamengo\/\"]}]},{\"@type\":\"ImageObject\",\"inLanguage\":\"pt-BR\",\"@id\":\"https:\/\/www.gaveanews.com\/index.php\/2020\/02\/28\/apos-reuniao-na-cbf-comentarista-afirma-que-clubes-paulistas-se-uniram-contra-o-flamengo\/#primaryimage\",\"url\":\"https:\/\/www.gaveanews.com\/wp-content\/uploads\/2019\/02\/Sede-da-CBF-no-Rio-de-Janeiro.webp\",\"contentUrl\":\"https:\/\/www.gaveanews.com\/wp-content\/uploads\/2019\/02\/Sede-da-CBF-no-Rio-de-Janeiro.webp\",\"width\":690,\"height\":518,\"caption\":\"Sede da CBF no Rio de Janeiro (Foto: Cah\u00ea Mota\/Globo Esporte)\"},{\"@type\":\"BreadcrumbList\",\"@id\":\"https:\/\/www.gaveanews.com\/index.php\/2020\/02\/28\/apos-reuniao-na-cbf-comentarista-afirma-que-clubes-paulistas-se-uniram-contra-o-flamengo\/#breadcrumb\",\"itemListElement\":[{\"@type\":\"ListItem\",\"position\":1,\"name\":\"Home\",\"item\":\"https:\/\/www.gaveanews.com\/\"},{\"@type\":\"ListItem\",\"position\":2,\"name\":\"Ap\u00f3s reuni\u00e3o na CBF, comentarista afirma que clubes paulistas se uniram contra o Flamengo\"}]},{\"@type\":\"WebSite\",\"@id\":\"https:\/\/www.gaveanews.com\/#website\",\"url\":\"https:\/\/www.gaveanews.com\/\",\"name\":\"G\u00e1vea News\",\"description\":\"Veja todas as not\u00edcias sobre o Flamengo: Contrata\u00e7\u00f5es, categorias de base, resultados das partidas, tabela de classifica\u00e7\u00e3o, pr\u00f3ximos jogos!\",\"potentialAction\":[{\"@type\":\"SearchAction\",\"target\":{\"@type\":\"EntryPoint\",\"urlTemplate\":\"https:\/\/www.gaveanews.com\/?s={search_term_string}\"},\"query-input\":{\"@type\":\"PropertyValueSpecification\",\"valueRequired\":true,\"valueName\":\"search_term_string\"}}],\"inLanguage\":\"pt-BR\"},{\"@type\":\"Person\",\"@id\":\"https:\/\/www.gaveanews.com\/#\/schema\/person\/2ec14f73fb96be2caf28f91afb14749d\",\"name\":\"Equipe G\u00e1vea News\",\"image\":{\"@type\":\"ImageObject\",\"inLanguage\":\"pt-BR\",\"@id\":\"https:\/\/www.gaveanews.com\/#\/schema\/person\/image\/\",\"url\":\"https:\/\/secure.gravatar.com\/avatar\/1e1956f1facbffd3f8fa53a326721950116b3b9dc9bd44939c01180fd4a745a9?s=96&d=mm&r=g\",\"contentUrl\":\"https:\/\/secure.gravatar.com\/avatar\/1e1956f1facbffd3f8fa53a326721950116b3b9dc9bd44939c01180fd4a745a9?s=96&d=mm&r=g\",\"caption\":\"Equipe G\u00e1vea News\"}}]}<\/script>\n<!-- \/ Yoast SEO Premium plugin. -->","yoast_head_json":{"title":"Ap\u00f3s reuni\u00e3o na CBF, comentarista afirma que clubes paulistas se uniram contra o Flamengo","robots":{"index":"index","follow":"follow","max-snippet":"max-snippet:-1","max-image-preview":"max-image-preview:large","max-video-preview":"max-video-preview:-1"},"canonical":"https:\/\/www.gaveanews.com\/index.php\/2020\/02\/28\/apos-reuniao-na-cbf-comentarista-afirma-que-clubes-paulistas-se-uniram-contra-o-flamengo\/","og_locale":"pt_BR","og_type":"article","og_title":"Ap\u00f3s reuni\u00e3o na CBF, comentarista afirma que clubes paulistas se uniram contra o Flamengo","og_description":"Na noite de ontem foi votada algumas regras para o Campeonato Brasileiro de 2020. Na reuni\u00e3o entre os dirigentes ficou determinado que os clubes n\u00e3o podem mais vender mandos de campo. \u00c9 not\u00f3rio que para os clubes de menor condi\u00e7\u00e3o financeira, a venda de mando para clubes de grandes torcidas representa uma grande ajuda. Nesse [&hellip;]","og_url":"https:\/\/www.gaveanews.com\/index.php\/2020\/02\/28\/apos-reuniao-na-cbf-comentarista-afirma-que-clubes-paulistas-se-uniram-contra-o-flamengo\/","og_site_name":"G\u00e1vea News","article_publisher":"https:\/\/facebook.com\/gaveaNews\/","article_published_time":"2020-02-28T23:35:48+00:00","article_modified_time":"2020-02-28T23:35:49+00:00","og_image":[{"width":690,"height":518,"url":"https:\/\/www.gaveanews.com\/wp-content\/uploads\/2019\/02\/Sede-da-CBF-no-Rio-de-Janeiro.webp","type":"image\/jpeg"}],"author":"Equipe G\u00e1vea News","twitter_card":"summary_large_image","twitter_misc":{"Escrito por":"Equipe G\u00e1vea News","Est. tempo de leitura":"1 minuto"},"schema":{"@context":"https:\/\/schema.org","@graph":[{"@type":"NewsArticle","@id":"https:\/\/www.gaveanews.com\/index.php\/2020\/02\/28\/apos-reuniao-na-cbf-comentarista-afirma-que-clubes-paulistas-se-uniram-contra-o-flamengo\/#article","isPartOf":{"@id":"https:\/\/www.gaveanews.com\/index.php\/2020\/02\/28\/apos-reuniao-na-cbf-comentarista-afirma-que-clubes-paulistas-se-uniram-contra-o-flamengo\/"},"author":{"name":"Equipe G\u00e1vea News","@id":"https:\/\/www.gaveanews.com\/#\/schema\/person\/2ec14f73fb96be2caf28f91afb14749d"},"headline":"Ap\u00f3s reuni\u00e3o na CBF, comentarista afirma que clubes paulistas se uniram contra o Flamengo","datePublished":"2020-02-28T23:35:48+00:00","dateModified":"2020-02-28T23:35:49+00:00","mainEntityOfPage":{"@id":"https:\/\/www.gaveanews.com\/index.php\/2020\/02\/28\/apos-reuniao-na-cbf-comentarista-afirma-que-clubes-paulistas-se-uniram-contra-o-flamengo\/"},"wordCount":278,"commentCount":112,"image":{"@id":"https:\/\/www.gaveanews.com\/index.php\/2020\/02\/28\/apos-reuniao-na-cbf-comentarista-afirma-que-clubes-paulistas-se-uniram-contra-o-flamengo\/#primaryimage"},"thumbnailUrl":"https:\/\/www.gaveanews.com\/wp-content\/uploads\/2019\/02\/Sede-da-CBF-no-Rio-de-Janeiro.webp","articleSection":["Flamengo"],"inLanguage":"pt-BR","potentialAction":[{"@type":"CommentAction","name":"Comment","target":["https:\/\/www.gaveanews.com\/index.php\/2020\/02\/28\/apos-reuniao-na-cbf-comentarista-afirma-que-clubes-paulistas-se-uniram-contra-o-flamengo\/#respond"]}],"copyrightYear":"2020","copyrightHolder":{"@id":"https:\/\/www.gaveanews.com\/#organization"}},{"@type":"WebPage","@id":"https:\/\/www.gaveanews.com\/index.php\/2020\/02\/28\/apos-reuniao-na-cbf-comentarista-afirma-que-clubes-paulistas-se-uniram-contra-o-flamengo\/","url":"https:\/\/www.gaveanews.com\/index.php\/2020\/02\/28\/apos-reuniao-na-cbf-comentarista-afirma-que-clubes-paulistas-se-uniram-contra-o-flamengo\/","name":"Ap\u00f3s reuni\u00e3o na CBF, comentarista afirma que clubes paulistas se uniram contra o Flamengo","isPartOf":{"@id":"https:\/\/www.gaveanews.com\/#website"},"primaryImageOfPage":{"@id":"https:\/\/www.gaveanews.com\/index.php\/2020\/02\/28\/apos-reuniao-na-cbf-comentarista-afirma-que-clubes-paulistas-se-uniram-contra-o-flamengo\/#primaryimage"},"image":{"@id":"https:\/\/www.gaveanews.com\/index.php\/2020\/02\/28\/apos-reuniao-na-cbf-comentarista-afirma-que-clubes-paulistas-se-uniram-contra-o-flamengo\/#primaryimage"},"thumbnailUrl":"https:\/\/www.gaveanews.com\/wp-content\/uploads\/2019\/02\/Sede-da-CBF-no-Rio-de-Janeiro.webp","datePublished":"2020-02-28T23:35:48+00:00","dateModified":"2020-02-28T23:35:49+00:00","author":{"@id":"https:\/\/www.gaveanews.com\/#\/schema\/person\/2ec14f73fb96be2caf28f91afb14749d"},"breadcrumb":{"@id":"https:\/\/www.gaveanews.com\/index.php\/2020\/02\/28\/apos-reuniao-na-cbf-comentarista-afirma-que-clubes-paulistas-se-uniram-contra-o-flamengo\/#breadcrumb"},"inLanguage":"pt-BR","potentialAction":[{"@type":"ReadAction","target":["https:\/\/www.gaveanews.com\/index.php\/2020\/02\/28\/apos-reuniao-na-cbf-comentarista-afirma-que-clubes-paulistas-se-uniram-contra-o-flamengo\/"]}]},{"@type":"ImageObject","inLanguage":"pt-BR","@id":"https:\/\/www.gaveanews.com\/index.php\/2020\/02\/28\/apos-reuniao-na-cbf-comentarista-afirma-que-clubes-paulistas-se-uniram-contra-o-flamengo\/#primaryimage","url":"https:\/\/www.gaveanews.com\/wp-content\/uploads\/2019\/02\/Sede-da-CBF-no-Rio-de-Janeiro.webp","contentUrl":"https:\/\/www.gaveanews.com\/wp-content\/uploads\/2019\/02\/Sede-da-CBF-no-Rio-de-Janeiro.webp","width":690,"height":518,"caption":"Sede da CBF no Rio de Janeiro (Foto: Cah\u00ea Mota\/Globo Esporte)"},{"@type":"BreadcrumbList","@id":"https:\/\/www.gaveanews.com\/index.php\/2020\/02\/28\/apos-reuniao-na-cbf-comentarista-afirma-que-clubes-paulistas-se-uniram-contra-o-flamengo\/#breadcrumb","itemListElement":[{"@type":"ListItem","position":1,"name":"Home","item":"https:\/\/www.gaveanews.com\/"},{"@type":"ListItem","position":2,"name":"Ap\u00f3s reuni\u00e3o na CBF, comentarista afirma que clubes paulistas se uniram contra o Flamengo"}]},{"@type":"WebSite","@id":"https:\/\/www.gaveanews.com\/#website","url":"https:\/\/www.gaveanews.com\/","name":"G\u00e1vea News","description":"Veja todas as not\u00edcias sobre o Flamengo: Contrata\u00e7\u00f5es, categorias de base, resultados das partidas, tabela de classifica\u00e7\u00e3o, pr\u00f3ximos jogos!","potentialAction":[{"@type":"SearchAction","target":{"@type":"EntryPoint","urlTemplate":"https:\/\/www.gaveanews.com\/?s={search_term_string}"},"query-input":{"@type":"PropertyValueSpecification","valueRequired":true,"valueName":"search_term_string"}}],"inLanguage":"pt-BR"},{"@type":"Person","@id":"https:\/\/www.gaveanews.com\/#\/schema\/person\/2ec14f73fb96be2caf28f91afb14749d","name":"Equipe G\u00e1vea News","image":{"@type":"ImageObject","inLanguage":"pt-BR","@id":"https:\/\/www.gaveanews.com\/#\/schema\/person\/image\/","url":"https:\/\/secure.gravatar.com\/avatar\/1e1956f1facbffd3f8fa53a326721950116b3b9dc9bd44939c01180fd4a745a9?s=96&d=mm&r=g","contentUrl":"https:\/\/secure.gravatar.com\/avatar\/1e1956f1facbffd3f8fa53a326721950116b3b9dc9bd44939c01180fd4a745a9?s=96&d=mm&r=g","caption":"Equipe G\u00e1vea News"}}]}},"_links":{"self":[{"href":"https:\/\/www.gaveanews.com\/index.php\/wp-json\/wp\/v2\/posts\/37704","targetHints":{"allow":["GET"]}}],"collection":[{"href":"https:\/\/www.gaveanews.com\/index.php\/wp-json\/wp\/v2\/posts"}],"about":[{"href":"https:\/\/www.gaveanews.com\/index.php\/wp-json\/wp\/v2\/types\/post"}],"author":[{"embeddable":true,"href":"https:\/\/www.gaveanews.com\/index.php\/wp-json\/wp\/v2\/users\/1"}],"replies":[{"embeddable":true,"href":"https:\/\/www.gaveanews.com\/index.php\/wp-json\/wp\/v2\/comments?post=37704"}],"version-history":[{"count":0,"href":"https:\/\/www.gaveanews.com\/index.php\/wp-json\/wp\/v2\/posts\/37704\/revisions"}],"wp:featuredmedia":[{"embeddable":true,"href":"https:\/\/www.gaveanews.com\/index.php\/wp-json\/wp\/v2\/media\/16271"}],"wp:attachment":[{"href":"https:\/\/www.gaveanews.com\/index.php\/wp-json\/wp\/v2\/media?parent=37704"}],"wp:term":[{"taxonomy":"category","embeddable":true,"href":"https:\/\/www.gaveanews.com\/index.php\/wp-json\/wp\/v2\/categories?post=37704"},{"taxonomy":"post_tag","embeddable":true,"href":"https:\/\/www.gaveanews.com\/index.php\/wp-json\/wp\/v2\/tags?post=37704"}],"curies":[{"name":"wp","href":"https:\/\/api.w.org\/{rel}","templated":true}]}}