{"id":37710,"date":"2020-02-29T14:12:30","date_gmt":"2020-02-29T17:12:30","guid":{"rendered":"https:\/\/www.gaveanews.com\/?p=37710"},"modified":"2020-02-29T14:12:59","modified_gmt":"2020-02-29T17:12:59","slug":"volante-do-flamengo-e-denunciado-e-pode-ser-suspenso-pela-conmebol","status":"publish","type":"post","link":"https:\/\/www.gaveanews.com\/index.php\/2020\/02\/29\/volante-do-flamengo-e-denunciado-e-pode-ser-suspenso-pela-conmebol\/","title":{"rendered":"Volante do Flamengo \u00e9 denunciado e pode ser suspenso pela Conmebol na Copa Libertadores"},"content":{"rendered":"\n<p>A unidade disciplinar da Conmebol abriu procedimento contra o volante Willian Ar\u00e3o, do Flamengo, por causa da expuls\u00e3o no segundo jogo da Recopa, contra o Independiente Del Valle.<\/p>\n\n\n\n<p>O jogador foi enquadrado por levar cart\u00e3o vermelho direto ao praticar &#8220;jogo brusco grave, o qual \u00e9 produzido mediante o emprego desmedido da for\u00e7a, podendo colocar em perigo a integridade f\u00edsica de um advers\u00e1rio na qual o infrator empregue for\u00e7a excessiva ou atue com brutalidade&#8221;.<\/p>\n\n\n\n<p>O \u00e1rbitro argentino Fernando Rapallini relatou que Ar\u00e3o &#8220;acertou o jogador advers\u00e1rio na altura do peito, estando a bola em jogo entre ambos&#8221;. A expuls\u00e3o foi com a interven\u00e7\u00e3o do VAR.<\/p>\n\n\n\n<p>O Flamengo tem at\u00e9 segunda-feira para enviar a defesa \u00e0 unidade disciplinar. A infra\u00e7\u00e3o cometida por Ar\u00e3o prev\u00ea no m\u00ednimo uma partida de suspens\u00e3o. Ele j\u00e1 cumprir\u00e1 o gancho autom\u00e1tico contra o Junior Barranquilla, na primeira rodada da fase de grupos da Libertadores. <strong>A tentativa do Flamengo ser\u00e1 evitar que o Tribunal Disciplinar aplique mais jogos de suspens\u00e3o.<\/strong><\/p>\n\n\n\n<p>O segundo jogo da Recopa teve dois jogadores do Flamengo com cart\u00f5es amarelos: Gerson e Gustavo Henrique. Cada advert\u00eancia custa US$ 400 e ser\u00e1 descontada do valor de direitos de TV.<\/p>\n\n\n\n<p>Retirado de: Extra<\/p>\n","protected":false},"excerpt":{"rendered":"<p>A unidade disciplinar da Conmebol abriu procedimento contra o volante Willian Ar\u00e3o, do Flamengo, por causa da expuls\u00e3o no segundo jogo da Recopa, contra o Independiente Del Valle. O jogador foi enquadrado por levar cart\u00e3o vermelho direto ao praticar &#8220;jogo brusco grave, o qual \u00e9 produzido mediante o emprego desmedido da for\u00e7a, podendo colocar em [&hellip;]<\/p>\n","protected":false},"author":1,"featured_media":35738,"comment_status":"open","ping_status":"closed","sticky":false,"template":"","format":"standard","meta":{"footnotes":""},"categories":[1],"tags":[],"class_list":["post-37710","post","type-post","status-publish","format-standard","has-post-thumbnail","hentry","category-flamengo"],"yoast_head":"<!-- This site is optimized with the Yoast SEO Premium plugin v24.2 (Yoast SEO v26.9) - https:\/\/yoast.com\/product\/yoast-seo-premium-wordpress\/ -->\n<title>Volante do Flamengo \u00e9 denunciado e pode ser suspenso pela Conmebol na Copa Libertadores<\/title>\n<meta name=\"robots\" content=\"index, follow, max-snippet:-1, max-image-preview:large, max-video-preview:-1\" \/>\n<link rel=\"canonical\" href=\"https:\/\/www.gaveanews.com\/index.php\/2020\/02\/29\/volante-do-flamengo-e-denunciado-e-pode-ser-suspenso-pela-conmebol\/\" \/>\n<meta property=\"og:locale\" content=\"pt_BR\" \/>\n<meta property=\"og:type\" content=\"article\" \/>\n<meta property=\"og:title\" content=\"Volante do Flamengo \u00e9 denunciado e pode ser suspenso pela Conmebol na Copa Libertadores\" \/>\n<meta property=\"og:description\" content=\"A unidade disciplinar da Conmebol abriu procedimento contra o volante Willian Ar\u00e3o, do Flamengo, por causa da expuls\u00e3o no segundo jogo da Recopa, contra o Independiente Del Valle. O jogador foi enquadrado por levar cart\u00e3o vermelho direto ao praticar &#8220;jogo brusco grave, o qual \u00e9 produzido mediante o emprego desmedido da for\u00e7a, podendo colocar em [&hellip;]\" \/>\n<meta property=\"og:url\" content=\"https:\/\/www.gaveanews.com\/index.php\/2020\/02\/29\/volante-do-flamengo-e-denunciado-e-pode-ser-suspenso-pela-conmebol\/\" \/>\n<meta property=\"og:site_name\" content=\"G\u00e1vea News\" \/>\n<meta property=\"article:publisher\" content=\"https:\/\/facebook.com\/gaveaNews\/\" \/>\n<meta property=\"article:published_time\" content=\"2020-02-29T17:12:30+00:00\" \/>\n<meta property=\"article:modified_time\" content=\"2020-02-29T17:12:59+00:00\" \/>\n<meta property=\"og:image\" content=\"https:\/\/www.gaveanews.com\/wp-content\/uploads\/Logomarca-da-Conmebol.webp\" \/>\n\t<meta property=\"og:image:width\" content=\"1162\" \/>\n\t<meta property=\"og:image:height\" content=\"751\" \/>\n\t<meta property=\"og:image:type\" content=\"image\/jpeg\" \/>\n<meta name=\"author\" content=\"Equipe G\u00e1vea News\" \/>\n<meta name=\"twitter:card\" content=\"summary_large_image\" \/>\n<meta name=\"twitter:label1\" content=\"Escrito por\" \/>\n\t<meta name=\"twitter:data1\" content=\"Equipe G\u00e1vea News\" \/>\n\t<meta name=\"twitter:label2\" content=\"Est. tempo de leitura\" \/>\n\t<meta name=\"twitter:data2\" content=\"1 minuto\" \/>\n<script type=\"application\/ld+json\" class=\"yoast-schema-graph\">{\"@context\":\"https:\/\/schema.org\",\"@graph\":[{\"@type\":\"NewsArticle\",\"@id\":\"https:\/\/www.gaveanews.com\/index.php\/2020\/02\/29\/volante-do-flamengo-e-denunciado-e-pode-ser-suspenso-pela-conmebol\/#article\",\"isPartOf\":{\"@id\":\"https:\/\/www.gaveanews.com\/index.php\/2020\/02\/29\/volante-do-flamengo-e-denunciado-e-pode-ser-suspenso-pela-conmebol\/\"},\"author\":{\"name\":\"Equipe G\u00e1vea News\",\"@id\":\"https:\/\/www.gaveanews.com\/#\/schema\/person\/2ec14f73fb96be2caf28f91afb14749d\"},\"headline\":\"Volante do Flamengo \u00e9 denunciado e pode ser suspenso pela Conmebol na Copa Libertadores\",\"datePublished\":\"2020-02-29T17:12:30+00:00\",\"dateModified\":\"2020-02-29T17:12:59+00:00\",\"mainEntityOfPage\":{\"@id\":\"https:\/\/www.gaveanews.com\/index.php\/2020\/02\/29\/volante-do-flamengo-e-denunciado-e-pode-ser-suspenso-pela-conmebol\/\"},\"wordCount\":225,\"commentCount\":102,\"image\":{\"@id\":\"https:\/\/www.gaveanews.com\/index.php\/2020\/02\/29\/volante-do-flamengo-e-denunciado-e-pode-ser-suspenso-pela-conmebol\/#primaryimage\"},\"thumbnailUrl\":\"https:\/\/www.gaveanews.com\/wp-content\/uploads\/Logomarca-da-Conmebol.webp\",\"articleSection\":[\"Flamengo\"],\"inLanguage\":\"pt-BR\",\"potentialAction\":[{\"@type\":\"CommentAction\",\"name\":\"Comment\",\"target\":[\"https:\/\/www.gaveanews.com\/index.php\/2020\/02\/29\/volante-do-flamengo-e-denunciado-e-pode-ser-suspenso-pela-conmebol\/#respond\"]}],\"copyrightYear\":\"2020\",\"copyrightHolder\":{\"@id\":\"https:\/\/www.gaveanews.com\/#organization\"}},{\"@type\":\"WebPage\",\"@id\":\"https:\/\/www.gaveanews.com\/index.php\/2020\/02\/29\/volante-do-flamengo-e-denunciado-e-pode-ser-suspenso-pela-conmebol\/\",\"url\":\"https:\/\/www.gaveanews.com\/index.php\/2020\/02\/29\/volante-do-flamengo-e-denunciado-e-pode-ser-suspenso-pela-conmebol\/\",\"name\":\"Volante do Flamengo \u00e9 denunciado e pode ser suspenso pela Conmebol na Copa Libertadores\",\"isPartOf\":{\"@id\":\"https:\/\/www.gaveanews.com\/#website\"},\"primaryImageOfPage\":{\"@id\":\"https:\/\/www.gaveanews.com\/index.php\/2020\/02\/29\/volante-do-flamengo-e-denunciado-e-pode-ser-suspenso-pela-conmebol\/#primaryimage\"},\"image\":{\"@id\":\"https:\/\/www.gaveanews.com\/index.php\/2020\/02\/29\/volante-do-flamengo-e-denunciado-e-pode-ser-suspenso-pela-conmebol\/#primaryimage\"},\"thumbnailUrl\":\"https:\/\/www.gaveanews.com\/wp-content\/uploads\/Logomarca-da-Conmebol.webp\",\"datePublished\":\"2020-02-29T17:12:30+00:00\",\"dateModified\":\"2020-02-29T17:12:59+00:00\",\"author\":{\"@id\":\"https:\/\/www.gaveanews.com\/#\/schema\/person\/2ec14f73fb96be2caf28f91afb14749d\"},\"breadcrumb\":{\"@id\":\"https:\/\/www.gaveanews.com\/index.php\/2020\/02\/29\/volante-do-flamengo-e-denunciado-e-pode-ser-suspenso-pela-conmebol\/#breadcrumb\"},\"inLanguage\":\"pt-BR\",\"potentialAction\":[{\"@type\":\"ReadAction\",\"target\":[\"https:\/\/www.gaveanews.com\/index.php\/2020\/02\/29\/volante-do-flamengo-e-denunciado-e-pode-ser-suspenso-pela-conmebol\/\"]}]},{\"@type\":\"ImageObject\",\"inLanguage\":\"pt-BR\",\"@id\":\"https:\/\/www.gaveanews.com\/index.php\/2020\/02\/29\/volante-do-flamengo-e-denunciado-e-pode-ser-suspenso-pela-conmebol\/#primaryimage\",\"url\":\"https:\/\/www.gaveanews.com\/wp-content\/uploads\/Logomarca-da-Conmebol.webp\",\"contentUrl\":\"https:\/\/www.gaveanews.com\/wp-content\/uploads\/Logomarca-da-Conmebol.webp\",\"width\":1162,\"height\":751},{\"@type\":\"BreadcrumbList\",\"@id\":\"https:\/\/www.gaveanews.com\/index.php\/2020\/02\/29\/volante-do-flamengo-e-denunciado-e-pode-ser-suspenso-pela-conmebol\/#breadcrumb\",\"itemListElement\":[{\"@type\":\"ListItem\",\"position\":1,\"name\":\"Home\",\"item\":\"https:\/\/www.gaveanews.com\/\"},{\"@type\":\"ListItem\",\"position\":2,\"name\":\"Volante do Flamengo \u00e9 denunciado e pode ser suspenso pela Conmebol na Copa Libertadores\"}]},{\"@type\":\"WebSite\",\"@id\":\"https:\/\/www.gaveanews.com\/#website\",\"url\":\"https:\/\/www.gaveanews.com\/\",\"name\":\"G\u00e1vea News\",\"description\":\"Veja todas as not\u00edcias sobre o Flamengo: Contrata\u00e7\u00f5es, categorias de base, resultados das partidas, tabela de classifica\u00e7\u00e3o, pr\u00f3ximos jogos!\",\"potentialAction\":[{\"@type\":\"SearchAction\",\"target\":{\"@type\":\"EntryPoint\",\"urlTemplate\":\"https:\/\/www.gaveanews.com\/?s={search_term_string}\"},\"query-input\":{\"@type\":\"PropertyValueSpecification\",\"valueRequired\":true,\"valueName\":\"search_term_string\"}}],\"inLanguage\":\"pt-BR\"},{\"@type\":\"Person\",\"@id\":\"https:\/\/www.gaveanews.com\/#\/schema\/person\/2ec14f73fb96be2caf28f91afb14749d\",\"name\":\"Equipe G\u00e1vea News\",\"image\":{\"@type\":\"ImageObject\",\"inLanguage\":\"pt-BR\",\"@id\":\"https:\/\/www.gaveanews.com\/#\/schema\/person\/image\/\",\"url\":\"https:\/\/secure.gravatar.com\/avatar\/1e1956f1facbffd3f8fa53a326721950116b3b9dc9bd44939c01180fd4a745a9?s=96&d=mm&r=g\",\"contentUrl\":\"https:\/\/secure.gravatar.com\/avatar\/1e1956f1facbffd3f8fa53a326721950116b3b9dc9bd44939c01180fd4a745a9?s=96&d=mm&r=g\",\"caption\":\"Equipe G\u00e1vea News\"}}]}<\/script>\n<!-- \/ Yoast SEO Premium plugin. -->","yoast_head_json":{"title":"Volante do Flamengo \u00e9 denunciado e pode ser suspenso pela Conmebol na Copa Libertadores","robots":{"index":"index","follow":"follow","max-snippet":"max-snippet:-1","max-image-preview":"max-image-preview:large","max-video-preview":"max-video-preview:-1"},"canonical":"https:\/\/www.gaveanews.com\/index.php\/2020\/02\/29\/volante-do-flamengo-e-denunciado-e-pode-ser-suspenso-pela-conmebol\/","og_locale":"pt_BR","og_type":"article","og_title":"Volante do Flamengo \u00e9 denunciado e pode ser suspenso pela Conmebol na Copa Libertadores","og_description":"A unidade disciplinar da Conmebol abriu procedimento contra o volante Willian Ar\u00e3o, do Flamengo, por causa da expuls\u00e3o no segundo jogo da Recopa, contra o Independiente Del Valle. O jogador foi enquadrado por levar cart\u00e3o vermelho direto ao praticar &#8220;jogo brusco grave, o qual \u00e9 produzido mediante o emprego desmedido da for\u00e7a, podendo colocar em [&hellip;]","og_url":"https:\/\/www.gaveanews.com\/index.php\/2020\/02\/29\/volante-do-flamengo-e-denunciado-e-pode-ser-suspenso-pela-conmebol\/","og_site_name":"G\u00e1vea News","article_publisher":"https:\/\/facebook.com\/gaveaNews\/","article_published_time":"2020-02-29T17:12:30+00:00","article_modified_time":"2020-02-29T17:12:59+00:00","og_image":[{"width":1162,"height":751,"url":"https:\/\/www.gaveanews.com\/wp-content\/uploads\/Logomarca-da-Conmebol.webp","type":"image\/jpeg"}],"author":"Equipe G\u00e1vea News","twitter_card":"summary_large_image","twitter_misc":{"Escrito por":"Equipe G\u00e1vea News","Est. tempo de leitura":"1 minuto"},"schema":{"@context":"https:\/\/schema.org","@graph":[{"@type":"NewsArticle","@id":"https:\/\/www.gaveanews.com\/index.php\/2020\/02\/29\/volante-do-flamengo-e-denunciado-e-pode-ser-suspenso-pela-conmebol\/#article","isPartOf":{"@id":"https:\/\/www.gaveanews.com\/index.php\/2020\/02\/29\/volante-do-flamengo-e-denunciado-e-pode-ser-suspenso-pela-conmebol\/"},"author":{"name":"Equipe G\u00e1vea News","@id":"https:\/\/www.gaveanews.com\/#\/schema\/person\/2ec14f73fb96be2caf28f91afb14749d"},"headline":"Volante do Flamengo \u00e9 denunciado e pode ser suspenso pela Conmebol na Copa Libertadores","datePublished":"2020-02-29T17:12:30+00:00","dateModified":"2020-02-29T17:12:59+00:00","mainEntityOfPage":{"@id":"https:\/\/www.gaveanews.com\/index.php\/2020\/02\/29\/volante-do-flamengo-e-denunciado-e-pode-ser-suspenso-pela-conmebol\/"},"wordCount":225,"commentCount":102,"image":{"@id":"https:\/\/www.gaveanews.com\/index.php\/2020\/02\/29\/volante-do-flamengo-e-denunciado-e-pode-ser-suspenso-pela-conmebol\/#primaryimage"},"thumbnailUrl":"https:\/\/www.gaveanews.com\/wp-content\/uploads\/Logomarca-da-Conmebol.webp","articleSection":["Flamengo"],"inLanguage":"pt-BR","potentialAction":[{"@type":"CommentAction","name":"Comment","target":["https:\/\/www.gaveanews.com\/index.php\/2020\/02\/29\/volante-do-flamengo-e-denunciado-e-pode-ser-suspenso-pela-conmebol\/#respond"]}],"copyrightYear":"2020","copyrightHolder":{"@id":"https:\/\/www.gaveanews.com\/#organization"}},{"@type":"WebPage","@id":"https:\/\/www.gaveanews.com\/index.php\/2020\/02\/29\/volante-do-flamengo-e-denunciado-e-pode-ser-suspenso-pela-conmebol\/","url":"https:\/\/www.gaveanews.com\/index.php\/2020\/02\/29\/volante-do-flamengo-e-denunciado-e-pode-ser-suspenso-pela-conmebol\/","name":"Volante do Flamengo \u00e9 denunciado e pode ser suspenso pela Conmebol na Copa Libertadores","isPartOf":{"@id":"https:\/\/www.gaveanews.com\/#website"},"primaryImageOfPage":{"@id":"https:\/\/www.gaveanews.com\/index.php\/2020\/02\/29\/volante-do-flamengo-e-denunciado-e-pode-ser-suspenso-pela-conmebol\/#primaryimage"},"image":{"@id":"https:\/\/www.gaveanews.com\/index.php\/2020\/02\/29\/volante-do-flamengo-e-denunciado-e-pode-ser-suspenso-pela-conmebol\/#primaryimage"},"thumbnailUrl":"https:\/\/www.gaveanews.com\/wp-content\/uploads\/Logomarca-da-Conmebol.webp","datePublished":"2020-02-29T17:12:30+00:00","dateModified":"2020-02-29T17:12:59+00:00","author":{"@id":"https:\/\/www.gaveanews.com\/#\/schema\/person\/2ec14f73fb96be2caf28f91afb14749d"},"breadcrumb":{"@id":"https:\/\/www.gaveanews.com\/index.php\/2020\/02\/29\/volante-do-flamengo-e-denunciado-e-pode-ser-suspenso-pela-conmebol\/#breadcrumb"},"inLanguage":"pt-BR","potentialAction":[{"@type":"ReadAction","target":["https:\/\/www.gaveanews.com\/index.php\/2020\/02\/29\/volante-do-flamengo-e-denunciado-e-pode-ser-suspenso-pela-conmebol\/"]}]},{"@type":"ImageObject","inLanguage":"pt-BR","@id":"https:\/\/www.gaveanews.com\/index.php\/2020\/02\/29\/volante-do-flamengo-e-denunciado-e-pode-ser-suspenso-pela-conmebol\/#primaryimage","url":"https:\/\/www.gaveanews.com\/wp-content\/uploads\/Logomarca-da-Conmebol.webp","contentUrl":"https:\/\/www.gaveanews.com\/wp-content\/uploads\/Logomarca-da-Conmebol.webp","width":1162,"height":751},{"@type":"BreadcrumbList","@id":"https:\/\/www.gaveanews.com\/index.php\/2020\/02\/29\/volante-do-flamengo-e-denunciado-e-pode-ser-suspenso-pela-conmebol\/#breadcrumb","itemListElement":[{"@type":"ListItem","position":1,"name":"Home","item":"https:\/\/www.gaveanews.com\/"},{"@type":"ListItem","position":2,"name":"Volante do Flamengo \u00e9 denunciado e pode ser suspenso pela Conmebol na Copa Libertadores"}]},{"@type":"WebSite","@id":"https:\/\/www.gaveanews.com\/#website","url":"https:\/\/www.gaveanews.com\/","name":"G\u00e1vea News","description":"Veja todas as not\u00edcias sobre o Flamengo: Contrata\u00e7\u00f5es, categorias de base, resultados das partidas, tabela de classifica\u00e7\u00e3o, pr\u00f3ximos jogos!","potentialAction":[{"@type":"SearchAction","target":{"@type":"EntryPoint","urlTemplate":"https:\/\/www.gaveanews.com\/?s={search_term_string}"},"query-input":{"@type":"PropertyValueSpecification","valueRequired":true,"valueName":"search_term_string"}}],"inLanguage":"pt-BR"},{"@type":"Person","@id":"https:\/\/www.gaveanews.com\/#\/schema\/person\/2ec14f73fb96be2caf28f91afb14749d","name":"Equipe G\u00e1vea News","image":{"@type":"ImageObject","inLanguage":"pt-BR","@id":"https:\/\/www.gaveanews.com\/#\/schema\/person\/image\/","url":"https:\/\/secure.gravatar.com\/avatar\/1e1956f1facbffd3f8fa53a326721950116b3b9dc9bd44939c01180fd4a745a9?s=96&d=mm&r=g","contentUrl":"https:\/\/secure.gravatar.com\/avatar\/1e1956f1facbffd3f8fa53a326721950116b3b9dc9bd44939c01180fd4a745a9?s=96&d=mm&r=g","caption":"Equipe G\u00e1vea News"}}]}},"_links":{"self":[{"href":"https:\/\/www.gaveanews.com\/index.php\/wp-json\/wp\/v2\/posts\/37710","targetHints":{"allow":["GET"]}}],"collection":[{"href":"https:\/\/www.gaveanews.com\/index.php\/wp-json\/wp\/v2\/posts"}],"about":[{"href":"https:\/\/www.gaveanews.com\/index.php\/wp-json\/wp\/v2\/types\/post"}],"author":[{"embeddable":true,"href":"https:\/\/www.gaveanews.com\/index.php\/wp-json\/wp\/v2\/users\/1"}],"replies":[{"embeddable":true,"href":"https:\/\/www.gaveanews.com\/index.php\/wp-json\/wp\/v2\/comments?post=37710"}],"version-history":[{"count":0,"href":"https:\/\/www.gaveanews.com\/index.php\/wp-json\/wp\/v2\/posts\/37710\/revisions"}],"wp:featuredmedia":[{"embeddable":true,"href":"https:\/\/www.gaveanews.com\/index.php\/wp-json\/wp\/v2\/media\/35738"}],"wp:attachment":[{"href":"https:\/\/www.gaveanews.com\/index.php\/wp-json\/wp\/v2\/media?parent=37710"}],"wp:term":[{"taxonomy":"category","embeddable":true,"href":"https:\/\/www.gaveanews.com\/index.php\/wp-json\/wp\/v2\/categories?post=37710"},{"taxonomy":"post_tag","embeddable":true,"href":"https:\/\/www.gaveanews.com\/index.php\/wp-json\/wp\/v2\/tags?post=37710"}],"curies":[{"name":"wp","href":"https:\/\/api.w.org\/{rel}","templated":true}]}}