{"id":37955,"date":"2020-03-05T09:03:01","date_gmt":"2020-03-05T12:03:01","guid":{"rendered":"https:\/\/www.gaveanews.com\/?p=37955"},"modified":"2020-03-05T09:03:03","modified_gmt":"2020-03-05T12:03:03","slug":"everton-ribeiro-entra-no-top-5-dos-maiores-artilheiros-do-flamengo-em-libertadores","status":"publish","type":"post","link":"https:\/\/www.gaveanews.com\/index.php\/2020\/03\/05\/everton-ribeiro-entra-no-top-5-dos-maiores-artilheiros-do-flamengo-em-libertadores\/","title":{"rendered":"Everton Ribeiro entra no top 5 dos maiores artilheiros do Flamengo em Libertadores"},"content":{"rendered":"\n<p>N\u00e3o teve gol do Gabigol na estreia do Flamengo na Libertadores. Menos ainda de Bruno Henrique, que ainda se recupera de uma les\u00e3o no joelho. Mas teve de Everton Ribeiro. Dois. O grande gar\u00e7om rubro-negro nas \u00faltimas temporadas dessa vez viveu uma noite de artilheiro. E n\u00e3o foi a primeira.<\/p>\n\n\n\n<p>Autor dos dois gols na vit\u00f3ria do time por 2 a 1 sobre o Junior Barranquilla, na Col\u00f4mbia, o meia se tornou o 5\u00ba maior goleador do clube na hist\u00f3ria da Libertadores, chegando a sete bolas na rede em 20 jogos. <\/p>\n\n\n\n<p>No ano passado, o camisa 7 j\u00e1 havia anotado duas vezes tamb\u00e9m na goleada de 6 a 1 sobre San Jos\u00e9, da Bol\u00edvia. Em 2018, fez dois tamb\u00e9m sobre o Emelec. A outra v\u00edtima foi a LDU, do Equador, em 2019.<\/p>\n\n\n\n<p>Everton agora est\u00e1 empatado com Marcelinho Carioca e Nunes no ranking hist\u00f3rico do Flamengo. Gabigol, com nove, \u00e9 o 4\u00ba, enquanto que Zico lidera com folga: 16 gols em 20 jogos. Veja o top 10:<br><br><strong>MAIORES ARTILHEIROS DO FLAMENGO NA LIBERTADORES<br><\/strong><br>1\u00ba &#8211; Zico &#8211; 16 gols em 20 jogos<br>2\u00ba &#8211; Ga\u00facho &#8211; 10 gols em 18 jogos<br>Tita &#8211; 10 gols em 24 jogos<br>4\u00ba &#8211; Gabigol &#8211; 9 gols em 13 jogos<br>5\u00ba &#8211; Marcelinho Carioca &#8211; 7 gols em 17 jogos<br>Nunes &#8211; 7 gols em 20 jogos<br>Everton Ribeiro &#8211; 7 gols em 20 jogos<br>8\u00ba &#8211; Edmar &#8211; 6 gols em 5 jogos<br>Vagner Love &#8211; 6 gols em 15 jogos<br>Ad\u00edlio &#8211; 6 gols em 32 jogos<br>L\u00e9o Moura &#8211; 6 gols em 36 jogos<\/p>\n\n\n\n<p>Retirado de: Lance<\/p>\n","protected":false},"excerpt":{"rendered":"<p>N\u00e3o teve gol do Gabigol na estreia do Flamengo na Libertadores. Menos ainda de Bruno Henrique, que ainda se recupera de uma les\u00e3o no joelho. Mas teve de Everton Ribeiro. Dois. O grande gar\u00e7om rubro-negro nas \u00faltimas temporadas dessa vez viveu uma noite de artilheiro. E n\u00e3o foi a primeira. Autor dos dois gols na [&hellip;]<\/p>\n","protected":false},"author":1,"featured_media":28903,"comment_status":"open","ping_status":"closed","sticky":false,"template":"","format":"standard","meta":{"footnotes":""},"categories":[1],"tags":[],"class_list":["post-37955","post","type-post","status-publish","format-standard","has-post-thumbnail","hentry","category-flamengo"],"yoast_head":"<!-- This site is optimized with the Yoast SEO Premium plugin v24.2 (Yoast SEO v26.9) - https:\/\/yoast.com\/product\/yoast-seo-premium-wordpress\/ -->\n<title>Everton Ribeiro entra no top 5 dos maiores artilheiros do Flamengo em Libertadores<\/title>\n<meta name=\"robots\" content=\"index, follow, max-snippet:-1, max-image-preview:large, max-video-preview:-1\" \/>\n<link rel=\"canonical\" href=\"https:\/\/www.gaveanews.com\/index.php\/2020\/03\/05\/everton-ribeiro-entra-no-top-5-dos-maiores-artilheiros-do-flamengo-em-libertadores\/\" \/>\n<meta property=\"og:locale\" content=\"pt_BR\" \/>\n<meta property=\"og:type\" content=\"article\" \/>\n<meta property=\"og:title\" content=\"Everton Ribeiro entra no top 5 dos maiores artilheiros do Flamengo em Libertadores\" \/>\n<meta property=\"og:description\" content=\"N\u00e3o teve gol do Gabigol na estreia do Flamengo na Libertadores. Menos ainda de Bruno Henrique, que ainda se recupera de uma les\u00e3o no joelho. Mas teve de Everton Ribeiro. Dois. O grande gar\u00e7om rubro-negro nas \u00faltimas temporadas dessa vez viveu uma noite de artilheiro. E n\u00e3o foi a primeira. Autor dos dois gols na [&hellip;]\" \/>\n<meta property=\"og:url\" content=\"https:\/\/www.gaveanews.com\/index.php\/2020\/03\/05\/everton-ribeiro-entra-no-top-5-dos-maiores-artilheiros-do-flamengo-em-libertadores\/\" \/>\n<meta property=\"og:site_name\" content=\"G\u00e1vea News\" \/>\n<meta property=\"article:publisher\" content=\"https:\/\/facebook.com\/gaveaNews\/\" \/>\n<meta property=\"article:published_time\" content=\"2020-03-05T12:03:01+00:00\" \/>\n<meta property=\"article:modified_time\" content=\"2020-03-05T12:03:03+00:00\" \/>\n<meta property=\"og:image\" content=\"https:\/\/www.gaveanews.com\/wp-content\/uploads\/Everton-Ribeiro-durante-uma-partida-do-Flamengo.webp\" \/>\n\t<meta property=\"og:image:width\" content=\"900\" \/>\n\t<meta property=\"og:image:height\" content=\"600\" \/>\n\t<meta property=\"og:image:type\" content=\"image\/jpeg\" \/>\n<meta name=\"author\" content=\"Equipe G\u00e1vea News\" \/>\n<meta name=\"twitter:card\" content=\"summary_large_image\" \/>\n<meta name=\"twitter:label1\" content=\"Escrito por\" \/>\n\t<meta name=\"twitter:data1\" content=\"Equipe G\u00e1vea News\" \/>\n\t<meta name=\"twitter:label2\" content=\"Est. tempo de leitura\" \/>\n\t<meta name=\"twitter:data2\" content=\"1 minuto\" \/>\n<script type=\"application\/ld+json\" class=\"yoast-schema-graph\">{\"@context\":\"https:\/\/schema.org\",\"@graph\":[{\"@type\":\"NewsArticle\",\"@id\":\"https:\/\/www.gaveanews.com\/index.php\/2020\/03\/05\/everton-ribeiro-entra-no-top-5-dos-maiores-artilheiros-do-flamengo-em-libertadores\/#article\",\"isPartOf\":{\"@id\":\"https:\/\/www.gaveanews.com\/index.php\/2020\/03\/05\/everton-ribeiro-entra-no-top-5-dos-maiores-artilheiros-do-flamengo-em-libertadores\/\"},\"author\":{\"name\":\"Equipe G\u00e1vea News\",\"@id\":\"https:\/\/www.gaveanews.com\/#\/schema\/person\/2ec14f73fb96be2caf28f91afb14749d\"},\"headline\":\"Everton Ribeiro entra no top 5 dos maiores artilheiros do Flamengo em Libertadores\",\"datePublished\":\"2020-03-05T12:03:01+00:00\",\"dateModified\":\"2020-03-05T12:03:03+00:00\",\"mainEntityOfPage\":{\"@id\":\"https:\/\/www.gaveanews.com\/index.php\/2020\/03\/05\/everton-ribeiro-entra-no-top-5-dos-maiores-artilheiros-do-flamengo-em-libertadores\/\"},\"wordCount\":247,\"commentCount\":17,\"image\":{\"@id\":\"https:\/\/www.gaveanews.com\/index.php\/2020\/03\/05\/everton-ribeiro-entra-no-top-5-dos-maiores-artilheiros-do-flamengo-em-libertadores\/#primaryimage\"},\"thumbnailUrl\":\"https:\/\/www.gaveanews.com\/wp-content\/uploads\/Everton-Ribeiro-durante-uma-partida-do-Flamengo.webp\",\"articleSection\":[\"Flamengo\"],\"inLanguage\":\"pt-BR\",\"potentialAction\":[{\"@type\":\"CommentAction\",\"name\":\"Comment\",\"target\":[\"https:\/\/www.gaveanews.com\/index.php\/2020\/03\/05\/everton-ribeiro-entra-no-top-5-dos-maiores-artilheiros-do-flamengo-em-libertadores\/#respond\"]}],\"copyrightYear\":\"2020\",\"copyrightHolder\":{\"@id\":\"https:\/\/www.gaveanews.com\/#organization\"}},{\"@type\":\"WebPage\",\"@id\":\"https:\/\/www.gaveanews.com\/index.php\/2020\/03\/05\/everton-ribeiro-entra-no-top-5-dos-maiores-artilheiros-do-flamengo-em-libertadores\/\",\"url\":\"https:\/\/www.gaveanews.com\/index.php\/2020\/03\/05\/everton-ribeiro-entra-no-top-5-dos-maiores-artilheiros-do-flamengo-em-libertadores\/\",\"name\":\"Everton Ribeiro entra no top 5 dos maiores artilheiros do Flamengo em Libertadores\",\"isPartOf\":{\"@id\":\"https:\/\/www.gaveanews.com\/#website\"},\"primaryImageOfPage\":{\"@id\":\"https:\/\/www.gaveanews.com\/index.php\/2020\/03\/05\/everton-ribeiro-entra-no-top-5-dos-maiores-artilheiros-do-flamengo-em-libertadores\/#primaryimage\"},\"image\":{\"@id\":\"https:\/\/www.gaveanews.com\/index.php\/2020\/03\/05\/everton-ribeiro-entra-no-top-5-dos-maiores-artilheiros-do-flamengo-em-libertadores\/#primaryimage\"},\"thumbnailUrl\":\"https:\/\/www.gaveanews.com\/wp-content\/uploads\/Everton-Ribeiro-durante-uma-partida-do-Flamengo.webp\",\"datePublished\":\"2020-03-05T12:03:01+00:00\",\"dateModified\":\"2020-03-05T12:03:03+00:00\",\"author\":{\"@id\":\"https:\/\/www.gaveanews.com\/#\/schema\/person\/2ec14f73fb96be2caf28f91afb14749d\"},\"breadcrumb\":{\"@id\":\"https:\/\/www.gaveanews.com\/index.php\/2020\/03\/05\/everton-ribeiro-entra-no-top-5-dos-maiores-artilheiros-do-flamengo-em-libertadores\/#breadcrumb\"},\"inLanguage\":\"pt-BR\",\"potentialAction\":[{\"@type\":\"ReadAction\",\"target\":[\"https:\/\/www.gaveanews.com\/index.php\/2020\/03\/05\/everton-ribeiro-entra-no-top-5-dos-maiores-artilheiros-do-flamengo-em-libertadores\/\"]}]},{\"@type\":\"ImageObject\",\"inLanguage\":\"pt-BR\",\"@id\":\"https:\/\/www.gaveanews.com\/index.php\/2020\/03\/05\/everton-ribeiro-entra-no-top-5-dos-maiores-artilheiros-do-flamengo-em-libertadores\/#primaryimage\",\"url\":\"https:\/\/www.gaveanews.com\/wp-content\/uploads\/Everton-Ribeiro-durante-uma-partida-do-Flamengo.webp\",\"contentUrl\":\"https:\/\/www.gaveanews.com\/wp-content\/uploads\/Everton-Ribeiro-durante-uma-partida-do-Flamengo.webp\",\"width\":900,\"height\":600,\"caption\":\"Everton Ribeiro durante uma partida do Flamengo (Foto: Alexandre Vidal\/Flamengo)\"},{\"@type\":\"BreadcrumbList\",\"@id\":\"https:\/\/www.gaveanews.com\/index.php\/2020\/03\/05\/everton-ribeiro-entra-no-top-5-dos-maiores-artilheiros-do-flamengo-em-libertadores\/#breadcrumb\",\"itemListElement\":[{\"@type\":\"ListItem\",\"position\":1,\"name\":\"Home\",\"item\":\"https:\/\/www.gaveanews.com\/\"},{\"@type\":\"ListItem\",\"position\":2,\"name\":\"Everton Ribeiro entra no top 5 dos maiores artilheiros do Flamengo em Libertadores\"}]},{\"@type\":\"WebSite\",\"@id\":\"https:\/\/www.gaveanews.com\/#website\",\"url\":\"https:\/\/www.gaveanews.com\/\",\"name\":\"G\u00e1vea News\",\"description\":\"Veja todas as not\u00edcias sobre o Flamengo: Contrata\u00e7\u00f5es, categorias de base, resultados das partidas, tabela de classifica\u00e7\u00e3o, pr\u00f3ximos jogos!\",\"potentialAction\":[{\"@type\":\"SearchAction\",\"target\":{\"@type\":\"EntryPoint\",\"urlTemplate\":\"https:\/\/www.gaveanews.com\/?s={search_term_string}\"},\"query-input\":{\"@type\":\"PropertyValueSpecification\",\"valueRequired\":true,\"valueName\":\"search_term_string\"}}],\"inLanguage\":\"pt-BR\"},{\"@type\":\"Person\",\"@id\":\"https:\/\/www.gaveanews.com\/#\/schema\/person\/2ec14f73fb96be2caf28f91afb14749d\",\"name\":\"Equipe G\u00e1vea News\",\"image\":{\"@type\":\"ImageObject\",\"inLanguage\":\"pt-BR\",\"@id\":\"https:\/\/www.gaveanews.com\/#\/schema\/person\/image\/\",\"url\":\"https:\/\/secure.gravatar.com\/avatar\/1e1956f1facbffd3f8fa53a326721950116b3b9dc9bd44939c01180fd4a745a9?s=96&d=mm&r=g\",\"contentUrl\":\"https:\/\/secure.gravatar.com\/avatar\/1e1956f1facbffd3f8fa53a326721950116b3b9dc9bd44939c01180fd4a745a9?s=96&d=mm&r=g\",\"caption\":\"Equipe G\u00e1vea News\"}}]}<\/script>\n<!-- \/ Yoast SEO Premium plugin. -->","yoast_head_json":{"title":"Everton Ribeiro entra no top 5 dos maiores artilheiros do Flamengo em Libertadores","robots":{"index":"index","follow":"follow","max-snippet":"max-snippet:-1","max-image-preview":"max-image-preview:large","max-video-preview":"max-video-preview:-1"},"canonical":"https:\/\/www.gaveanews.com\/index.php\/2020\/03\/05\/everton-ribeiro-entra-no-top-5-dos-maiores-artilheiros-do-flamengo-em-libertadores\/","og_locale":"pt_BR","og_type":"article","og_title":"Everton Ribeiro entra no top 5 dos maiores artilheiros do Flamengo em Libertadores","og_description":"N\u00e3o teve gol do Gabigol na estreia do Flamengo na Libertadores. Menos ainda de Bruno Henrique, que ainda se recupera de uma les\u00e3o no joelho. Mas teve de Everton Ribeiro. Dois. O grande gar\u00e7om rubro-negro nas \u00faltimas temporadas dessa vez viveu uma noite de artilheiro. E n\u00e3o foi a primeira. Autor dos dois gols na [&hellip;]","og_url":"https:\/\/www.gaveanews.com\/index.php\/2020\/03\/05\/everton-ribeiro-entra-no-top-5-dos-maiores-artilheiros-do-flamengo-em-libertadores\/","og_site_name":"G\u00e1vea News","article_publisher":"https:\/\/facebook.com\/gaveaNews\/","article_published_time":"2020-03-05T12:03:01+00:00","article_modified_time":"2020-03-05T12:03:03+00:00","og_image":[{"width":900,"height":600,"url":"https:\/\/www.gaveanews.com\/wp-content\/uploads\/Everton-Ribeiro-durante-uma-partida-do-Flamengo.webp","type":"image\/jpeg"}],"author":"Equipe G\u00e1vea News","twitter_card":"summary_large_image","twitter_misc":{"Escrito por":"Equipe G\u00e1vea News","Est. tempo de leitura":"1 minuto"},"schema":{"@context":"https:\/\/schema.org","@graph":[{"@type":"NewsArticle","@id":"https:\/\/www.gaveanews.com\/index.php\/2020\/03\/05\/everton-ribeiro-entra-no-top-5-dos-maiores-artilheiros-do-flamengo-em-libertadores\/#article","isPartOf":{"@id":"https:\/\/www.gaveanews.com\/index.php\/2020\/03\/05\/everton-ribeiro-entra-no-top-5-dos-maiores-artilheiros-do-flamengo-em-libertadores\/"},"author":{"name":"Equipe G\u00e1vea News","@id":"https:\/\/www.gaveanews.com\/#\/schema\/person\/2ec14f73fb96be2caf28f91afb14749d"},"headline":"Everton Ribeiro entra no top 5 dos maiores artilheiros do Flamengo em Libertadores","datePublished":"2020-03-05T12:03:01+00:00","dateModified":"2020-03-05T12:03:03+00:00","mainEntityOfPage":{"@id":"https:\/\/www.gaveanews.com\/index.php\/2020\/03\/05\/everton-ribeiro-entra-no-top-5-dos-maiores-artilheiros-do-flamengo-em-libertadores\/"},"wordCount":247,"commentCount":17,"image":{"@id":"https:\/\/www.gaveanews.com\/index.php\/2020\/03\/05\/everton-ribeiro-entra-no-top-5-dos-maiores-artilheiros-do-flamengo-em-libertadores\/#primaryimage"},"thumbnailUrl":"https:\/\/www.gaveanews.com\/wp-content\/uploads\/Everton-Ribeiro-durante-uma-partida-do-Flamengo.webp","articleSection":["Flamengo"],"inLanguage":"pt-BR","potentialAction":[{"@type":"CommentAction","name":"Comment","target":["https:\/\/www.gaveanews.com\/index.php\/2020\/03\/05\/everton-ribeiro-entra-no-top-5-dos-maiores-artilheiros-do-flamengo-em-libertadores\/#respond"]}],"copyrightYear":"2020","copyrightHolder":{"@id":"https:\/\/www.gaveanews.com\/#organization"}},{"@type":"WebPage","@id":"https:\/\/www.gaveanews.com\/index.php\/2020\/03\/05\/everton-ribeiro-entra-no-top-5-dos-maiores-artilheiros-do-flamengo-em-libertadores\/","url":"https:\/\/www.gaveanews.com\/index.php\/2020\/03\/05\/everton-ribeiro-entra-no-top-5-dos-maiores-artilheiros-do-flamengo-em-libertadores\/","name":"Everton Ribeiro entra no top 5 dos maiores artilheiros do Flamengo em Libertadores","isPartOf":{"@id":"https:\/\/www.gaveanews.com\/#website"},"primaryImageOfPage":{"@id":"https:\/\/www.gaveanews.com\/index.php\/2020\/03\/05\/everton-ribeiro-entra-no-top-5-dos-maiores-artilheiros-do-flamengo-em-libertadores\/#primaryimage"},"image":{"@id":"https:\/\/www.gaveanews.com\/index.php\/2020\/03\/05\/everton-ribeiro-entra-no-top-5-dos-maiores-artilheiros-do-flamengo-em-libertadores\/#primaryimage"},"thumbnailUrl":"https:\/\/www.gaveanews.com\/wp-content\/uploads\/Everton-Ribeiro-durante-uma-partida-do-Flamengo.webp","datePublished":"2020-03-05T12:03:01+00:00","dateModified":"2020-03-05T12:03:03+00:00","author":{"@id":"https:\/\/www.gaveanews.com\/#\/schema\/person\/2ec14f73fb96be2caf28f91afb14749d"},"breadcrumb":{"@id":"https:\/\/www.gaveanews.com\/index.php\/2020\/03\/05\/everton-ribeiro-entra-no-top-5-dos-maiores-artilheiros-do-flamengo-em-libertadores\/#breadcrumb"},"inLanguage":"pt-BR","potentialAction":[{"@type":"ReadAction","target":["https:\/\/www.gaveanews.com\/index.php\/2020\/03\/05\/everton-ribeiro-entra-no-top-5-dos-maiores-artilheiros-do-flamengo-em-libertadores\/"]}]},{"@type":"ImageObject","inLanguage":"pt-BR","@id":"https:\/\/www.gaveanews.com\/index.php\/2020\/03\/05\/everton-ribeiro-entra-no-top-5-dos-maiores-artilheiros-do-flamengo-em-libertadores\/#primaryimage","url":"https:\/\/www.gaveanews.com\/wp-content\/uploads\/Everton-Ribeiro-durante-uma-partida-do-Flamengo.webp","contentUrl":"https:\/\/www.gaveanews.com\/wp-content\/uploads\/Everton-Ribeiro-durante-uma-partida-do-Flamengo.webp","width":900,"height":600,"caption":"Everton Ribeiro durante uma partida do Flamengo (Foto: Alexandre Vidal\/Flamengo)"},{"@type":"BreadcrumbList","@id":"https:\/\/www.gaveanews.com\/index.php\/2020\/03\/05\/everton-ribeiro-entra-no-top-5-dos-maiores-artilheiros-do-flamengo-em-libertadores\/#breadcrumb","itemListElement":[{"@type":"ListItem","position":1,"name":"Home","item":"https:\/\/www.gaveanews.com\/"},{"@type":"ListItem","position":2,"name":"Everton Ribeiro entra no top 5 dos maiores artilheiros do Flamengo em Libertadores"}]},{"@type":"WebSite","@id":"https:\/\/www.gaveanews.com\/#website","url":"https:\/\/www.gaveanews.com\/","name":"G\u00e1vea News","description":"Veja todas as not\u00edcias sobre o Flamengo: Contrata\u00e7\u00f5es, categorias de base, resultados das partidas, tabela de classifica\u00e7\u00e3o, pr\u00f3ximos jogos!","potentialAction":[{"@type":"SearchAction","target":{"@type":"EntryPoint","urlTemplate":"https:\/\/www.gaveanews.com\/?s={search_term_string}"},"query-input":{"@type":"PropertyValueSpecification","valueRequired":true,"valueName":"search_term_string"}}],"inLanguage":"pt-BR"},{"@type":"Person","@id":"https:\/\/www.gaveanews.com\/#\/schema\/person\/2ec14f73fb96be2caf28f91afb14749d","name":"Equipe G\u00e1vea News","image":{"@type":"ImageObject","inLanguage":"pt-BR","@id":"https:\/\/www.gaveanews.com\/#\/schema\/person\/image\/","url":"https:\/\/secure.gravatar.com\/avatar\/1e1956f1facbffd3f8fa53a326721950116b3b9dc9bd44939c01180fd4a745a9?s=96&d=mm&r=g","contentUrl":"https:\/\/secure.gravatar.com\/avatar\/1e1956f1facbffd3f8fa53a326721950116b3b9dc9bd44939c01180fd4a745a9?s=96&d=mm&r=g","caption":"Equipe G\u00e1vea News"}}]}},"_links":{"self":[{"href":"https:\/\/www.gaveanews.com\/index.php\/wp-json\/wp\/v2\/posts\/37955","targetHints":{"allow":["GET"]}}],"collection":[{"href":"https:\/\/www.gaveanews.com\/index.php\/wp-json\/wp\/v2\/posts"}],"about":[{"href":"https:\/\/www.gaveanews.com\/index.php\/wp-json\/wp\/v2\/types\/post"}],"author":[{"embeddable":true,"href":"https:\/\/www.gaveanews.com\/index.php\/wp-json\/wp\/v2\/users\/1"}],"replies":[{"embeddable":true,"href":"https:\/\/www.gaveanews.com\/index.php\/wp-json\/wp\/v2\/comments?post=37955"}],"version-history":[{"count":0,"href":"https:\/\/www.gaveanews.com\/index.php\/wp-json\/wp\/v2\/posts\/37955\/revisions"}],"wp:featuredmedia":[{"embeddable":true,"href":"https:\/\/www.gaveanews.com\/index.php\/wp-json\/wp\/v2\/media\/28903"}],"wp:attachment":[{"href":"https:\/\/www.gaveanews.com\/index.php\/wp-json\/wp\/v2\/media?parent=37955"}],"wp:term":[{"taxonomy":"category","embeddable":true,"href":"https:\/\/www.gaveanews.com\/index.php\/wp-json\/wp\/v2\/categories?post=37955"},{"taxonomy":"post_tag","embeddable":true,"href":"https:\/\/www.gaveanews.com\/index.php\/wp-json\/wp\/v2\/tags?post=37955"}],"curies":[{"name":"wp","href":"https:\/\/api.w.org\/{rel}","templated":true}]}}