{"id":37957,"date":"2020-03-05T09:51:32","date_gmt":"2020-03-05T12:51:32","guid":{"rendered":"https:\/\/www.gaveanews.com\/?p=37957"},"modified":"2020-03-05T09:51:34","modified_gmt":"2020-03-05T12:51:34","slug":"representantes-de-jorge-jesus-chegam-ao-rio-para-conversar-com-o-flamengo-sobre-a-renovacao-de-contrato-do-treinador","status":"publish","type":"post","link":"https:\/\/www.gaveanews.com\/index.php\/2020\/03\/05\/representantes-de-jorge-jesus-chegam-ao-rio-para-conversar-com-o-flamengo-sobre-a-renovacao-de-contrato-do-treinador\/","title":{"rendered":"Representantes de Jorge Jesus chegam ao Rio para conversar com o Flamengo sobre a renova\u00e7\u00e3o de contrato do treinador"},"content":{"rendered":"\n<p>O Flamengo e o t\u00e9cnico Jorge Jesus esperaram at\u00e9 onde puderam para negociar a renova\u00e7\u00e3o de contrato. O atual v\u00ednculo chega ao fim em maio, e as partes entendem que agora \u00e9 o momento para que tentem resolver a pend\u00eancia. Para ajudar nas conversas, os representantes do portugu\u00eas est\u00e3o no Rio de Janeiro para tratar com a diretoria rubro-negra.<\/p>\n\n\n\n<p>Existe o interesse m\u00fatuo, mas os agentes de Jesus entendem que precisam chegar a um acordo com o Flamengo &#8220;sobre tudo&#8221; o que envolve acerto salarial, novo tempo de contrato, cl\u00e1usulas e bonifica\u00e7\u00f5es por t\u00edtulos. No entanto, na concep\u00e7\u00e3o das pessoas que tomam conta da carreira do portugu\u00eas, h\u00e1 fatores que n\u00e3o s\u00e3o tang\u00edveis, mas t\u00e3o importantes quanto. <\/p>\n\n\n\n<p>Eles fazem quest\u00e3o de citar o retorno que o clube teve desde a chegada do treinador, n\u00e3o s\u00f3 em t\u00edtulos, mas em receitas, valoriza\u00e7\u00e3o da marca e, principalmente, dos ativos. Todos esses elementos ser\u00e3o levados em considera\u00e7\u00e3o nas conversas.<\/p>\n\n\n\n<p>O Flamengo v\u00ea a renova\u00e7\u00e3o de contrato do treinador como uma continuidade do projeto &#8216;rumo ao bi mundial&#8217;. A ideia nos bastidores \u00e9 oferecer um v\u00ednculo at\u00e9 dezembro de 2021 e h\u00e1 muito otimismo para um final feliz.<\/p>\n\n\n\n<p>Recentemente, o vice de futebol do Flamengo, Marcos Braz, &#8220;jogou a press\u00e3o&#8221; para o lado do t\u00e9cnico e confirmou que a conversa ficaria para &#8220;depois do jogo da Libertadores&#8221; (o dirigente se referia \u00e0 estreia na competi\u00e7\u00e3o).<\/p>\n\n\n\n<p>&#8220;A partir de depois do jogo da Libertadores, a gente vai come\u00e7ar a conversar. A rela\u00e7\u00e3o \u00e9 boa, s\u00f3 que agora come\u00e7a a ter uma decis\u00e3o. O Flamengo est\u00e1 muito tranquilo, Jesus sempre se diz feliz aqui. Vamos aguardar&#8221;, destacou Braz.<\/p>\n\n\n\n<p>O treinador, ap\u00f3s a conquista do t\u00edtulo da Recopa, deixou claro que designou que seus agentes fiquem no comando da situa\u00e7\u00e3o para depois dar a palavra final.<\/p>\n\n\n\n<p>Retirado de: O Dia<\/p>\n","protected":false},"excerpt":{"rendered":"<p>O Flamengo e o t\u00e9cnico Jorge Jesus esperaram at\u00e9 onde puderam para negociar a renova\u00e7\u00e3o de contrato. O atual v\u00ednculo chega ao fim em maio, e as partes entendem que agora \u00e9 o momento para que tentem resolver a pend\u00eancia. Para ajudar nas conversas, os representantes do portugu\u00eas est\u00e3o no Rio de Janeiro para tratar [&hellip;]<\/p>\n","protected":false},"author":1,"featured_media":28884,"comment_status":"open","ping_status":"closed","sticky":false,"template":"","format":"standard","meta":{"footnotes":""},"categories":[1],"tags":[],"class_list":["post-37957","post","type-post","status-publish","format-standard","has-post-thumbnail","hentry","category-flamengo"],"yoast_head":"<!-- This site is optimized with the Yoast SEO Premium plugin v24.2 (Yoast SEO v26.9) - https:\/\/yoast.com\/product\/yoast-seo-premium-wordpress\/ -->\n<title>Representantes de Jorge Jesus chegam ao Rio para conversar com o Flamengo sobre a renova\u00e7\u00e3o de contrato do treinador<\/title>\n<meta name=\"robots\" content=\"index, follow, max-snippet:-1, max-image-preview:large, max-video-preview:-1\" \/>\n<link rel=\"canonical\" href=\"https:\/\/www.gaveanews.com\/index.php\/2020\/03\/05\/representantes-de-jorge-jesus-chegam-ao-rio-para-conversar-com-o-flamengo-sobre-a-renovacao-de-contrato-do-treinador\/\" \/>\n<meta property=\"og:locale\" content=\"pt_BR\" \/>\n<meta property=\"og:type\" content=\"article\" \/>\n<meta property=\"og:title\" content=\"Representantes de Jorge Jesus chegam ao Rio para conversar com o Flamengo sobre a renova\u00e7\u00e3o de contrato do treinador\" \/>\n<meta property=\"og:description\" content=\"O Flamengo e o t\u00e9cnico Jorge Jesus esperaram at\u00e9 onde puderam para negociar a renova\u00e7\u00e3o de contrato. O atual v\u00ednculo chega ao fim em maio, e as partes entendem que agora \u00e9 o momento para que tentem resolver a pend\u00eancia. Para ajudar nas conversas, os representantes do portugu\u00eas est\u00e3o no Rio de Janeiro para tratar [&hellip;]\" \/>\n<meta property=\"og:url\" content=\"https:\/\/www.gaveanews.com\/index.php\/2020\/03\/05\/representantes-de-jorge-jesus-chegam-ao-rio-para-conversar-com-o-flamengo-sobre-a-renovacao-de-contrato-do-treinador\/\" \/>\n<meta property=\"og:site_name\" content=\"G\u00e1vea News\" \/>\n<meta property=\"article:publisher\" content=\"https:\/\/facebook.com\/gaveaNews\/\" \/>\n<meta property=\"article:published_time\" content=\"2020-03-05T12:51:32+00:00\" \/>\n<meta property=\"article:modified_time\" content=\"2020-03-05T12:51:34+00:00\" \/>\n<meta property=\"og:image\" content=\"https:\/\/www.gaveanews.com\/wp-content\/uploads\/Treinador-Jorge-Jesus-durante-uma-partida-do-Flamengo.webp\" \/>\n\t<meta property=\"og:image:width\" content=\"900\" \/>\n\t<meta property=\"og:image:height\" content=\"600\" \/>\n\t<meta property=\"og:image:type\" content=\"image\/jpeg\" \/>\n<meta name=\"author\" content=\"Equipe G\u00e1vea News\" \/>\n<meta name=\"twitter:card\" content=\"summary_large_image\" \/>\n<meta name=\"twitter:label1\" content=\"Escrito por\" \/>\n\t<meta name=\"twitter:data1\" content=\"Equipe G\u00e1vea News\" \/>\n\t<meta name=\"twitter:label2\" content=\"Est. tempo de leitura\" \/>\n\t<meta name=\"twitter:data2\" content=\"2 minutos\" \/>\n<script type=\"application\/ld+json\" class=\"yoast-schema-graph\">{\"@context\":\"https:\/\/schema.org\",\"@graph\":[{\"@type\":\"NewsArticle\",\"@id\":\"https:\/\/www.gaveanews.com\/index.php\/2020\/03\/05\/representantes-de-jorge-jesus-chegam-ao-rio-para-conversar-com-o-flamengo-sobre-a-renovacao-de-contrato-do-treinador\/#article\",\"isPartOf\":{\"@id\":\"https:\/\/www.gaveanews.com\/index.php\/2020\/03\/05\/representantes-de-jorge-jesus-chegam-ao-rio-para-conversar-com-o-flamengo-sobre-a-renovacao-de-contrato-do-treinador\/\"},\"author\":{\"name\":\"Equipe G\u00e1vea News\",\"@id\":\"https:\/\/www.gaveanews.com\/#\/schema\/person\/2ec14f73fb96be2caf28f91afb14749d\"},\"headline\":\"Representantes de Jorge Jesus chegam ao Rio para conversar com o Flamengo sobre a renova\u00e7\u00e3o de contrato do treinador\",\"datePublished\":\"2020-03-05T12:51:32+00:00\",\"dateModified\":\"2020-03-05T12:51:34+00:00\",\"mainEntityOfPage\":{\"@id\":\"https:\/\/www.gaveanews.com\/index.php\/2020\/03\/05\/representantes-de-jorge-jesus-chegam-ao-rio-para-conversar-com-o-flamengo-sobre-a-renovacao-de-contrato-do-treinador\/\"},\"wordCount\":352,\"commentCount\":15,\"image\":{\"@id\":\"https:\/\/www.gaveanews.com\/index.php\/2020\/03\/05\/representantes-de-jorge-jesus-chegam-ao-rio-para-conversar-com-o-flamengo-sobre-a-renovacao-de-contrato-do-treinador\/#primaryimage\"},\"thumbnailUrl\":\"https:\/\/www.gaveanews.com\/wp-content\/uploads\/Treinador-Jorge-Jesus-durante-uma-partida-do-Flamengo.webp\",\"articleSection\":[\"Flamengo\"],\"inLanguage\":\"pt-BR\",\"potentialAction\":[{\"@type\":\"CommentAction\",\"name\":\"Comment\",\"target\":[\"https:\/\/www.gaveanews.com\/index.php\/2020\/03\/05\/representantes-de-jorge-jesus-chegam-ao-rio-para-conversar-com-o-flamengo-sobre-a-renovacao-de-contrato-do-treinador\/#respond\"]}],\"copyrightYear\":\"2020\",\"copyrightHolder\":{\"@id\":\"https:\/\/www.gaveanews.com\/#organization\"}},{\"@type\":\"WebPage\",\"@id\":\"https:\/\/www.gaveanews.com\/index.php\/2020\/03\/05\/representantes-de-jorge-jesus-chegam-ao-rio-para-conversar-com-o-flamengo-sobre-a-renovacao-de-contrato-do-treinador\/\",\"url\":\"https:\/\/www.gaveanews.com\/index.php\/2020\/03\/05\/representantes-de-jorge-jesus-chegam-ao-rio-para-conversar-com-o-flamengo-sobre-a-renovacao-de-contrato-do-treinador\/\",\"name\":\"Representantes de Jorge Jesus chegam ao Rio para conversar com o Flamengo sobre a renova\u00e7\u00e3o de contrato do treinador\",\"isPartOf\":{\"@id\":\"https:\/\/www.gaveanews.com\/#website\"},\"primaryImageOfPage\":{\"@id\":\"https:\/\/www.gaveanews.com\/index.php\/2020\/03\/05\/representantes-de-jorge-jesus-chegam-ao-rio-para-conversar-com-o-flamengo-sobre-a-renovacao-de-contrato-do-treinador\/#primaryimage\"},\"image\":{\"@id\":\"https:\/\/www.gaveanews.com\/index.php\/2020\/03\/05\/representantes-de-jorge-jesus-chegam-ao-rio-para-conversar-com-o-flamengo-sobre-a-renovacao-de-contrato-do-treinador\/#primaryimage\"},\"thumbnailUrl\":\"https:\/\/www.gaveanews.com\/wp-content\/uploads\/Treinador-Jorge-Jesus-durante-uma-partida-do-Flamengo.webp\",\"datePublished\":\"2020-03-05T12:51:32+00:00\",\"dateModified\":\"2020-03-05T12:51:34+00:00\",\"author\":{\"@id\":\"https:\/\/www.gaveanews.com\/#\/schema\/person\/2ec14f73fb96be2caf28f91afb14749d\"},\"breadcrumb\":{\"@id\":\"https:\/\/www.gaveanews.com\/index.php\/2020\/03\/05\/representantes-de-jorge-jesus-chegam-ao-rio-para-conversar-com-o-flamengo-sobre-a-renovacao-de-contrato-do-treinador\/#breadcrumb\"},\"inLanguage\":\"pt-BR\",\"potentialAction\":[{\"@type\":\"ReadAction\",\"target\":[\"https:\/\/www.gaveanews.com\/index.php\/2020\/03\/05\/representantes-de-jorge-jesus-chegam-ao-rio-para-conversar-com-o-flamengo-sobre-a-renovacao-de-contrato-do-treinador\/\"]}]},{\"@type\":\"ImageObject\",\"inLanguage\":\"pt-BR\",\"@id\":\"https:\/\/www.gaveanews.com\/index.php\/2020\/03\/05\/representantes-de-jorge-jesus-chegam-ao-rio-para-conversar-com-o-flamengo-sobre-a-renovacao-de-contrato-do-treinador\/#primaryimage\",\"url\":\"https:\/\/www.gaveanews.com\/wp-content\/uploads\/Treinador-Jorge-Jesus-durante-uma-partida-do-Flamengo.webp\",\"contentUrl\":\"https:\/\/www.gaveanews.com\/wp-content\/uploads\/Treinador-Jorge-Jesus-durante-uma-partida-do-Flamengo.webp\",\"width\":900,\"height\":600,\"caption\":\"Treinador Jorge Jesus durante uma partida do Flamengo (Foto: Alexandre Vidal\/Flamengo)\"},{\"@type\":\"BreadcrumbList\",\"@id\":\"https:\/\/www.gaveanews.com\/index.php\/2020\/03\/05\/representantes-de-jorge-jesus-chegam-ao-rio-para-conversar-com-o-flamengo-sobre-a-renovacao-de-contrato-do-treinador\/#breadcrumb\",\"itemListElement\":[{\"@type\":\"ListItem\",\"position\":1,\"name\":\"Home\",\"item\":\"https:\/\/www.gaveanews.com\/\"},{\"@type\":\"ListItem\",\"position\":2,\"name\":\"Representantes de Jorge Jesus chegam ao Rio para conversar com o Flamengo sobre a renova\u00e7\u00e3o de contrato do treinador\"}]},{\"@type\":\"WebSite\",\"@id\":\"https:\/\/www.gaveanews.com\/#website\",\"url\":\"https:\/\/www.gaveanews.com\/\",\"name\":\"G\u00e1vea News\",\"description\":\"Veja todas as not\u00edcias sobre o Flamengo: Contrata\u00e7\u00f5es, categorias de base, resultados das partidas, tabela de classifica\u00e7\u00e3o, pr\u00f3ximos jogos!\",\"potentialAction\":[{\"@type\":\"SearchAction\",\"target\":{\"@type\":\"EntryPoint\",\"urlTemplate\":\"https:\/\/www.gaveanews.com\/?s={search_term_string}\"},\"query-input\":{\"@type\":\"PropertyValueSpecification\",\"valueRequired\":true,\"valueName\":\"search_term_string\"}}],\"inLanguage\":\"pt-BR\"},{\"@type\":\"Person\",\"@id\":\"https:\/\/www.gaveanews.com\/#\/schema\/person\/2ec14f73fb96be2caf28f91afb14749d\",\"name\":\"Equipe G\u00e1vea News\",\"image\":{\"@type\":\"ImageObject\",\"inLanguage\":\"pt-BR\",\"@id\":\"https:\/\/www.gaveanews.com\/#\/schema\/person\/image\/\",\"url\":\"https:\/\/secure.gravatar.com\/avatar\/1e1956f1facbffd3f8fa53a326721950116b3b9dc9bd44939c01180fd4a745a9?s=96&d=mm&r=g\",\"contentUrl\":\"https:\/\/secure.gravatar.com\/avatar\/1e1956f1facbffd3f8fa53a326721950116b3b9dc9bd44939c01180fd4a745a9?s=96&d=mm&r=g\",\"caption\":\"Equipe G\u00e1vea News\"}}]}<\/script>\n<!-- \/ Yoast SEO Premium plugin. -->","yoast_head_json":{"title":"Representantes de Jorge Jesus chegam ao Rio para conversar com o Flamengo sobre a renova\u00e7\u00e3o de contrato do treinador","robots":{"index":"index","follow":"follow","max-snippet":"max-snippet:-1","max-image-preview":"max-image-preview:large","max-video-preview":"max-video-preview:-1"},"canonical":"https:\/\/www.gaveanews.com\/index.php\/2020\/03\/05\/representantes-de-jorge-jesus-chegam-ao-rio-para-conversar-com-o-flamengo-sobre-a-renovacao-de-contrato-do-treinador\/","og_locale":"pt_BR","og_type":"article","og_title":"Representantes de Jorge Jesus chegam ao Rio para conversar com o Flamengo sobre a renova\u00e7\u00e3o de contrato do treinador","og_description":"O Flamengo e o t\u00e9cnico Jorge Jesus esperaram at\u00e9 onde puderam para negociar a renova\u00e7\u00e3o de contrato. O atual v\u00ednculo chega ao fim em maio, e as partes entendem que agora \u00e9 o momento para que tentem resolver a pend\u00eancia. Para ajudar nas conversas, os representantes do portugu\u00eas est\u00e3o no Rio de Janeiro para tratar [&hellip;]","og_url":"https:\/\/www.gaveanews.com\/index.php\/2020\/03\/05\/representantes-de-jorge-jesus-chegam-ao-rio-para-conversar-com-o-flamengo-sobre-a-renovacao-de-contrato-do-treinador\/","og_site_name":"G\u00e1vea News","article_publisher":"https:\/\/facebook.com\/gaveaNews\/","article_published_time":"2020-03-05T12:51:32+00:00","article_modified_time":"2020-03-05T12:51:34+00:00","og_image":[{"width":900,"height":600,"url":"https:\/\/www.gaveanews.com\/wp-content\/uploads\/Treinador-Jorge-Jesus-durante-uma-partida-do-Flamengo.webp","type":"image\/jpeg"}],"author":"Equipe G\u00e1vea News","twitter_card":"summary_large_image","twitter_misc":{"Escrito por":"Equipe G\u00e1vea News","Est. tempo de leitura":"2 minutos"},"schema":{"@context":"https:\/\/schema.org","@graph":[{"@type":"NewsArticle","@id":"https:\/\/www.gaveanews.com\/index.php\/2020\/03\/05\/representantes-de-jorge-jesus-chegam-ao-rio-para-conversar-com-o-flamengo-sobre-a-renovacao-de-contrato-do-treinador\/#article","isPartOf":{"@id":"https:\/\/www.gaveanews.com\/index.php\/2020\/03\/05\/representantes-de-jorge-jesus-chegam-ao-rio-para-conversar-com-o-flamengo-sobre-a-renovacao-de-contrato-do-treinador\/"},"author":{"name":"Equipe G\u00e1vea News","@id":"https:\/\/www.gaveanews.com\/#\/schema\/person\/2ec14f73fb96be2caf28f91afb14749d"},"headline":"Representantes de Jorge Jesus chegam ao Rio para conversar com o Flamengo sobre a renova\u00e7\u00e3o de contrato do treinador","datePublished":"2020-03-05T12:51:32+00:00","dateModified":"2020-03-05T12:51:34+00:00","mainEntityOfPage":{"@id":"https:\/\/www.gaveanews.com\/index.php\/2020\/03\/05\/representantes-de-jorge-jesus-chegam-ao-rio-para-conversar-com-o-flamengo-sobre-a-renovacao-de-contrato-do-treinador\/"},"wordCount":352,"commentCount":15,"image":{"@id":"https:\/\/www.gaveanews.com\/index.php\/2020\/03\/05\/representantes-de-jorge-jesus-chegam-ao-rio-para-conversar-com-o-flamengo-sobre-a-renovacao-de-contrato-do-treinador\/#primaryimage"},"thumbnailUrl":"https:\/\/www.gaveanews.com\/wp-content\/uploads\/Treinador-Jorge-Jesus-durante-uma-partida-do-Flamengo.webp","articleSection":["Flamengo"],"inLanguage":"pt-BR","potentialAction":[{"@type":"CommentAction","name":"Comment","target":["https:\/\/www.gaveanews.com\/index.php\/2020\/03\/05\/representantes-de-jorge-jesus-chegam-ao-rio-para-conversar-com-o-flamengo-sobre-a-renovacao-de-contrato-do-treinador\/#respond"]}],"copyrightYear":"2020","copyrightHolder":{"@id":"https:\/\/www.gaveanews.com\/#organization"}},{"@type":"WebPage","@id":"https:\/\/www.gaveanews.com\/index.php\/2020\/03\/05\/representantes-de-jorge-jesus-chegam-ao-rio-para-conversar-com-o-flamengo-sobre-a-renovacao-de-contrato-do-treinador\/","url":"https:\/\/www.gaveanews.com\/index.php\/2020\/03\/05\/representantes-de-jorge-jesus-chegam-ao-rio-para-conversar-com-o-flamengo-sobre-a-renovacao-de-contrato-do-treinador\/","name":"Representantes de Jorge Jesus chegam ao Rio para conversar com o Flamengo sobre a renova\u00e7\u00e3o de contrato do treinador","isPartOf":{"@id":"https:\/\/www.gaveanews.com\/#website"},"primaryImageOfPage":{"@id":"https:\/\/www.gaveanews.com\/index.php\/2020\/03\/05\/representantes-de-jorge-jesus-chegam-ao-rio-para-conversar-com-o-flamengo-sobre-a-renovacao-de-contrato-do-treinador\/#primaryimage"},"image":{"@id":"https:\/\/www.gaveanews.com\/index.php\/2020\/03\/05\/representantes-de-jorge-jesus-chegam-ao-rio-para-conversar-com-o-flamengo-sobre-a-renovacao-de-contrato-do-treinador\/#primaryimage"},"thumbnailUrl":"https:\/\/www.gaveanews.com\/wp-content\/uploads\/Treinador-Jorge-Jesus-durante-uma-partida-do-Flamengo.webp","datePublished":"2020-03-05T12:51:32+00:00","dateModified":"2020-03-05T12:51:34+00:00","author":{"@id":"https:\/\/www.gaveanews.com\/#\/schema\/person\/2ec14f73fb96be2caf28f91afb14749d"},"breadcrumb":{"@id":"https:\/\/www.gaveanews.com\/index.php\/2020\/03\/05\/representantes-de-jorge-jesus-chegam-ao-rio-para-conversar-com-o-flamengo-sobre-a-renovacao-de-contrato-do-treinador\/#breadcrumb"},"inLanguage":"pt-BR","potentialAction":[{"@type":"ReadAction","target":["https:\/\/www.gaveanews.com\/index.php\/2020\/03\/05\/representantes-de-jorge-jesus-chegam-ao-rio-para-conversar-com-o-flamengo-sobre-a-renovacao-de-contrato-do-treinador\/"]}]},{"@type":"ImageObject","inLanguage":"pt-BR","@id":"https:\/\/www.gaveanews.com\/index.php\/2020\/03\/05\/representantes-de-jorge-jesus-chegam-ao-rio-para-conversar-com-o-flamengo-sobre-a-renovacao-de-contrato-do-treinador\/#primaryimage","url":"https:\/\/www.gaveanews.com\/wp-content\/uploads\/Treinador-Jorge-Jesus-durante-uma-partida-do-Flamengo.webp","contentUrl":"https:\/\/www.gaveanews.com\/wp-content\/uploads\/Treinador-Jorge-Jesus-durante-uma-partida-do-Flamengo.webp","width":900,"height":600,"caption":"Treinador Jorge Jesus durante uma partida do Flamengo (Foto: Alexandre Vidal\/Flamengo)"},{"@type":"BreadcrumbList","@id":"https:\/\/www.gaveanews.com\/index.php\/2020\/03\/05\/representantes-de-jorge-jesus-chegam-ao-rio-para-conversar-com-o-flamengo-sobre-a-renovacao-de-contrato-do-treinador\/#breadcrumb","itemListElement":[{"@type":"ListItem","position":1,"name":"Home","item":"https:\/\/www.gaveanews.com\/"},{"@type":"ListItem","position":2,"name":"Representantes de Jorge Jesus chegam ao Rio para conversar com o Flamengo sobre a renova\u00e7\u00e3o de contrato do treinador"}]},{"@type":"WebSite","@id":"https:\/\/www.gaveanews.com\/#website","url":"https:\/\/www.gaveanews.com\/","name":"G\u00e1vea News","description":"Veja todas as not\u00edcias sobre o Flamengo: Contrata\u00e7\u00f5es, categorias de base, resultados das partidas, tabela de classifica\u00e7\u00e3o, pr\u00f3ximos jogos!","potentialAction":[{"@type":"SearchAction","target":{"@type":"EntryPoint","urlTemplate":"https:\/\/www.gaveanews.com\/?s={search_term_string}"},"query-input":{"@type":"PropertyValueSpecification","valueRequired":true,"valueName":"search_term_string"}}],"inLanguage":"pt-BR"},{"@type":"Person","@id":"https:\/\/www.gaveanews.com\/#\/schema\/person\/2ec14f73fb96be2caf28f91afb14749d","name":"Equipe G\u00e1vea News","image":{"@type":"ImageObject","inLanguage":"pt-BR","@id":"https:\/\/www.gaveanews.com\/#\/schema\/person\/image\/","url":"https:\/\/secure.gravatar.com\/avatar\/1e1956f1facbffd3f8fa53a326721950116b3b9dc9bd44939c01180fd4a745a9?s=96&d=mm&r=g","contentUrl":"https:\/\/secure.gravatar.com\/avatar\/1e1956f1facbffd3f8fa53a326721950116b3b9dc9bd44939c01180fd4a745a9?s=96&d=mm&r=g","caption":"Equipe G\u00e1vea News"}}]}},"_links":{"self":[{"href":"https:\/\/www.gaveanews.com\/index.php\/wp-json\/wp\/v2\/posts\/37957","targetHints":{"allow":["GET"]}}],"collection":[{"href":"https:\/\/www.gaveanews.com\/index.php\/wp-json\/wp\/v2\/posts"}],"about":[{"href":"https:\/\/www.gaveanews.com\/index.php\/wp-json\/wp\/v2\/types\/post"}],"author":[{"embeddable":true,"href":"https:\/\/www.gaveanews.com\/index.php\/wp-json\/wp\/v2\/users\/1"}],"replies":[{"embeddable":true,"href":"https:\/\/www.gaveanews.com\/index.php\/wp-json\/wp\/v2\/comments?post=37957"}],"version-history":[{"count":0,"href":"https:\/\/www.gaveanews.com\/index.php\/wp-json\/wp\/v2\/posts\/37957\/revisions"}],"wp:featuredmedia":[{"embeddable":true,"href":"https:\/\/www.gaveanews.com\/index.php\/wp-json\/wp\/v2\/media\/28884"}],"wp:attachment":[{"href":"https:\/\/www.gaveanews.com\/index.php\/wp-json\/wp\/v2\/media?parent=37957"}],"wp:term":[{"taxonomy":"category","embeddable":true,"href":"https:\/\/www.gaveanews.com\/index.php\/wp-json\/wp\/v2\/categories?post=37957"},{"taxonomy":"post_tag","embeddable":true,"href":"https:\/\/www.gaveanews.com\/index.php\/wp-json\/wp\/v2\/tags?post=37957"}],"curies":[{"name":"wp","href":"https:\/\/api.w.org\/{rel}","templated":true}]}}