{"id":37963,"date":"2020-03-05T13:46:52","date_gmt":"2020-03-05T16:46:52","guid":{"rendered":"https:\/\/www.gaveanews.com\/?p=37963"},"modified":"2020-03-05T13:46:55","modified_gmt":"2020-03-05T16:46:55","slug":"meia-do-flamengo-everton-ribeiro-nao-esconde-desejo-por-selecao","status":"publish","type":"post","link":"https:\/\/www.gaveanews.com\/index.php\/2020\/03\/05\/meia-do-flamengo-everton-ribeiro-nao-esconde-desejo-por-selecao\/","title":{"rendered":"Meia do Flamengo, Everton Ribeiro n\u00e3o esconde desejo por sele\u00e7\u00e3o"},"content":{"rendered":"\n<p>A delega\u00e7\u00e3o do Flamengo desembarcou na manh\u00e3 de hoje (5), ap\u00f3s a vit\u00f3ria por 2 a 1 sobre o Junior Barranquilla, da Col\u00f4mbia, na estreia na Libertadores.<\/p>\n\n\n\n<p>Her\u00f3i do jogo, Everton Ribeiro, que marcou os dois gols do time rubro-negro, celebrou o fato de ter sido decisivo e n\u00e3o escondeu que pensa em sele\u00e7\u00e3o brasileira.<\/p>\n\n\n\n<p>Nesta sexta-feira, o t\u00e9cnico Tite vai convocar para os jogos contra Bol\u00edvia, em 27 de mar\u00e7o, no Recife, e Peru, em Lima, dia 31, pelas Eliminat\u00f3rias da Copa do Mundo de 2022.<\/p>\n\n\n\n<p>&#8220;Sempre bom ajudar n\u00e3o s\u00f3 no jogo, mas fazendo gol, que \u00e9 algo que me cobro bastante. Ent\u00e3o, fiquei feliz. Jogando no Flamengo, em alto n\u00edvel, tem de estar pensando em sele\u00e7\u00e3o. Comigo n\u00e3o \u00e9 diferente. Fizemos nossa parte dentro de campo. Agora, \u00e9 com o Tite e comiss\u00e3o&#8221;, disse.<\/p>\n\n\n\n<p>Everton Ribeiro tamb\u00e9m projetou o duelo da segunda rodada, contra o Barcelona de Guayaquil, do Equador. O confronto ser\u00e1 na quarta-feira e, apesar de ser no Maracan\u00e3, o jogador n\u00e3o espera facilidade.<\/p>\n\n\n\n<p>&#8220;A gente sabe que a equipe do Barcelona vem de uma derrota e v\u00e3o querer nos surpreender, mas vamos estar preparados&#8221;, apontou ele, que ressaltou a import\u00e2ncia do triunfo na estreia:<\/p>\n\n\n\n<p>&#8220;Bom come\u00e7ar ganhando, estreia em um grupo dif\u00edcil. Sab\u00edamos que \u00edamos ter dificuldade, mas a equipe foi muito s\u00f3lida, jogou muito bem e conseguimos os gols para sairmos vitoriosos&#8221;.<\/p>\n\n\n\n<p>O t\u00e9cnico Jorge Jesus n\u00e3o p\u00f4de contar com o lateral-direito Rafinha, o zagueiro Rodrigo Caio e o atacante Bruno Henrique, que est\u00e3o entregues ao departamento m\u00e9dico. Al\u00e9m deles, o volante Ar\u00e3o tamb\u00e9m foi aus\u00eancia por conta da expuls\u00e3o na final da Recopa Sul-Americana, contra o Independiente del Valle.<\/p>\n\n\n\n<p>&#8220;O Mister tem toda a confian\u00e7a em n\u00f3s, jogadores. Isso ressalta muito nosso trabalho, a for\u00e7a que o grupo tem. Mesmo com grandes jogadores machucados, os que entraram deram conta do recado. A gente trabalha para sempre suprir e corresponder&#8221;, afirmou Vitinho, que ocupou a vaga de Bruno Henrique no setor ofensivo.<\/p>\n\n\n\n<p>Para a vaga de Ar\u00e3o, o escolhido foi Thiago Maia, que chegou \u00e0 G\u00e1vea no in\u00edcio desta temporada.<\/p>\n\n\n\n<p>&#8220;Feliz pela vit\u00f3ria, pela minha atua\u00e7\u00e3o tamb\u00e9m. Acho que estou me adaptando o mais rapidamente poss\u00edvel ao sistema do Mister. Ainda tem muita coisa para melhorar. \u00c9 treinar e acertar para ficar melhor ainda&#8221;, assegurou.<\/p>\n\n\n\n<p>Cr\u00e9ditos do texto: Alexandre Ara\u00fajo\/UOL<\/p>\n","protected":false},"excerpt":{"rendered":"<p>A delega\u00e7\u00e3o do Flamengo desembarcou na manh\u00e3 de hoje (5), ap\u00f3s a vit\u00f3ria por 2 a 1 sobre o Junior Barranquilla, da Col\u00f4mbia, na estreia na Libertadores. Her\u00f3i do jogo, Everton Ribeiro, que marcou os dois gols do time rubro-negro, celebrou o fato de ter sido decisivo e n\u00e3o escondeu que pensa em sele\u00e7\u00e3o brasileira. [&hellip;]<\/p>\n","protected":false},"author":1,"featured_media":28903,"comment_status":"open","ping_status":"closed","sticky":false,"template":"","format":"standard","meta":{"footnotes":""},"categories":[1],"tags":[],"class_list":["post-37963","post","type-post","status-publish","format-standard","has-post-thumbnail","hentry","category-flamengo"],"yoast_head":"<!-- This site is optimized with the Yoast SEO Premium plugin v24.2 (Yoast SEO v26.9) - https:\/\/yoast.com\/product\/yoast-seo-premium-wordpress\/ -->\n<title>Meia do Flamengo, Everton Ribeiro n\u00e3o esconde desejo por sele\u00e7\u00e3o<\/title>\n<meta name=\"robots\" content=\"index, follow, max-snippet:-1, max-image-preview:large, max-video-preview:-1\" \/>\n<link rel=\"canonical\" href=\"https:\/\/www.gaveanews.com\/index.php\/2020\/03\/05\/meia-do-flamengo-everton-ribeiro-nao-esconde-desejo-por-selecao\/\" \/>\n<meta property=\"og:locale\" content=\"pt_BR\" \/>\n<meta property=\"og:type\" content=\"article\" \/>\n<meta property=\"og:title\" content=\"Meia do Flamengo, Everton Ribeiro n\u00e3o esconde desejo por sele\u00e7\u00e3o\" \/>\n<meta property=\"og:description\" content=\"A delega\u00e7\u00e3o do Flamengo desembarcou na manh\u00e3 de hoje (5), ap\u00f3s a vit\u00f3ria por 2 a 1 sobre o Junior Barranquilla, da Col\u00f4mbia, na estreia na Libertadores. Her\u00f3i do jogo, Everton Ribeiro, que marcou os dois gols do time rubro-negro, celebrou o fato de ter sido decisivo e n\u00e3o escondeu que pensa em sele\u00e7\u00e3o brasileira. [&hellip;]\" \/>\n<meta property=\"og:url\" content=\"https:\/\/www.gaveanews.com\/index.php\/2020\/03\/05\/meia-do-flamengo-everton-ribeiro-nao-esconde-desejo-por-selecao\/\" \/>\n<meta property=\"og:site_name\" content=\"G\u00e1vea News\" \/>\n<meta property=\"article:publisher\" content=\"https:\/\/facebook.com\/gaveaNews\/\" \/>\n<meta property=\"article:published_time\" content=\"2020-03-05T16:46:52+00:00\" \/>\n<meta property=\"article:modified_time\" content=\"2020-03-05T16:46:55+00:00\" \/>\n<meta property=\"og:image\" content=\"https:\/\/www.gaveanews.com\/wp-content\/uploads\/Everton-Ribeiro-durante-uma-partida-do-Flamengo.webp\" \/>\n\t<meta property=\"og:image:width\" content=\"900\" \/>\n\t<meta property=\"og:image:height\" content=\"600\" \/>\n\t<meta property=\"og:image:type\" content=\"image\/jpeg\" \/>\n<meta name=\"author\" content=\"Equipe G\u00e1vea News\" \/>\n<meta name=\"twitter:card\" content=\"summary_large_image\" \/>\n<meta name=\"twitter:label1\" content=\"Escrito por\" \/>\n\t<meta name=\"twitter:data1\" content=\"Equipe G\u00e1vea News\" \/>\n\t<meta name=\"twitter:label2\" content=\"Est. tempo de leitura\" \/>\n\t<meta name=\"twitter:data2\" content=\"2 minutos\" \/>\n<script type=\"application\/ld+json\" class=\"yoast-schema-graph\">{\"@context\":\"https:\/\/schema.org\",\"@graph\":[{\"@type\":\"NewsArticle\",\"@id\":\"https:\/\/www.gaveanews.com\/index.php\/2020\/03\/05\/meia-do-flamengo-everton-ribeiro-nao-esconde-desejo-por-selecao\/#article\",\"isPartOf\":{\"@id\":\"https:\/\/www.gaveanews.com\/index.php\/2020\/03\/05\/meia-do-flamengo-everton-ribeiro-nao-esconde-desejo-por-selecao\/\"},\"author\":{\"name\":\"Equipe G\u00e1vea News\",\"@id\":\"https:\/\/www.gaveanews.com\/#\/schema\/person\/2ec14f73fb96be2caf28f91afb14749d\"},\"headline\":\"Meia do Flamengo, Everton Ribeiro n\u00e3o esconde desejo por sele\u00e7\u00e3o\",\"datePublished\":\"2020-03-05T16:46:52+00:00\",\"dateModified\":\"2020-03-05T16:46:55+00:00\",\"mainEntityOfPage\":{\"@id\":\"https:\/\/www.gaveanews.com\/index.php\/2020\/03\/05\/meia-do-flamengo-everton-ribeiro-nao-esconde-desejo-por-selecao\/\"},\"wordCount\":436,\"commentCount\":5,\"image\":{\"@id\":\"https:\/\/www.gaveanews.com\/index.php\/2020\/03\/05\/meia-do-flamengo-everton-ribeiro-nao-esconde-desejo-por-selecao\/#primaryimage\"},\"thumbnailUrl\":\"https:\/\/www.gaveanews.com\/wp-content\/uploads\/Everton-Ribeiro-durante-uma-partida-do-Flamengo.webp\",\"articleSection\":[\"Flamengo\"],\"inLanguage\":\"pt-BR\",\"potentialAction\":[{\"@type\":\"CommentAction\",\"name\":\"Comment\",\"target\":[\"https:\/\/www.gaveanews.com\/index.php\/2020\/03\/05\/meia-do-flamengo-everton-ribeiro-nao-esconde-desejo-por-selecao\/#respond\"]}],\"copyrightYear\":\"2020\",\"copyrightHolder\":{\"@id\":\"https:\/\/www.gaveanews.com\/#organization\"}},{\"@type\":\"WebPage\",\"@id\":\"https:\/\/www.gaveanews.com\/index.php\/2020\/03\/05\/meia-do-flamengo-everton-ribeiro-nao-esconde-desejo-por-selecao\/\",\"url\":\"https:\/\/www.gaveanews.com\/index.php\/2020\/03\/05\/meia-do-flamengo-everton-ribeiro-nao-esconde-desejo-por-selecao\/\",\"name\":\"Meia do Flamengo, Everton Ribeiro n\u00e3o esconde desejo por sele\u00e7\u00e3o\",\"isPartOf\":{\"@id\":\"https:\/\/www.gaveanews.com\/#website\"},\"primaryImageOfPage\":{\"@id\":\"https:\/\/www.gaveanews.com\/index.php\/2020\/03\/05\/meia-do-flamengo-everton-ribeiro-nao-esconde-desejo-por-selecao\/#primaryimage\"},\"image\":{\"@id\":\"https:\/\/www.gaveanews.com\/index.php\/2020\/03\/05\/meia-do-flamengo-everton-ribeiro-nao-esconde-desejo-por-selecao\/#primaryimage\"},\"thumbnailUrl\":\"https:\/\/www.gaveanews.com\/wp-content\/uploads\/Everton-Ribeiro-durante-uma-partida-do-Flamengo.webp\",\"datePublished\":\"2020-03-05T16:46:52+00:00\",\"dateModified\":\"2020-03-05T16:46:55+00:00\",\"author\":{\"@id\":\"https:\/\/www.gaveanews.com\/#\/schema\/person\/2ec14f73fb96be2caf28f91afb14749d\"},\"breadcrumb\":{\"@id\":\"https:\/\/www.gaveanews.com\/index.php\/2020\/03\/05\/meia-do-flamengo-everton-ribeiro-nao-esconde-desejo-por-selecao\/#breadcrumb\"},\"inLanguage\":\"pt-BR\",\"potentialAction\":[{\"@type\":\"ReadAction\",\"target\":[\"https:\/\/www.gaveanews.com\/index.php\/2020\/03\/05\/meia-do-flamengo-everton-ribeiro-nao-esconde-desejo-por-selecao\/\"]}]},{\"@type\":\"ImageObject\",\"inLanguage\":\"pt-BR\",\"@id\":\"https:\/\/www.gaveanews.com\/index.php\/2020\/03\/05\/meia-do-flamengo-everton-ribeiro-nao-esconde-desejo-por-selecao\/#primaryimage\",\"url\":\"https:\/\/www.gaveanews.com\/wp-content\/uploads\/Everton-Ribeiro-durante-uma-partida-do-Flamengo.webp\",\"contentUrl\":\"https:\/\/www.gaveanews.com\/wp-content\/uploads\/Everton-Ribeiro-durante-uma-partida-do-Flamengo.webp\",\"width\":900,\"height\":600,\"caption\":\"Everton Ribeiro durante uma partida do Flamengo (Foto: Alexandre Vidal\/Flamengo)\"},{\"@type\":\"BreadcrumbList\",\"@id\":\"https:\/\/www.gaveanews.com\/index.php\/2020\/03\/05\/meia-do-flamengo-everton-ribeiro-nao-esconde-desejo-por-selecao\/#breadcrumb\",\"itemListElement\":[{\"@type\":\"ListItem\",\"position\":1,\"name\":\"Home\",\"item\":\"https:\/\/www.gaveanews.com\/\"},{\"@type\":\"ListItem\",\"position\":2,\"name\":\"Meia do Flamengo, Everton Ribeiro n\u00e3o esconde desejo por sele\u00e7\u00e3o\"}]},{\"@type\":\"WebSite\",\"@id\":\"https:\/\/www.gaveanews.com\/#website\",\"url\":\"https:\/\/www.gaveanews.com\/\",\"name\":\"G\u00e1vea News\",\"description\":\"Veja todas as not\u00edcias sobre o Flamengo: Contrata\u00e7\u00f5es, categorias de base, resultados das partidas, tabela de classifica\u00e7\u00e3o, pr\u00f3ximos jogos!\",\"potentialAction\":[{\"@type\":\"SearchAction\",\"target\":{\"@type\":\"EntryPoint\",\"urlTemplate\":\"https:\/\/www.gaveanews.com\/?s={search_term_string}\"},\"query-input\":{\"@type\":\"PropertyValueSpecification\",\"valueRequired\":true,\"valueName\":\"search_term_string\"}}],\"inLanguage\":\"pt-BR\"},{\"@type\":\"Person\",\"@id\":\"https:\/\/www.gaveanews.com\/#\/schema\/person\/2ec14f73fb96be2caf28f91afb14749d\",\"name\":\"Equipe G\u00e1vea News\",\"image\":{\"@type\":\"ImageObject\",\"inLanguage\":\"pt-BR\",\"@id\":\"https:\/\/www.gaveanews.com\/#\/schema\/person\/image\/\",\"url\":\"https:\/\/secure.gravatar.com\/avatar\/1e1956f1facbffd3f8fa53a326721950116b3b9dc9bd44939c01180fd4a745a9?s=96&d=mm&r=g\",\"contentUrl\":\"https:\/\/secure.gravatar.com\/avatar\/1e1956f1facbffd3f8fa53a326721950116b3b9dc9bd44939c01180fd4a745a9?s=96&d=mm&r=g\",\"caption\":\"Equipe G\u00e1vea News\"}}]}<\/script>\n<!-- \/ Yoast SEO Premium plugin. -->","yoast_head_json":{"title":"Meia do Flamengo, Everton Ribeiro n\u00e3o esconde desejo por sele\u00e7\u00e3o","robots":{"index":"index","follow":"follow","max-snippet":"max-snippet:-1","max-image-preview":"max-image-preview:large","max-video-preview":"max-video-preview:-1"},"canonical":"https:\/\/www.gaveanews.com\/index.php\/2020\/03\/05\/meia-do-flamengo-everton-ribeiro-nao-esconde-desejo-por-selecao\/","og_locale":"pt_BR","og_type":"article","og_title":"Meia do Flamengo, Everton Ribeiro n\u00e3o esconde desejo por sele\u00e7\u00e3o","og_description":"A delega\u00e7\u00e3o do Flamengo desembarcou na manh\u00e3 de hoje (5), ap\u00f3s a vit\u00f3ria por 2 a 1 sobre o Junior Barranquilla, da Col\u00f4mbia, na estreia na Libertadores. Her\u00f3i do jogo, Everton Ribeiro, que marcou os dois gols do time rubro-negro, celebrou o fato de ter sido decisivo e n\u00e3o escondeu que pensa em sele\u00e7\u00e3o brasileira. [&hellip;]","og_url":"https:\/\/www.gaveanews.com\/index.php\/2020\/03\/05\/meia-do-flamengo-everton-ribeiro-nao-esconde-desejo-por-selecao\/","og_site_name":"G\u00e1vea News","article_publisher":"https:\/\/facebook.com\/gaveaNews\/","article_published_time":"2020-03-05T16:46:52+00:00","article_modified_time":"2020-03-05T16:46:55+00:00","og_image":[{"width":900,"height":600,"url":"https:\/\/www.gaveanews.com\/wp-content\/uploads\/Everton-Ribeiro-durante-uma-partida-do-Flamengo.webp","type":"image\/jpeg"}],"author":"Equipe G\u00e1vea News","twitter_card":"summary_large_image","twitter_misc":{"Escrito por":"Equipe G\u00e1vea News","Est. tempo de leitura":"2 minutos"},"schema":{"@context":"https:\/\/schema.org","@graph":[{"@type":"NewsArticle","@id":"https:\/\/www.gaveanews.com\/index.php\/2020\/03\/05\/meia-do-flamengo-everton-ribeiro-nao-esconde-desejo-por-selecao\/#article","isPartOf":{"@id":"https:\/\/www.gaveanews.com\/index.php\/2020\/03\/05\/meia-do-flamengo-everton-ribeiro-nao-esconde-desejo-por-selecao\/"},"author":{"name":"Equipe G\u00e1vea News","@id":"https:\/\/www.gaveanews.com\/#\/schema\/person\/2ec14f73fb96be2caf28f91afb14749d"},"headline":"Meia do Flamengo, Everton Ribeiro n\u00e3o esconde desejo por sele\u00e7\u00e3o","datePublished":"2020-03-05T16:46:52+00:00","dateModified":"2020-03-05T16:46:55+00:00","mainEntityOfPage":{"@id":"https:\/\/www.gaveanews.com\/index.php\/2020\/03\/05\/meia-do-flamengo-everton-ribeiro-nao-esconde-desejo-por-selecao\/"},"wordCount":436,"commentCount":5,"image":{"@id":"https:\/\/www.gaveanews.com\/index.php\/2020\/03\/05\/meia-do-flamengo-everton-ribeiro-nao-esconde-desejo-por-selecao\/#primaryimage"},"thumbnailUrl":"https:\/\/www.gaveanews.com\/wp-content\/uploads\/Everton-Ribeiro-durante-uma-partida-do-Flamengo.webp","articleSection":["Flamengo"],"inLanguage":"pt-BR","potentialAction":[{"@type":"CommentAction","name":"Comment","target":["https:\/\/www.gaveanews.com\/index.php\/2020\/03\/05\/meia-do-flamengo-everton-ribeiro-nao-esconde-desejo-por-selecao\/#respond"]}],"copyrightYear":"2020","copyrightHolder":{"@id":"https:\/\/www.gaveanews.com\/#organization"}},{"@type":"WebPage","@id":"https:\/\/www.gaveanews.com\/index.php\/2020\/03\/05\/meia-do-flamengo-everton-ribeiro-nao-esconde-desejo-por-selecao\/","url":"https:\/\/www.gaveanews.com\/index.php\/2020\/03\/05\/meia-do-flamengo-everton-ribeiro-nao-esconde-desejo-por-selecao\/","name":"Meia do Flamengo, Everton Ribeiro n\u00e3o esconde desejo por sele\u00e7\u00e3o","isPartOf":{"@id":"https:\/\/www.gaveanews.com\/#website"},"primaryImageOfPage":{"@id":"https:\/\/www.gaveanews.com\/index.php\/2020\/03\/05\/meia-do-flamengo-everton-ribeiro-nao-esconde-desejo-por-selecao\/#primaryimage"},"image":{"@id":"https:\/\/www.gaveanews.com\/index.php\/2020\/03\/05\/meia-do-flamengo-everton-ribeiro-nao-esconde-desejo-por-selecao\/#primaryimage"},"thumbnailUrl":"https:\/\/www.gaveanews.com\/wp-content\/uploads\/Everton-Ribeiro-durante-uma-partida-do-Flamengo.webp","datePublished":"2020-03-05T16:46:52+00:00","dateModified":"2020-03-05T16:46:55+00:00","author":{"@id":"https:\/\/www.gaveanews.com\/#\/schema\/person\/2ec14f73fb96be2caf28f91afb14749d"},"breadcrumb":{"@id":"https:\/\/www.gaveanews.com\/index.php\/2020\/03\/05\/meia-do-flamengo-everton-ribeiro-nao-esconde-desejo-por-selecao\/#breadcrumb"},"inLanguage":"pt-BR","potentialAction":[{"@type":"ReadAction","target":["https:\/\/www.gaveanews.com\/index.php\/2020\/03\/05\/meia-do-flamengo-everton-ribeiro-nao-esconde-desejo-por-selecao\/"]}]},{"@type":"ImageObject","inLanguage":"pt-BR","@id":"https:\/\/www.gaveanews.com\/index.php\/2020\/03\/05\/meia-do-flamengo-everton-ribeiro-nao-esconde-desejo-por-selecao\/#primaryimage","url":"https:\/\/www.gaveanews.com\/wp-content\/uploads\/Everton-Ribeiro-durante-uma-partida-do-Flamengo.webp","contentUrl":"https:\/\/www.gaveanews.com\/wp-content\/uploads\/Everton-Ribeiro-durante-uma-partida-do-Flamengo.webp","width":900,"height":600,"caption":"Everton Ribeiro durante uma partida do Flamengo (Foto: Alexandre Vidal\/Flamengo)"},{"@type":"BreadcrumbList","@id":"https:\/\/www.gaveanews.com\/index.php\/2020\/03\/05\/meia-do-flamengo-everton-ribeiro-nao-esconde-desejo-por-selecao\/#breadcrumb","itemListElement":[{"@type":"ListItem","position":1,"name":"Home","item":"https:\/\/www.gaveanews.com\/"},{"@type":"ListItem","position":2,"name":"Meia do Flamengo, Everton Ribeiro n\u00e3o esconde desejo por sele\u00e7\u00e3o"}]},{"@type":"WebSite","@id":"https:\/\/www.gaveanews.com\/#website","url":"https:\/\/www.gaveanews.com\/","name":"G\u00e1vea News","description":"Veja todas as not\u00edcias sobre o Flamengo: Contrata\u00e7\u00f5es, categorias de base, resultados das partidas, tabela de classifica\u00e7\u00e3o, pr\u00f3ximos jogos!","potentialAction":[{"@type":"SearchAction","target":{"@type":"EntryPoint","urlTemplate":"https:\/\/www.gaveanews.com\/?s={search_term_string}"},"query-input":{"@type":"PropertyValueSpecification","valueRequired":true,"valueName":"search_term_string"}}],"inLanguage":"pt-BR"},{"@type":"Person","@id":"https:\/\/www.gaveanews.com\/#\/schema\/person\/2ec14f73fb96be2caf28f91afb14749d","name":"Equipe G\u00e1vea News","image":{"@type":"ImageObject","inLanguage":"pt-BR","@id":"https:\/\/www.gaveanews.com\/#\/schema\/person\/image\/","url":"https:\/\/secure.gravatar.com\/avatar\/1e1956f1facbffd3f8fa53a326721950116b3b9dc9bd44939c01180fd4a745a9?s=96&d=mm&r=g","contentUrl":"https:\/\/secure.gravatar.com\/avatar\/1e1956f1facbffd3f8fa53a326721950116b3b9dc9bd44939c01180fd4a745a9?s=96&d=mm&r=g","caption":"Equipe G\u00e1vea News"}}]}},"_links":{"self":[{"href":"https:\/\/www.gaveanews.com\/index.php\/wp-json\/wp\/v2\/posts\/37963","targetHints":{"allow":["GET"]}}],"collection":[{"href":"https:\/\/www.gaveanews.com\/index.php\/wp-json\/wp\/v2\/posts"}],"about":[{"href":"https:\/\/www.gaveanews.com\/index.php\/wp-json\/wp\/v2\/types\/post"}],"author":[{"embeddable":true,"href":"https:\/\/www.gaveanews.com\/index.php\/wp-json\/wp\/v2\/users\/1"}],"replies":[{"embeddable":true,"href":"https:\/\/www.gaveanews.com\/index.php\/wp-json\/wp\/v2\/comments?post=37963"}],"version-history":[{"count":0,"href":"https:\/\/www.gaveanews.com\/index.php\/wp-json\/wp\/v2\/posts\/37963\/revisions"}],"wp:featuredmedia":[{"embeddable":true,"href":"https:\/\/www.gaveanews.com\/index.php\/wp-json\/wp\/v2\/media\/28903"}],"wp:attachment":[{"href":"https:\/\/www.gaveanews.com\/index.php\/wp-json\/wp\/v2\/media?parent=37963"}],"wp:term":[{"taxonomy":"category","embeddable":true,"href":"https:\/\/www.gaveanews.com\/index.php\/wp-json\/wp\/v2\/categories?post=37963"},{"taxonomy":"post_tag","embeddable":true,"href":"https:\/\/www.gaveanews.com\/index.php\/wp-json\/wp\/v2\/tags?post=37963"}],"curies":[{"name":"wp","href":"https:\/\/api.w.org\/{rel}","templated":true}]}}