{"id":38401,"date":"2020-03-12T16:14:40","date_gmt":"2020-03-12T19:14:40","guid":{"rendered":"https:\/\/www.gaveanews.com\/?p=38401"},"modified":"2024-04-06T23:05:06","modified_gmt":"2024-04-07T02:05:06","slug":"mauro-cezar-pereira-aponta-obstaculo-em-renovacao-do-flamengo-com-jorge-jesus","status":"publish","type":"post","link":"https:\/\/www.gaveanews.com\/index.php\/2020\/03\/12\/mauro-cezar-pereira-aponta-obstaculo-em-renovacao-do-flamengo-com-jorge-jesus\/","title":{"rendered":"Mauro Cezar Pereira aponta obst\u00e1culo em renova\u00e7\u00e3o do Flamengo com Jorge Jesus"},"content":{"rendered":"\n<p>Flamengo e Jorge Jesus seguem negociando a renova\u00e7\u00e3o de contrato. De acordo com o comentarista da ESPN Brasil, Mauro Cezar Pereira, um fato externo pode atrapalhar a tentativa do clube carioca de ampliar o seu v\u00ednculo com o portugu\u00eas.<\/p>\n\n\n\n<p>&#8220;A alta do Euro, que parece ser uma tend\u00eancia cont\u00ednua vem dificultando o Flamengo na renova\u00e7\u00e3o com Jorge Jesus. Os valores ficaram ainda mais altos para o clube carioca&#8221;, revelou.<\/p>\n\n\n\n<p>No entanto, ainda h\u00e1 otimismo do Flamengo. De acordo com o comentarista, o clube deseja resolver a situa\u00e7\u00e3o at\u00e9 o come\u00e7o do pr\u00f3ximo m\u00eas. Jorge Jesus tem contrato com o Rubro-negro at\u00e9 o meio do ano.<\/p>\n\n\n\n<p>Retirado de: O Dia<\/p>\n","protected":false},"excerpt":{"rendered":"<p>Flamengo e Jorge Jesus seguem negociando a renova\u00e7\u00e3o de contrato. De acordo com o comentarista da ESPN Brasil, Mauro Cezar Pereira, um fato externo pode atrapalhar a tentativa do clube carioca de ampliar o seu v\u00ednculo com o portugu\u00eas. &#8220;A alta do Euro, que parece ser uma tend\u00eancia cont\u00ednua vem dificultando o Flamengo na renova\u00e7\u00e3o [&hellip;]<\/p>\n","protected":false},"author":1,"featured_media":16229,"comment_status":"open","ping_status":"closed","sticky":false,"template":"","format":"standard","meta":{"footnotes":""},"categories":[1],"tags":[170],"class_list":["post-38401","post","type-post","status-publish","format-standard","has-post-thumbnail","hentry","category-flamengo","tag-mauro-cezar-pereira"],"yoast_head":"<!-- This site is optimized with the Yoast SEO Premium plugin v24.2 (Yoast SEO v26.9) - https:\/\/yoast.com\/product\/yoast-seo-premium-wordpress\/ -->\n<title>Mauro Cezar Pereira aponta obst\u00e1culo em renova\u00e7\u00e3o do Flamengo com Jorge Jesus<\/title>\n<meta name=\"robots\" content=\"index, follow, max-snippet:-1, max-image-preview:large, max-video-preview:-1\" \/>\n<link rel=\"canonical\" href=\"https:\/\/www.gaveanews.com\/index.php\/2020\/03\/12\/mauro-cezar-pereira-aponta-obstaculo-em-renovacao-do-flamengo-com-jorge-jesus\/\" \/>\n<meta property=\"og:locale\" content=\"pt_BR\" \/>\n<meta property=\"og:type\" content=\"article\" \/>\n<meta property=\"og:title\" content=\"Mauro Cezar Pereira aponta obst\u00e1culo em renova\u00e7\u00e3o do Flamengo com Jorge Jesus\" \/>\n<meta property=\"og:description\" content=\"Flamengo e Jorge Jesus seguem negociando a renova\u00e7\u00e3o de contrato. De acordo com o comentarista da ESPN Brasil, Mauro Cezar Pereira, um fato externo pode atrapalhar a tentativa do clube carioca de ampliar o seu v\u00ednculo com o portugu\u00eas. &#8220;A alta do Euro, que parece ser uma tend\u00eancia cont\u00ednua vem dificultando o Flamengo na renova\u00e7\u00e3o [&hellip;]\" \/>\n<meta property=\"og:url\" content=\"https:\/\/www.gaveanews.com\/index.php\/2020\/03\/12\/mauro-cezar-pereira-aponta-obstaculo-em-renovacao-do-flamengo-com-jorge-jesus\/\" \/>\n<meta property=\"og:site_name\" content=\"G\u00e1vea News\" \/>\n<meta property=\"article:publisher\" content=\"https:\/\/facebook.com\/gaveaNews\/\" \/>\n<meta property=\"article:published_time\" content=\"2020-03-12T19:14:40+00:00\" \/>\n<meta property=\"article:modified_time\" content=\"2024-04-07T02:05:06+00:00\" \/>\n<meta property=\"og:image\" content=\"https:\/\/www.gaveanews.com\/wp-content\/uploads\/2019\/03\/Mauro-Cezar-durante-programa-da-ESPN.webp\" \/>\n\t<meta property=\"og:image:width\" content=\"900\" \/>\n\t<meta property=\"og:image:height\" content=\"521\" \/>\n\t<meta property=\"og:image:type\" content=\"image\/jpeg\" \/>\n<meta name=\"author\" content=\"Equipe G\u00e1vea News\" \/>\n<meta name=\"twitter:card\" content=\"summary_large_image\" \/>\n<meta name=\"twitter:label1\" content=\"Escrito por\" \/>\n\t<meta name=\"twitter:data1\" content=\"Equipe G\u00e1vea News\" \/>\n\t<meta name=\"twitter:label2\" content=\"Est. tempo de leitura\" \/>\n\t<meta name=\"twitter:data2\" content=\"1 minuto\" \/>\n<script type=\"application\/ld+json\" class=\"yoast-schema-graph\">{\"@context\":\"https:\/\/schema.org\",\"@graph\":[{\"@type\":\"NewsArticle\",\"@id\":\"https:\/\/www.gaveanews.com\/index.php\/2020\/03\/12\/mauro-cezar-pereira-aponta-obstaculo-em-renovacao-do-flamengo-com-jorge-jesus\/#article\",\"isPartOf\":{\"@id\":\"https:\/\/www.gaveanews.com\/index.php\/2020\/03\/12\/mauro-cezar-pereira-aponta-obstaculo-em-renovacao-do-flamengo-com-jorge-jesus\/\"},\"author\":{\"name\":\"Equipe G\u00e1vea News\",\"@id\":\"https:\/\/www.gaveanews.com\/#\/schema\/person\/2ec14f73fb96be2caf28f91afb14749d\"},\"headline\":\"Mauro Cezar Pereira aponta obst\u00e1culo em renova\u00e7\u00e3o do Flamengo com Jorge Jesus\",\"datePublished\":\"2020-03-12T19:14:40+00:00\",\"dateModified\":\"2024-04-07T02:05:06+00:00\",\"mainEntityOfPage\":{\"@id\":\"https:\/\/www.gaveanews.com\/index.php\/2020\/03\/12\/mauro-cezar-pereira-aponta-obstaculo-em-renovacao-do-flamengo-com-jorge-jesus\/\"},\"wordCount\":133,\"commentCount\":39,\"image\":{\"@id\":\"https:\/\/www.gaveanews.com\/index.php\/2020\/03\/12\/mauro-cezar-pereira-aponta-obstaculo-em-renovacao-do-flamengo-com-jorge-jesus\/#primaryimage\"},\"thumbnailUrl\":\"https:\/\/www.gaveanews.com\/wp-content\/uploads\/2019\/03\/Mauro-Cezar-durante-programa-da-ESPN.webp\",\"keywords\":[\"Mauro Cezar Pereira\"],\"articleSection\":[\"Flamengo\"],\"inLanguage\":\"pt-BR\",\"potentialAction\":[{\"@type\":\"CommentAction\",\"name\":\"Comment\",\"target\":[\"https:\/\/www.gaveanews.com\/index.php\/2020\/03\/12\/mauro-cezar-pereira-aponta-obstaculo-em-renovacao-do-flamengo-com-jorge-jesus\/#respond\"]}],\"copyrightYear\":\"2020\",\"copyrightHolder\":{\"@id\":\"https:\/\/www.gaveanews.com\/#organization\"}},{\"@type\":\"WebPage\",\"@id\":\"https:\/\/www.gaveanews.com\/index.php\/2020\/03\/12\/mauro-cezar-pereira-aponta-obstaculo-em-renovacao-do-flamengo-com-jorge-jesus\/\",\"url\":\"https:\/\/www.gaveanews.com\/index.php\/2020\/03\/12\/mauro-cezar-pereira-aponta-obstaculo-em-renovacao-do-flamengo-com-jorge-jesus\/\",\"name\":\"Mauro Cezar Pereira aponta obst\u00e1culo em renova\u00e7\u00e3o do Flamengo com Jorge Jesus\",\"isPartOf\":{\"@id\":\"https:\/\/www.gaveanews.com\/#website\"},\"primaryImageOfPage\":{\"@id\":\"https:\/\/www.gaveanews.com\/index.php\/2020\/03\/12\/mauro-cezar-pereira-aponta-obstaculo-em-renovacao-do-flamengo-com-jorge-jesus\/#primaryimage\"},\"image\":{\"@id\":\"https:\/\/www.gaveanews.com\/index.php\/2020\/03\/12\/mauro-cezar-pereira-aponta-obstaculo-em-renovacao-do-flamengo-com-jorge-jesus\/#primaryimage\"},\"thumbnailUrl\":\"https:\/\/www.gaveanews.com\/wp-content\/uploads\/2019\/03\/Mauro-Cezar-durante-programa-da-ESPN.webp\",\"datePublished\":\"2020-03-12T19:14:40+00:00\",\"dateModified\":\"2024-04-07T02:05:06+00:00\",\"author\":{\"@id\":\"https:\/\/www.gaveanews.com\/#\/schema\/person\/2ec14f73fb96be2caf28f91afb14749d\"},\"breadcrumb\":{\"@id\":\"https:\/\/www.gaveanews.com\/index.php\/2020\/03\/12\/mauro-cezar-pereira-aponta-obstaculo-em-renovacao-do-flamengo-com-jorge-jesus\/#breadcrumb\"},\"inLanguage\":\"pt-BR\",\"potentialAction\":[{\"@type\":\"ReadAction\",\"target\":[\"https:\/\/www.gaveanews.com\/index.php\/2020\/03\/12\/mauro-cezar-pereira-aponta-obstaculo-em-renovacao-do-flamengo-com-jorge-jesus\/\"]}]},{\"@type\":\"ImageObject\",\"inLanguage\":\"pt-BR\",\"@id\":\"https:\/\/www.gaveanews.com\/index.php\/2020\/03\/12\/mauro-cezar-pereira-aponta-obstaculo-em-renovacao-do-flamengo-com-jorge-jesus\/#primaryimage\",\"url\":\"https:\/\/www.gaveanews.com\/wp-content\/uploads\/2019\/03\/Mauro-Cezar-durante-programa-da-ESPN.webp\",\"contentUrl\":\"https:\/\/www.gaveanews.com\/wp-content\/uploads\/2019\/03\/Mauro-Cezar-durante-programa-da-ESPN.webp\",\"width\":900,\"height\":521,\"caption\":\"Mauro Cezar durante programa da ESPN (Foto: Reprodu\u00e7\u00e3o\/ESPN)\"},{\"@type\":\"BreadcrumbList\",\"@id\":\"https:\/\/www.gaveanews.com\/index.php\/2020\/03\/12\/mauro-cezar-pereira-aponta-obstaculo-em-renovacao-do-flamengo-com-jorge-jesus\/#breadcrumb\",\"itemListElement\":[{\"@type\":\"ListItem\",\"position\":1,\"name\":\"Home\",\"item\":\"https:\/\/www.gaveanews.com\/\"},{\"@type\":\"ListItem\",\"position\":2,\"name\":\"Mauro Cezar Pereira aponta obst\u00e1culo em renova\u00e7\u00e3o do Flamengo com Jorge Jesus\"}]},{\"@type\":\"WebSite\",\"@id\":\"https:\/\/www.gaveanews.com\/#website\",\"url\":\"https:\/\/www.gaveanews.com\/\",\"name\":\"G\u00e1vea News\",\"description\":\"Veja todas as not\u00edcias sobre o Flamengo: Contrata\u00e7\u00f5es, categorias de base, resultados das partidas, tabela de classifica\u00e7\u00e3o, pr\u00f3ximos jogos!\",\"potentialAction\":[{\"@type\":\"SearchAction\",\"target\":{\"@type\":\"EntryPoint\",\"urlTemplate\":\"https:\/\/www.gaveanews.com\/?s={search_term_string}\"},\"query-input\":{\"@type\":\"PropertyValueSpecification\",\"valueRequired\":true,\"valueName\":\"search_term_string\"}}],\"inLanguage\":\"pt-BR\"},{\"@type\":\"Person\",\"@id\":\"https:\/\/www.gaveanews.com\/#\/schema\/person\/2ec14f73fb96be2caf28f91afb14749d\",\"name\":\"Equipe G\u00e1vea News\",\"image\":{\"@type\":\"ImageObject\",\"inLanguage\":\"pt-BR\",\"@id\":\"https:\/\/www.gaveanews.com\/#\/schema\/person\/image\/\",\"url\":\"https:\/\/secure.gravatar.com\/avatar\/1e1956f1facbffd3f8fa53a326721950116b3b9dc9bd44939c01180fd4a745a9?s=96&d=mm&r=g\",\"contentUrl\":\"https:\/\/secure.gravatar.com\/avatar\/1e1956f1facbffd3f8fa53a326721950116b3b9dc9bd44939c01180fd4a745a9?s=96&d=mm&r=g\",\"caption\":\"Equipe G\u00e1vea News\"}}]}<\/script>\n<!-- \/ Yoast SEO Premium plugin. -->","yoast_head_json":{"title":"Mauro Cezar Pereira aponta obst\u00e1culo em renova\u00e7\u00e3o do Flamengo com Jorge Jesus","robots":{"index":"index","follow":"follow","max-snippet":"max-snippet:-1","max-image-preview":"max-image-preview:large","max-video-preview":"max-video-preview:-1"},"canonical":"https:\/\/www.gaveanews.com\/index.php\/2020\/03\/12\/mauro-cezar-pereira-aponta-obstaculo-em-renovacao-do-flamengo-com-jorge-jesus\/","og_locale":"pt_BR","og_type":"article","og_title":"Mauro Cezar Pereira aponta obst\u00e1culo em renova\u00e7\u00e3o do Flamengo com Jorge Jesus","og_description":"Flamengo e Jorge Jesus seguem negociando a renova\u00e7\u00e3o de contrato. De acordo com o comentarista da ESPN Brasil, Mauro Cezar Pereira, um fato externo pode atrapalhar a tentativa do clube carioca de ampliar o seu v\u00ednculo com o portugu\u00eas. &#8220;A alta do Euro, que parece ser uma tend\u00eancia cont\u00ednua vem dificultando o Flamengo na renova\u00e7\u00e3o [&hellip;]","og_url":"https:\/\/www.gaveanews.com\/index.php\/2020\/03\/12\/mauro-cezar-pereira-aponta-obstaculo-em-renovacao-do-flamengo-com-jorge-jesus\/","og_site_name":"G\u00e1vea News","article_publisher":"https:\/\/facebook.com\/gaveaNews\/","article_published_time":"2020-03-12T19:14:40+00:00","article_modified_time":"2024-04-07T02:05:06+00:00","og_image":[{"width":900,"height":521,"url":"https:\/\/www.gaveanews.com\/wp-content\/uploads\/2019\/03\/Mauro-Cezar-durante-programa-da-ESPN.webp","type":"image\/jpeg"}],"author":"Equipe G\u00e1vea News","twitter_card":"summary_large_image","twitter_misc":{"Escrito por":"Equipe G\u00e1vea News","Est. tempo de leitura":"1 minuto"},"schema":{"@context":"https:\/\/schema.org","@graph":[{"@type":"NewsArticle","@id":"https:\/\/www.gaveanews.com\/index.php\/2020\/03\/12\/mauro-cezar-pereira-aponta-obstaculo-em-renovacao-do-flamengo-com-jorge-jesus\/#article","isPartOf":{"@id":"https:\/\/www.gaveanews.com\/index.php\/2020\/03\/12\/mauro-cezar-pereira-aponta-obstaculo-em-renovacao-do-flamengo-com-jorge-jesus\/"},"author":{"name":"Equipe G\u00e1vea News","@id":"https:\/\/www.gaveanews.com\/#\/schema\/person\/2ec14f73fb96be2caf28f91afb14749d"},"headline":"Mauro Cezar Pereira aponta obst\u00e1culo em renova\u00e7\u00e3o do Flamengo com Jorge Jesus","datePublished":"2020-03-12T19:14:40+00:00","dateModified":"2024-04-07T02:05:06+00:00","mainEntityOfPage":{"@id":"https:\/\/www.gaveanews.com\/index.php\/2020\/03\/12\/mauro-cezar-pereira-aponta-obstaculo-em-renovacao-do-flamengo-com-jorge-jesus\/"},"wordCount":133,"commentCount":39,"image":{"@id":"https:\/\/www.gaveanews.com\/index.php\/2020\/03\/12\/mauro-cezar-pereira-aponta-obstaculo-em-renovacao-do-flamengo-com-jorge-jesus\/#primaryimage"},"thumbnailUrl":"https:\/\/www.gaveanews.com\/wp-content\/uploads\/2019\/03\/Mauro-Cezar-durante-programa-da-ESPN.webp","keywords":["Mauro Cezar Pereira"],"articleSection":["Flamengo"],"inLanguage":"pt-BR","potentialAction":[{"@type":"CommentAction","name":"Comment","target":["https:\/\/www.gaveanews.com\/index.php\/2020\/03\/12\/mauro-cezar-pereira-aponta-obstaculo-em-renovacao-do-flamengo-com-jorge-jesus\/#respond"]}],"copyrightYear":"2020","copyrightHolder":{"@id":"https:\/\/www.gaveanews.com\/#organization"}},{"@type":"WebPage","@id":"https:\/\/www.gaveanews.com\/index.php\/2020\/03\/12\/mauro-cezar-pereira-aponta-obstaculo-em-renovacao-do-flamengo-com-jorge-jesus\/","url":"https:\/\/www.gaveanews.com\/index.php\/2020\/03\/12\/mauro-cezar-pereira-aponta-obstaculo-em-renovacao-do-flamengo-com-jorge-jesus\/","name":"Mauro Cezar Pereira aponta obst\u00e1culo em renova\u00e7\u00e3o do Flamengo com Jorge Jesus","isPartOf":{"@id":"https:\/\/www.gaveanews.com\/#website"},"primaryImageOfPage":{"@id":"https:\/\/www.gaveanews.com\/index.php\/2020\/03\/12\/mauro-cezar-pereira-aponta-obstaculo-em-renovacao-do-flamengo-com-jorge-jesus\/#primaryimage"},"image":{"@id":"https:\/\/www.gaveanews.com\/index.php\/2020\/03\/12\/mauro-cezar-pereira-aponta-obstaculo-em-renovacao-do-flamengo-com-jorge-jesus\/#primaryimage"},"thumbnailUrl":"https:\/\/www.gaveanews.com\/wp-content\/uploads\/2019\/03\/Mauro-Cezar-durante-programa-da-ESPN.webp","datePublished":"2020-03-12T19:14:40+00:00","dateModified":"2024-04-07T02:05:06+00:00","author":{"@id":"https:\/\/www.gaveanews.com\/#\/schema\/person\/2ec14f73fb96be2caf28f91afb14749d"},"breadcrumb":{"@id":"https:\/\/www.gaveanews.com\/index.php\/2020\/03\/12\/mauro-cezar-pereira-aponta-obstaculo-em-renovacao-do-flamengo-com-jorge-jesus\/#breadcrumb"},"inLanguage":"pt-BR","potentialAction":[{"@type":"ReadAction","target":["https:\/\/www.gaveanews.com\/index.php\/2020\/03\/12\/mauro-cezar-pereira-aponta-obstaculo-em-renovacao-do-flamengo-com-jorge-jesus\/"]}]},{"@type":"ImageObject","inLanguage":"pt-BR","@id":"https:\/\/www.gaveanews.com\/index.php\/2020\/03\/12\/mauro-cezar-pereira-aponta-obstaculo-em-renovacao-do-flamengo-com-jorge-jesus\/#primaryimage","url":"https:\/\/www.gaveanews.com\/wp-content\/uploads\/2019\/03\/Mauro-Cezar-durante-programa-da-ESPN.webp","contentUrl":"https:\/\/www.gaveanews.com\/wp-content\/uploads\/2019\/03\/Mauro-Cezar-durante-programa-da-ESPN.webp","width":900,"height":521,"caption":"Mauro Cezar durante programa da ESPN (Foto: Reprodu\u00e7\u00e3o\/ESPN)"},{"@type":"BreadcrumbList","@id":"https:\/\/www.gaveanews.com\/index.php\/2020\/03\/12\/mauro-cezar-pereira-aponta-obstaculo-em-renovacao-do-flamengo-com-jorge-jesus\/#breadcrumb","itemListElement":[{"@type":"ListItem","position":1,"name":"Home","item":"https:\/\/www.gaveanews.com\/"},{"@type":"ListItem","position":2,"name":"Mauro Cezar Pereira aponta obst\u00e1culo em renova\u00e7\u00e3o do Flamengo com Jorge Jesus"}]},{"@type":"WebSite","@id":"https:\/\/www.gaveanews.com\/#website","url":"https:\/\/www.gaveanews.com\/","name":"G\u00e1vea News","description":"Veja todas as not\u00edcias sobre o Flamengo: Contrata\u00e7\u00f5es, categorias de base, resultados das partidas, tabela de classifica\u00e7\u00e3o, pr\u00f3ximos jogos!","potentialAction":[{"@type":"SearchAction","target":{"@type":"EntryPoint","urlTemplate":"https:\/\/www.gaveanews.com\/?s={search_term_string}"},"query-input":{"@type":"PropertyValueSpecification","valueRequired":true,"valueName":"search_term_string"}}],"inLanguage":"pt-BR"},{"@type":"Person","@id":"https:\/\/www.gaveanews.com\/#\/schema\/person\/2ec14f73fb96be2caf28f91afb14749d","name":"Equipe G\u00e1vea News","image":{"@type":"ImageObject","inLanguage":"pt-BR","@id":"https:\/\/www.gaveanews.com\/#\/schema\/person\/image\/","url":"https:\/\/secure.gravatar.com\/avatar\/1e1956f1facbffd3f8fa53a326721950116b3b9dc9bd44939c01180fd4a745a9?s=96&d=mm&r=g","contentUrl":"https:\/\/secure.gravatar.com\/avatar\/1e1956f1facbffd3f8fa53a326721950116b3b9dc9bd44939c01180fd4a745a9?s=96&d=mm&r=g","caption":"Equipe G\u00e1vea News"}}]}},"_links":{"self":[{"href":"https:\/\/www.gaveanews.com\/index.php\/wp-json\/wp\/v2\/posts\/38401","targetHints":{"allow":["GET"]}}],"collection":[{"href":"https:\/\/www.gaveanews.com\/index.php\/wp-json\/wp\/v2\/posts"}],"about":[{"href":"https:\/\/www.gaveanews.com\/index.php\/wp-json\/wp\/v2\/types\/post"}],"author":[{"embeddable":true,"href":"https:\/\/www.gaveanews.com\/index.php\/wp-json\/wp\/v2\/users\/1"}],"replies":[{"embeddable":true,"href":"https:\/\/www.gaveanews.com\/index.php\/wp-json\/wp\/v2\/comments?post=38401"}],"version-history":[{"count":1,"href":"https:\/\/www.gaveanews.com\/index.php\/wp-json\/wp\/v2\/posts\/38401\/revisions"}],"predecessor-version":[{"id":134604,"href":"https:\/\/www.gaveanews.com\/index.php\/wp-json\/wp\/v2\/posts\/38401\/revisions\/134604"}],"wp:featuredmedia":[{"embeddable":true,"href":"https:\/\/www.gaveanews.com\/index.php\/wp-json\/wp\/v2\/media\/16229"}],"wp:attachment":[{"href":"https:\/\/www.gaveanews.com\/index.php\/wp-json\/wp\/v2\/media?parent=38401"}],"wp:term":[{"taxonomy":"category","embeddable":true,"href":"https:\/\/www.gaveanews.com\/index.php\/wp-json\/wp\/v2\/categories?post=38401"},{"taxonomy":"post_tag","embeddable":true,"href":"https:\/\/www.gaveanews.com\/index.php\/wp-json\/wp\/v2\/tags?post=38401"}],"curies":[{"name":"wp","href":"https:\/\/api.w.org\/{rel}","templated":true}]}}