{"id":38713,"date":"2020-03-17T08:55:46","date_gmt":"2020-03-17T11:55:46","guid":{"rendered":"https:\/\/www.gaveanews.com\/?p=38713"},"modified":"2020-03-17T08:56:04","modified_gmt":"2020-03-17T11:56:04","slug":"salario-dos-atletas-deve-ser-afetado-por-causa-da-paralisacao-vai-ter-dano-colateral-para-todo-mundo","status":"publish","type":"post","link":"https:\/\/www.gaveanews.com\/index.php\/2020\/03\/17\/salario-dos-atletas-deve-ser-afetado-por-causa-da-paralisacao-vai-ter-dano-colateral-para-todo-mundo\/","title":{"rendered":"Sal\u00e1rio dos atletas deve ser afetado por causa da paralisa\u00e7\u00e3o: &#8220;Vai ter dano colateral para todo mundo&#8221;"},"content":{"rendered":"\n<p>Com o celular na m\u00e3o, o treinador Alfredo Sampaio, presidente do Sindicato dos Atletas de Futebol do Estado do Rio de Janeiro (SAFERJ), apontava para as mensagens que recebeu de jogadores desde sexta-feira. Em coletiva no Pal\u00e1cio Guanabara, o governador Wilson Witzel disse que o \u201crisco era dos atletas\u201d, para os jogos do fim de semana.<\/p>\n\n\n\n<p>Sampaio foi para a reuni\u00e3o de segunda na Ferj com liminar a tiracolo. Caso o Estadual n\u00e3o fosse paralisado, iria ao Tribunal Regional do Trabalho para obter a paralisa\u00e7\u00e3o por via judicial.<\/p>\n\n\n\n<p>&#8211; Qualquer juiz ia nos dar raz\u00e3o e paralisar o campeonato \u2013 disse Alfredo Sampaio.<\/p>\n\n\n\n<p>Treinador com passagens por diversos clubes pequenos e m\u00e9dios no Rio \u2013 tamb\u00e9m treinou o Vasco em 2008 -, o presidente da SAFERJ antecipa que se o novo coronav\u00edrus seguir em crescimento e os dirigentes decidirem pelo retorno do Carioca em 15 dias vai lan\u00e7ar m\u00e3o de recurso judicial em nome dos atletas.<\/p>\n\n\n\n<h2 class=\"wp-block-heading\">Confira a entrevista com Alfredo Sampaio:<\/h2>\n\n\n\n<p><strong>A paralisa\u00e7\u00e3o A paralisa\u00e7\u00e3o atendeu ao pedido dos jogadores?<\/strong><\/p>\n\n\n\n<p>&#8211; Havia preocupa\u00e7\u00e3o de todos pelos desdobramentos da paralisa\u00e7\u00e3o. Eu, particularmente, como treinador que vivi minha carreira toda nesses clubes (pequenos) sei bem as dificuldades que eles t\u00eam. Na reuni\u00e3o deixei bem claro que o que discut\u00edamos era preven\u00e7\u00e3o de vida e morte, de risco de vida. N\u00e3o era jogar 11h, n\u00e3o era atraso de sal\u00e1rio, essas coisas. Est\u00e1vamos discutindo uma coisa muito s\u00e9ria que n\u00f3s nunca vivemos. O Brasil nunca viveu uma situa\u00e7\u00e3o como essa.<\/p>\n\n\n\n<p><strong>Como foi esse contato com os jogadores?<\/strong><\/p>\n\n\n\n<p>&#8211; Vim para c\u00e1 respaldado pelos atletas. Eles foram taxativos: &#8220;n\u00e3o queremos jogar, n\u00e3o queremos treinar&#8221;. O medo deles \u00e9 a transmiss\u00e3o para os familiares. Parar por 15 dias achei coerente porque vai que, por milagre da vida, isso se modifique para melhor. Vai que possa voltar as competi\u00e7\u00f5es? Vai parar 15 dias&#8230; n\u00e3o deu? Vamos para mais 15 dias. e vai seguindo. Qualquer modifica\u00e7\u00e3o desse quadro, de tentativa de retorno, de sequ\u00eancia enquanto houver epidemia, naturalmente vamos buscar a Justi\u00e7a e tentar paralisar para proteger os atletas. N\u00e3o podia vir para c\u00e1 e correr o risco da preocupa\u00e7\u00e3o dos atletas n\u00e3o ser atendida.<\/p>\n\n\n\n<p>&#8211; No s\u00e1bado ainda tentei contato com a Ferj e CBF para paralisar a rodada, mas n\u00e3o tive retorno ao longo do dia. S\u00f3 consegui contato por volta de 17h30. A gente come\u00e7ou a discutir para parar no domingo, mas n\u00e3o estava havendo resson\u00e2ncia. Vi que n\u00e3o iam querer parar e seguimos para a reuni\u00e3o de hoje. Mas o desfecho hoje acho que foi bom.<\/p>\n\n\n\n<p><strong>Os clubes pequenos e os jogadores t\u00eam preocupa\u00e7\u00e3o com desemprego. Qual solu\u00e7\u00e3o?<\/strong><\/p>\n\n\n\n<p>&#8211; Com certeza \u00e9 uma preocupa\u00e7\u00e3o. Eles falaram disso na reuni\u00e3o e sei que \u00e9 fato isso. Mas estamos falando de problema nacional e vai ter dano colateral para todo mundo. N\u00e3o d\u00e1 para a gente se prevenir, com medida de sa\u00fade, querendo criar nichos de prote\u00e7\u00e3o. Vai acontecer dificuldade, mas estamos falando de coisa acima disso, de sobreviv\u00eancia. Estamos exagerando, estamos delirando? N\u00e3o, a expectativa \u00e9 de que nos pr\u00f3ximos 15, 20 dias, haja um pico de contamina\u00e7\u00e3o. N\u00e3o para discutir coisa dessa propor\u00e7\u00e3o em nichos separados.<\/p>\n\n\n\n<p><strong>O Flamengo falava em encerrar as duas rodadas da Ta\u00e7a Rio. O que se argumentou?<\/strong><\/p>\n\n\n\n<p>&#8211; O Flamengo exp\u00f4s a posi\u00e7\u00e3o dele. Entendia que poderia jogar os dois jogos. O que na realidade, teoricamente, at\u00e9 poderia acontecer. Mas vai que d\u00e1 o azar de contaminar alguma pessoa nesses jogos? Quem \u00e9 o respons\u00e1vel por isso? Eu fiz essa pergunta. O Sindicato n\u00e3o vai ser. Ent\u00e3o ele fez pondera\u00e7\u00e3o, mas foi de muito bom n\u00edvel. Foi conversa muito agrad\u00e1vel. O andamento para n\u00f3s era paralisa\u00e7\u00e3o, n\u00e3o tinha outra hip\u00f3tese.<\/p>\n\n\n\n<p><strong>O que pode ser feito para diminuir os poss\u00edveis efeitos de fim de contrato em clubes menores?<\/strong><\/p>\n\n\n\n<p>&#8211; Agora \u00e9 uma a\u00e7\u00e3o institucional entre a Ferj, Sindicato, CBF e TV. \u00c9 hora de todo mundo se dar as m\u00e3os. A inten\u00e7\u00e3o \u00e9 discutir, tentar impacto menor. Os clubes v\u00e3o ter direitos a algumas decis\u00f5es em rela\u00e7\u00e3o ao sal\u00e1rio, podem ter cancelamento de sal\u00e1rios em determinados momentos. Vou agendar reuni\u00e3o com todos os jogadores nos pr\u00f3ximos dias, junto com o nosso jur\u00eddico, e mostrar os desdobramentos que isso tudo pode ter. No primeiro momento a ideia era conter os jogos. Agora \u00e9 tratar dos desdobramentos que todos est\u00e3o cientes do que pode acontecer.<\/p>\n\n\n\n<p>Retirado de: Globo Esporte<\/p>\n","protected":false},"excerpt":{"rendered":"<p>Com o celular na m\u00e3o, o treinador Alfredo Sampaio, presidente do Sindicato dos Atletas de Futebol do Estado do Rio de Janeiro (SAFERJ), apontava para as mensagens que recebeu de jogadores desde sexta-feira. Em coletiva no Pal\u00e1cio Guanabara, o governador Wilson Witzel disse que o \u201crisco era dos atletas\u201d, para os jogos do fim de [&hellip;]<\/p>\n","protected":false},"author":1,"featured_media":16362,"comment_status":"open","ping_status":"closed","sticky":false,"template":"","format":"standard","meta":{"footnotes":""},"categories":[1],"tags":[],"class_list":["post-38713","post","type-post","status-publish","format-standard","has-post-thumbnail","hentry","category-flamengo"],"yoast_head":"<!-- This site is optimized with the Yoast SEO Premium plugin v24.2 (Yoast SEO v26.9) - https:\/\/yoast.com\/product\/yoast-seo-premium-wordpress\/ -->\n<title>Sal\u00e1rio dos atletas deve ser afetado por causa da paralisa\u00e7\u00e3o: &quot;Vai ter dano colateral para todo mundo&quot;<\/title>\n<meta name=\"robots\" content=\"index, follow, max-snippet:-1, max-image-preview:large, max-video-preview:-1\" \/>\n<link rel=\"canonical\" href=\"https:\/\/www.gaveanews.com\/index.php\/2020\/03\/17\/salario-dos-atletas-deve-ser-afetado-por-causa-da-paralisacao-vai-ter-dano-colateral-para-todo-mundo\/\" \/>\n<meta property=\"og:locale\" content=\"pt_BR\" \/>\n<meta property=\"og:type\" content=\"article\" \/>\n<meta property=\"og:title\" content=\"Sal\u00e1rio dos atletas deve ser afetado por causa da paralisa\u00e7\u00e3o: &quot;Vai ter dano colateral para todo mundo&quot;\" \/>\n<meta property=\"og:description\" content=\"Com o celular na m\u00e3o, o treinador Alfredo Sampaio, presidente do Sindicato dos Atletas de Futebol do Estado do Rio de Janeiro (SAFERJ), apontava para as mensagens que recebeu de jogadores desde sexta-feira. Em coletiva no Pal\u00e1cio Guanabara, o governador Wilson Witzel disse que o \u201crisco era dos atletas\u201d, para os jogos do fim de [&hellip;]\" \/>\n<meta property=\"og:url\" content=\"https:\/\/www.gaveanews.com\/index.php\/2020\/03\/17\/salario-dos-atletas-deve-ser-afetado-por-causa-da-paralisacao-vai-ter-dano-colateral-para-todo-mundo\/\" \/>\n<meta property=\"og:site_name\" content=\"G\u00e1vea News\" \/>\n<meta property=\"article:publisher\" content=\"https:\/\/facebook.com\/gaveaNews\/\" \/>\n<meta property=\"article:published_time\" content=\"2020-03-17T11:55:46+00:00\" \/>\n<meta property=\"article:modified_time\" content=\"2020-03-17T11:56:04+00:00\" \/>\n<meta property=\"og:image\" content=\"https:\/\/www.gaveanews.com\/wp-content\/uploads\/2019\/03\/Para-receber-orientacoes-jogadores-do-Flamengo-fazem-uma-rodinha-em-um-campo-do-Ninho-do-Urubu.webp\" \/>\n\t<meta property=\"og:image:width\" content=\"1\" \/>\n\t<meta property=\"og:image:height\" content=\"1\" \/>\n\t<meta property=\"og:image:type\" content=\"image\/jpeg\" \/>\n<meta name=\"author\" content=\"Equipe G\u00e1vea News\" \/>\n<meta name=\"twitter:card\" content=\"summary_large_image\" \/>\n<meta name=\"twitter:label1\" content=\"Escrito por\" \/>\n\t<meta name=\"twitter:data1\" content=\"Equipe G\u00e1vea News\" \/>\n\t<meta name=\"twitter:label2\" content=\"Est. tempo de leitura\" \/>\n\t<meta name=\"twitter:data2\" content=\"4 minutos\" \/>\n<script type=\"application\/ld+json\" class=\"yoast-schema-graph\">{\"@context\":\"https:\/\/schema.org\",\"@graph\":[{\"@type\":\"NewsArticle\",\"@id\":\"https:\/\/www.gaveanews.com\/index.php\/2020\/03\/17\/salario-dos-atletas-deve-ser-afetado-por-causa-da-paralisacao-vai-ter-dano-colateral-para-todo-mundo\/#article\",\"isPartOf\":{\"@id\":\"https:\/\/www.gaveanews.com\/index.php\/2020\/03\/17\/salario-dos-atletas-deve-ser-afetado-por-causa-da-paralisacao-vai-ter-dano-colateral-para-todo-mundo\/\"},\"author\":{\"name\":\"Equipe G\u00e1vea News\",\"@id\":\"https:\/\/www.gaveanews.com\/#\/schema\/person\/2ec14f73fb96be2caf28f91afb14749d\"},\"headline\":\"Sal\u00e1rio dos atletas deve ser afetado por causa da paralisa\u00e7\u00e3o: &#8220;Vai ter dano colateral para todo mundo&#8221;\",\"datePublished\":\"2020-03-17T11:55:46+00:00\",\"dateModified\":\"2020-03-17T11:56:04+00:00\",\"mainEntityOfPage\":{\"@id\":\"https:\/\/www.gaveanews.com\/index.php\/2020\/03\/17\/salario-dos-atletas-deve-ser-afetado-por-causa-da-paralisacao-vai-ter-dano-colateral-para-todo-mundo\/\"},\"wordCount\":812,\"commentCount\":8,\"image\":{\"@id\":\"https:\/\/www.gaveanews.com\/index.php\/2020\/03\/17\/salario-dos-atletas-deve-ser-afetado-por-causa-da-paralisacao-vai-ter-dano-colateral-para-todo-mundo\/#primaryimage\"},\"thumbnailUrl\":\"https:\/\/www.gaveanews.com\/wp-content\/uploads\/2019\/03\/Para-receber-orientacoes-jogadores-do-Flamengo-fazem-uma-rodinha-em-um-campo-do-Ninho-do-Urubu.webp\",\"articleSection\":[\"Flamengo\"],\"inLanguage\":\"pt-BR\",\"potentialAction\":[{\"@type\":\"CommentAction\",\"name\":\"Comment\",\"target\":[\"https:\/\/www.gaveanews.com\/index.php\/2020\/03\/17\/salario-dos-atletas-deve-ser-afetado-por-causa-da-paralisacao-vai-ter-dano-colateral-para-todo-mundo\/#respond\"]}],\"copyrightYear\":\"2020\",\"copyrightHolder\":{\"@id\":\"https:\/\/www.gaveanews.com\/#organization\"}},{\"@type\":\"WebPage\",\"@id\":\"https:\/\/www.gaveanews.com\/index.php\/2020\/03\/17\/salario-dos-atletas-deve-ser-afetado-por-causa-da-paralisacao-vai-ter-dano-colateral-para-todo-mundo\/\",\"url\":\"https:\/\/www.gaveanews.com\/index.php\/2020\/03\/17\/salario-dos-atletas-deve-ser-afetado-por-causa-da-paralisacao-vai-ter-dano-colateral-para-todo-mundo\/\",\"name\":\"Sal\u00e1rio dos atletas deve ser afetado por causa da paralisa\u00e7\u00e3o: \\\"Vai ter dano colateral para todo mundo\\\"\",\"isPartOf\":{\"@id\":\"https:\/\/www.gaveanews.com\/#website\"},\"primaryImageOfPage\":{\"@id\":\"https:\/\/www.gaveanews.com\/index.php\/2020\/03\/17\/salario-dos-atletas-deve-ser-afetado-por-causa-da-paralisacao-vai-ter-dano-colateral-para-todo-mundo\/#primaryimage\"},\"image\":{\"@id\":\"https:\/\/www.gaveanews.com\/index.php\/2020\/03\/17\/salario-dos-atletas-deve-ser-afetado-por-causa-da-paralisacao-vai-ter-dano-colateral-para-todo-mundo\/#primaryimage\"},\"thumbnailUrl\":\"https:\/\/www.gaveanews.com\/wp-content\/uploads\/2019\/03\/Para-receber-orientacoes-jogadores-do-Flamengo-fazem-uma-rodinha-em-um-campo-do-Ninho-do-Urubu.webp\",\"datePublished\":\"2020-03-17T11:55:46+00:00\",\"dateModified\":\"2020-03-17T11:56:04+00:00\",\"author\":{\"@id\":\"https:\/\/www.gaveanews.com\/#\/schema\/person\/2ec14f73fb96be2caf28f91afb14749d\"},\"breadcrumb\":{\"@id\":\"https:\/\/www.gaveanews.com\/index.php\/2020\/03\/17\/salario-dos-atletas-deve-ser-afetado-por-causa-da-paralisacao-vai-ter-dano-colateral-para-todo-mundo\/#breadcrumb\"},\"inLanguage\":\"pt-BR\",\"potentialAction\":[{\"@type\":\"ReadAction\",\"target\":[\"https:\/\/www.gaveanews.com\/index.php\/2020\/03\/17\/salario-dos-atletas-deve-ser-afetado-por-causa-da-paralisacao-vai-ter-dano-colateral-para-todo-mundo\/\"]}]},{\"@type\":\"ImageObject\",\"inLanguage\":\"pt-BR\",\"@id\":\"https:\/\/www.gaveanews.com\/index.php\/2020\/03\/17\/salario-dos-atletas-deve-ser-afetado-por-causa-da-paralisacao-vai-ter-dano-colateral-para-todo-mundo\/#primaryimage\",\"url\":\"https:\/\/www.gaveanews.com\/wp-content\/uploads\/2019\/03\/Para-receber-orientacoes-jogadores-do-Flamengo-fazem-uma-rodinha-em-um-campo-do-Ninho-do-Urubu.webp\",\"contentUrl\":\"https:\/\/www.gaveanews.com\/wp-content\/uploads\/2019\/03\/Para-receber-orientacoes-jogadores-do-Flamengo-fazem-uma-rodinha-em-um-campo-do-Ninho-do-Urubu.webp\",\"caption\":\"Para receber orienta\u00e7\u00f5es, jogadores do Flamengo fazem uma rodinha em um campo do Ninho do Urubu (Foto: Alexandre Vidal\/Flamengo)\"},{\"@type\":\"BreadcrumbList\",\"@id\":\"https:\/\/www.gaveanews.com\/index.php\/2020\/03\/17\/salario-dos-atletas-deve-ser-afetado-por-causa-da-paralisacao-vai-ter-dano-colateral-para-todo-mundo\/#breadcrumb\",\"itemListElement\":[{\"@type\":\"ListItem\",\"position\":1,\"name\":\"Home\",\"item\":\"https:\/\/www.gaveanews.com\/\"},{\"@type\":\"ListItem\",\"position\":2,\"name\":\"Sal\u00e1rio dos atletas deve ser afetado por causa da paralisa\u00e7\u00e3o: &#8220;Vai ter dano colateral para todo mundo&#8221;\"}]},{\"@type\":\"WebSite\",\"@id\":\"https:\/\/www.gaveanews.com\/#website\",\"url\":\"https:\/\/www.gaveanews.com\/\",\"name\":\"G\u00e1vea News\",\"description\":\"Veja todas as not\u00edcias sobre o Flamengo: Contrata\u00e7\u00f5es, categorias de base, resultados das partidas, tabela de classifica\u00e7\u00e3o, pr\u00f3ximos jogos!\",\"potentialAction\":[{\"@type\":\"SearchAction\",\"target\":{\"@type\":\"EntryPoint\",\"urlTemplate\":\"https:\/\/www.gaveanews.com\/?s={search_term_string}\"},\"query-input\":{\"@type\":\"PropertyValueSpecification\",\"valueRequired\":true,\"valueName\":\"search_term_string\"}}],\"inLanguage\":\"pt-BR\"},{\"@type\":\"Person\",\"@id\":\"https:\/\/www.gaveanews.com\/#\/schema\/person\/2ec14f73fb96be2caf28f91afb14749d\",\"name\":\"Equipe G\u00e1vea News\",\"image\":{\"@type\":\"ImageObject\",\"inLanguage\":\"pt-BR\",\"@id\":\"https:\/\/www.gaveanews.com\/#\/schema\/person\/image\/\",\"url\":\"https:\/\/secure.gravatar.com\/avatar\/1e1956f1facbffd3f8fa53a326721950116b3b9dc9bd44939c01180fd4a745a9?s=96&d=mm&r=g\",\"contentUrl\":\"https:\/\/secure.gravatar.com\/avatar\/1e1956f1facbffd3f8fa53a326721950116b3b9dc9bd44939c01180fd4a745a9?s=96&d=mm&r=g\",\"caption\":\"Equipe G\u00e1vea News\"}}]}<\/script>\n<!-- \/ Yoast SEO Premium plugin. -->","yoast_head_json":{"title":"Sal\u00e1rio dos atletas deve ser afetado por causa da paralisa\u00e7\u00e3o: \"Vai ter dano colateral para todo mundo\"","robots":{"index":"index","follow":"follow","max-snippet":"max-snippet:-1","max-image-preview":"max-image-preview:large","max-video-preview":"max-video-preview:-1"},"canonical":"https:\/\/www.gaveanews.com\/index.php\/2020\/03\/17\/salario-dos-atletas-deve-ser-afetado-por-causa-da-paralisacao-vai-ter-dano-colateral-para-todo-mundo\/","og_locale":"pt_BR","og_type":"article","og_title":"Sal\u00e1rio dos atletas deve ser afetado por causa da paralisa\u00e7\u00e3o: \"Vai ter dano colateral para todo mundo\"","og_description":"Com o celular na m\u00e3o, o treinador Alfredo Sampaio, presidente do Sindicato dos Atletas de Futebol do Estado do Rio de Janeiro (SAFERJ), apontava para as mensagens que recebeu de jogadores desde sexta-feira. Em coletiva no Pal\u00e1cio Guanabara, o governador Wilson Witzel disse que o \u201crisco era dos atletas\u201d, para os jogos do fim de [&hellip;]","og_url":"https:\/\/www.gaveanews.com\/index.php\/2020\/03\/17\/salario-dos-atletas-deve-ser-afetado-por-causa-da-paralisacao-vai-ter-dano-colateral-para-todo-mundo\/","og_site_name":"G\u00e1vea News","article_publisher":"https:\/\/facebook.com\/gaveaNews\/","article_published_time":"2020-03-17T11:55:46+00:00","article_modified_time":"2020-03-17T11:56:04+00:00","og_image":[{"url":"https:\/\/www.gaveanews.com\/wp-content\/uploads\/2019\/03\/Para-receber-orientacoes-jogadores-do-Flamengo-fazem-uma-rodinha-em-um-campo-do-Ninho-do-Urubu.webp","width":1,"height":1,"type":"image\/jpeg"}],"author":"Equipe G\u00e1vea News","twitter_card":"summary_large_image","twitter_misc":{"Escrito por":"Equipe G\u00e1vea News","Est. tempo de leitura":"4 minutos"},"schema":{"@context":"https:\/\/schema.org","@graph":[{"@type":"NewsArticle","@id":"https:\/\/www.gaveanews.com\/index.php\/2020\/03\/17\/salario-dos-atletas-deve-ser-afetado-por-causa-da-paralisacao-vai-ter-dano-colateral-para-todo-mundo\/#article","isPartOf":{"@id":"https:\/\/www.gaveanews.com\/index.php\/2020\/03\/17\/salario-dos-atletas-deve-ser-afetado-por-causa-da-paralisacao-vai-ter-dano-colateral-para-todo-mundo\/"},"author":{"name":"Equipe G\u00e1vea News","@id":"https:\/\/www.gaveanews.com\/#\/schema\/person\/2ec14f73fb96be2caf28f91afb14749d"},"headline":"Sal\u00e1rio dos atletas deve ser afetado por causa da paralisa\u00e7\u00e3o: &#8220;Vai ter dano colateral para todo mundo&#8221;","datePublished":"2020-03-17T11:55:46+00:00","dateModified":"2020-03-17T11:56:04+00:00","mainEntityOfPage":{"@id":"https:\/\/www.gaveanews.com\/index.php\/2020\/03\/17\/salario-dos-atletas-deve-ser-afetado-por-causa-da-paralisacao-vai-ter-dano-colateral-para-todo-mundo\/"},"wordCount":812,"commentCount":8,"image":{"@id":"https:\/\/www.gaveanews.com\/index.php\/2020\/03\/17\/salario-dos-atletas-deve-ser-afetado-por-causa-da-paralisacao-vai-ter-dano-colateral-para-todo-mundo\/#primaryimage"},"thumbnailUrl":"https:\/\/www.gaveanews.com\/wp-content\/uploads\/2019\/03\/Para-receber-orientacoes-jogadores-do-Flamengo-fazem-uma-rodinha-em-um-campo-do-Ninho-do-Urubu.webp","articleSection":["Flamengo"],"inLanguage":"pt-BR","potentialAction":[{"@type":"CommentAction","name":"Comment","target":["https:\/\/www.gaveanews.com\/index.php\/2020\/03\/17\/salario-dos-atletas-deve-ser-afetado-por-causa-da-paralisacao-vai-ter-dano-colateral-para-todo-mundo\/#respond"]}],"copyrightYear":"2020","copyrightHolder":{"@id":"https:\/\/www.gaveanews.com\/#organization"}},{"@type":"WebPage","@id":"https:\/\/www.gaveanews.com\/index.php\/2020\/03\/17\/salario-dos-atletas-deve-ser-afetado-por-causa-da-paralisacao-vai-ter-dano-colateral-para-todo-mundo\/","url":"https:\/\/www.gaveanews.com\/index.php\/2020\/03\/17\/salario-dos-atletas-deve-ser-afetado-por-causa-da-paralisacao-vai-ter-dano-colateral-para-todo-mundo\/","name":"Sal\u00e1rio dos atletas deve ser afetado por causa da paralisa\u00e7\u00e3o: \"Vai ter dano colateral para todo mundo\"","isPartOf":{"@id":"https:\/\/www.gaveanews.com\/#website"},"primaryImageOfPage":{"@id":"https:\/\/www.gaveanews.com\/index.php\/2020\/03\/17\/salario-dos-atletas-deve-ser-afetado-por-causa-da-paralisacao-vai-ter-dano-colateral-para-todo-mundo\/#primaryimage"},"image":{"@id":"https:\/\/www.gaveanews.com\/index.php\/2020\/03\/17\/salario-dos-atletas-deve-ser-afetado-por-causa-da-paralisacao-vai-ter-dano-colateral-para-todo-mundo\/#primaryimage"},"thumbnailUrl":"https:\/\/www.gaveanews.com\/wp-content\/uploads\/2019\/03\/Para-receber-orientacoes-jogadores-do-Flamengo-fazem-uma-rodinha-em-um-campo-do-Ninho-do-Urubu.webp","datePublished":"2020-03-17T11:55:46+00:00","dateModified":"2020-03-17T11:56:04+00:00","author":{"@id":"https:\/\/www.gaveanews.com\/#\/schema\/person\/2ec14f73fb96be2caf28f91afb14749d"},"breadcrumb":{"@id":"https:\/\/www.gaveanews.com\/index.php\/2020\/03\/17\/salario-dos-atletas-deve-ser-afetado-por-causa-da-paralisacao-vai-ter-dano-colateral-para-todo-mundo\/#breadcrumb"},"inLanguage":"pt-BR","potentialAction":[{"@type":"ReadAction","target":["https:\/\/www.gaveanews.com\/index.php\/2020\/03\/17\/salario-dos-atletas-deve-ser-afetado-por-causa-da-paralisacao-vai-ter-dano-colateral-para-todo-mundo\/"]}]},{"@type":"ImageObject","inLanguage":"pt-BR","@id":"https:\/\/www.gaveanews.com\/index.php\/2020\/03\/17\/salario-dos-atletas-deve-ser-afetado-por-causa-da-paralisacao-vai-ter-dano-colateral-para-todo-mundo\/#primaryimage","url":"https:\/\/www.gaveanews.com\/wp-content\/uploads\/2019\/03\/Para-receber-orientacoes-jogadores-do-Flamengo-fazem-uma-rodinha-em-um-campo-do-Ninho-do-Urubu.webp","contentUrl":"https:\/\/www.gaveanews.com\/wp-content\/uploads\/2019\/03\/Para-receber-orientacoes-jogadores-do-Flamengo-fazem-uma-rodinha-em-um-campo-do-Ninho-do-Urubu.webp","caption":"Para receber orienta\u00e7\u00f5es, jogadores do Flamengo fazem uma rodinha em um campo do Ninho do Urubu (Foto: Alexandre Vidal\/Flamengo)"},{"@type":"BreadcrumbList","@id":"https:\/\/www.gaveanews.com\/index.php\/2020\/03\/17\/salario-dos-atletas-deve-ser-afetado-por-causa-da-paralisacao-vai-ter-dano-colateral-para-todo-mundo\/#breadcrumb","itemListElement":[{"@type":"ListItem","position":1,"name":"Home","item":"https:\/\/www.gaveanews.com\/"},{"@type":"ListItem","position":2,"name":"Sal\u00e1rio dos atletas deve ser afetado por causa da paralisa\u00e7\u00e3o: &#8220;Vai ter dano colateral para todo mundo&#8221;"}]},{"@type":"WebSite","@id":"https:\/\/www.gaveanews.com\/#website","url":"https:\/\/www.gaveanews.com\/","name":"G\u00e1vea News","description":"Veja todas as not\u00edcias sobre o Flamengo: Contrata\u00e7\u00f5es, categorias de base, resultados das partidas, tabela de classifica\u00e7\u00e3o, pr\u00f3ximos jogos!","potentialAction":[{"@type":"SearchAction","target":{"@type":"EntryPoint","urlTemplate":"https:\/\/www.gaveanews.com\/?s={search_term_string}"},"query-input":{"@type":"PropertyValueSpecification","valueRequired":true,"valueName":"search_term_string"}}],"inLanguage":"pt-BR"},{"@type":"Person","@id":"https:\/\/www.gaveanews.com\/#\/schema\/person\/2ec14f73fb96be2caf28f91afb14749d","name":"Equipe G\u00e1vea News","image":{"@type":"ImageObject","inLanguage":"pt-BR","@id":"https:\/\/www.gaveanews.com\/#\/schema\/person\/image\/","url":"https:\/\/secure.gravatar.com\/avatar\/1e1956f1facbffd3f8fa53a326721950116b3b9dc9bd44939c01180fd4a745a9?s=96&d=mm&r=g","contentUrl":"https:\/\/secure.gravatar.com\/avatar\/1e1956f1facbffd3f8fa53a326721950116b3b9dc9bd44939c01180fd4a745a9?s=96&d=mm&r=g","caption":"Equipe G\u00e1vea News"}}]}},"_links":{"self":[{"href":"https:\/\/www.gaveanews.com\/index.php\/wp-json\/wp\/v2\/posts\/38713","targetHints":{"allow":["GET"]}}],"collection":[{"href":"https:\/\/www.gaveanews.com\/index.php\/wp-json\/wp\/v2\/posts"}],"about":[{"href":"https:\/\/www.gaveanews.com\/index.php\/wp-json\/wp\/v2\/types\/post"}],"author":[{"embeddable":true,"href":"https:\/\/www.gaveanews.com\/index.php\/wp-json\/wp\/v2\/users\/1"}],"replies":[{"embeddable":true,"href":"https:\/\/www.gaveanews.com\/index.php\/wp-json\/wp\/v2\/comments?post=38713"}],"version-history":[{"count":0,"href":"https:\/\/www.gaveanews.com\/index.php\/wp-json\/wp\/v2\/posts\/38713\/revisions"}],"wp:featuredmedia":[{"embeddable":true,"href":"https:\/\/www.gaveanews.com\/index.php\/wp-json\/wp\/v2\/media\/16362"}],"wp:attachment":[{"href":"https:\/\/www.gaveanews.com\/index.php\/wp-json\/wp\/v2\/media?parent=38713"}],"wp:term":[{"taxonomy":"category","embeddable":true,"href":"https:\/\/www.gaveanews.com\/index.php\/wp-json\/wp\/v2\/categories?post=38713"},{"taxonomy":"post_tag","embeddable":true,"href":"https:\/\/www.gaveanews.com\/index.php\/wp-json\/wp\/v2\/tags?post=38713"}],"curies":[{"name":"wp","href":"https:\/\/api.w.org\/{rel}","templated":true}]}}