{"id":38753,"date":"2020-03-17T22:35:59","date_gmt":"2020-03-18T01:35:59","guid":{"rendered":"https:\/\/www.gaveanews.com\/?p=38753"},"modified":"2020-03-17T22:36:02","modified_gmt":"2020-03-18T01:36:02","slug":"flamengo-processa-jornalista-por-chamar-diretoria-de-desumana-nao-vamos-aceitar-ofensas","status":"publish","type":"post","link":"https:\/\/www.gaveanews.com\/index.php\/2020\/03\/17\/flamengo-processa-jornalista-por-chamar-diretoria-de-desumana-nao-vamos-aceitar-ofensas\/","title":{"rendered":"Flamengo processa jornalista por chamar diretoria de \u2018desumana\u2019: \u201cN\u00e3o vamos aceitar ofensas\u201d"},"content":{"rendered":"\n<p>O Flamengo encaminhou um processo contra o jornalista Gian Oddi, da ESPN, nesta ter\u00e7a-feira (17). A informa\u00e7\u00e3o foi divulgada pelo vice-presidente da procuradoria geral do clube, Rodrigo Dunshee de Abranches, atrav\u00e9s da sua conta no Twitter e confirmada pela reportagem do &#8216;Torcedores&#8217; a assessoria rubro-negra.<\/p>\n\n\n\n<p>Gian Oddi criticou a diretoria do Flamengo por tentar manter o calend\u00e1rio na temporada do futebol mesmo com funcion\u00e1rios com casos comprovados do novo coronav\u00edrus. Al\u00e9m do dirigente Maur\u00edcio Gomes de Mattos, o treinador Jorge Jesus tamb\u00e9m foi diagnosticado com o v\u00edrus na \u00faltima segunda-feira.<\/p>\n\n\n\n<p>Em coment\u00e1rio feito nas redes sociais, Rodrigo Abranches comunicou: \u201cN\u00f3s lamentamos que, em um momento de crise mundial, alguns poucos rep\u00f3rteres estejam perdendo seu tempo desferindo ofensas ao Flamengo e seus dirigentes.\u201d<\/p>\n\n\n\n<p>\u201cO primeiro deles (sequer conhe\u00e7o, mas se chama Gian Oddi) j\u00e1 est\u00e1 sendo processado criminal e civilmente pela ofensa que fez\u201d, escreveu o dirigente do Flamengo. \u201cA imprensa tem obriga\u00e7\u00e3o profissional de se comportar e respeitar as pessoas que militam no meio desportivo, assim como e, especialmente, o Flamengo, um clube centen\u00e1rio, com a maior torcida do planeta. Que se explique na Justi\u00e7a. Temos muito mais o que fazer. E que n\u00e3o se diga que n\u00e3o aceitamos cr\u00edticas. Aprendemos com elas e n\u00e3o reclamamos. O que n\u00e3o vamos aceitar s\u00e3o ofensas\u201d, concluiu.<\/p>\n\n\n\n<h3 class=\"wp-block-heading\">Confira o coment\u00e1rio de Gian Oddi sobre a diretoria do Flamengo:<\/h3>\n\n\n\n<figure class=\"wp-block-embed-twitter wp-block-embed is-type-rich is-provider-twitter\"><div class=\"wp-block-embed__wrapper\">\n<blockquote class=\"twitter-tweet\" data-width=\"550\" data-dnt=\"true\"><p lang=\"pt\" dir=\"ltr\">A rea\u00e7\u00e3o da manada foi t\u00e3o violenta que s\u00f3 refor\u00e7a minha convic\u00e7\u00e3o para reproduzir aqui o trecho do Linha de Passe. <a href=\"https:\/\/t.co\/cU2EAHnCDf\">pic.twitter.com\/cU2EAHnCDf<\/a><\/p>&mdash; Gian Oddi (@gianoddi) <a href=\"https:\/\/twitter.com\/gianoddi\/status\/1239900849582850050?ref_src=twsrc%5Etfw\">March 17, 2020<\/a><\/blockquote><script async src=\"https:\/\/platform.twitter.com\/widgets.js\" charset=\"utf-8\"><\/script>\n<\/div><\/figure>\n\n\n\n<p>Procurada pela reportagem do\u00a0<strong>Torcedores<\/strong>, a ESPN n\u00e3o se pronunciou sobre o caso at\u00e9 a publica\u00e7\u00e3o desta mat\u00e9ria. N\u00e3o conseguimos contato com o comentarista. Assim que houver um posicionamento da emissora ou do pr\u00f3prio jornalista, a nota ser\u00e1 atualizada.<\/p>\n\n\n\n<p>Retirado de: Torcedores<\/p>\n","protected":false},"excerpt":{"rendered":"<p>O Flamengo encaminhou um processo contra o jornalista Gian Oddi, da ESPN, nesta ter\u00e7a-feira (17). A informa\u00e7\u00e3o foi divulgada pelo vice-presidente da procuradoria geral do clube, Rodrigo Dunshee de Abranches, atrav\u00e9s da sua conta no Twitter e confirmada pela reportagem do &#8216;Torcedores&#8217; a assessoria rubro-negra. Gian Oddi criticou a diretoria do Flamengo por tentar manter [&hellip;]<\/p>\n","protected":false},"author":1,"featured_media":28017,"comment_status":"open","ping_status":"closed","sticky":false,"template":"","format":"standard","meta":{"footnotes":""},"categories":[1],"tags":[],"class_list":["post-38753","post","type-post","status-publish","format-standard","has-post-thumbnail","hentry","category-flamengo"],"yoast_head":"<!-- This site is optimized with the Yoast SEO Premium plugin v24.2 (Yoast SEO v26.9) - https:\/\/yoast.com\/product\/yoast-seo-premium-wordpress\/ -->\n<title>Flamengo processa jornalista por chamar diretoria de \u2018desumana\u2019: \u201cN\u00e3o vamos aceitar ofensas\u201d<\/title>\n<meta name=\"robots\" content=\"index, follow, max-snippet:-1, max-image-preview:large, max-video-preview:-1\" \/>\n<link rel=\"canonical\" href=\"https:\/\/www.gaveanews.com\/index.php\/2020\/03\/17\/flamengo-processa-jornalista-por-chamar-diretoria-de-desumana-nao-vamos-aceitar-ofensas\/\" \/>\n<meta property=\"og:locale\" content=\"pt_BR\" \/>\n<meta property=\"og:type\" content=\"article\" \/>\n<meta property=\"og:title\" content=\"Flamengo processa jornalista por chamar diretoria de \u2018desumana\u2019: \u201cN\u00e3o vamos aceitar ofensas\u201d\" \/>\n<meta property=\"og:description\" content=\"O Flamengo encaminhou um processo contra o jornalista Gian Oddi, da ESPN, nesta ter\u00e7a-feira (17). A informa\u00e7\u00e3o foi divulgada pelo vice-presidente da procuradoria geral do clube, Rodrigo Dunshee de Abranches, atrav\u00e9s da sua conta no Twitter e confirmada pela reportagem do &#8216;Torcedores&#8217; a assessoria rubro-negra. Gian Oddi criticou a diretoria do Flamengo por tentar manter [&hellip;]\" \/>\n<meta property=\"og:url\" content=\"https:\/\/www.gaveanews.com\/index.php\/2020\/03\/17\/flamengo-processa-jornalista-por-chamar-diretoria-de-desumana-nao-vamos-aceitar-ofensas\/\" \/>\n<meta property=\"og:site_name\" content=\"G\u00e1vea News\" \/>\n<meta property=\"article:publisher\" content=\"https:\/\/facebook.com\/gaveaNews\/\" \/>\n<meta property=\"article:published_time\" content=\"2020-03-18T01:35:59+00:00\" \/>\n<meta property=\"article:modified_time\" content=\"2020-03-18T01:36:02+00:00\" \/>\n<meta property=\"og:image\" content=\"https:\/\/www.gaveanews.com\/wp-content\/uploads\/Logomarca-da-emissora-ESPN.webp\" \/>\n\t<meta property=\"og:image:width\" content=\"1296\" \/>\n\t<meta property=\"og:image:height\" content=\"729\" \/>\n\t<meta property=\"og:image:type\" content=\"image\/png\" \/>\n<meta name=\"author\" content=\"Equipe G\u00e1vea News\" \/>\n<meta name=\"twitter:card\" content=\"summary_large_image\" \/>\n<meta name=\"twitter:label1\" content=\"Escrito por\" \/>\n\t<meta name=\"twitter:data1\" content=\"Equipe G\u00e1vea News\" \/>\n\t<meta name=\"twitter:label2\" content=\"Est. tempo de leitura\" \/>\n\t<meta name=\"twitter:data2\" content=\"2 minutos\" \/>\n<script type=\"application\/ld+json\" class=\"yoast-schema-graph\">{\"@context\":\"https:\/\/schema.org\",\"@graph\":[{\"@type\":\"NewsArticle\",\"@id\":\"https:\/\/www.gaveanews.com\/index.php\/2020\/03\/17\/flamengo-processa-jornalista-por-chamar-diretoria-de-desumana-nao-vamos-aceitar-ofensas\/#article\",\"isPartOf\":{\"@id\":\"https:\/\/www.gaveanews.com\/index.php\/2020\/03\/17\/flamengo-processa-jornalista-por-chamar-diretoria-de-desumana-nao-vamos-aceitar-ofensas\/\"},\"author\":{\"name\":\"Equipe G\u00e1vea News\",\"@id\":\"https:\/\/www.gaveanews.com\/#\/schema\/person\/2ec14f73fb96be2caf28f91afb14749d\"},\"headline\":\"Flamengo processa jornalista por chamar diretoria de \u2018desumana\u2019: \u201cN\u00e3o vamos aceitar ofensas\u201d\",\"datePublished\":\"2020-03-18T01:35:59+00:00\",\"dateModified\":\"2020-03-18T01:36:02+00:00\",\"mainEntityOfPage\":{\"@id\":\"https:\/\/www.gaveanews.com\/index.php\/2020\/03\/17\/flamengo-processa-jornalista-por-chamar-diretoria-de-desumana-nao-vamos-aceitar-ofensas\/\"},\"wordCount\":334,\"commentCount\":61,\"image\":{\"@id\":\"https:\/\/www.gaveanews.com\/index.php\/2020\/03\/17\/flamengo-processa-jornalista-por-chamar-diretoria-de-desumana-nao-vamos-aceitar-ofensas\/#primaryimage\"},\"thumbnailUrl\":\"https:\/\/www.gaveanews.com\/wp-content\/uploads\/Logomarca-da-emissora-ESPN.webp\",\"articleSection\":[\"Flamengo\"],\"inLanguage\":\"pt-BR\",\"potentialAction\":[{\"@type\":\"CommentAction\",\"name\":\"Comment\",\"target\":[\"https:\/\/www.gaveanews.com\/index.php\/2020\/03\/17\/flamengo-processa-jornalista-por-chamar-diretoria-de-desumana-nao-vamos-aceitar-ofensas\/#respond\"]}],\"copyrightYear\":\"2020\",\"copyrightHolder\":{\"@id\":\"https:\/\/www.gaveanews.com\/#organization\"}},{\"@type\":\"WebPage\",\"@id\":\"https:\/\/www.gaveanews.com\/index.php\/2020\/03\/17\/flamengo-processa-jornalista-por-chamar-diretoria-de-desumana-nao-vamos-aceitar-ofensas\/\",\"url\":\"https:\/\/www.gaveanews.com\/index.php\/2020\/03\/17\/flamengo-processa-jornalista-por-chamar-diretoria-de-desumana-nao-vamos-aceitar-ofensas\/\",\"name\":\"Flamengo processa jornalista por chamar diretoria de \u2018desumana\u2019: \u201cN\u00e3o vamos aceitar ofensas\u201d\",\"isPartOf\":{\"@id\":\"https:\/\/www.gaveanews.com\/#website\"},\"primaryImageOfPage\":{\"@id\":\"https:\/\/www.gaveanews.com\/index.php\/2020\/03\/17\/flamengo-processa-jornalista-por-chamar-diretoria-de-desumana-nao-vamos-aceitar-ofensas\/#primaryimage\"},\"image\":{\"@id\":\"https:\/\/www.gaveanews.com\/index.php\/2020\/03\/17\/flamengo-processa-jornalista-por-chamar-diretoria-de-desumana-nao-vamos-aceitar-ofensas\/#primaryimage\"},\"thumbnailUrl\":\"https:\/\/www.gaveanews.com\/wp-content\/uploads\/Logomarca-da-emissora-ESPN.webp\",\"datePublished\":\"2020-03-18T01:35:59+00:00\",\"dateModified\":\"2020-03-18T01:36:02+00:00\",\"author\":{\"@id\":\"https:\/\/www.gaveanews.com\/#\/schema\/person\/2ec14f73fb96be2caf28f91afb14749d\"},\"breadcrumb\":{\"@id\":\"https:\/\/www.gaveanews.com\/index.php\/2020\/03\/17\/flamengo-processa-jornalista-por-chamar-diretoria-de-desumana-nao-vamos-aceitar-ofensas\/#breadcrumb\"},\"inLanguage\":\"pt-BR\",\"potentialAction\":[{\"@type\":\"ReadAction\",\"target\":[\"https:\/\/www.gaveanews.com\/index.php\/2020\/03\/17\/flamengo-processa-jornalista-por-chamar-diretoria-de-desumana-nao-vamos-aceitar-ofensas\/\"]}]},{\"@type\":\"ImageObject\",\"inLanguage\":\"pt-BR\",\"@id\":\"https:\/\/www.gaveanews.com\/index.php\/2020\/03\/17\/flamengo-processa-jornalista-por-chamar-diretoria-de-desumana-nao-vamos-aceitar-ofensas\/#primaryimage\",\"url\":\"https:\/\/www.gaveanews.com\/wp-content\/uploads\/Logomarca-da-emissora-ESPN.webp\",\"contentUrl\":\"https:\/\/www.gaveanews.com\/wp-content\/uploads\/Logomarca-da-emissora-ESPN.webp\",\"width\":1296,\"height\":729,\"caption\":\"Logomarca da emissora ESPN (Foto: Reprodu\u00e7\u00e3o)\"},{\"@type\":\"BreadcrumbList\",\"@id\":\"https:\/\/www.gaveanews.com\/index.php\/2020\/03\/17\/flamengo-processa-jornalista-por-chamar-diretoria-de-desumana-nao-vamos-aceitar-ofensas\/#breadcrumb\",\"itemListElement\":[{\"@type\":\"ListItem\",\"position\":1,\"name\":\"Home\",\"item\":\"https:\/\/www.gaveanews.com\/\"},{\"@type\":\"ListItem\",\"position\":2,\"name\":\"Flamengo processa jornalista por chamar diretoria de \u2018desumana\u2019: \u201cN\u00e3o vamos aceitar ofensas\u201d\"}]},{\"@type\":\"WebSite\",\"@id\":\"https:\/\/www.gaveanews.com\/#website\",\"url\":\"https:\/\/www.gaveanews.com\/\",\"name\":\"G\u00e1vea News\",\"description\":\"Veja todas as not\u00edcias sobre o Flamengo: Contrata\u00e7\u00f5es, categorias de base, resultados das partidas, tabela de classifica\u00e7\u00e3o, pr\u00f3ximos jogos!\",\"potentialAction\":[{\"@type\":\"SearchAction\",\"target\":{\"@type\":\"EntryPoint\",\"urlTemplate\":\"https:\/\/www.gaveanews.com\/?s={search_term_string}\"},\"query-input\":{\"@type\":\"PropertyValueSpecification\",\"valueRequired\":true,\"valueName\":\"search_term_string\"}}],\"inLanguage\":\"pt-BR\"},{\"@type\":\"Person\",\"@id\":\"https:\/\/www.gaveanews.com\/#\/schema\/person\/2ec14f73fb96be2caf28f91afb14749d\",\"name\":\"Equipe G\u00e1vea News\",\"image\":{\"@type\":\"ImageObject\",\"inLanguage\":\"pt-BR\",\"@id\":\"https:\/\/www.gaveanews.com\/#\/schema\/person\/image\/\",\"url\":\"https:\/\/secure.gravatar.com\/avatar\/1e1956f1facbffd3f8fa53a326721950116b3b9dc9bd44939c01180fd4a745a9?s=96&d=mm&r=g\",\"contentUrl\":\"https:\/\/secure.gravatar.com\/avatar\/1e1956f1facbffd3f8fa53a326721950116b3b9dc9bd44939c01180fd4a745a9?s=96&d=mm&r=g\",\"caption\":\"Equipe G\u00e1vea News\"}}]}<\/script>\n<!-- \/ Yoast SEO Premium plugin. -->","yoast_head_json":{"title":"Flamengo processa jornalista por chamar diretoria de \u2018desumana\u2019: \u201cN\u00e3o vamos aceitar ofensas\u201d","robots":{"index":"index","follow":"follow","max-snippet":"max-snippet:-1","max-image-preview":"max-image-preview:large","max-video-preview":"max-video-preview:-1"},"canonical":"https:\/\/www.gaveanews.com\/index.php\/2020\/03\/17\/flamengo-processa-jornalista-por-chamar-diretoria-de-desumana-nao-vamos-aceitar-ofensas\/","og_locale":"pt_BR","og_type":"article","og_title":"Flamengo processa jornalista por chamar diretoria de \u2018desumana\u2019: \u201cN\u00e3o vamos aceitar ofensas\u201d","og_description":"O Flamengo encaminhou um processo contra o jornalista Gian Oddi, da ESPN, nesta ter\u00e7a-feira (17). A informa\u00e7\u00e3o foi divulgada pelo vice-presidente da procuradoria geral do clube, Rodrigo Dunshee de Abranches, atrav\u00e9s da sua conta no Twitter e confirmada pela reportagem do &#8216;Torcedores&#8217; a assessoria rubro-negra. Gian Oddi criticou a diretoria do Flamengo por tentar manter [&hellip;]","og_url":"https:\/\/www.gaveanews.com\/index.php\/2020\/03\/17\/flamengo-processa-jornalista-por-chamar-diretoria-de-desumana-nao-vamos-aceitar-ofensas\/","og_site_name":"G\u00e1vea News","article_publisher":"https:\/\/facebook.com\/gaveaNews\/","article_published_time":"2020-03-18T01:35:59+00:00","article_modified_time":"2020-03-18T01:36:02+00:00","og_image":[{"width":1296,"height":729,"url":"https:\/\/www.gaveanews.com\/wp-content\/uploads\/Logomarca-da-emissora-ESPN.webp","type":"image\/png"}],"author":"Equipe G\u00e1vea News","twitter_card":"summary_large_image","twitter_misc":{"Escrito por":"Equipe G\u00e1vea News","Est. tempo de leitura":"2 minutos"},"schema":{"@context":"https:\/\/schema.org","@graph":[{"@type":"NewsArticle","@id":"https:\/\/www.gaveanews.com\/index.php\/2020\/03\/17\/flamengo-processa-jornalista-por-chamar-diretoria-de-desumana-nao-vamos-aceitar-ofensas\/#article","isPartOf":{"@id":"https:\/\/www.gaveanews.com\/index.php\/2020\/03\/17\/flamengo-processa-jornalista-por-chamar-diretoria-de-desumana-nao-vamos-aceitar-ofensas\/"},"author":{"name":"Equipe G\u00e1vea News","@id":"https:\/\/www.gaveanews.com\/#\/schema\/person\/2ec14f73fb96be2caf28f91afb14749d"},"headline":"Flamengo processa jornalista por chamar diretoria de \u2018desumana\u2019: \u201cN\u00e3o vamos aceitar ofensas\u201d","datePublished":"2020-03-18T01:35:59+00:00","dateModified":"2020-03-18T01:36:02+00:00","mainEntityOfPage":{"@id":"https:\/\/www.gaveanews.com\/index.php\/2020\/03\/17\/flamengo-processa-jornalista-por-chamar-diretoria-de-desumana-nao-vamos-aceitar-ofensas\/"},"wordCount":334,"commentCount":61,"image":{"@id":"https:\/\/www.gaveanews.com\/index.php\/2020\/03\/17\/flamengo-processa-jornalista-por-chamar-diretoria-de-desumana-nao-vamos-aceitar-ofensas\/#primaryimage"},"thumbnailUrl":"https:\/\/www.gaveanews.com\/wp-content\/uploads\/Logomarca-da-emissora-ESPN.webp","articleSection":["Flamengo"],"inLanguage":"pt-BR","potentialAction":[{"@type":"CommentAction","name":"Comment","target":["https:\/\/www.gaveanews.com\/index.php\/2020\/03\/17\/flamengo-processa-jornalista-por-chamar-diretoria-de-desumana-nao-vamos-aceitar-ofensas\/#respond"]}],"copyrightYear":"2020","copyrightHolder":{"@id":"https:\/\/www.gaveanews.com\/#organization"}},{"@type":"WebPage","@id":"https:\/\/www.gaveanews.com\/index.php\/2020\/03\/17\/flamengo-processa-jornalista-por-chamar-diretoria-de-desumana-nao-vamos-aceitar-ofensas\/","url":"https:\/\/www.gaveanews.com\/index.php\/2020\/03\/17\/flamengo-processa-jornalista-por-chamar-diretoria-de-desumana-nao-vamos-aceitar-ofensas\/","name":"Flamengo processa jornalista por chamar diretoria de \u2018desumana\u2019: \u201cN\u00e3o vamos aceitar ofensas\u201d","isPartOf":{"@id":"https:\/\/www.gaveanews.com\/#website"},"primaryImageOfPage":{"@id":"https:\/\/www.gaveanews.com\/index.php\/2020\/03\/17\/flamengo-processa-jornalista-por-chamar-diretoria-de-desumana-nao-vamos-aceitar-ofensas\/#primaryimage"},"image":{"@id":"https:\/\/www.gaveanews.com\/index.php\/2020\/03\/17\/flamengo-processa-jornalista-por-chamar-diretoria-de-desumana-nao-vamos-aceitar-ofensas\/#primaryimage"},"thumbnailUrl":"https:\/\/www.gaveanews.com\/wp-content\/uploads\/Logomarca-da-emissora-ESPN.webp","datePublished":"2020-03-18T01:35:59+00:00","dateModified":"2020-03-18T01:36:02+00:00","author":{"@id":"https:\/\/www.gaveanews.com\/#\/schema\/person\/2ec14f73fb96be2caf28f91afb14749d"},"breadcrumb":{"@id":"https:\/\/www.gaveanews.com\/index.php\/2020\/03\/17\/flamengo-processa-jornalista-por-chamar-diretoria-de-desumana-nao-vamos-aceitar-ofensas\/#breadcrumb"},"inLanguage":"pt-BR","potentialAction":[{"@type":"ReadAction","target":["https:\/\/www.gaveanews.com\/index.php\/2020\/03\/17\/flamengo-processa-jornalista-por-chamar-diretoria-de-desumana-nao-vamos-aceitar-ofensas\/"]}]},{"@type":"ImageObject","inLanguage":"pt-BR","@id":"https:\/\/www.gaveanews.com\/index.php\/2020\/03\/17\/flamengo-processa-jornalista-por-chamar-diretoria-de-desumana-nao-vamos-aceitar-ofensas\/#primaryimage","url":"https:\/\/www.gaveanews.com\/wp-content\/uploads\/Logomarca-da-emissora-ESPN.webp","contentUrl":"https:\/\/www.gaveanews.com\/wp-content\/uploads\/Logomarca-da-emissora-ESPN.webp","width":1296,"height":729,"caption":"Logomarca da emissora ESPN (Foto: Reprodu\u00e7\u00e3o)"},{"@type":"BreadcrumbList","@id":"https:\/\/www.gaveanews.com\/index.php\/2020\/03\/17\/flamengo-processa-jornalista-por-chamar-diretoria-de-desumana-nao-vamos-aceitar-ofensas\/#breadcrumb","itemListElement":[{"@type":"ListItem","position":1,"name":"Home","item":"https:\/\/www.gaveanews.com\/"},{"@type":"ListItem","position":2,"name":"Flamengo processa jornalista por chamar diretoria de \u2018desumana\u2019: \u201cN\u00e3o vamos aceitar ofensas\u201d"}]},{"@type":"WebSite","@id":"https:\/\/www.gaveanews.com\/#website","url":"https:\/\/www.gaveanews.com\/","name":"G\u00e1vea News","description":"Veja todas as not\u00edcias sobre o Flamengo: Contrata\u00e7\u00f5es, categorias de base, resultados das partidas, tabela de classifica\u00e7\u00e3o, pr\u00f3ximos jogos!","potentialAction":[{"@type":"SearchAction","target":{"@type":"EntryPoint","urlTemplate":"https:\/\/www.gaveanews.com\/?s={search_term_string}"},"query-input":{"@type":"PropertyValueSpecification","valueRequired":true,"valueName":"search_term_string"}}],"inLanguage":"pt-BR"},{"@type":"Person","@id":"https:\/\/www.gaveanews.com\/#\/schema\/person\/2ec14f73fb96be2caf28f91afb14749d","name":"Equipe G\u00e1vea News","image":{"@type":"ImageObject","inLanguage":"pt-BR","@id":"https:\/\/www.gaveanews.com\/#\/schema\/person\/image\/","url":"https:\/\/secure.gravatar.com\/avatar\/1e1956f1facbffd3f8fa53a326721950116b3b9dc9bd44939c01180fd4a745a9?s=96&d=mm&r=g","contentUrl":"https:\/\/secure.gravatar.com\/avatar\/1e1956f1facbffd3f8fa53a326721950116b3b9dc9bd44939c01180fd4a745a9?s=96&d=mm&r=g","caption":"Equipe G\u00e1vea News"}}]}},"_links":{"self":[{"href":"https:\/\/www.gaveanews.com\/index.php\/wp-json\/wp\/v2\/posts\/38753","targetHints":{"allow":["GET"]}}],"collection":[{"href":"https:\/\/www.gaveanews.com\/index.php\/wp-json\/wp\/v2\/posts"}],"about":[{"href":"https:\/\/www.gaveanews.com\/index.php\/wp-json\/wp\/v2\/types\/post"}],"author":[{"embeddable":true,"href":"https:\/\/www.gaveanews.com\/index.php\/wp-json\/wp\/v2\/users\/1"}],"replies":[{"embeddable":true,"href":"https:\/\/www.gaveanews.com\/index.php\/wp-json\/wp\/v2\/comments?post=38753"}],"version-history":[{"count":0,"href":"https:\/\/www.gaveanews.com\/index.php\/wp-json\/wp\/v2\/posts\/38753\/revisions"}],"wp:featuredmedia":[{"embeddable":true,"href":"https:\/\/www.gaveanews.com\/index.php\/wp-json\/wp\/v2\/media\/28017"}],"wp:attachment":[{"href":"https:\/\/www.gaveanews.com\/index.php\/wp-json\/wp\/v2\/media?parent=38753"}],"wp:term":[{"taxonomy":"category","embeddable":true,"href":"https:\/\/www.gaveanews.com\/index.php\/wp-json\/wp\/v2\/categories?post=38753"},{"taxonomy":"post_tag","embeddable":true,"href":"https:\/\/www.gaveanews.com\/index.php\/wp-json\/wp\/v2\/tags?post=38753"}],"curies":[{"name":"wp","href":"https:\/\/api.w.org\/{rel}","templated":true}]}}