{"id":38861,"date":"2020-03-20T19:18:46","date_gmt":"2020-03-20T22:18:46","guid":{"rendered":"https:\/\/www.gaveanews.com\/?p=38861"},"modified":"2024-04-07T08:50:25","modified_gmt":"2024-04-07T11:50:25","slug":"dirigente-do-sao-paulo-alexandre-passaro-admite-que-teve-medo-de-perder-daniel-alves-para-o-flamengo","status":"publish","type":"post","link":"https:\/\/www.gaveanews.com\/index.php\/2020\/03\/20\/dirigente-do-sao-paulo-alexandre-passaro-admite-que-teve-medo-de-perder-daniel-alves-para-o-flamengo\/","title":{"rendered":"Dirigente do S\u00e3o Paulo, Alexandre P\u00e1ssaro admite que teve medo de perder Daniel Alves para o Flamengo"},"content":{"rendered":"\n<p>A chegada de Daniel Alves ao S\u00e3o Paulo no segundo semestre da temporada passada surpreendeu e causou grande expectativa na torcida s\u00e3o-paulina, nos rivais e na imprensa, principalmente ap\u00f3s o lateral-direito ter sido o melhor jogador do Brasil na conquista da Copa Am\u00e9rica. Em entrevista ao Bola da Vez, da ESPN, gerente-executivo do clube do Morumbi, Alexandre P\u00e1ssaro, revelou que temeu perder a contrata\u00e7\u00e3o para o Flamengo.<\/p>\n\n\n\n<p>\u201cN\u00f3s jogamos no Rio de Janeiro no s\u00e1bado \u00e0 noite. Eu e Ra\u00ed pegamos o primeiro voo no domingo de manh\u00e3. Chegamos em Congonhas, fomos direto para Alphaville, onde era a casa de Daniel, e l\u00e1 tivemos o primeiro contato\u201d, contou P\u00e1ssaro relembrar como foi a negocia\u00e7\u00e3o para contratar o jogador.<\/p>\n\n\n\n<p>\u201cTomamos um caf\u00e9 com o Daniel e muitas outras pessoas. N\u00e3o foi um caf\u00e9 da manh\u00e3 ou conversa para fazer uma proposta. Foi para olhar nos olhos, ver se t\u00ednhamos as mesmas expectativas, para que ele conhecesse melhor a gente\u2026 Ficamos at\u00e9 15h. Naquela semana, ele acabou sendo contratado, na quinta-feira. Embora, na quarta, \u00e0 noite, a gente achou que tudo estivesse perdido\u201d, recordou o dirigente Tricolor, citando o interesse do Flamengo.<\/p>\n\n\n\n<p>\u201cPor interesse de outros clubes, principalmente o Flamengo. Na quarta, o Flamengo jogou com o Emelec, classificou nos p\u00eanaltis na Libertadores. Tiveram liga\u00e7\u00f5es para empres\u00e1rio, etc e tal. Est\u00e1vamos com a expectativa baixa\u2026 Mas a noite se confirmou e conseguimos essa grande contrata\u00e7\u00e3o para o S\u00e3o Paulo e o futebol brasileiro\u201d, completou.<\/p>\n\n\n\n<p>Apesar de ter tido um in\u00edcio abaixo do esperado em um S\u00e3o Paulo completamente inst\u00e1vel, Daniel Alves \u00e9 o destaque da equipe em 2020, com direito a cinco gols em 11 jogos disputados.<\/p>\n\n\n\n<p>Retirado de: Torcedores<\/p>\n","protected":false},"excerpt":{"rendered":"<p>A chegada de Daniel Alves ao S\u00e3o Paulo no segundo semestre da temporada passada surpreendeu e causou grande expectativa na torcida s\u00e3o-paulina, nos rivais e na imprensa, principalmente ap\u00f3s o lateral-direito ter sido o melhor jogador do Brasil na conquista da Copa Am\u00e9rica. Em entrevista ao Bola da Vez, da ESPN, gerente-executivo do clube do [&hellip;]<\/p>\n","protected":false},"author":1,"featured_media":15081,"comment_status":"open","ping_status":"closed","sticky":false,"template":"","format":"standard","meta":{"footnotes":""},"categories":[1],"tags":[188],"class_list":["post-38861","post","type-post","status-publish","format-standard","has-post-thumbnail","hentry","category-flamengo","tag-daniel-alves-da-silva"],"yoast_head":"<!-- This site is optimized with the Yoast SEO Premium plugin v24.2 (Yoast SEO v26.9) - https:\/\/yoast.com\/product\/yoast-seo-premium-wordpress\/ -->\n<title>Dirigente do S\u00e3o Paulo, Alexandre P\u00e1ssaro admite que teve medo de perder Daniel Alves para o Flamengo<\/title>\n<meta name=\"robots\" content=\"index, follow, max-snippet:-1, max-image-preview:large, max-video-preview:-1\" \/>\n<link rel=\"canonical\" href=\"https:\/\/www.gaveanews.com\/index.php\/2020\/03\/20\/dirigente-do-sao-paulo-alexandre-passaro-admite-que-teve-medo-de-perder-daniel-alves-para-o-flamengo\/\" \/>\n<meta property=\"og:locale\" content=\"pt_BR\" \/>\n<meta property=\"og:type\" content=\"article\" \/>\n<meta property=\"og:title\" content=\"Dirigente do S\u00e3o Paulo, Alexandre P\u00e1ssaro admite que teve medo de perder Daniel Alves para o Flamengo\" \/>\n<meta property=\"og:description\" content=\"A chegada de Daniel Alves ao S\u00e3o Paulo no segundo semestre da temporada passada surpreendeu e causou grande expectativa na torcida s\u00e3o-paulina, nos rivais e na imprensa, principalmente ap\u00f3s o lateral-direito ter sido o melhor jogador do Brasil na conquista da Copa Am\u00e9rica. Em entrevista ao Bola da Vez, da ESPN, gerente-executivo do clube do [&hellip;]\" \/>\n<meta property=\"og:url\" content=\"https:\/\/www.gaveanews.com\/index.php\/2020\/03\/20\/dirigente-do-sao-paulo-alexandre-passaro-admite-que-teve-medo-de-perder-daniel-alves-para-o-flamengo\/\" \/>\n<meta property=\"og:site_name\" content=\"G\u00e1vea News\" \/>\n<meta property=\"article:publisher\" content=\"https:\/\/facebook.com\/gaveaNews\/\" \/>\n<meta property=\"article:published_time\" content=\"2020-03-20T22:18:46+00:00\" \/>\n<meta property=\"article:modified_time\" content=\"2024-04-07T11:50:25+00:00\" \/>\n<meta property=\"og:image\" content=\"https:\/\/www.gaveanews.com\/wp-content\/uploads\/2019\/03\/Escudo-do-Flamengo-e-exposto-proximo-a-um-dos-gols-no-gramado-do-Maracana.webp\" \/>\n\t<meta property=\"og:image:width\" content=\"1\" \/>\n\t<meta property=\"og:image:height\" content=\"1\" \/>\n\t<meta property=\"og:image:type\" content=\"image\/jpeg\" \/>\n<meta name=\"author\" content=\"Equipe G\u00e1vea News\" \/>\n<meta name=\"twitter:card\" content=\"summary_large_image\" \/>\n<meta name=\"twitter:label1\" content=\"Escrito por\" \/>\n\t<meta name=\"twitter:data1\" content=\"Equipe G\u00e1vea News\" \/>\n\t<meta name=\"twitter:label2\" content=\"Est. tempo de leitura\" \/>\n\t<meta name=\"twitter:data2\" content=\"1 minuto\" \/>\n<script type=\"application\/ld+json\" class=\"yoast-schema-graph\">{\"@context\":\"https:\/\/schema.org\",\"@graph\":[{\"@type\":\"NewsArticle\",\"@id\":\"https:\/\/www.gaveanews.com\/index.php\/2020\/03\/20\/dirigente-do-sao-paulo-alexandre-passaro-admite-que-teve-medo-de-perder-daniel-alves-para-o-flamengo\/#article\",\"isPartOf\":{\"@id\":\"https:\/\/www.gaveanews.com\/index.php\/2020\/03\/20\/dirigente-do-sao-paulo-alexandre-passaro-admite-que-teve-medo-de-perder-daniel-alves-para-o-flamengo\/\"},\"author\":{\"name\":\"Equipe G\u00e1vea News\",\"@id\":\"https:\/\/www.gaveanews.com\/#\/schema\/person\/2ec14f73fb96be2caf28f91afb14749d\"},\"headline\":\"Dirigente do S\u00e3o Paulo, Alexandre P\u00e1ssaro admite que teve medo de perder Daniel Alves para o Flamengo\",\"datePublished\":\"2020-03-20T22:18:46+00:00\",\"dateModified\":\"2024-04-07T11:50:25+00:00\",\"mainEntityOfPage\":{\"@id\":\"https:\/\/www.gaveanews.com\/index.php\/2020\/03\/20\/dirigente-do-sao-paulo-alexandre-passaro-admite-que-teve-medo-de-perder-daniel-alves-para-o-flamengo\/\"},\"wordCount\":313,\"commentCount\":26,\"image\":{\"@id\":\"https:\/\/www.gaveanews.com\/index.php\/2020\/03\/20\/dirigente-do-sao-paulo-alexandre-passaro-admite-que-teve-medo-de-perder-daniel-alves-para-o-flamengo\/#primaryimage\"},\"thumbnailUrl\":\"https:\/\/www.gaveanews.com\/wp-content\/uploads\/2019\/03\/Escudo-do-Flamengo-e-exposto-proximo-a-um-dos-gols-no-gramado-do-Maracana.webp\",\"keywords\":[\"Daniel Alves da Silva\"],\"articleSection\":[\"Flamengo\"],\"inLanguage\":\"pt-BR\",\"potentialAction\":[{\"@type\":\"CommentAction\",\"name\":\"Comment\",\"target\":[\"https:\/\/www.gaveanews.com\/index.php\/2020\/03\/20\/dirigente-do-sao-paulo-alexandre-passaro-admite-que-teve-medo-de-perder-daniel-alves-para-o-flamengo\/#respond\"]}],\"copyrightYear\":\"2020\",\"copyrightHolder\":{\"@id\":\"https:\/\/www.gaveanews.com\/#organization\"}},{\"@type\":\"WebPage\",\"@id\":\"https:\/\/www.gaveanews.com\/index.php\/2020\/03\/20\/dirigente-do-sao-paulo-alexandre-passaro-admite-que-teve-medo-de-perder-daniel-alves-para-o-flamengo\/\",\"url\":\"https:\/\/www.gaveanews.com\/index.php\/2020\/03\/20\/dirigente-do-sao-paulo-alexandre-passaro-admite-que-teve-medo-de-perder-daniel-alves-para-o-flamengo\/\",\"name\":\"Dirigente do S\u00e3o Paulo, Alexandre P\u00e1ssaro admite que teve medo de perder Daniel Alves para o Flamengo\",\"isPartOf\":{\"@id\":\"https:\/\/www.gaveanews.com\/#website\"},\"primaryImageOfPage\":{\"@id\":\"https:\/\/www.gaveanews.com\/index.php\/2020\/03\/20\/dirigente-do-sao-paulo-alexandre-passaro-admite-que-teve-medo-de-perder-daniel-alves-para-o-flamengo\/#primaryimage\"},\"image\":{\"@id\":\"https:\/\/www.gaveanews.com\/index.php\/2020\/03\/20\/dirigente-do-sao-paulo-alexandre-passaro-admite-que-teve-medo-de-perder-daniel-alves-para-o-flamengo\/#primaryimage\"},\"thumbnailUrl\":\"https:\/\/www.gaveanews.com\/wp-content\/uploads\/2019\/03\/Escudo-do-Flamengo-e-exposto-proximo-a-um-dos-gols-no-gramado-do-Maracana.webp\",\"datePublished\":\"2020-03-20T22:18:46+00:00\",\"dateModified\":\"2024-04-07T11:50:25+00:00\",\"author\":{\"@id\":\"https:\/\/www.gaveanews.com\/#\/schema\/person\/2ec14f73fb96be2caf28f91afb14749d\"},\"breadcrumb\":{\"@id\":\"https:\/\/www.gaveanews.com\/index.php\/2020\/03\/20\/dirigente-do-sao-paulo-alexandre-passaro-admite-que-teve-medo-de-perder-daniel-alves-para-o-flamengo\/#breadcrumb\"},\"inLanguage\":\"pt-BR\",\"potentialAction\":[{\"@type\":\"ReadAction\",\"target\":[\"https:\/\/www.gaveanews.com\/index.php\/2020\/03\/20\/dirigente-do-sao-paulo-alexandre-passaro-admite-que-teve-medo-de-perder-daniel-alves-para-o-flamengo\/\"]}]},{\"@type\":\"ImageObject\",\"inLanguage\":\"pt-BR\",\"@id\":\"https:\/\/www.gaveanews.com\/index.php\/2020\/03\/20\/dirigente-do-sao-paulo-alexandre-passaro-admite-que-teve-medo-de-perder-daniel-alves-para-o-flamengo\/#primaryimage\",\"url\":\"https:\/\/www.gaveanews.com\/wp-content\/uploads\/2019\/03\/Escudo-do-Flamengo-e-exposto-proximo-a-um-dos-gols-no-gramado-do-Maracana.webp\",\"contentUrl\":\"https:\/\/www.gaveanews.com\/wp-content\/uploads\/2019\/03\/Escudo-do-Flamengo-e-exposto-proximo-a-um-dos-gols-no-gramado-do-Maracana.webp\",\"caption\":\"Escudo do Flamengo \u00e9 exposto pr\u00f3ximo a um dos gols, no gramado do Maracan\u00e3 (Foto: Daniel Castelo Branco)\"},{\"@type\":\"BreadcrumbList\",\"@id\":\"https:\/\/www.gaveanews.com\/index.php\/2020\/03\/20\/dirigente-do-sao-paulo-alexandre-passaro-admite-que-teve-medo-de-perder-daniel-alves-para-o-flamengo\/#breadcrumb\",\"itemListElement\":[{\"@type\":\"ListItem\",\"position\":1,\"name\":\"Home\",\"item\":\"https:\/\/www.gaveanews.com\/\"},{\"@type\":\"ListItem\",\"position\":2,\"name\":\"Dirigente do S\u00e3o Paulo, Alexandre P\u00e1ssaro admite que teve medo de perder Daniel Alves para o Flamengo\"}]},{\"@type\":\"WebSite\",\"@id\":\"https:\/\/www.gaveanews.com\/#website\",\"url\":\"https:\/\/www.gaveanews.com\/\",\"name\":\"G\u00e1vea News\",\"description\":\"Veja todas as not\u00edcias sobre o Flamengo: Contrata\u00e7\u00f5es, categorias de base, resultados das partidas, tabela de classifica\u00e7\u00e3o, pr\u00f3ximos jogos!\",\"potentialAction\":[{\"@type\":\"SearchAction\",\"target\":{\"@type\":\"EntryPoint\",\"urlTemplate\":\"https:\/\/www.gaveanews.com\/?s={search_term_string}\"},\"query-input\":{\"@type\":\"PropertyValueSpecification\",\"valueRequired\":true,\"valueName\":\"search_term_string\"}}],\"inLanguage\":\"pt-BR\"},{\"@type\":\"Person\",\"@id\":\"https:\/\/www.gaveanews.com\/#\/schema\/person\/2ec14f73fb96be2caf28f91afb14749d\",\"name\":\"Equipe G\u00e1vea News\",\"image\":{\"@type\":\"ImageObject\",\"inLanguage\":\"pt-BR\",\"@id\":\"https:\/\/www.gaveanews.com\/#\/schema\/person\/image\/\",\"url\":\"https:\/\/secure.gravatar.com\/avatar\/1e1956f1facbffd3f8fa53a326721950116b3b9dc9bd44939c01180fd4a745a9?s=96&d=mm&r=g\",\"contentUrl\":\"https:\/\/secure.gravatar.com\/avatar\/1e1956f1facbffd3f8fa53a326721950116b3b9dc9bd44939c01180fd4a745a9?s=96&d=mm&r=g\",\"caption\":\"Equipe G\u00e1vea News\"}}]}<\/script>\n<!-- \/ Yoast SEO Premium plugin. -->","yoast_head_json":{"title":"Dirigente do S\u00e3o Paulo, Alexandre P\u00e1ssaro admite que teve medo de perder Daniel Alves para o Flamengo","robots":{"index":"index","follow":"follow","max-snippet":"max-snippet:-1","max-image-preview":"max-image-preview:large","max-video-preview":"max-video-preview:-1"},"canonical":"https:\/\/www.gaveanews.com\/index.php\/2020\/03\/20\/dirigente-do-sao-paulo-alexandre-passaro-admite-que-teve-medo-de-perder-daniel-alves-para-o-flamengo\/","og_locale":"pt_BR","og_type":"article","og_title":"Dirigente do S\u00e3o Paulo, Alexandre P\u00e1ssaro admite que teve medo de perder Daniel Alves para o Flamengo","og_description":"A chegada de Daniel Alves ao S\u00e3o Paulo no segundo semestre da temporada passada surpreendeu e causou grande expectativa na torcida s\u00e3o-paulina, nos rivais e na imprensa, principalmente ap\u00f3s o lateral-direito ter sido o melhor jogador do Brasil na conquista da Copa Am\u00e9rica. Em entrevista ao Bola da Vez, da ESPN, gerente-executivo do clube do [&hellip;]","og_url":"https:\/\/www.gaveanews.com\/index.php\/2020\/03\/20\/dirigente-do-sao-paulo-alexandre-passaro-admite-que-teve-medo-de-perder-daniel-alves-para-o-flamengo\/","og_site_name":"G\u00e1vea News","article_publisher":"https:\/\/facebook.com\/gaveaNews\/","article_published_time":"2020-03-20T22:18:46+00:00","article_modified_time":"2024-04-07T11:50:25+00:00","og_image":[{"url":"https:\/\/www.gaveanews.com\/wp-content\/uploads\/2019\/03\/Escudo-do-Flamengo-e-exposto-proximo-a-um-dos-gols-no-gramado-do-Maracana.webp","width":1,"height":1,"type":"image\/jpeg"}],"author":"Equipe G\u00e1vea News","twitter_card":"summary_large_image","twitter_misc":{"Escrito por":"Equipe G\u00e1vea News","Est. tempo de leitura":"1 minuto"},"schema":{"@context":"https:\/\/schema.org","@graph":[{"@type":"NewsArticle","@id":"https:\/\/www.gaveanews.com\/index.php\/2020\/03\/20\/dirigente-do-sao-paulo-alexandre-passaro-admite-que-teve-medo-de-perder-daniel-alves-para-o-flamengo\/#article","isPartOf":{"@id":"https:\/\/www.gaveanews.com\/index.php\/2020\/03\/20\/dirigente-do-sao-paulo-alexandre-passaro-admite-que-teve-medo-de-perder-daniel-alves-para-o-flamengo\/"},"author":{"name":"Equipe G\u00e1vea News","@id":"https:\/\/www.gaveanews.com\/#\/schema\/person\/2ec14f73fb96be2caf28f91afb14749d"},"headline":"Dirigente do S\u00e3o Paulo, Alexandre P\u00e1ssaro admite que teve medo de perder Daniel Alves para o Flamengo","datePublished":"2020-03-20T22:18:46+00:00","dateModified":"2024-04-07T11:50:25+00:00","mainEntityOfPage":{"@id":"https:\/\/www.gaveanews.com\/index.php\/2020\/03\/20\/dirigente-do-sao-paulo-alexandre-passaro-admite-que-teve-medo-de-perder-daniel-alves-para-o-flamengo\/"},"wordCount":313,"commentCount":26,"image":{"@id":"https:\/\/www.gaveanews.com\/index.php\/2020\/03\/20\/dirigente-do-sao-paulo-alexandre-passaro-admite-que-teve-medo-de-perder-daniel-alves-para-o-flamengo\/#primaryimage"},"thumbnailUrl":"https:\/\/www.gaveanews.com\/wp-content\/uploads\/2019\/03\/Escudo-do-Flamengo-e-exposto-proximo-a-um-dos-gols-no-gramado-do-Maracana.webp","keywords":["Daniel Alves da Silva"],"articleSection":["Flamengo"],"inLanguage":"pt-BR","potentialAction":[{"@type":"CommentAction","name":"Comment","target":["https:\/\/www.gaveanews.com\/index.php\/2020\/03\/20\/dirigente-do-sao-paulo-alexandre-passaro-admite-que-teve-medo-de-perder-daniel-alves-para-o-flamengo\/#respond"]}],"copyrightYear":"2020","copyrightHolder":{"@id":"https:\/\/www.gaveanews.com\/#organization"}},{"@type":"WebPage","@id":"https:\/\/www.gaveanews.com\/index.php\/2020\/03\/20\/dirigente-do-sao-paulo-alexandre-passaro-admite-que-teve-medo-de-perder-daniel-alves-para-o-flamengo\/","url":"https:\/\/www.gaveanews.com\/index.php\/2020\/03\/20\/dirigente-do-sao-paulo-alexandre-passaro-admite-que-teve-medo-de-perder-daniel-alves-para-o-flamengo\/","name":"Dirigente do S\u00e3o Paulo, Alexandre P\u00e1ssaro admite que teve medo de perder Daniel Alves para o Flamengo","isPartOf":{"@id":"https:\/\/www.gaveanews.com\/#website"},"primaryImageOfPage":{"@id":"https:\/\/www.gaveanews.com\/index.php\/2020\/03\/20\/dirigente-do-sao-paulo-alexandre-passaro-admite-que-teve-medo-de-perder-daniel-alves-para-o-flamengo\/#primaryimage"},"image":{"@id":"https:\/\/www.gaveanews.com\/index.php\/2020\/03\/20\/dirigente-do-sao-paulo-alexandre-passaro-admite-que-teve-medo-de-perder-daniel-alves-para-o-flamengo\/#primaryimage"},"thumbnailUrl":"https:\/\/www.gaveanews.com\/wp-content\/uploads\/2019\/03\/Escudo-do-Flamengo-e-exposto-proximo-a-um-dos-gols-no-gramado-do-Maracana.webp","datePublished":"2020-03-20T22:18:46+00:00","dateModified":"2024-04-07T11:50:25+00:00","author":{"@id":"https:\/\/www.gaveanews.com\/#\/schema\/person\/2ec14f73fb96be2caf28f91afb14749d"},"breadcrumb":{"@id":"https:\/\/www.gaveanews.com\/index.php\/2020\/03\/20\/dirigente-do-sao-paulo-alexandre-passaro-admite-que-teve-medo-de-perder-daniel-alves-para-o-flamengo\/#breadcrumb"},"inLanguage":"pt-BR","potentialAction":[{"@type":"ReadAction","target":["https:\/\/www.gaveanews.com\/index.php\/2020\/03\/20\/dirigente-do-sao-paulo-alexandre-passaro-admite-que-teve-medo-de-perder-daniel-alves-para-o-flamengo\/"]}]},{"@type":"ImageObject","inLanguage":"pt-BR","@id":"https:\/\/www.gaveanews.com\/index.php\/2020\/03\/20\/dirigente-do-sao-paulo-alexandre-passaro-admite-que-teve-medo-de-perder-daniel-alves-para-o-flamengo\/#primaryimage","url":"https:\/\/www.gaveanews.com\/wp-content\/uploads\/2019\/03\/Escudo-do-Flamengo-e-exposto-proximo-a-um-dos-gols-no-gramado-do-Maracana.webp","contentUrl":"https:\/\/www.gaveanews.com\/wp-content\/uploads\/2019\/03\/Escudo-do-Flamengo-e-exposto-proximo-a-um-dos-gols-no-gramado-do-Maracana.webp","caption":"Escudo do Flamengo \u00e9 exposto pr\u00f3ximo a um dos gols, no gramado do Maracan\u00e3 (Foto: Daniel Castelo Branco)"},{"@type":"BreadcrumbList","@id":"https:\/\/www.gaveanews.com\/index.php\/2020\/03\/20\/dirigente-do-sao-paulo-alexandre-passaro-admite-que-teve-medo-de-perder-daniel-alves-para-o-flamengo\/#breadcrumb","itemListElement":[{"@type":"ListItem","position":1,"name":"Home","item":"https:\/\/www.gaveanews.com\/"},{"@type":"ListItem","position":2,"name":"Dirigente do S\u00e3o Paulo, Alexandre P\u00e1ssaro admite que teve medo de perder Daniel Alves para o Flamengo"}]},{"@type":"WebSite","@id":"https:\/\/www.gaveanews.com\/#website","url":"https:\/\/www.gaveanews.com\/","name":"G\u00e1vea News","description":"Veja todas as not\u00edcias sobre o Flamengo: Contrata\u00e7\u00f5es, categorias de base, resultados das partidas, tabela de classifica\u00e7\u00e3o, pr\u00f3ximos jogos!","potentialAction":[{"@type":"SearchAction","target":{"@type":"EntryPoint","urlTemplate":"https:\/\/www.gaveanews.com\/?s={search_term_string}"},"query-input":{"@type":"PropertyValueSpecification","valueRequired":true,"valueName":"search_term_string"}}],"inLanguage":"pt-BR"},{"@type":"Person","@id":"https:\/\/www.gaveanews.com\/#\/schema\/person\/2ec14f73fb96be2caf28f91afb14749d","name":"Equipe G\u00e1vea News","image":{"@type":"ImageObject","inLanguage":"pt-BR","@id":"https:\/\/www.gaveanews.com\/#\/schema\/person\/image\/","url":"https:\/\/secure.gravatar.com\/avatar\/1e1956f1facbffd3f8fa53a326721950116b3b9dc9bd44939c01180fd4a745a9?s=96&d=mm&r=g","contentUrl":"https:\/\/secure.gravatar.com\/avatar\/1e1956f1facbffd3f8fa53a326721950116b3b9dc9bd44939c01180fd4a745a9?s=96&d=mm&r=g","caption":"Equipe G\u00e1vea News"}}]}},"_links":{"self":[{"href":"https:\/\/www.gaveanews.com\/index.php\/wp-json\/wp\/v2\/posts\/38861","targetHints":{"allow":["GET"]}}],"collection":[{"href":"https:\/\/www.gaveanews.com\/index.php\/wp-json\/wp\/v2\/posts"}],"about":[{"href":"https:\/\/www.gaveanews.com\/index.php\/wp-json\/wp\/v2\/types\/post"}],"author":[{"embeddable":true,"href":"https:\/\/www.gaveanews.com\/index.php\/wp-json\/wp\/v2\/users\/1"}],"replies":[{"embeddable":true,"href":"https:\/\/www.gaveanews.com\/index.php\/wp-json\/wp\/v2\/comments?post=38861"}],"version-history":[{"count":1,"href":"https:\/\/www.gaveanews.com\/index.php\/wp-json\/wp\/v2\/posts\/38861\/revisions"}],"predecessor-version":[{"id":136321,"href":"https:\/\/www.gaveanews.com\/index.php\/wp-json\/wp\/v2\/posts\/38861\/revisions\/136321"}],"wp:featuredmedia":[{"embeddable":true,"href":"https:\/\/www.gaveanews.com\/index.php\/wp-json\/wp\/v2\/media\/15081"}],"wp:attachment":[{"href":"https:\/\/www.gaveanews.com\/index.php\/wp-json\/wp\/v2\/media?parent=38861"}],"wp:term":[{"taxonomy":"category","embeddable":true,"href":"https:\/\/www.gaveanews.com\/index.php\/wp-json\/wp\/v2\/categories?post=38861"},{"taxonomy":"post_tag","embeddable":true,"href":"https:\/\/www.gaveanews.com\/index.php\/wp-json\/wp\/v2\/tags?post=38861"}],"curies":[{"name":"wp","href":"https:\/\/api.w.org\/{rel}","templated":true}]}}