{"id":38914,"date":"2020-03-23T12:41:09","date_gmt":"2020-03-23T15:41:09","guid":{"rendered":"https:\/\/www.gaveanews.com\/?p=38914"},"modified":"2020-03-23T12:41:14","modified_gmt":"2020-03-23T15:41:14","slug":"apos-ser-curado-de-coronavirus-dirigente-do-flamengo-mauricio-gomes-de-mattos-revela-detalhes-sobre-o-caso-e-manda-recado-para-a-nacao-rubro-negra","status":"publish","type":"post","link":"https:\/\/www.gaveanews.com\/index.php\/2020\/03\/23\/apos-ser-curado-de-coronavirus-dirigente-do-flamengo-mauricio-gomes-de-mattos-revela-detalhes-sobre-o-caso-e-manda-recado-para-a-nacao-rubro-negra\/","title":{"rendered":"Ap\u00f3s ser curado de coronav\u00edrus, dirigente do Flamengo, Maur\u00edcio Gomes de Mattos revela detalhes sobre o caso e manda recado para a Na\u00e7\u00e3o Rubro-Negra"},"content":{"rendered":"\n<p>Ap\u00f3s ficar internado por uma semana depois de testar posit\u00edvo para o coronav\u00edrus, Maur\u00edcio Gomes de Mattos,\u00a0vice-presidente de Embaixadas e Consulados do Flamengo, teve alta do Hospital\u00a0Santa Luzia, em Bras\u00edlia, na \u00faltima sexta-feira. Em entrevista para o portal &#8220;Coluna do Fla&#8221;, o dirigente revelou a afli\u00e7\u00e3o em contaminar outras pessoas, al\u00e9m dos sintomas que a doen\u00e7a lhe causou.<\/p>\n\n\n\n<p>&#8220;Quando soube que estava infectado, o meu principal receio foi contagiar outras pessoas. Fiquei com medo de ter passado isso para algu\u00e9m do Flamengo, mas n\u00e3o s\u00f3 do clube, para qualquer outro ser humano. Fiquei constrangido por poder ser o transmissor de algo assim. Isso deixa com um peso. A gente precisa ter responsabilidade, \u00e9 um exerc\u00edcio de amor, para preservar mais gente.&#8221;, disse.<\/p>\n\n\n\n<p>A confirma\u00e7\u00e3o da diagn\u00f3stico causou preocupa\u00e7\u00e3o na clube. Em fevereiro, o VP viajou pela Europa com\u00a0o presidente Rodolfo Landim e Gustavo Oliveira, vice de comunica\u00e7\u00e3o, al\u00e9m de ter acompanhado o time na partida contra o Junior Barranquilla, na Col\u00f4mbia.\u00a0<\/p>\n\n\n\n<figure class=\"wp-block-image size-large\"><img decoding=\"async\" src=\"https:\/\/odia.ig.com.br\/_midias\/jpg\/2020\/03\/13\/700x470\/1_mauricio-16199177.webp\" alt=\"\"\/><figcaption>Mauricio Mattos (Foto: Divulga\u00e7\u00e3o)<\/figcaption><\/figure>\n\n\n\n<p>&#8220;Eu cheguei de Madri e logo na chegada, j\u00e1 estava sentindo um resfriado normal, gripe, um pouco doente. Fui a um hospital. Tamb\u00e9m comecei a ter tosse, mas a respira\u00e7\u00e3o estava bem, muito bem. Mas o hospital solicitou um exame de coronav\u00edrus. \u00c0 noite, comecei a me sentir mal e meu quadro piorou.&#8221;<\/p>\n\n\n\n<p>Mattos revelou que n\u00e3o teve conato com pessoas que apresentaram sintomas da doen\u00e7a e fez um alerta para o perigo da contamina\u00e7\u00e3o.<\/p>\n\n\n\n<p>&#8220;Antes de ter sido diagnosticado com a doen\u00e7a, n\u00e3o tive contato com pessoas que apresentaram sintomas. \u00c9 uma doen\u00e7a que voc\u00ea pode pegar at\u00e9 no trem. Nos lugares que eu fui, n\u00e3o vi nada demais. Pessoas muito bem. Visitei Real Madrid e Barcelona, tive v\u00e1rios contatos. Mas a forma de cont\u00e1gio n\u00e3o faz muita diferen\u00e7a, o importante \u00e9 saber se prevenir.&#8221;<\/p>\n\n\n\n<p>&#8220;\u00c9 uma doen\u00e7a perigosa. No meu caso, por exemplo, em 48 horas mudou tudo. Se eu n\u00e3o tivesse acompanhamento m\u00e9dico, j\u00e1 tendo 58 anos, eu teria uma situa\u00e7\u00e3o complicada. Respeitar a quarentena, ficar em casa. Nada de ir para bar, restaurante, praia, porque a\u00ed \u00e9 que est\u00e1 o problema. Um se contamina e vai passando para os outros. Precisamos pensar no pr\u00f3ximo e compreender a seriedade dessa pandemia.&#8221;<\/p>\n\n\n\n<h3 class=\"wp-block-heading\"><strong>Veja outras respostas:<\/strong><\/h3>\n\n\n\n<h2 class=\"wp-block-heading\"><strong>Durante a interna\u00e7\u00e3o, voc\u00ea recebeu mais informa\u00e7\u00f5es sobre o tratamento?<\/strong><\/h2>\n\n\n\n<p>O tratamento seria em casa, n\u00e3o no hospital. Eu fui para o hospital por conta da pneumonia.<\/p>\n\n\n\n<h2 class=\"wp-block-heading\"><strong>Ap\u00f3s uma semana, veio o al\u00edvio de estar saindo do hospital. Consegue definir essa sensa\u00e7\u00e3o?<\/strong><\/h2>\n\n\n\n<p>A sensa\u00e7\u00e3o de receber alta \u00e9 de liberdade, mas tamb\u00e9m de responsabilidade. Quero dizer do que eu estou passando para as embaixadas. Vou encaminhar uma circular, para entrar num processo de conscientiza\u00e7\u00e3o, via web, Whatsapp e demais redes sociais. Esse vai ser um trabalho das embaixadas e consulados, tenho feito esse pedido especial.<\/p>\n\n\n\n<h2 class=\"wp-block-heading\"><strong>Depois que sair do hospital, quais s\u00e3o as recomenda\u00e7\u00f5es que voc\u00ea ter\u00e1 que seguir?<\/strong><\/h2>\n\n\n\n<p>Eu n\u00e3o recebi nenhuma orienta\u00e7\u00e3o espec\u00edfica ap\u00f3s sair do hospital, mas devo ficar de quarentena e seguir as demais indica\u00e7\u00f5es que t\u00eam sido passadas a todos.<\/p>\n\n\n\n<h2 class=\"wp-block-heading\"><strong>E agora: qual recado voc\u00ea manda para a Na\u00e7\u00e3o, que esteve mandando apoio nos \u00faltimos dias, em meio ao momento delicado?<\/strong><\/h2>\n\n\n\n<p>Eu me emociono ao falar disso. Eu recebi v\u00e1rias mensagens em Whatsapp, ve\u00edculos, redes sociais\u2026 Foi inimagin\u00e1vel. N\u00f3s temos que valorizar as nossas vidas. O meu olhar e responsabilidade pelo bem social aumentaram. O ser humano hoje tem que olhar para o pr\u00f3ximo. Nesses momentos que vemos o quanto somos fr\u00e1geis. <\/p>\n\n\n\n<p>Retirado de: O Dia<\/p>\n","protected":false},"excerpt":{"rendered":"<p>Ap\u00f3s ficar internado por uma semana depois de testar posit\u00edvo para o coronav\u00edrus, Maur\u00edcio Gomes de Mattos,\u00a0vice-presidente de Embaixadas e Consulados do Flamengo, teve alta do Hospital\u00a0Santa Luzia, em Bras\u00edlia, na \u00faltima sexta-feira. Em entrevista para o portal &#8220;Coluna do Fla&#8221;, o dirigente revelou a afli\u00e7\u00e3o em contaminar outras pessoas, al\u00e9m dos sintomas que a [&hellip;]<\/p>\n","protected":false},"author":1,"featured_media":15081,"comment_status":"open","ping_status":"closed","sticky":false,"template":"","format":"standard","meta":{"footnotes":""},"categories":[47],"tags":[],"class_list":["post-38914","post","type-post","status-publish","format-standard","has-post-thumbnail","hentry","category-destaques"],"yoast_head":"<!-- This site is optimized with the Yoast SEO Premium plugin v24.2 (Yoast SEO v26.9) - https:\/\/yoast.com\/product\/yoast-seo-premium-wordpress\/ -->\n<title>Ap\u00f3s ser curado de coronav\u00edrus, dirigente do Flamengo, Maur\u00edcio Gomes de Mattos revela detalhes sobre o caso e manda recado para a Na\u00e7\u00e3o Rubro-Negra<\/title>\n<meta name=\"robots\" content=\"index, follow, max-snippet:-1, max-image-preview:large, max-video-preview:-1\" \/>\n<link rel=\"canonical\" href=\"https:\/\/www.gaveanews.com\/index.php\/2020\/03\/23\/apos-ser-curado-de-coronavirus-dirigente-do-flamengo-mauricio-gomes-de-mattos-revela-detalhes-sobre-o-caso-e-manda-recado-para-a-nacao-rubro-negra\/\" \/>\n<meta property=\"og:locale\" content=\"pt_BR\" \/>\n<meta property=\"og:type\" content=\"article\" \/>\n<meta property=\"og:title\" content=\"Ap\u00f3s ser curado de coronav\u00edrus, dirigente do Flamengo, Maur\u00edcio Gomes de Mattos revela detalhes sobre o caso e manda recado para a Na\u00e7\u00e3o Rubro-Negra\" \/>\n<meta property=\"og:description\" content=\"Ap\u00f3s ficar internado por uma semana depois de testar posit\u00edvo para o coronav\u00edrus, Maur\u00edcio Gomes de Mattos,\u00a0vice-presidente de Embaixadas e Consulados do Flamengo, teve alta do Hospital\u00a0Santa Luzia, em Bras\u00edlia, na \u00faltima sexta-feira. Em entrevista para o portal &#8220;Coluna do Fla&#8221;, o dirigente revelou a afli\u00e7\u00e3o em contaminar outras pessoas, al\u00e9m dos sintomas que a [&hellip;]\" \/>\n<meta property=\"og:url\" content=\"https:\/\/www.gaveanews.com\/index.php\/2020\/03\/23\/apos-ser-curado-de-coronavirus-dirigente-do-flamengo-mauricio-gomes-de-mattos-revela-detalhes-sobre-o-caso-e-manda-recado-para-a-nacao-rubro-negra\/\" \/>\n<meta property=\"og:site_name\" content=\"G\u00e1vea News\" \/>\n<meta property=\"article:publisher\" content=\"https:\/\/facebook.com\/gaveaNews\/\" \/>\n<meta property=\"article:published_time\" content=\"2020-03-23T15:41:09+00:00\" \/>\n<meta property=\"article:modified_time\" content=\"2020-03-23T15:41:14+00:00\" \/>\n<meta property=\"og:image\" content=\"https:\/\/www.gaveanews.com\/wp-content\/uploads\/2019\/03\/Escudo-do-Flamengo-e-exposto-proximo-a-um-dos-gols-no-gramado-do-Maracana.webp\" \/>\n\t<meta property=\"og:image:width\" content=\"1\" \/>\n\t<meta property=\"og:image:height\" content=\"1\" \/>\n\t<meta property=\"og:image:type\" content=\"image\/jpeg\" \/>\n<meta name=\"author\" content=\"Equipe G\u00e1vea News\" \/>\n<meta name=\"twitter:card\" content=\"summary_large_image\" \/>\n<meta name=\"twitter:label1\" content=\"Escrito por\" \/>\n\t<meta name=\"twitter:data1\" content=\"Equipe G\u00e1vea News\" \/>\n\t<meta name=\"twitter:label2\" content=\"Est. tempo de leitura\" \/>\n\t<meta name=\"twitter:data2\" content=\"3 minutos\" \/>\n<script type=\"application\/ld+json\" class=\"yoast-schema-graph\">{\"@context\":\"https:\/\/schema.org\",\"@graph\":[{\"@type\":\"NewsArticle\",\"@id\":\"https:\/\/www.gaveanews.com\/index.php\/2020\/03\/23\/apos-ser-curado-de-coronavirus-dirigente-do-flamengo-mauricio-gomes-de-mattos-revela-detalhes-sobre-o-caso-e-manda-recado-para-a-nacao-rubro-negra\/#article\",\"isPartOf\":{\"@id\":\"https:\/\/www.gaveanews.com\/index.php\/2020\/03\/23\/apos-ser-curado-de-coronavirus-dirigente-do-flamengo-mauricio-gomes-de-mattos-revela-detalhes-sobre-o-caso-e-manda-recado-para-a-nacao-rubro-negra\/\"},\"author\":{\"name\":\"Equipe G\u00e1vea News\",\"@id\":\"https:\/\/www.gaveanews.com\/#\/schema\/person\/2ec14f73fb96be2caf28f91afb14749d\"},\"headline\":\"Ap\u00f3s ser curado de coronav\u00edrus, dirigente do Flamengo, Maur\u00edcio Gomes de Mattos revela detalhes sobre o caso e manda recado para a Na\u00e7\u00e3o Rubro-Negra\",\"datePublished\":\"2020-03-23T15:41:09+00:00\",\"dateModified\":\"2020-03-23T15:41:14+00:00\",\"mainEntityOfPage\":{\"@id\":\"https:\/\/www.gaveanews.com\/index.php\/2020\/03\/23\/apos-ser-curado-de-coronavirus-dirigente-do-flamengo-mauricio-gomes-de-mattos-revela-detalhes-sobre-o-caso-e-manda-recado-para-a-nacao-rubro-negra\/\"},\"wordCount\":666,\"commentCount\":29,\"image\":{\"@id\":\"https:\/\/www.gaveanews.com\/index.php\/2020\/03\/23\/apos-ser-curado-de-coronavirus-dirigente-do-flamengo-mauricio-gomes-de-mattos-revela-detalhes-sobre-o-caso-e-manda-recado-para-a-nacao-rubro-negra\/#primaryimage\"},\"thumbnailUrl\":\"https:\/\/www.gaveanews.com\/wp-content\/uploads\/2019\/03\/Escudo-do-Flamengo-e-exposto-proximo-a-um-dos-gols-no-gramado-do-Maracana.webp\",\"articleSection\":[\"Destaques\"],\"inLanguage\":\"pt-BR\",\"potentialAction\":[{\"@type\":\"CommentAction\",\"name\":\"Comment\",\"target\":[\"https:\/\/www.gaveanews.com\/index.php\/2020\/03\/23\/apos-ser-curado-de-coronavirus-dirigente-do-flamengo-mauricio-gomes-de-mattos-revela-detalhes-sobre-o-caso-e-manda-recado-para-a-nacao-rubro-negra\/#respond\"]}],\"copyrightYear\":\"2020\",\"copyrightHolder\":{\"@id\":\"https:\/\/www.gaveanews.com\/#organization\"}},{\"@type\":\"WebPage\",\"@id\":\"https:\/\/www.gaveanews.com\/index.php\/2020\/03\/23\/apos-ser-curado-de-coronavirus-dirigente-do-flamengo-mauricio-gomes-de-mattos-revela-detalhes-sobre-o-caso-e-manda-recado-para-a-nacao-rubro-negra\/\",\"url\":\"https:\/\/www.gaveanews.com\/index.php\/2020\/03\/23\/apos-ser-curado-de-coronavirus-dirigente-do-flamengo-mauricio-gomes-de-mattos-revela-detalhes-sobre-o-caso-e-manda-recado-para-a-nacao-rubro-negra\/\",\"name\":\"Ap\u00f3s ser curado de coronav\u00edrus, dirigente do Flamengo, Maur\u00edcio Gomes de Mattos revela detalhes sobre o caso e manda recado para a Na\u00e7\u00e3o Rubro-Negra\",\"isPartOf\":{\"@id\":\"https:\/\/www.gaveanews.com\/#website\"},\"primaryImageOfPage\":{\"@id\":\"https:\/\/www.gaveanews.com\/index.php\/2020\/03\/23\/apos-ser-curado-de-coronavirus-dirigente-do-flamengo-mauricio-gomes-de-mattos-revela-detalhes-sobre-o-caso-e-manda-recado-para-a-nacao-rubro-negra\/#primaryimage\"},\"image\":{\"@id\":\"https:\/\/www.gaveanews.com\/index.php\/2020\/03\/23\/apos-ser-curado-de-coronavirus-dirigente-do-flamengo-mauricio-gomes-de-mattos-revela-detalhes-sobre-o-caso-e-manda-recado-para-a-nacao-rubro-negra\/#primaryimage\"},\"thumbnailUrl\":\"https:\/\/www.gaveanews.com\/wp-content\/uploads\/2019\/03\/Escudo-do-Flamengo-e-exposto-proximo-a-um-dos-gols-no-gramado-do-Maracana.webp\",\"datePublished\":\"2020-03-23T15:41:09+00:00\",\"dateModified\":\"2020-03-23T15:41:14+00:00\",\"author\":{\"@id\":\"https:\/\/www.gaveanews.com\/#\/schema\/person\/2ec14f73fb96be2caf28f91afb14749d\"},\"breadcrumb\":{\"@id\":\"https:\/\/www.gaveanews.com\/index.php\/2020\/03\/23\/apos-ser-curado-de-coronavirus-dirigente-do-flamengo-mauricio-gomes-de-mattos-revela-detalhes-sobre-o-caso-e-manda-recado-para-a-nacao-rubro-negra\/#breadcrumb\"},\"inLanguage\":\"pt-BR\",\"potentialAction\":[{\"@type\":\"ReadAction\",\"target\":[\"https:\/\/www.gaveanews.com\/index.php\/2020\/03\/23\/apos-ser-curado-de-coronavirus-dirigente-do-flamengo-mauricio-gomes-de-mattos-revela-detalhes-sobre-o-caso-e-manda-recado-para-a-nacao-rubro-negra\/\"]}]},{\"@type\":\"ImageObject\",\"inLanguage\":\"pt-BR\",\"@id\":\"https:\/\/www.gaveanews.com\/index.php\/2020\/03\/23\/apos-ser-curado-de-coronavirus-dirigente-do-flamengo-mauricio-gomes-de-mattos-revela-detalhes-sobre-o-caso-e-manda-recado-para-a-nacao-rubro-negra\/#primaryimage\",\"url\":\"https:\/\/www.gaveanews.com\/wp-content\/uploads\/2019\/03\/Escudo-do-Flamengo-e-exposto-proximo-a-um-dos-gols-no-gramado-do-Maracana.webp\",\"contentUrl\":\"https:\/\/www.gaveanews.com\/wp-content\/uploads\/2019\/03\/Escudo-do-Flamengo-e-exposto-proximo-a-um-dos-gols-no-gramado-do-Maracana.webp\",\"caption\":\"Escudo do Flamengo \u00e9 exposto pr\u00f3ximo a um dos gols, no gramado do Maracan\u00e3 (Foto: Daniel Castelo Branco)\"},{\"@type\":\"BreadcrumbList\",\"@id\":\"https:\/\/www.gaveanews.com\/index.php\/2020\/03\/23\/apos-ser-curado-de-coronavirus-dirigente-do-flamengo-mauricio-gomes-de-mattos-revela-detalhes-sobre-o-caso-e-manda-recado-para-a-nacao-rubro-negra\/#breadcrumb\",\"itemListElement\":[{\"@type\":\"ListItem\",\"position\":1,\"name\":\"Home\",\"item\":\"https:\/\/www.gaveanews.com\/\"},{\"@type\":\"ListItem\",\"position\":2,\"name\":\"Ap\u00f3s ser curado de coronav\u00edrus, dirigente do Flamengo, Maur\u00edcio Gomes de Mattos revela detalhes sobre o caso e manda recado para a Na\u00e7\u00e3o Rubro-Negra\"}]},{\"@type\":\"WebSite\",\"@id\":\"https:\/\/www.gaveanews.com\/#website\",\"url\":\"https:\/\/www.gaveanews.com\/\",\"name\":\"G\u00e1vea News\",\"description\":\"Veja todas as not\u00edcias sobre o Flamengo: Contrata\u00e7\u00f5es, categorias de base, resultados das partidas, tabela de classifica\u00e7\u00e3o, pr\u00f3ximos jogos!\",\"potentialAction\":[{\"@type\":\"SearchAction\",\"target\":{\"@type\":\"EntryPoint\",\"urlTemplate\":\"https:\/\/www.gaveanews.com\/?s={search_term_string}\"},\"query-input\":{\"@type\":\"PropertyValueSpecification\",\"valueRequired\":true,\"valueName\":\"search_term_string\"}}],\"inLanguage\":\"pt-BR\"},{\"@type\":\"Person\",\"@id\":\"https:\/\/www.gaveanews.com\/#\/schema\/person\/2ec14f73fb96be2caf28f91afb14749d\",\"name\":\"Equipe G\u00e1vea News\",\"image\":{\"@type\":\"ImageObject\",\"inLanguage\":\"pt-BR\",\"@id\":\"https:\/\/www.gaveanews.com\/#\/schema\/person\/image\/\",\"url\":\"https:\/\/secure.gravatar.com\/avatar\/1e1956f1facbffd3f8fa53a326721950116b3b9dc9bd44939c01180fd4a745a9?s=96&d=mm&r=g\",\"contentUrl\":\"https:\/\/secure.gravatar.com\/avatar\/1e1956f1facbffd3f8fa53a326721950116b3b9dc9bd44939c01180fd4a745a9?s=96&d=mm&r=g\",\"caption\":\"Equipe G\u00e1vea News\"}}]}<\/script>\n<!-- \/ Yoast SEO Premium plugin. -->","yoast_head_json":{"title":"Ap\u00f3s ser curado de coronav\u00edrus, dirigente do Flamengo, Maur\u00edcio Gomes de Mattos revela detalhes sobre o caso e manda recado para a Na\u00e7\u00e3o Rubro-Negra","robots":{"index":"index","follow":"follow","max-snippet":"max-snippet:-1","max-image-preview":"max-image-preview:large","max-video-preview":"max-video-preview:-1"},"canonical":"https:\/\/www.gaveanews.com\/index.php\/2020\/03\/23\/apos-ser-curado-de-coronavirus-dirigente-do-flamengo-mauricio-gomes-de-mattos-revela-detalhes-sobre-o-caso-e-manda-recado-para-a-nacao-rubro-negra\/","og_locale":"pt_BR","og_type":"article","og_title":"Ap\u00f3s ser curado de coronav\u00edrus, dirigente do Flamengo, Maur\u00edcio Gomes de Mattos revela detalhes sobre o caso e manda recado para a Na\u00e7\u00e3o Rubro-Negra","og_description":"Ap\u00f3s ficar internado por uma semana depois de testar posit\u00edvo para o coronav\u00edrus, Maur\u00edcio Gomes de Mattos,\u00a0vice-presidente de Embaixadas e Consulados do Flamengo, teve alta do Hospital\u00a0Santa Luzia, em Bras\u00edlia, na \u00faltima sexta-feira. Em entrevista para o portal &#8220;Coluna do Fla&#8221;, o dirigente revelou a afli\u00e7\u00e3o em contaminar outras pessoas, al\u00e9m dos sintomas que a [&hellip;]","og_url":"https:\/\/www.gaveanews.com\/index.php\/2020\/03\/23\/apos-ser-curado-de-coronavirus-dirigente-do-flamengo-mauricio-gomes-de-mattos-revela-detalhes-sobre-o-caso-e-manda-recado-para-a-nacao-rubro-negra\/","og_site_name":"G\u00e1vea News","article_publisher":"https:\/\/facebook.com\/gaveaNews\/","article_published_time":"2020-03-23T15:41:09+00:00","article_modified_time":"2020-03-23T15:41:14+00:00","og_image":[{"url":"https:\/\/www.gaveanews.com\/wp-content\/uploads\/2019\/03\/Escudo-do-Flamengo-e-exposto-proximo-a-um-dos-gols-no-gramado-do-Maracana.webp","width":1,"height":1,"type":"image\/jpeg"}],"author":"Equipe G\u00e1vea News","twitter_card":"summary_large_image","twitter_misc":{"Escrito por":"Equipe G\u00e1vea News","Est. tempo de leitura":"3 minutos"},"schema":{"@context":"https:\/\/schema.org","@graph":[{"@type":"NewsArticle","@id":"https:\/\/www.gaveanews.com\/index.php\/2020\/03\/23\/apos-ser-curado-de-coronavirus-dirigente-do-flamengo-mauricio-gomes-de-mattos-revela-detalhes-sobre-o-caso-e-manda-recado-para-a-nacao-rubro-negra\/#article","isPartOf":{"@id":"https:\/\/www.gaveanews.com\/index.php\/2020\/03\/23\/apos-ser-curado-de-coronavirus-dirigente-do-flamengo-mauricio-gomes-de-mattos-revela-detalhes-sobre-o-caso-e-manda-recado-para-a-nacao-rubro-negra\/"},"author":{"name":"Equipe G\u00e1vea News","@id":"https:\/\/www.gaveanews.com\/#\/schema\/person\/2ec14f73fb96be2caf28f91afb14749d"},"headline":"Ap\u00f3s ser curado de coronav\u00edrus, dirigente do Flamengo, Maur\u00edcio Gomes de Mattos revela detalhes sobre o caso e manda recado para a Na\u00e7\u00e3o Rubro-Negra","datePublished":"2020-03-23T15:41:09+00:00","dateModified":"2020-03-23T15:41:14+00:00","mainEntityOfPage":{"@id":"https:\/\/www.gaveanews.com\/index.php\/2020\/03\/23\/apos-ser-curado-de-coronavirus-dirigente-do-flamengo-mauricio-gomes-de-mattos-revela-detalhes-sobre-o-caso-e-manda-recado-para-a-nacao-rubro-negra\/"},"wordCount":666,"commentCount":29,"image":{"@id":"https:\/\/www.gaveanews.com\/index.php\/2020\/03\/23\/apos-ser-curado-de-coronavirus-dirigente-do-flamengo-mauricio-gomes-de-mattos-revela-detalhes-sobre-o-caso-e-manda-recado-para-a-nacao-rubro-negra\/#primaryimage"},"thumbnailUrl":"https:\/\/www.gaveanews.com\/wp-content\/uploads\/2019\/03\/Escudo-do-Flamengo-e-exposto-proximo-a-um-dos-gols-no-gramado-do-Maracana.webp","articleSection":["Destaques"],"inLanguage":"pt-BR","potentialAction":[{"@type":"CommentAction","name":"Comment","target":["https:\/\/www.gaveanews.com\/index.php\/2020\/03\/23\/apos-ser-curado-de-coronavirus-dirigente-do-flamengo-mauricio-gomes-de-mattos-revela-detalhes-sobre-o-caso-e-manda-recado-para-a-nacao-rubro-negra\/#respond"]}],"copyrightYear":"2020","copyrightHolder":{"@id":"https:\/\/www.gaveanews.com\/#organization"}},{"@type":"WebPage","@id":"https:\/\/www.gaveanews.com\/index.php\/2020\/03\/23\/apos-ser-curado-de-coronavirus-dirigente-do-flamengo-mauricio-gomes-de-mattos-revela-detalhes-sobre-o-caso-e-manda-recado-para-a-nacao-rubro-negra\/","url":"https:\/\/www.gaveanews.com\/index.php\/2020\/03\/23\/apos-ser-curado-de-coronavirus-dirigente-do-flamengo-mauricio-gomes-de-mattos-revela-detalhes-sobre-o-caso-e-manda-recado-para-a-nacao-rubro-negra\/","name":"Ap\u00f3s ser curado de coronav\u00edrus, dirigente do Flamengo, Maur\u00edcio Gomes de Mattos revela detalhes sobre o caso e manda recado para a Na\u00e7\u00e3o Rubro-Negra","isPartOf":{"@id":"https:\/\/www.gaveanews.com\/#website"},"primaryImageOfPage":{"@id":"https:\/\/www.gaveanews.com\/index.php\/2020\/03\/23\/apos-ser-curado-de-coronavirus-dirigente-do-flamengo-mauricio-gomes-de-mattos-revela-detalhes-sobre-o-caso-e-manda-recado-para-a-nacao-rubro-negra\/#primaryimage"},"image":{"@id":"https:\/\/www.gaveanews.com\/index.php\/2020\/03\/23\/apos-ser-curado-de-coronavirus-dirigente-do-flamengo-mauricio-gomes-de-mattos-revela-detalhes-sobre-o-caso-e-manda-recado-para-a-nacao-rubro-negra\/#primaryimage"},"thumbnailUrl":"https:\/\/www.gaveanews.com\/wp-content\/uploads\/2019\/03\/Escudo-do-Flamengo-e-exposto-proximo-a-um-dos-gols-no-gramado-do-Maracana.webp","datePublished":"2020-03-23T15:41:09+00:00","dateModified":"2020-03-23T15:41:14+00:00","author":{"@id":"https:\/\/www.gaveanews.com\/#\/schema\/person\/2ec14f73fb96be2caf28f91afb14749d"},"breadcrumb":{"@id":"https:\/\/www.gaveanews.com\/index.php\/2020\/03\/23\/apos-ser-curado-de-coronavirus-dirigente-do-flamengo-mauricio-gomes-de-mattos-revela-detalhes-sobre-o-caso-e-manda-recado-para-a-nacao-rubro-negra\/#breadcrumb"},"inLanguage":"pt-BR","potentialAction":[{"@type":"ReadAction","target":["https:\/\/www.gaveanews.com\/index.php\/2020\/03\/23\/apos-ser-curado-de-coronavirus-dirigente-do-flamengo-mauricio-gomes-de-mattos-revela-detalhes-sobre-o-caso-e-manda-recado-para-a-nacao-rubro-negra\/"]}]},{"@type":"ImageObject","inLanguage":"pt-BR","@id":"https:\/\/www.gaveanews.com\/index.php\/2020\/03\/23\/apos-ser-curado-de-coronavirus-dirigente-do-flamengo-mauricio-gomes-de-mattos-revela-detalhes-sobre-o-caso-e-manda-recado-para-a-nacao-rubro-negra\/#primaryimage","url":"https:\/\/www.gaveanews.com\/wp-content\/uploads\/2019\/03\/Escudo-do-Flamengo-e-exposto-proximo-a-um-dos-gols-no-gramado-do-Maracana.webp","contentUrl":"https:\/\/www.gaveanews.com\/wp-content\/uploads\/2019\/03\/Escudo-do-Flamengo-e-exposto-proximo-a-um-dos-gols-no-gramado-do-Maracana.webp","caption":"Escudo do Flamengo \u00e9 exposto pr\u00f3ximo a um dos gols, no gramado do Maracan\u00e3 (Foto: Daniel Castelo Branco)"},{"@type":"BreadcrumbList","@id":"https:\/\/www.gaveanews.com\/index.php\/2020\/03\/23\/apos-ser-curado-de-coronavirus-dirigente-do-flamengo-mauricio-gomes-de-mattos-revela-detalhes-sobre-o-caso-e-manda-recado-para-a-nacao-rubro-negra\/#breadcrumb","itemListElement":[{"@type":"ListItem","position":1,"name":"Home","item":"https:\/\/www.gaveanews.com\/"},{"@type":"ListItem","position":2,"name":"Ap\u00f3s ser curado de coronav\u00edrus, dirigente do Flamengo, Maur\u00edcio Gomes de Mattos revela detalhes sobre o caso e manda recado para a Na\u00e7\u00e3o Rubro-Negra"}]},{"@type":"WebSite","@id":"https:\/\/www.gaveanews.com\/#website","url":"https:\/\/www.gaveanews.com\/","name":"G\u00e1vea News","description":"Veja todas as not\u00edcias sobre o Flamengo: Contrata\u00e7\u00f5es, categorias de base, resultados das partidas, tabela de classifica\u00e7\u00e3o, pr\u00f3ximos jogos!","potentialAction":[{"@type":"SearchAction","target":{"@type":"EntryPoint","urlTemplate":"https:\/\/www.gaveanews.com\/?s={search_term_string}"},"query-input":{"@type":"PropertyValueSpecification","valueRequired":true,"valueName":"search_term_string"}}],"inLanguage":"pt-BR"},{"@type":"Person","@id":"https:\/\/www.gaveanews.com\/#\/schema\/person\/2ec14f73fb96be2caf28f91afb14749d","name":"Equipe G\u00e1vea News","image":{"@type":"ImageObject","inLanguage":"pt-BR","@id":"https:\/\/www.gaveanews.com\/#\/schema\/person\/image\/","url":"https:\/\/secure.gravatar.com\/avatar\/1e1956f1facbffd3f8fa53a326721950116b3b9dc9bd44939c01180fd4a745a9?s=96&d=mm&r=g","contentUrl":"https:\/\/secure.gravatar.com\/avatar\/1e1956f1facbffd3f8fa53a326721950116b3b9dc9bd44939c01180fd4a745a9?s=96&d=mm&r=g","caption":"Equipe G\u00e1vea News"}}]}},"_links":{"self":[{"href":"https:\/\/www.gaveanews.com\/index.php\/wp-json\/wp\/v2\/posts\/38914","targetHints":{"allow":["GET"]}}],"collection":[{"href":"https:\/\/www.gaveanews.com\/index.php\/wp-json\/wp\/v2\/posts"}],"about":[{"href":"https:\/\/www.gaveanews.com\/index.php\/wp-json\/wp\/v2\/types\/post"}],"author":[{"embeddable":true,"href":"https:\/\/www.gaveanews.com\/index.php\/wp-json\/wp\/v2\/users\/1"}],"replies":[{"embeddable":true,"href":"https:\/\/www.gaveanews.com\/index.php\/wp-json\/wp\/v2\/comments?post=38914"}],"version-history":[{"count":0,"href":"https:\/\/www.gaveanews.com\/index.php\/wp-json\/wp\/v2\/posts\/38914\/revisions"}],"wp:featuredmedia":[{"embeddable":true,"href":"https:\/\/www.gaveanews.com\/index.php\/wp-json\/wp\/v2\/media\/15081"}],"wp:attachment":[{"href":"https:\/\/www.gaveanews.com\/index.php\/wp-json\/wp\/v2\/media?parent=38914"}],"wp:term":[{"taxonomy":"category","embeddable":true,"href":"https:\/\/www.gaveanews.com\/index.php\/wp-json\/wp\/v2\/categories?post=38914"},{"taxonomy":"post_tag","embeddable":true,"href":"https:\/\/www.gaveanews.com\/index.php\/wp-json\/wp\/v2\/tags?post=38914"}],"curies":[{"name":"wp","href":"https:\/\/api.w.org\/{rel}","templated":true}]}}