{"id":39040,"date":"2020-03-27T14:34:54","date_gmt":"2020-03-27T17:34:54","guid":{"rendered":"https:\/\/www.gaveanews.com\/?p=39040"},"modified":"2020-03-27T14:37:39","modified_gmt":"2020-03-27T17:37:39","slug":"tem-vaga-ex-atacante-do-flamengo-deseja-retornar-ao-rubro-negro","status":"publish","type":"post","link":"https:\/\/www.gaveanews.com\/index.php\/2020\/03\/27\/tem-vaga-ex-atacante-do-flamengo-deseja-retornar-ao-rubro-negro\/","title":{"rendered":"Tem vaga? Ex-atacante do Flamengo deseja retornar ao rubro-negro"},"content":{"rendered":"\n<p>O Flamengo se tornou o principal favorito para continuar ganhando grandes t\u00edtulos em 2020. O time carioca est\u00e1 muito entrosado nas m\u00e3os de Jorge Jesus e, at\u00e9 por isso, os dirigentes do Mais Querido do Brasil querem logo renovar com o comandante portugu\u00eas. O contrato do t\u00e9cnico vai at\u00e9 o final de abril, mas as partes ainda discutem os valores do novo acordo para bater o martelo.<\/p>\n\n\n\n<p>Por outro lado, o S\u00e3o Paulo de Fernando Diniz come\u00e7a a esbo\u00e7ar que ser\u00e1 um time minimamente organizado nesta temporada. Antes da paralisa\u00e7\u00e3o do futebol, o SPFC estava jogando bem e a equipe j\u00e1 tinha a \u201ccara\u201d do treinador. A press\u00e3o em cima do comandante tamb\u00e9m diminuiu e os jogadores do tricolor conseguem evoluir a cada partida.<\/p>\n\n\n\n<p>E uma not\u00edcia envolvendo os dois clubes est\u00e1 movimentando os bastidores. O jornalista Gustavo Henrique informou que o meia-atacante Everton deseja retornar ao Flamengo. O atleta, que n\u00e3o consegue emplacar no clube paulista por conta de les\u00f5es, estaria fazendo um movimento internamente para vestir novamente a camisa do Meng\u00e3o. O jogador foi campe\u00e3o Brasileiro pelo time carioca em 2009.<\/p>\n\n\n\n<p>Tanto a diretoria do Flamengo, como a do S\u00e3o Paulo, n\u00e3o confirmam a informa\u00e7\u00e3o e tampouco desmentem. O certo \u00e9 que o atleta foi contratado para ser o diferencial no clube do Morumbi e at\u00e9 conseguiu no in\u00edcio de 2018. O problema principal s\u00e3o as contus\u00f5es seguidas: o meia-atacante j\u00e1 tem um grande hist\u00f3rico de ficar no departamento m\u00e9dico e, assim, vai perdendo a sequ\u00eancia na equipe.<\/p>\n\n\n\n<p>Por ser um jogador vers\u00e1til, Fernando Diniz gosta do seu estilo de jogo e n\u00e3o descarta no elenco. O nome de Everton ser\u00e1 repassado ao treinador Jorge Jesus, que \u00e9 a figura decisiva no assunto contrata\u00e7\u00f5es e sa\u00eddas de jogadores no Flamengo.<\/p>\n\n\n\n<p>Retirado de: Bola Vip<\/p>\n","protected":false},"excerpt":{"rendered":"<p>O Flamengo se tornou o principal favorito para continuar ganhando grandes t\u00edtulos em 2020. O time carioca est\u00e1 muito entrosado nas m\u00e3os de Jorge Jesus e, at\u00e9 por isso, os dirigentes do Mais Querido do Brasil querem logo renovar com o comandante portugu\u00eas. O contrato do t\u00e9cnico vai at\u00e9 o final de abril, mas as [&hellip;]<\/p>\n","protected":false},"author":1,"featured_media":15158,"comment_status":"open","ping_status":"closed","sticky":false,"template":"","format":"standard","meta":{"footnotes":""},"categories":[48],"tags":[],"class_list":["post-39040","post","type-post","status-publish","format-standard","has-post-thumbnail","hentry","category-negociacoes"],"yoast_head":"<!-- This site is optimized with the Yoast SEO Premium plugin v24.2 (Yoast SEO v26.9) - https:\/\/yoast.com\/product\/yoast-seo-premium-wordpress\/ -->\n<title>Tem vaga? Ex-atacante do Flamengo deseja retornar ao rubro-negro<\/title>\n<meta name=\"robots\" content=\"index, follow, max-snippet:-1, max-image-preview:large, max-video-preview:-1\" \/>\n<link rel=\"canonical\" href=\"https:\/\/www.gaveanews.com\/index.php\/2020\/03\/27\/tem-vaga-ex-atacante-do-flamengo-deseja-retornar-ao-rubro-negro\/\" \/>\n<meta property=\"og:locale\" content=\"pt_BR\" \/>\n<meta property=\"og:type\" content=\"article\" \/>\n<meta property=\"og:title\" content=\"Tem vaga? Ex-atacante do Flamengo deseja retornar ao rubro-negro\" \/>\n<meta property=\"og:description\" content=\"O Flamengo se tornou o principal favorito para continuar ganhando grandes t\u00edtulos em 2020. O time carioca est\u00e1 muito entrosado nas m\u00e3os de Jorge Jesus e, at\u00e9 por isso, os dirigentes do Mais Querido do Brasil querem logo renovar com o comandante portugu\u00eas. O contrato do t\u00e9cnico vai at\u00e9 o final de abril, mas as [&hellip;]\" \/>\n<meta property=\"og:url\" content=\"https:\/\/www.gaveanews.com\/index.php\/2020\/03\/27\/tem-vaga-ex-atacante-do-flamengo-deseja-retornar-ao-rubro-negro\/\" \/>\n<meta property=\"og:site_name\" content=\"G\u00e1vea News\" \/>\n<meta property=\"article:publisher\" content=\"https:\/\/facebook.com\/gaveaNews\/\" \/>\n<meta property=\"article:published_time\" content=\"2020-03-27T17:34:54+00:00\" \/>\n<meta property=\"article:modified_time\" content=\"2020-03-27T17:37:39+00:00\" \/>\n<meta property=\"og:image\" content=\"https:\/\/www.gaveanews.com\/wp-content\/uploads\/2019\/03\/Everton-Cardoso-durante-treinamento-no-Ninho-do-Urubu.webp\" \/>\n\t<meta property=\"og:image:width\" content=\"880\" \/>\n\t<meta property=\"og:image:height\" content=\"586\" \/>\n\t<meta property=\"og:image:type\" content=\"image\/jpeg\" \/>\n<meta name=\"author\" content=\"Equipe G\u00e1vea News\" \/>\n<meta name=\"twitter:card\" content=\"summary_large_image\" \/>\n<meta name=\"twitter:label1\" content=\"Escrito por\" \/>\n\t<meta name=\"twitter:data1\" content=\"Equipe G\u00e1vea News\" \/>\n\t<meta name=\"twitter:label2\" content=\"Est. tempo de leitura\" \/>\n\t<meta name=\"twitter:data2\" content=\"2 minutos\" \/>\n<script type=\"application\/ld+json\" class=\"yoast-schema-graph\">{\"@context\":\"https:\/\/schema.org\",\"@graph\":[{\"@type\":\"NewsArticle\",\"@id\":\"https:\/\/www.gaveanews.com\/index.php\/2020\/03\/27\/tem-vaga-ex-atacante-do-flamengo-deseja-retornar-ao-rubro-negro\/#article\",\"isPartOf\":{\"@id\":\"https:\/\/www.gaveanews.com\/index.php\/2020\/03\/27\/tem-vaga-ex-atacante-do-flamengo-deseja-retornar-ao-rubro-negro\/\"},\"author\":{\"name\":\"Equipe G\u00e1vea News\",\"@id\":\"https:\/\/www.gaveanews.com\/#\/schema\/person\/2ec14f73fb96be2caf28f91afb14749d\"},\"headline\":\"Tem vaga? Ex-atacante do Flamengo deseja retornar ao rubro-negro\",\"datePublished\":\"2020-03-27T17:34:54+00:00\",\"dateModified\":\"2020-03-27T17:37:39+00:00\",\"mainEntityOfPage\":{\"@id\":\"https:\/\/www.gaveanews.com\/index.php\/2020\/03\/27\/tem-vaga-ex-atacante-do-flamengo-deseja-retornar-ao-rubro-negro\/\"},\"wordCount\":328,\"commentCount\":151,\"image\":{\"@id\":\"https:\/\/www.gaveanews.com\/index.php\/2020\/03\/27\/tem-vaga-ex-atacante-do-flamengo-deseja-retornar-ao-rubro-negro\/#primaryimage\"},\"thumbnailUrl\":\"https:\/\/www.gaveanews.com\/wp-content\/uploads\/2019\/03\/Everton-Cardoso-durante-treinamento-no-Ninho-do-Urubu.webp\",\"articleSection\":[\"Negocia\u00e7\u00f5es\"],\"inLanguage\":\"pt-BR\",\"potentialAction\":[{\"@type\":\"CommentAction\",\"name\":\"Comment\",\"target\":[\"https:\/\/www.gaveanews.com\/index.php\/2020\/03\/27\/tem-vaga-ex-atacante-do-flamengo-deseja-retornar-ao-rubro-negro\/#respond\"]}],\"copyrightYear\":\"2020\",\"copyrightHolder\":{\"@id\":\"https:\/\/www.gaveanews.com\/#organization\"}},{\"@type\":\"WebPage\",\"@id\":\"https:\/\/www.gaveanews.com\/index.php\/2020\/03\/27\/tem-vaga-ex-atacante-do-flamengo-deseja-retornar-ao-rubro-negro\/\",\"url\":\"https:\/\/www.gaveanews.com\/index.php\/2020\/03\/27\/tem-vaga-ex-atacante-do-flamengo-deseja-retornar-ao-rubro-negro\/\",\"name\":\"Tem vaga? Ex-atacante do Flamengo deseja retornar ao rubro-negro\",\"isPartOf\":{\"@id\":\"https:\/\/www.gaveanews.com\/#website\"},\"primaryImageOfPage\":{\"@id\":\"https:\/\/www.gaveanews.com\/index.php\/2020\/03\/27\/tem-vaga-ex-atacante-do-flamengo-deseja-retornar-ao-rubro-negro\/#primaryimage\"},\"image\":{\"@id\":\"https:\/\/www.gaveanews.com\/index.php\/2020\/03\/27\/tem-vaga-ex-atacante-do-flamengo-deseja-retornar-ao-rubro-negro\/#primaryimage\"},\"thumbnailUrl\":\"https:\/\/www.gaveanews.com\/wp-content\/uploads\/2019\/03\/Everton-Cardoso-durante-treinamento-no-Ninho-do-Urubu.webp\",\"datePublished\":\"2020-03-27T17:34:54+00:00\",\"dateModified\":\"2020-03-27T17:37:39+00:00\",\"author\":{\"@id\":\"https:\/\/www.gaveanews.com\/#\/schema\/person\/2ec14f73fb96be2caf28f91afb14749d\"},\"breadcrumb\":{\"@id\":\"https:\/\/www.gaveanews.com\/index.php\/2020\/03\/27\/tem-vaga-ex-atacante-do-flamengo-deseja-retornar-ao-rubro-negro\/#breadcrumb\"},\"inLanguage\":\"pt-BR\",\"potentialAction\":[{\"@type\":\"ReadAction\",\"target\":[\"https:\/\/www.gaveanews.com\/index.php\/2020\/03\/27\/tem-vaga-ex-atacante-do-flamengo-deseja-retornar-ao-rubro-negro\/\"]}]},{\"@type\":\"ImageObject\",\"inLanguage\":\"pt-BR\",\"@id\":\"https:\/\/www.gaveanews.com\/index.php\/2020\/03\/27\/tem-vaga-ex-atacante-do-flamengo-deseja-retornar-ao-rubro-negro\/#primaryimage\",\"url\":\"https:\/\/www.gaveanews.com\/wp-content\/uploads\/2019\/03\/Everton-Cardoso-durante-treinamento-no-Ninho-do-Urubu.webp\",\"contentUrl\":\"https:\/\/www.gaveanews.com\/wp-content\/uploads\/2019\/03\/Everton-Cardoso-durante-treinamento-no-Ninho-do-Urubu.webp\",\"width\":880,\"height\":586,\"caption\":\"Everton Cardoso durante treinamento no Ninho do Urubu (Foto: Gilvan de Souza\/Flamengo)\"},{\"@type\":\"BreadcrumbList\",\"@id\":\"https:\/\/www.gaveanews.com\/index.php\/2020\/03\/27\/tem-vaga-ex-atacante-do-flamengo-deseja-retornar-ao-rubro-negro\/#breadcrumb\",\"itemListElement\":[{\"@type\":\"ListItem\",\"position\":1,\"name\":\"Home\",\"item\":\"https:\/\/www.gaveanews.com\/\"},{\"@type\":\"ListItem\",\"position\":2,\"name\":\"Tem vaga? Ex-atacante do Flamengo deseja retornar ao rubro-negro\"}]},{\"@type\":\"WebSite\",\"@id\":\"https:\/\/www.gaveanews.com\/#website\",\"url\":\"https:\/\/www.gaveanews.com\/\",\"name\":\"G\u00e1vea News\",\"description\":\"Veja todas as not\u00edcias sobre o Flamengo: Contrata\u00e7\u00f5es, categorias de base, resultados das partidas, tabela de classifica\u00e7\u00e3o, pr\u00f3ximos jogos!\",\"potentialAction\":[{\"@type\":\"SearchAction\",\"target\":{\"@type\":\"EntryPoint\",\"urlTemplate\":\"https:\/\/www.gaveanews.com\/?s={search_term_string}\"},\"query-input\":{\"@type\":\"PropertyValueSpecification\",\"valueRequired\":true,\"valueName\":\"search_term_string\"}}],\"inLanguage\":\"pt-BR\"},{\"@type\":\"Person\",\"@id\":\"https:\/\/www.gaveanews.com\/#\/schema\/person\/2ec14f73fb96be2caf28f91afb14749d\",\"name\":\"Equipe G\u00e1vea News\",\"image\":{\"@type\":\"ImageObject\",\"inLanguage\":\"pt-BR\",\"@id\":\"https:\/\/www.gaveanews.com\/#\/schema\/person\/image\/\",\"url\":\"https:\/\/secure.gravatar.com\/avatar\/1e1956f1facbffd3f8fa53a326721950116b3b9dc9bd44939c01180fd4a745a9?s=96&d=mm&r=g\",\"contentUrl\":\"https:\/\/secure.gravatar.com\/avatar\/1e1956f1facbffd3f8fa53a326721950116b3b9dc9bd44939c01180fd4a745a9?s=96&d=mm&r=g\",\"caption\":\"Equipe G\u00e1vea News\"}}]}<\/script>\n<!-- \/ Yoast SEO Premium plugin. -->","yoast_head_json":{"title":"Tem vaga? Ex-atacante do Flamengo deseja retornar ao rubro-negro","robots":{"index":"index","follow":"follow","max-snippet":"max-snippet:-1","max-image-preview":"max-image-preview:large","max-video-preview":"max-video-preview:-1"},"canonical":"https:\/\/www.gaveanews.com\/index.php\/2020\/03\/27\/tem-vaga-ex-atacante-do-flamengo-deseja-retornar-ao-rubro-negro\/","og_locale":"pt_BR","og_type":"article","og_title":"Tem vaga? Ex-atacante do Flamengo deseja retornar ao rubro-negro","og_description":"O Flamengo se tornou o principal favorito para continuar ganhando grandes t\u00edtulos em 2020. O time carioca est\u00e1 muito entrosado nas m\u00e3os de Jorge Jesus e, at\u00e9 por isso, os dirigentes do Mais Querido do Brasil querem logo renovar com o comandante portugu\u00eas. O contrato do t\u00e9cnico vai at\u00e9 o final de abril, mas as [&hellip;]","og_url":"https:\/\/www.gaveanews.com\/index.php\/2020\/03\/27\/tem-vaga-ex-atacante-do-flamengo-deseja-retornar-ao-rubro-negro\/","og_site_name":"G\u00e1vea News","article_publisher":"https:\/\/facebook.com\/gaveaNews\/","article_published_time":"2020-03-27T17:34:54+00:00","article_modified_time":"2020-03-27T17:37:39+00:00","og_image":[{"width":880,"height":586,"url":"https:\/\/www.gaveanews.com\/wp-content\/uploads\/2019\/03\/Everton-Cardoso-durante-treinamento-no-Ninho-do-Urubu.webp","type":"image\/jpeg"}],"author":"Equipe G\u00e1vea News","twitter_card":"summary_large_image","twitter_misc":{"Escrito por":"Equipe G\u00e1vea News","Est. tempo de leitura":"2 minutos"},"schema":{"@context":"https:\/\/schema.org","@graph":[{"@type":"NewsArticle","@id":"https:\/\/www.gaveanews.com\/index.php\/2020\/03\/27\/tem-vaga-ex-atacante-do-flamengo-deseja-retornar-ao-rubro-negro\/#article","isPartOf":{"@id":"https:\/\/www.gaveanews.com\/index.php\/2020\/03\/27\/tem-vaga-ex-atacante-do-flamengo-deseja-retornar-ao-rubro-negro\/"},"author":{"name":"Equipe G\u00e1vea News","@id":"https:\/\/www.gaveanews.com\/#\/schema\/person\/2ec14f73fb96be2caf28f91afb14749d"},"headline":"Tem vaga? Ex-atacante do Flamengo deseja retornar ao rubro-negro","datePublished":"2020-03-27T17:34:54+00:00","dateModified":"2020-03-27T17:37:39+00:00","mainEntityOfPage":{"@id":"https:\/\/www.gaveanews.com\/index.php\/2020\/03\/27\/tem-vaga-ex-atacante-do-flamengo-deseja-retornar-ao-rubro-negro\/"},"wordCount":328,"commentCount":151,"image":{"@id":"https:\/\/www.gaveanews.com\/index.php\/2020\/03\/27\/tem-vaga-ex-atacante-do-flamengo-deseja-retornar-ao-rubro-negro\/#primaryimage"},"thumbnailUrl":"https:\/\/www.gaveanews.com\/wp-content\/uploads\/2019\/03\/Everton-Cardoso-durante-treinamento-no-Ninho-do-Urubu.webp","articleSection":["Negocia\u00e7\u00f5es"],"inLanguage":"pt-BR","potentialAction":[{"@type":"CommentAction","name":"Comment","target":["https:\/\/www.gaveanews.com\/index.php\/2020\/03\/27\/tem-vaga-ex-atacante-do-flamengo-deseja-retornar-ao-rubro-negro\/#respond"]}],"copyrightYear":"2020","copyrightHolder":{"@id":"https:\/\/www.gaveanews.com\/#organization"}},{"@type":"WebPage","@id":"https:\/\/www.gaveanews.com\/index.php\/2020\/03\/27\/tem-vaga-ex-atacante-do-flamengo-deseja-retornar-ao-rubro-negro\/","url":"https:\/\/www.gaveanews.com\/index.php\/2020\/03\/27\/tem-vaga-ex-atacante-do-flamengo-deseja-retornar-ao-rubro-negro\/","name":"Tem vaga? Ex-atacante do Flamengo deseja retornar ao rubro-negro","isPartOf":{"@id":"https:\/\/www.gaveanews.com\/#website"},"primaryImageOfPage":{"@id":"https:\/\/www.gaveanews.com\/index.php\/2020\/03\/27\/tem-vaga-ex-atacante-do-flamengo-deseja-retornar-ao-rubro-negro\/#primaryimage"},"image":{"@id":"https:\/\/www.gaveanews.com\/index.php\/2020\/03\/27\/tem-vaga-ex-atacante-do-flamengo-deseja-retornar-ao-rubro-negro\/#primaryimage"},"thumbnailUrl":"https:\/\/www.gaveanews.com\/wp-content\/uploads\/2019\/03\/Everton-Cardoso-durante-treinamento-no-Ninho-do-Urubu.webp","datePublished":"2020-03-27T17:34:54+00:00","dateModified":"2020-03-27T17:37:39+00:00","author":{"@id":"https:\/\/www.gaveanews.com\/#\/schema\/person\/2ec14f73fb96be2caf28f91afb14749d"},"breadcrumb":{"@id":"https:\/\/www.gaveanews.com\/index.php\/2020\/03\/27\/tem-vaga-ex-atacante-do-flamengo-deseja-retornar-ao-rubro-negro\/#breadcrumb"},"inLanguage":"pt-BR","potentialAction":[{"@type":"ReadAction","target":["https:\/\/www.gaveanews.com\/index.php\/2020\/03\/27\/tem-vaga-ex-atacante-do-flamengo-deseja-retornar-ao-rubro-negro\/"]}]},{"@type":"ImageObject","inLanguage":"pt-BR","@id":"https:\/\/www.gaveanews.com\/index.php\/2020\/03\/27\/tem-vaga-ex-atacante-do-flamengo-deseja-retornar-ao-rubro-negro\/#primaryimage","url":"https:\/\/www.gaveanews.com\/wp-content\/uploads\/2019\/03\/Everton-Cardoso-durante-treinamento-no-Ninho-do-Urubu.webp","contentUrl":"https:\/\/www.gaveanews.com\/wp-content\/uploads\/2019\/03\/Everton-Cardoso-durante-treinamento-no-Ninho-do-Urubu.webp","width":880,"height":586,"caption":"Everton Cardoso durante treinamento no Ninho do Urubu (Foto: Gilvan de Souza\/Flamengo)"},{"@type":"BreadcrumbList","@id":"https:\/\/www.gaveanews.com\/index.php\/2020\/03\/27\/tem-vaga-ex-atacante-do-flamengo-deseja-retornar-ao-rubro-negro\/#breadcrumb","itemListElement":[{"@type":"ListItem","position":1,"name":"Home","item":"https:\/\/www.gaveanews.com\/"},{"@type":"ListItem","position":2,"name":"Tem vaga? Ex-atacante do Flamengo deseja retornar ao rubro-negro"}]},{"@type":"WebSite","@id":"https:\/\/www.gaveanews.com\/#website","url":"https:\/\/www.gaveanews.com\/","name":"G\u00e1vea News","description":"Veja todas as not\u00edcias sobre o Flamengo: Contrata\u00e7\u00f5es, categorias de base, resultados das partidas, tabela de classifica\u00e7\u00e3o, pr\u00f3ximos jogos!","potentialAction":[{"@type":"SearchAction","target":{"@type":"EntryPoint","urlTemplate":"https:\/\/www.gaveanews.com\/?s={search_term_string}"},"query-input":{"@type":"PropertyValueSpecification","valueRequired":true,"valueName":"search_term_string"}}],"inLanguage":"pt-BR"},{"@type":"Person","@id":"https:\/\/www.gaveanews.com\/#\/schema\/person\/2ec14f73fb96be2caf28f91afb14749d","name":"Equipe G\u00e1vea News","image":{"@type":"ImageObject","inLanguage":"pt-BR","@id":"https:\/\/www.gaveanews.com\/#\/schema\/person\/image\/","url":"https:\/\/secure.gravatar.com\/avatar\/1e1956f1facbffd3f8fa53a326721950116b3b9dc9bd44939c01180fd4a745a9?s=96&d=mm&r=g","contentUrl":"https:\/\/secure.gravatar.com\/avatar\/1e1956f1facbffd3f8fa53a326721950116b3b9dc9bd44939c01180fd4a745a9?s=96&d=mm&r=g","caption":"Equipe G\u00e1vea News"}}]}},"_links":{"self":[{"href":"https:\/\/www.gaveanews.com\/index.php\/wp-json\/wp\/v2\/posts\/39040","targetHints":{"allow":["GET"]}}],"collection":[{"href":"https:\/\/www.gaveanews.com\/index.php\/wp-json\/wp\/v2\/posts"}],"about":[{"href":"https:\/\/www.gaveanews.com\/index.php\/wp-json\/wp\/v2\/types\/post"}],"author":[{"embeddable":true,"href":"https:\/\/www.gaveanews.com\/index.php\/wp-json\/wp\/v2\/users\/1"}],"replies":[{"embeddable":true,"href":"https:\/\/www.gaveanews.com\/index.php\/wp-json\/wp\/v2\/comments?post=39040"}],"version-history":[{"count":0,"href":"https:\/\/www.gaveanews.com\/index.php\/wp-json\/wp\/v2\/posts\/39040\/revisions"}],"wp:featuredmedia":[{"embeddable":true,"href":"https:\/\/www.gaveanews.com\/index.php\/wp-json\/wp\/v2\/media\/15158"}],"wp:attachment":[{"href":"https:\/\/www.gaveanews.com\/index.php\/wp-json\/wp\/v2\/media?parent=39040"}],"wp:term":[{"taxonomy":"category","embeddable":true,"href":"https:\/\/www.gaveanews.com\/index.php\/wp-json\/wp\/v2\/categories?post=39040"},{"taxonomy":"post_tag","embeddable":true,"href":"https:\/\/www.gaveanews.com\/index.php\/wp-json\/wp\/v2\/tags?post=39040"}],"curies":[{"name":"wp","href":"https:\/\/api.w.org\/{rel}","templated":true}]}}