{"id":39051,"date":"2020-03-28T17:52:12","date_gmt":"2020-03-28T20:52:12","guid":{"rendered":"https:\/\/www.gaveanews.com\/?p=39051"},"modified":"2020-03-28T17:52:16","modified_gmt":"2020-03-28T20:52:16","slug":"presidente-do-flamengo-rodolfo-landim-confirma-que-estadio-do-maracana-passara-por-reforma-para-receber-mais-torcedores","status":"publish","type":"post","link":"https:\/\/www.gaveanews.com\/index.php\/2020\/03\/28\/presidente-do-flamengo-rodolfo-landim-confirma-que-estadio-do-maracana-passara-por-reforma-para-receber-mais-torcedores\/","title":{"rendered":"Presidente do Flamengo, Rodolfo Landim confirma que est\u00e1dio do Maracan\u00e3 passar\u00e1 por reforma para receber mais torcedores"},"content":{"rendered":"\n<p>Convidado especial do Fox Sports R\u00e1dio, o presidente do Flamengo, Rodolfo Landim concedeu entrevista exclusiva ao programa e falou sobre os mais variados temas. Entre eles, sobre a possibilidade de dar in\u00edcio ao projeto de constru\u00e7\u00e3o de um est\u00e1dio pr\u00f3prio para o Rubro-Negro, j\u00e1 que o Maracan\u00e3 pertence ao Governo do Estado do Rio de Janeiro.<\/p>\n\n\n\n<p>E de acordo com o mandat\u00e1rio do clube carioca, essa n\u00e3o \u00e9 uma inten\u00e7\u00e3o que tem para a sua gest\u00e3o, uma vez que construir um novo est\u00e1dio custaria muito dinheiro aos cofres do clube, al\u00e9m do fato de a torcida ter um sentimento de pertencimento ao Maracan\u00e3.<\/p>\n\n\n\n<p>\u201cA gente entende que jogar no Maracan\u00e3, e com a torcida apoiando, \u00e9 uma for\u00e7a enorme que o Flamengo tem, algo extremamente positivo, que \u00e9 uma vantagem para o Flamengo. N\u00e3o \u00e9 a minha inten\u00e7\u00e3o (construir um novo est\u00e1dio). A torcida do Flamengo diz: &#8220;o Maraca \u00e9 nosso&#8221;. A torcida sente que o Maracan\u00e3 \u00e9 o seu est\u00e1dio. Buscar uma solu\u00e7\u00e3o para um est\u00e1dio seria muito caro, seria algo como R$ 1 bilh\u00e3o para a constru\u00e7\u00e3o de um est\u00e1dio, mais o terreno, estamos falando de R$ 1,4 bilh\u00e3o. E aonde seria esse est\u00e1dio? N\u00e3o tem locais t\u00e3o atrativos como o do Maracan\u00e3&#8221;, afirmou.<\/p>\n\n\n\n<p>Em seguida, Landim falou sobre uma reforma visando a retirada de parte das cadeiras do Maracan\u00e3, como forma de aumentar a capacidade do est\u00e1dio.<\/p>\n\n\n\n<p>\u201cQuanto \u00e0s cadeiras, j\u00e1 existe um projeto de lei, sancionado pelo Governador. O processo foi retardado, mas \u00e9 algo que ser\u00e1 contemplado na TMI, que est\u00e1 sendo colocada para servir de base para a licita\u00e7\u00e3o para os pr\u00f3ximos 35 anos. O Maracan\u00e3 fica como est\u00e1 at\u00e9 o fim desse ano, o que vai ser aprovado \u00e9 a retirada de parte das cadeiras, e com isso aumentar a capacidade\u201d, completou.<\/p>\n\n\n\n<p>Retirado de: Fox Sports<\/p>\n","protected":false},"excerpt":{"rendered":"<p>Convidado especial do Fox Sports R\u00e1dio, o presidente do Flamengo, Rodolfo Landim concedeu entrevista exclusiva ao programa e falou sobre os mais variados temas. Entre eles, sobre a possibilidade de dar in\u00edcio ao projeto de constru\u00e7\u00e3o de um est\u00e1dio pr\u00f3prio para o Rubro-Negro, j\u00e1 que o Maracan\u00e3 pertence ao Governo do Estado do Rio de [&hellip;]<\/p>\n","protected":false},"author":1,"featured_media":15081,"comment_status":"open","ping_status":"closed","sticky":false,"template":"","format":"standard","meta":{"footnotes":""},"categories":[1],"tags":[],"class_list":["post-39051","post","type-post","status-publish","format-standard","has-post-thumbnail","hentry","category-flamengo"],"yoast_head":"<!-- This site is optimized with the Yoast SEO Premium plugin v24.2 (Yoast SEO v26.9) - https:\/\/yoast.com\/product\/yoast-seo-premium-wordpress\/ -->\n<title>Presidente do Flamengo, Rodolfo Landim confirma que est\u00e1dio do Maracan\u00e3 passar\u00e1 por reforma para receber mais torcedores<\/title>\n<meta name=\"robots\" content=\"index, follow, max-snippet:-1, max-image-preview:large, max-video-preview:-1\" \/>\n<link rel=\"canonical\" href=\"https:\/\/www.gaveanews.com\/index.php\/2020\/03\/28\/presidente-do-flamengo-rodolfo-landim-confirma-que-estadio-do-maracana-passara-por-reforma-para-receber-mais-torcedores\/\" \/>\n<meta property=\"og:locale\" content=\"pt_BR\" \/>\n<meta property=\"og:type\" content=\"article\" \/>\n<meta property=\"og:title\" content=\"Presidente do Flamengo, Rodolfo Landim confirma que est\u00e1dio do Maracan\u00e3 passar\u00e1 por reforma para receber mais torcedores\" \/>\n<meta property=\"og:description\" content=\"Convidado especial do Fox Sports R\u00e1dio, o presidente do Flamengo, Rodolfo Landim concedeu entrevista exclusiva ao programa e falou sobre os mais variados temas. Entre eles, sobre a possibilidade de dar in\u00edcio ao projeto de constru\u00e7\u00e3o de um est\u00e1dio pr\u00f3prio para o Rubro-Negro, j\u00e1 que o Maracan\u00e3 pertence ao Governo do Estado do Rio de [&hellip;]\" \/>\n<meta property=\"og:url\" content=\"https:\/\/www.gaveanews.com\/index.php\/2020\/03\/28\/presidente-do-flamengo-rodolfo-landim-confirma-que-estadio-do-maracana-passara-por-reforma-para-receber-mais-torcedores\/\" \/>\n<meta property=\"og:site_name\" content=\"G\u00e1vea News\" \/>\n<meta property=\"article:publisher\" content=\"https:\/\/facebook.com\/gaveaNews\/\" \/>\n<meta property=\"article:published_time\" content=\"2020-03-28T20:52:12+00:00\" \/>\n<meta property=\"article:modified_time\" content=\"2020-03-28T20:52:16+00:00\" \/>\n<meta property=\"og:image\" content=\"https:\/\/www.gaveanews.com\/wp-content\/uploads\/2019\/03\/Escudo-do-Flamengo-e-exposto-proximo-a-um-dos-gols-no-gramado-do-Maracana.webp\" \/>\n\t<meta property=\"og:image:width\" content=\"1\" \/>\n\t<meta property=\"og:image:height\" content=\"1\" \/>\n\t<meta property=\"og:image:type\" content=\"image\/jpeg\" \/>\n<meta name=\"author\" content=\"Equipe G\u00e1vea News\" \/>\n<meta name=\"twitter:card\" content=\"summary_large_image\" \/>\n<meta name=\"twitter:label1\" content=\"Escrito por\" \/>\n\t<meta name=\"twitter:data1\" content=\"Equipe G\u00e1vea News\" \/>\n\t<meta name=\"twitter:label2\" content=\"Est. tempo de leitura\" \/>\n\t<meta name=\"twitter:data2\" content=\"2 minutos\" \/>\n<script type=\"application\/ld+json\" class=\"yoast-schema-graph\">{\"@context\":\"https:\/\/schema.org\",\"@graph\":[{\"@type\":\"NewsArticle\",\"@id\":\"https:\/\/www.gaveanews.com\/index.php\/2020\/03\/28\/presidente-do-flamengo-rodolfo-landim-confirma-que-estadio-do-maracana-passara-por-reforma-para-receber-mais-torcedores\/#article\",\"isPartOf\":{\"@id\":\"https:\/\/www.gaveanews.com\/index.php\/2020\/03\/28\/presidente-do-flamengo-rodolfo-landim-confirma-que-estadio-do-maracana-passara-por-reforma-para-receber-mais-torcedores\/\"},\"author\":{\"name\":\"Equipe G\u00e1vea News\",\"@id\":\"https:\/\/www.gaveanews.com\/#\/schema\/person\/2ec14f73fb96be2caf28f91afb14749d\"},\"headline\":\"Presidente do Flamengo, Rodolfo Landim confirma que est\u00e1dio do Maracan\u00e3 passar\u00e1 por reforma para receber mais torcedores\",\"datePublished\":\"2020-03-28T20:52:12+00:00\",\"dateModified\":\"2020-03-28T20:52:16+00:00\",\"mainEntityOfPage\":{\"@id\":\"https:\/\/www.gaveanews.com\/index.php\/2020\/03\/28\/presidente-do-flamengo-rodolfo-landim-confirma-que-estadio-do-maracana-passara-por-reforma-para-receber-mais-torcedores\/\"},\"wordCount\":338,\"commentCount\":52,\"image\":{\"@id\":\"https:\/\/www.gaveanews.com\/index.php\/2020\/03\/28\/presidente-do-flamengo-rodolfo-landim-confirma-que-estadio-do-maracana-passara-por-reforma-para-receber-mais-torcedores\/#primaryimage\"},\"thumbnailUrl\":\"https:\/\/www.gaveanews.com\/wp-content\/uploads\/2019\/03\/Escudo-do-Flamengo-e-exposto-proximo-a-um-dos-gols-no-gramado-do-Maracana.webp\",\"articleSection\":[\"Flamengo\"],\"inLanguage\":\"pt-BR\",\"potentialAction\":[{\"@type\":\"CommentAction\",\"name\":\"Comment\",\"target\":[\"https:\/\/www.gaveanews.com\/index.php\/2020\/03\/28\/presidente-do-flamengo-rodolfo-landim-confirma-que-estadio-do-maracana-passara-por-reforma-para-receber-mais-torcedores\/#respond\"]}],\"copyrightYear\":\"2020\",\"copyrightHolder\":{\"@id\":\"https:\/\/www.gaveanews.com\/#organization\"}},{\"@type\":\"WebPage\",\"@id\":\"https:\/\/www.gaveanews.com\/index.php\/2020\/03\/28\/presidente-do-flamengo-rodolfo-landim-confirma-que-estadio-do-maracana-passara-por-reforma-para-receber-mais-torcedores\/\",\"url\":\"https:\/\/www.gaveanews.com\/index.php\/2020\/03\/28\/presidente-do-flamengo-rodolfo-landim-confirma-que-estadio-do-maracana-passara-por-reforma-para-receber-mais-torcedores\/\",\"name\":\"Presidente do Flamengo, Rodolfo Landim confirma que est\u00e1dio do Maracan\u00e3 passar\u00e1 por reforma para receber mais torcedores\",\"isPartOf\":{\"@id\":\"https:\/\/www.gaveanews.com\/#website\"},\"primaryImageOfPage\":{\"@id\":\"https:\/\/www.gaveanews.com\/index.php\/2020\/03\/28\/presidente-do-flamengo-rodolfo-landim-confirma-que-estadio-do-maracana-passara-por-reforma-para-receber-mais-torcedores\/#primaryimage\"},\"image\":{\"@id\":\"https:\/\/www.gaveanews.com\/index.php\/2020\/03\/28\/presidente-do-flamengo-rodolfo-landim-confirma-que-estadio-do-maracana-passara-por-reforma-para-receber-mais-torcedores\/#primaryimage\"},\"thumbnailUrl\":\"https:\/\/www.gaveanews.com\/wp-content\/uploads\/2019\/03\/Escudo-do-Flamengo-e-exposto-proximo-a-um-dos-gols-no-gramado-do-Maracana.webp\",\"datePublished\":\"2020-03-28T20:52:12+00:00\",\"dateModified\":\"2020-03-28T20:52:16+00:00\",\"author\":{\"@id\":\"https:\/\/www.gaveanews.com\/#\/schema\/person\/2ec14f73fb96be2caf28f91afb14749d\"},\"breadcrumb\":{\"@id\":\"https:\/\/www.gaveanews.com\/index.php\/2020\/03\/28\/presidente-do-flamengo-rodolfo-landim-confirma-que-estadio-do-maracana-passara-por-reforma-para-receber-mais-torcedores\/#breadcrumb\"},\"inLanguage\":\"pt-BR\",\"potentialAction\":[{\"@type\":\"ReadAction\",\"target\":[\"https:\/\/www.gaveanews.com\/index.php\/2020\/03\/28\/presidente-do-flamengo-rodolfo-landim-confirma-que-estadio-do-maracana-passara-por-reforma-para-receber-mais-torcedores\/\"]}]},{\"@type\":\"ImageObject\",\"inLanguage\":\"pt-BR\",\"@id\":\"https:\/\/www.gaveanews.com\/index.php\/2020\/03\/28\/presidente-do-flamengo-rodolfo-landim-confirma-que-estadio-do-maracana-passara-por-reforma-para-receber-mais-torcedores\/#primaryimage\",\"url\":\"https:\/\/www.gaveanews.com\/wp-content\/uploads\/2019\/03\/Escudo-do-Flamengo-e-exposto-proximo-a-um-dos-gols-no-gramado-do-Maracana.webp\",\"contentUrl\":\"https:\/\/www.gaveanews.com\/wp-content\/uploads\/2019\/03\/Escudo-do-Flamengo-e-exposto-proximo-a-um-dos-gols-no-gramado-do-Maracana.webp\",\"caption\":\"Escudo do Flamengo \u00e9 exposto pr\u00f3ximo a um dos gols, no gramado do Maracan\u00e3 (Foto: Daniel Castelo Branco)\"},{\"@type\":\"BreadcrumbList\",\"@id\":\"https:\/\/www.gaveanews.com\/index.php\/2020\/03\/28\/presidente-do-flamengo-rodolfo-landim-confirma-que-estadio-do-maracana-passara-por-reforma-para-receber-mais-torcedores\/#breadcrumb\",\"itemListElement\":[{\"@type\":\"ListItem\",\"position\":1,\"name\":\"Home\",\"item\":\"https:\/\/www.gaveanews.com\/\"},{\"@type\":\"ListItem\",\"position\":2,\"name\":\"Presidente do Flamengo, Rodolfo Landim confirma que est\u00e1dio do Maracan\u00e3 passar\u00e1 por reforma para receber mais torcedores\"}]},{\"@type\":\"WebSite\",\"@id\":\"https:\/\/www.gaveanews.com\/#website\",\"url\":\"https:\/\/www.gaveanews.com\/\",\"name\":\"G\u00e1vea News\",\"description\":\"Veja todas as not\u00edcias sobre o Flamengo: Contrata\u00e7\u00f5es, categorias de base, resultados das partidas, tabela de classifica\u00e7\u00e3o, pr\u00f3ximos jogos!\",\"potentialAction\":[{\"@type\":\"SearchAction\",\"target\":{\"@type\":\"EntryPoint\",\"urlTemplate\":\"https:\/\/www.gaveanews.com\/?s={search_term_string}\"},\"query-input\":{\"@type\":\"PropertyValueSpecification\",\"valueRequired\":true,\"valueName\":\"search_term_string\"}}],\"inLanguage\":\"pt-BR\"},{\"@type\":\"Person\",\"@id\":\"https:\/\/www.gaveanews.com\/#\/schema\/person\/2ec14f73fb96be2caf28f91afb14749d\",\"name\":\"Equipe G\u00e1vea News\",\"image\":{\"@type\":\"ImageObject\",\"inLanguage\":\"pt-BR\",\"@id\":\"https:\/\/www.gaveanews.com\/#\/schema\/person\/image\/\",\"url\":\"https:\/\/secure.gravatar.com\/avatar\/1e1956f1facbffd3f8fa53a326721950116b3b9dc9bd44939c01180fd4a745a9?s=96&d=mm&r=g\",\"contentUrl\":\"https:\/\/secure.gravatar.com\/avatar\/1e1956f1facbffd3f8fa53a326721950116b3b9dc9bd44939c01180fd4a745a9?s=96&d=mm&r=g\",\"caption\":\"Equipe G\u00e1vea News\"}}]}<\/script>\n<!-- \/ Yoast SEO Premium plugin. -->","yoast_head_json":{"title":"Presidente do Flamengo, Rodolfo Landim confirma que est\u00e1dio do Maracan\u00e3 passar\u00e1 por reforma para receber mais torcedores","robots":{"index":"index","follow":"follow","max-snippet":"max-snippet:-1","max-image-preview":"max-image-preview:large","max-video-preview":"max-video-preview:-1"},"canonical":"https:\/\/www.gaveanews.com\/index.php\/2020\/03\/28\/presidente-do-flamengo-rodolfo-landim-confirma-que-estadio-do-maracana-passara-por-reforma-para-receber-mais-torcedores\/","og_locale":"pt_BR","og_type":"article","og_title":"Presidente do Flamengo, Rodolfo Landim confirma que est\u00e1dio do Maracan\u00e3 passar\u00e1 por reforma para receber mais torcedores","og_description":"Convidado especial do Fox Sports R\u00e1dio, o presidente do Flamengo, Rodolfo Landim concedeu entrevista exclusiva ao programa e falou sobre os mais variados temas. Entre eles, sobre a possibilidade de dar in\u00edcio ao projeto de constru\u00e7\u00e3o de um est\u00e1dio pr\u00f3prio para o Rubro-Negro, j\u00e1 que o Maracan\u00e3 pertence ao Governo do Estado do Rio de [&hellip;]","og_url":"https:\/\/www.gaveanews.com\/index.php\/2020\/03\/28\/presidente-do-flamengo-rodolfo-landim-confirma-que-estadio-do-maracana-passara-por-reforma-para-receber-mais-torcedores\/","og_site_name":"G\u00e1vea News","article_publisher":"https:\/\/facebook.com\/gaveaNews\/","article_published_time":"2020-03-28T20:52:12+00:00","article_modified_time":"2020-03-28T20:52:16+00:00","og_image":[{"url":"https:\/\/www.gaveanews.com\/wp-content\/uploads\/2019\/03\/Escudo-do-Flamengo-e-exposto-proximo-a-um-dos-gols-no-gramado-do-Maracana.webp","width":1,"height":1,"type":"image\/jpeg"}],"author":"Equipe G\u00e1vea News","twitter_card":"summary_large_image","twitter_misc":{"Escrito por":"Equipe G\u00e1vea News","Est. tempo de leitura":"2 minutos"},"schema":{"@context":"https:\/\/schema.org","@graph":[{"@type":"NewsArticle","@id":"https:\/\/www.gaveanews.com\/index.php\/2020\/03\/28\/presidente-do-flamengo-rodolfo-landim-confirma-que-estadio-do-maracana-passara-por-reforma-para-receber-mais-torcedores\/#article","isPartOf":{"@id":"https:\/\/www.gaveanews.com\/index.php\/2020\/03\/28\/presidente-do-flamengo-rodolfo-landim-confirma-que-estadio-do-maracana-passara-por-reforma-para-receber-mais-torcedores\/"},"author":{"name":"Equipe G\u00e1vea News","@id":"https:\/\/www.gaveanews.com\/#\/schema\/person\/2ec14f73fb96be2caf28f91afb14749d"},"headline":"Presidente do Flamengo, Rodolfo Landim confirma que est\u00e1dio do Maracan\u00e3 passar\u00e1 por reforma para receber mais torcedores","datePublished":"2020-03-28T20:52:12+00:00","dateModified":"2020-03-28T20:52:16+00:00","mainEntityOfPage":{"@id":"https:\/\/www.gaveanews.com\/index.php\/2020\/03\/28\/presidente-do-flamengo-rodolfo-landim-confirma-que-estadio-do-maracana-passara-por-reforma-para-receber-mais-torcedores\/"},"wordCount":338,"commentCount":52,"image":{"@id":"https:\/\/www.gaveanews.com\/index.php\/2020\/03\/28\/presidente-do-flamengo-rodolfo-landim-confirma-que-estadio-do-maracana-passara-por-reforma-para-receber-mais-torcedores\/#primaryimage"},"thumbnailUrl":"https:\/\/www.gaveanews.com\/wp-content\/uploads\/2019\/03\/Escudo-do-Flamengo-e-exposto-proximo-a-um-dos-gols-no-gramado-do-Maracana.webp","articleSection":["Flamengo"],"inLanguage":"pt-BR","potentialAction":[{"@type":"CommentAction","name":"Comment","target":["https:\/\/www.gaveanews.com\/index.php\/2020\/03\/28\/presidente-do-flamengo-rodolfo-landim-confirma-que-estadio-do-maracana-passara-por-reforma-para-receber-mais-torcedores\/#respond"]}],"copyrightYear":"2020","copyrightHolder":{"@id":"https:\/\/www.gaveanews.com\/#organization"}},{"@type":"WebPage","@id":"https:\/\/www.gaveanews.com\/index.php\/2020\/03\/28\/presidente-do-flamengo-rodolfo-landim-confirma-que-estadio-do-maracana-passara-por-reforma-para-receber-mais-torcedores\/","url":"https:\/\/www.gaveanews.com\/index.php\/2020\/03\/28\/presidente-do-flamengo-rodolfo-landim-confirma-que-estadio-do-maracana-passara-por-reforma-para-receber-mais-torcedores\/","name":"Presidente do Flamengo, Rodolfo Landim confirma que est\u00e1dio do Maracan\u00e3 passar\u00e1 por reforma para receber mais torcedores","isPartOf":{"@id":"https:\/\/www.gaveanews.com\/#website"},"primaryImageOfPage":{"@id":"https:\/\/www.gaveanews.com\/index.php\/2020\/03\/28\/presidente-do-flamengo-rodolfo-landim-confirma-que-estadio-do-maracana-passara-por-reforma-para-receber-mais-torcedores\/#primaryimage"},"image":{"@id":"https:\/\/www.gaveanews.com\/index.php\/2020\/03\/28\/presidente-do-flamengo-rodolfo-landim-confirma-que-estadio-do-maracana-passara-por-reforma-para-receber-mais-torcedores\/#primaryimage"},"thumbnailUrl":"https:\/\/www.gaveanews.com\/wp-content\/uploads\/2019\/03\/Escudo-do-Flamengo-e-exposto-proximo-a-um-dos-gols-no-gramado-do-Maracana.webp","datePublished":"2020-03-28T20:52:12+00:00","dateModified":"2020-03-28T20:52:16+00:00","author":{"@id":"https:\/\/www.gaveanews.com\/#\/schema\/person\/2ec14f73fb96be2caf28f91afb14749d"},"breadcrumb":{"@id":"https:\/\/www.gaveanews.com\/index.php\/2020\/03\/28\/presidente-do-flamengo-rodolfo-landim-confirma-que-estadio-do-maracana-passara-por-reforma-para-receber-mais-torcedores\/#breadcrumb"},"inLanguage":"pt-BR","potentialAction":[{"@type":"ReadAction","target":["https:\/\/www.gaveanews.com\/index.php\/2020\/03\/28\/presidente-do-flamengo-rodolfo-landim-confirma-que-estadio-do-maracana-passara-por-reforma-para-receber-mais-torcedores\/"]}]},{"@type":"ImageObject","inLanguage":"pt-BR","@id":"https:\/\/www.gaveanews.com\/index.php\/2020\/03\/28\/presidente-do-flamengo-rodolfo-landim-confirma-que-estadio-do-maracana-passara-por-reforma-para-receber-mais-torcedores\/#primaryimage","url":"https:\/\/www.gaveanews.com\/wp-content\/uploads\/2019\/03\/Escudo-do-Flamengo-e-exposto-proximo-a-um-dos-gols-no-gramado-do-Maracana.webp","contentUrl":"https:\/\/www.gaveanews.com\/wp-content\/uploads\/2019\/03\/Escudo-do-Flamengo-e-exposto-proximo-a-um-dos-gols-no-gramado-do-Maracana.webp","caption":"Escudo do Flamengo \u00e9 exposto pr\u00f3ximo a um dos gols, no gramado do Maracan\u00e3 (Foto: Daniel Castelo Branco)"},{"@type":"BreadcrumbList","@id":"https:\/\/www.gaveanews.com\/index.php\/2020\/03\/28\/presidente-do-flamengo-rodolfo-landim-confirma-que-estadio-do-maracana-passara-por-reforma-para-receber-mais-torcedores\/#breadcrumb","itemListElement":[{"@type":"ListItem","position":1,"name":"Home","item":"https:\/\/www.gaveanews.com\/"},{"@type":"ListItem","position":2,"name":"Presidente do Flamengo, Rodolfo Landim confirma que est\u00e1dio do Maracan\u00e3 passar\u00e1 por reforma para receber mais torcedores"}]},{"@type":"WebSite","@id":"https:\/\/www.gaveanews.com\/#website","url":"https:\/\/www.gaveanews.com\/","name":"G\u00e1vea News","description":"Veja todas as not\u00edcias sobre o Flamengo: Contrata\u00e7\u00f5es, categorias de base, resultados das partidas, tabela de classifica\u00e7\u00e3o, pr\u00f3ximos jogos!","potentialAction":[{"@type":"SearchAction","target":{"@type":"EntryPoint","urlTemplate":"https:\/\/www.gaveanews.com\/?s={search_term_string}"},"query-input":{"@type":"PropertyValueSpecification","valueRequired":true,"valueName":"search_term_string"}}],"inLanguage":"pt-BR"},{"@type":"Person","@id":"https:\/\/www.gaveanews.com\/#\/schema\/person\/2ec14f73fb96be2caf28f91afb14749d","name":"Equipe G\u00e1vea News","image":{"@type":"ImageObject","inLanguage":"pt-BR","@id":"https:\/\/www.gaveanews.com\/#\/schema\/person\/image\/","url":"https:\/\/secure.gravatar.com\/avatar\/1e1956f1facbffd3f8fa53a326721950116b3b9dc9bd44939c01180fd4a745a9?s=96&d=mm&r=g","contentUrl":"https:\/\/secure.gravatar.com\/avatar\/1e1956f1facbffd3f8fa53a326721950116b3b9dc9bd44939c01180fd4a745a9?s=96&d=mm&r=g","caption":"Equipe G\u00e1vea News"}}]}},"_links":{"self":[{"href":"https:\/\/www.gaveanews.com\/index.php\/wp-json\/wp\/v2\/posts\/39051","targetHints":{"allow":["GET"]}}],"collection":[{"href":"https:\/\/www.gaveanews.com\/index.php\/wp-json\/wp\/v2\/posts"}],"about":[{"href":"https:\/\/www.gaveanews.com\/index.php\/wp-json\/wp\/v2\/types\/post"}],"author":[{"embeddable":true,"href":"https:\/\/www.gaveanews.com\/index.php\/wp-json\/wp\/v2\/users\/1"}],"replies":[{"embeddable":true,"href":"https:\/\/www.gaveanews.com\/index.php\/wp-json\/wp\/v2\/comments?post=39051"}],"version-history":[{"count":0,"href":"https:\/\/www.gaveanews.com\/index.php\/wp-json\/wp\/v2\/posts\/39051\/revisions"}],"wp:featuredmedia":[{"embeddable":true,"href":"https:\/\/www.gaveanews.com\/index.php\/wp-json\/wp\/v2\/media\/15081"}],"wp:attachment":[{"href":"https:\/\/www.gaveanews.com\/index.php\/wp-json\/wp\/v2\/media?parent=39051"}],"wp:term":[{"taxonomy":"category","embeddable":true,"href":"https:\/\/www.gaveanews.com\/index.php\/wp-json\/wp\/v2\/categories?post=39051"},{"taxonomy":"post_tag","embeddable":true,"href":"https:\/\/www.gaveanews.com\/index.php\/wp-json\/wp\/v2\/tags?post=39051"}],"curies":[{"name":"wp","href":"https:\/\/api.w.org\/{rel}","templated":true}]}}