{"id":39060,"date":"2020-03-28T19:15:58","date_gmt":"2020-03-28T22:15:58","guid":{"rendered":"https:\/\/www.gaveanews.com\/?p=39060"},"modified":"2020-03-28T19:16:00","modified_gmt":"2020-03-28T22:16:00","slug":"rodolfo-landim-nega-que-flamengo-tenha-cortado-relacoes-com-renato-gaucho-sem-magoas","status":"publish","type":"post","link":"https:\/\/www.gaveanews.com\/index.php\/2020\/03\/28\/rodolfo-landim-nega-que-flamengo-tenha-cortado-relacoes-com-renato-gaucho-sem-magoas\/","title":{"rendered":"Rodolfo Landim nega que Flamengo tenha cortado rela\u00e7\u00f5es com Renato Ga\u00facho: &#8216;Sem m\u00e1goas&#8217;"},"content":{"rendered":"\n<p>A temporada de 2019 foi muito intensa entre Flamengo e Renato Ga\u00facho. Ap\u00f3s a negocia\u00e7\u00e3o com desfecho negativo no come\u00e7o do ano, o treinador do Gr\u00eamio deu v\u00e1rias alfinetadas em Jorge Jesus, t\u00e9cnico do Flamengo, durante o segundo semestre, antes do portugu\u00eas conquistar o t\u00edtulo do Brasileiro e da Libertadores. <\/p>\n\n\n\n<p>Por conta do ocorrido, houve rumores de que o Rubro-negro havia cortado rela\u00e7\u00f5es com o comandante, que foi jogador e \u00eddolo do Flamengo. Em entrevista \u00e0 Fox Sports, o presidente do clube carioca, Rodolfo Landim, negou a narrativa.<\/p>\n\n\n\n<p>&#8220;Em rela\u00e7\u00e3o ao Renato Ga\u00facho, ele foi um atleta do Flamengo, um atleta que jogou no Flamengo e conquistou campeonatos pelo Flamengo, tem uma parte da sua hist\u00f3ria importante passada no Flamengo, e \u00e9 um grande profissional. Eu n\u00e3o vejo porque o Flamengo deva cortar rela\u00e7\u00f5es com o Renato, ou deixar de falar com ele ou tentar queimar o Renato. Nada disso. O Renato \u00e9 um grande profissional, j\u00e1 demonstrou isso ao longo do tempo, tanto na sua carreira como jogador quanto treinador. Ele \u00e9 profissional, teve as decis\u00f5es que tomou no passado, como todo profissional tem o direito de tomar todas as decis\u00f5es que quiser. N\u00e3o ficou nenhuma m\u00e1goa pelas negocia\u00e7\u00f5es que a gente teve&#8221;, afirmou.<\/p>\n\n\n\n<p>O auge da pol\u00eamica entre Flamengo e Renato Ga\u00facho aconteceu antes da semifinal da Libertadores entre o clube carioca e o Gr\u00eamio. Com seu cheio peculiar, o treinador gremista alfinetou Jorge Jesus dizendo que o portugu\u00eas &#8220;nunca havia vencido nada&#8221;. O Rubro-negro levou a melhor no duelo e eliminou o Tricolor com direito a goleada por 5 a 0 no Maracan\u00e3.<\/p>\n\n\n\n<p>Retirado de: O Dia<\/p>\n","protected":false},"excerpt":{"rendered":"<p>A temporada de 2019 foi muito intensa entre Flamengo e Renato Ga\u00facho. Ap\u00f3s a negocia\u00e7\u00e3o com desfecho negativo no come\u00e7o do ano, o treinador do Gr\u00eamio deu v\u00e1rias alfinetadas em Jorge Jesus, t\u00e9cnico do Flamengo, durante o segundo semestre, antes do portugu\u00eas conquistar o t\u00edtulo do Brasileiro e da Libertadores. Por conta do ocorrido, houve [&hellip;]<\/p>\n","protected":false},"author":1,"featured_media":15077,"comment_status":"open","ping_status":"closed","sticky":false,"template":"","format":"standard","meta":{"footnotes":""},"categories":[47],"tags":[],"class_list":["post-39060","post","type-post","status-publish","format-standard","has-post-thumbnail","hentry","category-destaques"],"yoast_head":"<!-- This site is optimized with the Yoast SEO Premium plugin v24.2 (Yoast SEO v26.9) - https:\/\/yoast.com\/product\/yoast-seo-premium-wordpress\/ -->\n<title>Rodolfo Landim nega que Flamengo tenha cortado rela\u00e7\u00f5es com Renato Ga\u00facho: &#039;Sem m\u00e1goas&#039;<\/title>\n<meta name=\"robots\" content=\"index, follow, max-snippet:-1, max-image-preview:large, max-video-preview:-1\" \/>\n<link rel=\"canonical\" href=\"https:\/\/www.gaveanews.com\/index.php\/2020\/03\/28\/rodolfo-landim-nega-que-flamengo-tenha-cortado-relacoes-com-renato-gaucho-sem-magoas\/\" \/>\n<meta property=\"og:locale\" content=\"pt_BR\" \/>\n<meta property=\"og:type\" content=\"article\" \/>\n<meta property=\"og:title\" content=\"Rodolfo Landim nega que Flamengo tenha cortado rela\u00e7\u00f5es com Renato Ga\u00facho: &#039;Sem m\u00e1goas&#039;\" \/>\n<meta property=\"og:description\" content=\"A temporada de 2019 foi muito intensa entre Flamengo e Renato Ga\u00facho. Ap\u00f3s a negocia\u00e7\u00e3o com desfecho negativo no come\u00e7o do ano, o treinador do Gr\u00eamio deu v\u00e1rias alfinetadas em Jorge Jesus, t\u00e9cnico do Flamengo, durante o segundo semestre, antes do portugu\u00eas conquistar o t\u00edtulo do Brasileiro e da Libertadores. Por conta do ocorrido, houve [&hellip;]\" \/>\n<meta property=\"og:url\" content=\"https:\/\/www.gaveanews.com\/index.php\/2020\/03\/28\/rodolfo-landim-nega-que-flamengo-tenha-cortado-relacoes-com-renato-gaucho-sem-magoas\/\" \/>\n<meta property=\"og:site_name\" content=\"G\u00e1vea News\" \/>\n<meta property=\"article:publisher\" content=\"https:\/\/facebook.com\/gaveaNews\/\" \/>\n<meta property=\"article:published_time\" content=\"2020-03-28T22:15:58+00:00\" \/>\n<meta property=\"article:modified_time\" content=\"2020-03-28T22:16:00+00:00\" \/>\n<meta property=\"og:image\" content=\"https:\/\/www.gaveanews.com\/wp-content\/uploads\/2019\/03\/Rodolfo-Landim-durante-entrevista-coletiva-na-Gavea.webp\" \/>\n\t<meta property=\"og:image:width\" content=\"1\" \/>\n\t<meta property=\"og:image:height\" content=\"1\" \/>\n\t<meta property=\"og:image:type\" content=\"image\/jpeg\" \/>\n<meta name=\"author\" content=\"Equipe G\u00e1vea News\" \/>\n<meta name=\"twitter:card\" content=\"summary_large_image\" \/>\n<meta name=\"twitter:label1\" content=\"Escrito por\" \/>\n\t<meta name=\"twitter:data1\" content=\"Equipe G\u00e1vea News\" \/>\n\t<meta name=\"twitter:label2\" content=\"Est. tempo de leitura\" \/>\n\t<meta name=\"twitter:data2\" content=\"1 minuto\" \/>\n<script type=\"application\/ld+json\" class=\"yoast-schema-graph\">{\"@context\":\"https:\/\/schema.org\",\"@graph\":[{\"@type\":\"NewsArticle\",\"@id\":\"https:\/\/www.gaveanews.com\/index.php\/2020\/03\/28\/rodolfo-landim-nega-que-flamengo-tenha-cortado-relacoes-com-renato-gaucho-sem-magoas\/#article\",\"isPartOf\":{\"@id\":\"https:\/\/www.gaveanews.com\/index.php\/2020\/03\/28\/rodolfo-landim-nega-que-flamengo-tenha-cortado-relacoes-com-renato-gaucho-sem-magoas\/\"},\"author\":{\"name\":\"Equipe G\u00e1vea News\",\"@id\":\"https:\/\/www.gaveanews.com\/#\/schema\/person\/2ec14f73fb96be2caf28f91afb14749d\"},\"headline\":\"Rodolfo Landim nega que Flamengo tenha cortado rela\u00e7\u00f5es com Renato Ga\u00facho: &#8216;Sem m\u00e1goas&#8217;\",\"datePublished\":\"2020-03-28T22:15:58+00:00\",\"dateModified\":\"2020-03-28T22:16:00+00:00\",\"mainEntityOfPage\":{\"@id\":\"https:\/\/www.gaveanews.com\/index.php\/2020\/03\/28\/rodolfo-landim-nega-que-flamengo-tenha-cortado-relacoes-com-renato-gaucho-sem-magoas\/\"},\"wordCount\":303,\"commentCount\":11,\"image\":{\"@id\":\"https:\/\/www.gaveanews.com\/index.php\/2020\/03\/28\/rodolfo-landim-nega-que-flamengo-tenha-cortado-relacoes-com-renato-gaucho-sem-magoas\/#primaryimage\"},\"thumbnailUrl\":\"https:\/\/www.gaveanews.com\/wp-content\/uploads\/2019\/03\/Rodolfo-Landim-durante-entrevista-coletiva-na-Gavea.webp\",\"articleSection\":[\"Destaques\"],\"inLanguage\":\"pt-BR\",\"potentialAction\":[{\"@type\":\"CommentAction\",\"name\":\"Comment\",\"target\":[\"https:\/\/www.gaveanews.com\/index.php\/2020\/03\/28\/rodolfo-landim-nega-que-flamengo-tenha-cortado-relacoes-com-renato-gaucho-sem-magoas\/#respond\"]}],\"copyrightYear\":\"2020\",\"copyrightHolder\":{\"@id\":\"https:\/\/www.gaveanews.com\/#organization\"}},{\"@type\":\"WebPage\",\"@id\":\"https:\/\/www.gaveanews.com\/index.php\/2020\/03\/28\/rodolfo-landim-nega-que-flamengo-tenha-cortado-relacoes-com-renato-gaucho-sem-magoas\/\",\"url\":\"https:\/\/www.gaveanews.com\/index.php\/2020\/03\/28\/rodolfo-landim-nega-que-flamengo-tenha-cortado-relacoes-com-renato-gaucho-sem-magoas\/\",\"name\":\"Rodolfo Landim nega que Flamengo tenha cortado rela\u00e7\u00f5es com Renato Ga\u00facho: 'Sem m\u00e1goas'\",\"isPartOf\":{\"@id\":\"https:\/\/www.gaveanews.com\/#website\"},\"primaryImageOfPage\":{\"@id\":\"https:\/\/www.gaveanews.com\/index.php\/2020\/03\/28\/rodolfo-landim-nega-que-flamengo-tenha-cortado-relacoes-com-renato-gaucho-sem-magoas\/#primaryimage\"},\"image\":{\"@id\":\"https:\/\/www.gaveanews.com\/index.php\/2020\/03\/28\/rodolfo-landim-nega-que-flamengo-tenha-cortado-relacoes-com-renato-gaucho-sem-magoas\/#primaryimage\"},\"thumbnailUrl\":\"https:\/\/www.gaveanews.com\/wp-content\/uploads\/2019\/03\/Rodolfo-Landim-durante-entrevista-coletiva-na-Gavea.webp\",\"datePublished\":\"2020-03-28T22:15:58+00:00\",\"dateModified\":\"2020-03-28T22:16:00+00:00\",\"author\":{\"@id\":\"https:\/\/www.gaveanews.com\/#\/schema\/person\/2ec14f73fb96be2caf28f91afb14749d\"},\"breadcrumb\":{\"@id\":\"https:\/\/www.gaveanews.com\/index.php\/2020\/03\/28\/rodolfo-landim-nega-que-flamengo-tenha-cortado-relacoes-com-renato-gaucho-sem-magoas\/#breadcrumb\"},\"inLanguage\":\"pt-BR\",\"potentialAction\":[{\"@type\":\"ReadAction\",\"target\":[\"https:\/\/www.gaveanews.com\/index.php\/2020\/03\/28\/rodolfo-landim-nega-que-flamengo-tenha-cortado-relacoes-com-renato-gaucho-sem-magoas\/\"]}]},{\"@type\":\"ImageObject\",\"inLanguage\":\"pt-BR\",\"@id\":\"https:\/\/www.gaveanews.com\/index.php\/2020\/03\/28\/rodolfo-landim-nega-que-flamengo-tenha-cortado-relacoes-com-renato-gaucho-sem-magoas\/#primaryimage\",\"url\":\"https:\/\/www.gaveanews.com\/wp-content\/uploads\/2019\/03\/Rodolfo-Landim-durante-entrevista-coletiva-na-Gavea.webp\",\"contentUrl\":\"https:\/\/www.gaveanews.com\/wp-content\/uploads\/2019\/03\/Rodolfo-Landim-durante-entrevista-coletiva-na-Gavea.webp\",\"width\":900,\"height\":599,\"caption\":\"Rodolfo Landim durante entrevista coletiva na G\u00e1vea (Foto: Ag\u00eancia Foto BR)\"},{\"@type\":\"BreadcrumbList\",\"@id\":\"https:\/\/www.gaveanews.com\/index.php\/2020\/03\/28\/rodolfo-landim-nega-que-flamengo-tenha-cortado-relacoes-com-renato-gaucho-sem-magoas\/#breadcrumb\",\"itemListElement\":[{\"@type\":\"ListItem\",\"position\":1,\"name\":\"Home\",\"item\":\"https:\/\/www.gaveanews.com\/\"},{\"@type\":\"ListItem\",\"position\":2,\"name\":\"Rodolfo Landim nega que Flamengo tenha cortado rela\u00e7\u00f5es com Renato Ga\u00facho: &#8216;Sem m\u00e1goas&#8217;\"}]},{\"@type\":\"WebSite\",\"@id\":\"https:\/\/www.gaveanews.com\/#website\",\"url\":\"https:\/\/www.gaveanews.com\/\",\"name\":\"G\u00e1vea News\",\"description\":\"Veja todas as not\u00edcias sobre o Flamengo: Contrata\u00e7\u00f5es, categorias de base, resultados das partidas, tabela de classifica\u00e7\u00e3o, pr\u00f3ximos jogos!\",\"potentialAction\":[{\"@type\":\"SearchAction\",\"target\":{\"@type\":\"EntryPoint\",\"urlTemplate\":\"https:\/\/www.gaveanews.com\/?s={search_term_string}\"},\"query-input\":{\"@type\":\"PropertyValueSpecification\",\"valueRequired\":true,\"valueName\":\"search_term_string\"}}],\"inLanguage\":\"pt-BR\"},{\"@type\":\"Person\",\"@id\":\"https:\/\/www.gaveanews.com\/#\/schema\/person\/2ec14f73fb96be2caf28f91afb14749d\",\"name\":\"Equipe G\u00e1vea News\",\"image\":{\"@type\":\"ImageObject\",\"inLanguage\":\"pt-BR\",\"@id\":\"https:\/\/www.gaveanews.com\/#\/schema\/person\/image\/\",\"url\":\"https:\/\/secure.gravatar.com\/avatar\/1e1956f1facbffd3f8fa53a326721950116b3b9dc9bd44939c01180fd4a745a9?s=96&d=mm&r=g\",\"contentUrl\":\"https:\/\/secure.gravatar.com\/avatar\/1e1956f1facbffd3f8fa53a326721950116b3b9dc9bd44939c01180fd4a745a9?s=96&d=mm&r=g\",\"caption\":\"Equipe G\u00e1vea News\"}}]}<\/script>\n<!-- \/ Yoast SEO Premium plugin. -->","yoast_head_json":{"title":"Rodolfo Landim nega que Flamengo tenha cortado rela\u00e7\u00f5es com Renato Ga\u00facho: 'Sem m\u00e1goas'","robots":{"index":"index","follow":"follow","max-snippet":"max-snippet:-1","max-image-preview":"max-image-preview:large","max-video-preview":"max-video-preview:-1"},"canonical":"https:\/\/www.gaveanews.com\/index.php\/2020\/03\/28\/rodolfo-landim-nega-que-flamengo-tenha-cortado-relacoes-com-renato-gaucho-sem-magoas\/","og_locale":"pt_BR","og_type":"article","og_title":"Rodolfo Landim nega que Flamengo tenha cortado rela\u00e7\u00f5es com Renato Ga\u00facho: 'Sem m\u00e1goas'","og_description":"A temporada de 2019 foi muito intensa entre Flamengo e Renato Ga\u00facho. Ap\u00f3s a negocia\u00e7\u00e3o com desfecho negativo no come\u00e7o do ano, o treinador do Gr\u00eamio deu v\u00e1rias alfinetadas em Jorge Jesus, t\u00e9cnico do Flamengo, durante o segundo semestre, antes do portugu\u00eas conquistar o t\u00edtulo do Brasileiro e da Libertadores. Por conta do ocorrido, houve [&hellip;]","og_url":"https:\/\/www.gaveanews.com\/index.php\/2020\/03\/28\/rodolfo-landim-nega-que-flamengo-tenha-cortado-relacoes-com-renato-gaucho-sem-magoas\/","og_site_name":"G\u00e1vea News","article_publisher":"https:\/\/facebook.com\/gaveaNews\/","article_published_time":"2020-03-28T22:15:58+00:00","article_modified_time":"2020-03-28T22:16:00+00:00","og_image":[{"url":"https:\/\/www.gaveanews.com\/wp-content\/uploads\/2019\/03\/Rodolfo-Landim-durante-entrevista-coletiva-na-Gavea.webp","width":1,"height":1,"type":"image\/jpeg"}],"author":"Equipe G\u00e1vea News","twitter_card":"summary_large_image","twitter_misc":{"Escrito por":"Equipe G\u00e1vea News","Est. tempo de leitura":"1 minuto"},"schema":{"@context":"https:\/\/schema.org","@graph":[{"@type":"NewsArticle","@id":"https:\/\/www.gaveanews.com\/index.php\/2020\/03\/28\/rodolfo-landim-nega-que-flamengo-tenha-cortado-relacoes-com-renato-gaucho-sem-magoas\/#article","isPartOf":{"@id":"https:\/\/www.gaveanews.com\/index.php\/2020\/03\/28\/rodolfo-landim-nega-que-flamengo-tenha-cortado-relacoes-com-renato-gaucho-sem-magoas\/"},"author":{"name":"Equipe G\u00e1vea News","@id":"https:\/\/www.gaveanews.com\/#\/schema\/person\/2ec14f73fb96be2caf28f91afb14749d"},"headline":"Rodolfo Landim nega que Flamengo tenha cortado rela\u00e7\u00f5es com Renato Ga\u00facho: &#8216;Sem m\u00e1goas&#8217;","datePublished":"2020-03-28T22:15:58+00:00","dateModified":"2020-03-28T22:16:00+00:00","mainEntityOfPage":{"@id":"https:\/\/www.gaveanews.com\/index.php\/2020\/03\/28\/rodolfo-landim-nega-que-flamengo-tenha-cortado-relacoes-com-renato-gaucho-sem-magoas\/"},"wordCount":303,"commentCount":11,"image":{"@id":"https:\/\/www.gaveanews.com\/index.php\/2020\/03\/28\/rodolfo-landim-nega-que-flamengo-tenha-cortado-relacoes-com-renato-gaucho-sem-magoas\/#primaryimage"},"thumbnailUrl":"https:\/\/www.gaveanews.com\/wp-content\/uploads\/2019\/03\/Rodolfo-Landim-durante-entrevista-coletiva-na-Gavea.webp","articleSection":["Destaques"],"inLanguage":"pt-BR","potentialAction":[{"@type":"CommentAction","name":"Comment","target":["https:\/\/www.gaveanews.com\/index.php\/2020\/03\/28\/rodolfo-landim-nega-que-flamengo-tenha-cortado-relacoes-com-renato-gaucho-sem-magoas\/#respond"]}],"copyrightYear":"2020","copyrightHolder":{"@id":"https:\/\/www.gaveanews.com\/#organization"}},{"@type":"WebPage","@id":"https:\/\/www.gaveanews.com\/index.php\/2020\/03\/28\/rodolfo-landim-nega-que-flamengo-tenha-cortado-relacoes-com-renato-gaucho-sem-magoas\/","url":"https:\/\/www.gaveanews.com\/index.php\/2020\/03\/28\/rodolfo-landim-nega-que-flamengo-tenha-cortado-relacoes-com-renato-gaucho-sem-magoas\/","name":"Rodolfo Landim nega que Flamengo tenha cortado rela\u00e7\u00f5es com Renato Ga\u00facho: 'Sem m\u00e1goas'","isPartOf":{"@id":"https:\/\/www.gaveanews.com\/#website"},"primaryImageOfPage":{"@id":"https:\/\/www.gaveanews.com\/index.php\/2020\/03\/28\/rodolfo-landim-nega-que-flamengo-tenha-cortado-relacoes-com-renato-gaucho-sem-magoas\/#primaryimage"},"image":{"@id":"https:\/\/www.gaveanews.com\/index.php\/2020\/03\/28\/rodolfo-landim-nega-que-flamengo-tenha-cortado-relacoes-com-renato-gaucho-sem-magoas\/#primaryimage"},"thumbnailUrl":"https:\/\/www.gaveanews.com\/wp-content\/uploads\/2019\/03\/Rodolfo-Landim-durante-entrevista-coletiva-na-Gavea.webp","datePublished":"2020-03-28T22:15:58+00:00","dateModified":"2020-03-28T22:16:00+00:00","author":{"@id":"https:\/\/www.gaveanews.com\/#\/schema\/person\/2ec14f73fb96be2caf28f91afb14749d"},"breadcrumb":{"@id":"https:\/\/www.gaveanews.com\/index.php\/2020\/03\/28\/rodolfo-landim-nega-que-flamengo-tenha-cortado-relacoes-com-renato-gaucho-sem-magoas\/#breadcrumb"},"inLanguage":"pt-BR","potentialAction":[{"@type":"ReadAction","target":["https:\/\/www.gaveanews.com\/index.php\/2020\/03\/28\/rodolfo-landim-nega-que-flamengo-tenha-cortado-relacoes-com-renato-gaucho-sem-magoas\/"]}]},{"@type":"ImageObject","inLanguage":"pt-BR","@id":"https:\/\/www.gaveanews.com\/index.php\/2020\/03\/28\/rodolfo-landim-nega-que-flamengo-tenha-cortado-relacoes-com-renato-gaucho-sem-magoas\/#primaryimage","url":"https:\/\/www.gaveanews.com\/wp-content\/uploads\/2019\/03\/Rodolfo-Landim-durante-entrevista-coletiva-na-Gavea.webp","contentUrl":"https:\/\/www.gaveanews.com\/wp-content\/uploads\/2019\/03\/Rodolfo-Landim-durante-entrevista-coletiva-na-Gavea.webp","width":900,"height":599,"caption":"Rodolfo Landim durante entrevista coletiva na G\u00e1vea (Foto: Ag\u00eancia Foto BR)"},{"@type":"BreadcrumbList","@id":"https:\/\/www.gaveanews.com\/index.php\/2020\/03\/28\/rodolfo-landim-nega-que-flamengo-tenha-cortado-relacoes-com-renato-gaucho-sem-magoas\/#breadcrumb","itemListElement":[{"@type":"ListItem","position":1,"name":"Home","item":"https:\/\/www.gaveanews.com\/"},{"@type":"ListItem","position":2,"name":"Rodolfo Landim nega que Flamengo tenha cortado rela\u00e7\u00f5es com Renato Ga\u00facho: &#8216;Sem m\u00e1goas&#8217;"}]},{"@type":"WebSite","@id":"https:\/\/www.gaveanews.com\/#website","url":"https:\/\/www.gaveanews.com\/","name":"G\u00e1vea News","description":"Veja todas as not\u00edcias sobre o Flamengo: Contrata\u00e7\u00f5es, categorias de base, resultados das partidas, tabela de classifica\u00e7\u00e3o, pr\u00f3ximos jogos!","potentialAction":[{"@type":"SearchAction","target":{"@type":"EntryPoint","urlTemplate":"https:\/\/www.gaveanews.com\/?s={search_term_string}"},"query-input":{"@type":"PropertyValueSpecification","valueRequired":true,"valueName":"search_term_string"}}],"inLanguage":"pt-BR"},{"@type":"Person","@id":"https:\/\/www.gaveanews.com\/#\/schema\/person\/2ec14f73fb96be2caf28f91afb14749d","name":"Equipe G\u00e1vea News","image":{"@type":"ImageObject","inLanguage":"pt-BR","@id":"https:\/\/www.gaveanews.com\/#\/schema\/person\/image\/","url":"https:\/\/secure.gravatar.com\/avatar\/1e1956f1facbffd3f8fa53a326721950116b3b9dc9bd44939c01180fd4a745a9?s=96&d=mm&r=g","contentUrl":"https:\/\/secure.gravatar.com\/avatar\/1e1956f1facbffd3f8fa53a326721950116b3b9dc9bd44939c01180fd4a745a9?s=96&d=mm&r=g","caption":"Equipe G\u00e1vea News"}}]}},"_links":{"self":[{"href":"https:\/\/www.gaveanews.com\/index.php\/wp-json\/wp\/v2\/posts\/39060","targetHints":{"allow":["GET"]}}],"collection":[{"href":"https:\/\/www.gaveanews.com\/index.php\/wp-json\/wp\/v2\/posts"}],"about":[{"href":"https:\/\/www.gaveanews.com\/index.php\/wp-json\/wp\/v2\/types\/post"}],"author":[{"embeddable":true,"href":"https:\/\/www.gaveanews.com\/index.php\/wp-json\/wp\/v2\/users\/1"}],"replies":[{"embeddable":true,"href":"https:\/\/www.gaveanews.com\/index.php\/wp-json\/wp\/v2\/comments?post=39060"}],"version-history":[{"count":0,"href":"https:\/\/www.gaveanews.com\/index.php\/wp-json\/wp\/v2\/posts\/39060\/revisions"}],"wp:featuredmedia":[{"embeddable":true,"href":"https:\/\/www.gaveanews.com\/index.php\/wp-json\/wp\/v2\/media\/15077"}],"wp:attachment":[{"href":"https:\/\/www.gaveanews.com\/index.php\/wp-json\/wp\/v2\/media?parent=39060"}],"wp:term":[{"taxonomy":"category","embeddable":true,"href":"https:\/\/www.gaveanews.com\/index.php\/wp-json\/wp\/v2\/categories?post=39060"},{"taxonomy":"post_tag","embeddable":true,"href":"https:\/\/www.gaveanews.com\/index.php\/wp-json\/wp\/v2\/tags?post=39060"}],"curies":[{"name":"wp","href":"https:\/\/api.w.org\/{rel}","templated":true}]}}