{"id":39142,"date":"2020-03-30T23:00:25","date_gmt":"2020-03-31T02:00:25","guid":{"rendered":"https:\/\/www.gaveanews.com\/?p=39142"},"modified":"2020-03-30T23:00:30","modified_gmt":"2020-03-31T02:00:30","slug":"thiago-maia-fala-sobre-adaptacao-no-flamengo-e-chegada-ao-clube-estava-ficando-doido","status":"publish","type":"post","link":"https:\/\/www.gaveanews.com\/index.php\/2020\/03\/30\/thiago-maia-fala-sobre-adaptacao-no-flamengo-e-chegada-ao-clube-estava-ficando-doido\/","title":{"rendered":"Thiago Maia fala sobre adapta\u00e7\u00e3o no Flamengo e chegada ao clube: &#8216;Estava ficando doido&#8217;"},"content":{"rendered":"\n<p>O Flamengo segue com a\u00e7\u00f5es nas redes sociais durante a quarentena. Neste domingo, foi a vez do volante Thiago Maia conversar com a &#8216;FlaTV&#8217;. Rec\u00e9m-chegado ao clube carioca, do qual se diz torcedor, o jogador de 22 anos falou sobre a emo\u00e7\u00e3o de defender as cores do Rubro-Negro. Thiago tamb\u00e9m falou sobre a adapta\u00e7\u00e3o na equipe de Jorge Jesus.<\/p>\n\n\n\n<p>&#8220;Sendo torcedor \u00e9 muito diferente. Agora, jogar pelo time que voc\u00ea torce \u00e9 algo inexplic\u00e1vel. Quando eu estava parado na Fran\u00e7a, esperando acontecer (a contrata\u00e7\u00e3o), estava ficando doido, pior do que essa quarentena, mas gra\u00e7as a Deus deu tudo certo. Meu empres\u00e1rio me pedia calma. Quando ele me falou que estava tudo acertado e que a passagem j\u00e1 estava comprada, fiquei feliz demais&#8221;, disse Thiago, que completou:<\/p>\n\n\n\n<p>&#8220;Todos me receberam muito bem. O que mais converso \u00e9 o Diego, que a gente chama de cabe\u00e7a. O Everton tamb\u00e9m conversa muito comigo, o Rafinha. Sempre fui um garoto que escutou os mais velhos, no bom sentido. Se chamar de velhos eles ficam bravos. Minha posi\u00e7\u00e3o de origem \u00e9 volante, mas sou aberto a fazer qualquer posi\u00e7\u00e3o dentro de campo. O Mister me perguntou quais posi\u00e7\u00f5es eu j\u00e1 tinha jogado. J\u00e1 joguei de tudo, menos de goleiro. N\u00e3o quer dizer que vou fazer 100% perfeito como lateral, zagueiro ou atacante, mas se ele precisar eu fa\u00e7o&#8221;, encerrou.<\/p>\n\n\n\n<p>Retirado de: O Dia<\/p>\n","protected":false},"excerpt":{"rendered":"<p>O Flamengo segue com a\u00e7\u00f5es nas redes sociais durante a quarentena. Neste domingo, foi a vez do volante Thiago Maia conversar com a &#8216;FlaTV&#8217;. Rec\u00e9m-chegado ao clube carioca, do qual se diz torcedor, o jogador de 22 anos falou sobre a emo\u00e7\u00e3o de defender as cores do Rubro-Negro. Thiago tamb\u00e9m falou sobre a adapta\u00e7\u00e3o na [&hellip;]<\/p>\n","protected":false},"author":1,"featured_media":37925,"comment_status":"open","ping_status":"closed","sticky":false,"template":"","format":"standard","meta":{"footnotes":""},"categories":[1],"tags":[],"class_list":["post-39142","post","type-post","status-publish","format-standard","has-post-thumbnail","hentry","category-flamengo"],"yoast_head":"<!-- This site is optimized with the Yoast SEO Premium plugin v24.2 (Yoast SEO v26.9) - https:\/\/yoast.com\/product\/yoast-seo-premium-wordpress\/ -->\n<title>Thiago Maia fala sobre adapta\u00e7\u00e3o no Flamengo e chegada ao clube: &#039;Estava ficando doido&#039;<\/title>\n<meta name=\"robots\" content=\"index, follow, max-snippet:-1, max-image-preview:large, max-video-preview:-1\" \/>\n<link rel=\"canonical\" href=\"https:\/\/www.gaveanews.com\/index.php\/2020\/03\/30\/thiago-maia-fala-sobre-adaptacao-no-flamengo-e-chegada-ao-clube-estava-ficando-doido\/\" \/>\n<meta property=\"og:locale\" content=\"pt_BR\" \/>\n<meta property=\"og:type\" content=\"article\" \/>\n<meta property=\"og:title\" content=\"Thiago Maia fala sobre adapta\u00e7\u00e3o no Flamengo e chegada ao clube: &#039;Estava ficando doido&#039;\" \/>\n<meta property=\"og:description\" content=\"O Flamengo segue com a\u00e7\u00f5es nas redes sociais durante a quarentena. Neste domingo, foi a vez do volante Thiago Maia conversar com a &#8216;FlaTV&#8217;. Rec\u00e9m-chegado ao clube carioca, do qual se diz torcedor, o jogador de 22 anos falou sobre a emo\u00e7\u00e3o de defender as cores do Rubro-Negro. Thiago tamb\u00e9m falou sobre a adapta\u00e7\u00e3o na [&hellip;]\" \/>\n<meta property=\"og:url\" content=\"https:\/\/www.gaveanews.com\/index.php\/2020\/03\/30\/thiago-maia-fala-sobre-adaptacao-no-flamengo-e-chegada-ao-clube-estava-ficando-doido\/\" \/>\n<meta property=\"og:site_name\" content=\"G\u00e1vea News\" \/>\n<meta property=\"article:publisher\" content=\"https:\/\/facebook.com\/gaveaNews\/\" \/>\n<meta property=\"article:published_time\" content=\"2020-03-31T02:00:25+00:00\" \/>\n<meta property=\"article:modified_time\" content=\"2020-03-31T02:00:30+00:00\" \/>\n<meta property=\"og:image\" content=\"https:\/\/www.gaveanews.com\/wp-content\/uploads\/Thiago-Maia-durante-sua-coletiva-de-apresentacao.webp\" \/>\n\t<meta property=\"og:image:width\" content=\"1\" \/>\n\t<meta property=\"og:image:height\" content=\"1\" \/>\n\t<meta property=\"og:image:type\" content=\"image\/jpeg\" \/>\n<meta name=\"author\" content=\"Equipe G\u00e1vea News\" \/>\n<meta name=\"twitter:card\" content=\"summary_large_image\" \/>\n<meta name=\"twitter:label1\" content=\"Escrito por\" \/>\n\t<meta name=\"twitter:data1\" content=\"Equipe G\u00e1vea News\" \/>\n\t<meta name=\"twitter:label2\" content=\"Est. tempo de leitura\" \/>\n\t<meta name=\"twitter:data2\" content=\"1 minuto\" \/>\n<script type=\"application\/ld+json\" class=\"yoast-schema-graph\">{\"@context\":\"https:\/\/schema.org\",\"@graph\":[{\"@type\":\"NewsArticle\",\"@id\":\"https:\/\/www.gaveanews.com\/index.php\/2020\/03\/30\/thiago-maia-fala-sobre-adaptacao-no-flamengo-e-chegada-ao-clube-estava-ficando-doido\/#article\",\"isPartOf\":{\"@id\":\"https:\/\/www.gaveanews.com\/index.php\/2020\/03\/30\/thiago-maia-fala-sobre-adaptacao-no-flamengo-e-chegada-ao-clube-estava-ficando-doido\/\"},\"author\":{\"name\":\"Equipe G\u00e1vea News\",\"@id\":\"https:\/\/www.gaveanews.com\/#\/schema\/person\/2ec14f73fb96be2caf28f91afb14749d\"},\"headline\":\"Thiago Maia fala sobre adapta\u00e7\u00e3o no Flamengo e chegada ao clube: &#8216;Estava ficando doido&#8217;\",\"datePublished\":\"2020-03-31T02:00:25+00:00\",\"dateModified\":\"2020-03-31T02:00:30+00:00\",\"mainEntityOfPage\":{\"@id\":\"https:\/\/www.gaveanews.com\/index.php\/2020\/03\/30\/thiago-maia-fala-sobre-adaptacao-no-flamengo-e-chegada-ao-clube-estava-ficando-doido\/\"},\"wordCount\":254,\"commentCount\":7,\"image\":{\"@id\":\"https:\/\/www.gaveanews.com\/index.php\/2020\/03\/30\/thiago-maia-fala-sobre-adaptacao-no-flamengo-e-chegada-ao-clube-estava-ficando-doido\/#primaryimage\"},\"thumbnailUrl\":\"https:\/\/www.gaveanews.com\/wp-content\/uploads\/Thiago-Maia-durante-sua-coletiva-de-apresentacao.webp\",\"articleSection\":[\"Flamengo\"],\"inLanguage\":\"pt-BR\",\"potentialAction\":[{\"@type\":\"CommentAction\",\"name\":\"Comment\",\"target\":[\"https:\/\/www.gaveanews.com\/index.php\/2020\/03\/30\/thiago-maia-fala-sobre-adaptacao-no-flamengo-e-chegada-ao-clube-estava-ficando-doido\/#respond\"]}],\"copyrightYear\":\"2020\",\"copyrightHolder\":{\"@id\":\"https:\/\/www.gaveanews.com\/#organization\"}},{\"@type\":\"WebPage\",\"@id\":\"https:\/\/www.gaveanews.com\/index.php\/2020\/03\/30\/thiago-maia-fala-sobre-adaptacao-no-flamengo-e-chegada-ao-clube-estava-ficando-doido\/\",\"url\":\"https:\/\/www.gaveanews.com\/index.php\/2020\/03\/30\/thiago-maia-fala-sobre-adaptacao-no-flamengo-e-chegada-ao-clube-estava-ficando-doido\/\",\"name\":\"Thiago Maia fala sobre adapta\u00e7\u00e3o no Flamengo e chegada ao clube: 'Estava ficando doido'\",\"isPartOf\":{\"@id\":\"https:\/\/www.gaveanews.com\/#website\"},\"primaryImageOfPage\":{\"@id\":\"https:\/\/www.gaveanews.com\/index.php\/2020\/03\/30\/thiago-maia-fala-sobre-adaptacao-no-flamengo-e-chegada-ao-clube-estava-ficando-doido\/#primaryimage\"},\"image\":{\"@id\":\"https:\/\/www.gaveanews.com\/index.php\/2020\/03\/30\/thiago-maia-fala-sobre-adaptacao-no-flamengo-e-chegada-ao-clube-estava-ficando-doido\/#primaryimage\"},\"thumbnailUrl\":\"https:\/\/www.gaveanews.com\/wp-content\/uploads\/Thiago-Maia-durante-sua-coletiva-de-apresentacao.webp\",\"datePublished\":\"2020-03-31T02:00:25+00:00\",\"dateModified\":\"2020-03-31T02:00:30+00:00\",\"author\":{\"@id\":\"https:\/\/www.gaveanews.com\/#\/schema\/person\/2ec14f73fb96be2caf28f91afb14749d\"},\"breadcrumb\":{\"@id\":\"https:\/\/www.gaveanews.com\/index.php\/2020\/03\/30\/thiago-maia-fala-sobre-adaptacao-no-flamengo-e-chegada-ao-clube-estava-ficando-doido\/#breadcrumb\"},\"inLanguage\":\"pt-BR\",\"potentialAction\":[{\"@type\":\"ReadAction\",\"target\":[\"https:\/\/www.gaveanews.com\/index.php\/2020\/03\/30\/thiago-maia-fala-sobre-adaptacao-no-flamengo-e-chegada-ao-clube-estava-ficando-doido\/\"]}]},{\"@type\":\"ImageObject\",\"inLanguage\":\"pt-BR\",\"@id\":\"https:\/\/www.gaveanews.com\/index.php\/2020\/03\/30\/thiago-maia-fala-sobre-adaptacao-no-flamengo-e-chegada-ao-clube-estava-ficando-doido\/#primaryimage\",\"url\":\"https:\/\/www.gaveanews.com\/wp-content\/uploads\/Thiago-Maia-durante-sua-coletiva-de-apresentacao.webp\",\"contentUrl\":\"https:\/\/www.gaveanews.com\/wp-content\/uploads\/Thiago-Maia-durante-sua-coletiva-de-apresentacao.webp\",\"caption\":\"Thiago Maia durante sua coletiva de apresenta\u00e7\u00e3o (Foto: Marcelo Cortes\/Flamengo)\"},{\"@type\":\"BreadcrumbList\",\"@id\":\"https:\/\/www.gaveanews.com\/index.php\/2020\/03\/30\/thiago-maia-fala-sobre-adaptacao-no-flamengo-e-chegada-ao-clube-estava-ficando-doido\/#breadcrumb\",\"itemListElement\":[{\"@type\":\"ListItem\",\"position\":1,\"name\":\"Home\",\"item\":\"https:\/\/www.gaveanews.com\/\"},{\"@type\":\"ListItem\",\"position\":2,\"name\":\"Thiago Maia fala sobre adapta\u00e7\u00e3o no Flamengo e chegada ao clube: &#8216;Estava ficando doido&#8217;\"}]},{\"@type\":\"WebSite\",\"@id\":\"https:\/\/www.gaveanews.com\/#website\",\"url\":\"https:\/\/www.gaveanews.com\/\",\"name\":\"G\u00e1vea News\",\"description\":\"Veja todas as not\u00edcias sobre o Flamengo: Contrata\u00e7\u00f5es, categorias de base, resultados das partidas, tabela de classifica\u00e7\u00e3o, pr\u00f3ximos jogos!\",\"potentialAction\":[{\"@type\":\"SearchAction\",\"target\":{\"@type\":\"EntryPoint\",\"urlTemplate\":\"https:\/\/www.gaveanews.com\/?s={search_term_string}\"},\"query-input\":{\"@type\":\"PropertyValueSpecification\",\"valueRequired\":true,\"valueName\":\"search_term_string\"}}],\"inLanguage\":\"pt-BR\"},{\"@type\":\"Person\",\"@id\":\"https:\/\/www.gaveanews.com\/#\/schema\/person\/2ec14f73fb96be2caf28f91afb14749d\",\"name\":\"Equipe G\u00e1vea News\",\"image\":{\"@type\":\"ImageObject\",\"inLanguage\":\"pt-BR\",\"@id\":\"https:\/\/www.gaveanews.com\/#\/schema\/person\/image\/\",\"url\":\"https:\/\/secure.gravatar.com\/avatar\/1e1956f1facbffd3f8fa53a326721950116b3b9dc9bd44939c01180fd4a745a9?s=96&d=mm&r=g\",\"contentUrl\":\"https:\/\/secure.gravatar.com\/avatar\/1e1956f1facbffd3f8fa53a326721950116b3b9dc9bd44939c01180fd4a745a9?s=96&d=mm&r=g\",\"caption\":\"Equipe G\u00e1vea News\"}}]}<\/script>\n<!-- \/ Yoast SEO Premium plugin. -->","yoast_head_json":{"title":"Thiago Maia fala sobre adapta\u00e7\u00e3o no Flamengo e chegada ao clube: 'Estava ficando doido'","robots":{"index":"index","follow":"follow","max-snippet":"max-snippet:-1","max-image-preview":"max-image-preview:large","max-video-preview":"max-video-preview:-1"},"canonical":"https:\/\/www.gaveanews.com\/index.php\/2020\/03\/30\/thiago-maia-fala-sobre-adaptacao-no-flamengo-e-chegada-ao-clube-estava-ficando-doido\/","og_locale":"pt_BR","og_type":"article","og_title":"Thiago Maia fala sobre adapta\u00e7\u00e3o no Flamengo e chegada ao clube: 'Estava ficando doido'","og_description":"O Flamengo segue com a\u00e7\u00f5es nas redes sociais durante a quarentena. Neste domingo, foi a vez do volante Thiago Maia conversar com a &#8216;FlaTV&#8217;. Rec\u00e9m-chegado ao clube carioca, do qual se diz torcedor, o jogador de 22 anos falou sobre a emo\u00e7\u00e3o de defender as cores do Rubro-Negro. Thiago tamb\u00e9m falou sobre a adapta\u00e7\u00e3o na [&hellip;]","og_url":"https:\/\/www.gaveanews.com\/index.php\/2020\/03\/30\/thiago-maia-fala-sobre-adaptacao-no-flamengo-e-chegada-ao-clube-estava-ficando-doido\/","og_site_name":"G\u00e1vea News","article_publisher":"https:\/\/facebook.com\/gaveaNews\/","article_published_time":"2020-03-31T02:00:25+00:00","article_modified_time":"2020-03-31T02:00:30+00:00","og_image":[{"url":"https:\/\/www.gaveanews.com\/wp-content\/uploads\/Thiago-Maia-durante-sua-coletiva-de-apresentacao.webp","width":1,"height":1,"type":"image\/jpeg"}],"author":"Equipe G\u00e1vea News","twitter_card":"summary_large_image","twitter_misc":{"Escrito por":"Equipe G\u00e1vea News","Est. tempo de leitura":"1 minuto"},"schema":{"@context":"https:\/\/schema.org","@graph":[{"@type":"NewsArticle","@id":"https:\/\/www.gaveanews.com\/index.php\/2020\/03\/30\/thiago-maia-fala-sobre-adaptacao-no-flamengo-e-chegada-ao-clube-estava-ficando-doido\/#article","isPartOf":{"@id":"https:\/\/www.gaveanews.com\/index.php\/2020\/03\/30\/thiago-maia-fala-sobre-adaptacao-no-flamengo-e-chegada-ao-clube-estava-ficando-doido\/"},"author":{"name":"Equipe G\u00e1vea News","@id":"https:\/\/www.gaveanews.com\/#\/schema\/person\/2ec14f73fb96be2caf28f91afb14749d"},"headline":"Thiago Maia fala sobre adapta\u00e7\u00e3o no Flamengo e chegada ao clube: &#8216;Estava ficando doido&#8217;","datePublished":"2020-03-31T02:00:25+00:00","dateModified":"2020-03-31T02:00:30+00:00","mainEntityOfPage":{"@id":"https:\/\/www.gaveanews.com\/index.php\/2020\/03\/30\/thiago-maia-fala-sobre-adaptacao-no-flamengo-e-chegada-ao-clube-estava-ficando-doido\/"},"wordCount":254,"commentCount":7,"image":{"@id":"https:\/\/www.gaveanews.com\/index.php\/2020\/03\/30\/thiago-maia-fala-sobre-adaptacao-no-flamengo-e-chegada-ao-clube-estava-ficando-doido\/#primaryimage"},"thumbnailUrl":"https:\/\/www.gaveanews.com\/wp-content\/uploads\/Thiago-Maia-durante-sua-coletiva-de-apresentacao.webp","articleSection":["Flamengo"],"inLanguage":"pt-BR","potentialAction":[{"@type":"CommentAction","name":"Comment","target":["https:\/\/www.gaveanews.com\/index.php\/2020\/03\/30\/thiago-maia-fala-sobre-adaptacao-no-flamengo-e-chegada-ao-clube-estava-ficando-doido\/#respond"]}],"copyrightYear":"2020","copyrightHolder":{"@id":"https:\/\/www.gaveanews.com\/#organization"}},{"@type":"WebPage","@id":"https:\/\/www.gaveanews.com\/index.php\/2020\/03\/30\/thiago-maia-fala-sobre-adaptacao-no-flamengo-e-chegada-ao-clube-estava-ficando-doido\/","url":"https:\/\/www.gaveanews.com\/index.php\/2020\/03\/30\/thiago-maia-fala-sobre-adaptacao-no-flamengo-e-chegada-ao-clube-estava-ficando-doido\/","name":"Thiago Maia fala sobre adapta\u00e7\u00e3o no Flamengo e chegada ao clube: 'Estava ficando doido'","isPartOf":{"@id":"https:\/\/www.gaveanews.com\/#website"},"primaryImageOfPage":{"@id":"https:\/\/www.gaveanews.com\/index.php\/2020\/03\/30\/thiago-maia-fala-sobre-adaptacao-no-flamengo-e-chegada-ao-clube-estava-ficando-doido\/#primaryimage"},"image":{"@id":"https:\/\/www.gaveanews.com\/index.php\/2020\/03\/30\/thiago-maia-fala-sobre-adaptacao-no-flamengo-e-chegada-ao-clube-estava-ficando-doido\/#primaryimage"},"thumbnailUrl":"https:\/\/www.gaveanews.com\/wp-content\/uploads\/Thiago-Maia-durante-sua-coletiva-de-apresentacao.webp","datePublished":"2020-03-31T02:00:25+00:00","dateModified":"2020-03-31T02:00:30+00:00","author":{"@id":"https:\/\/www.gaveanews.com\/#\/schema\/person\/2ec14f73fb96be2caf28f91afb14749d"},"breadcrumb":{"@id":"https:\/\/www.gaveanews.com\/index.php\/2020\/03\/30\/thiago-maia-fala-sobre-adaptacao-no-flamengo-e-chegada-ao-clube-estava-ficando-doido\/#breadcrumb"},"inLanguage":"pt-BR","potentialAction":[{"@type":"ReadAction","target":["https:\/\/www.gaveanews.com\/index.php\/2020\/03\/30\/thiago-maia-fala-sobre-adaptacao-no-flamengo-e-chegada-ao-clube-estava-ficando-doido\/"]}]},{"@type":"ImageObject","inLanguage":"pt-BR","@id":"https:\/\/www.gaveanews.com\/index.php\/2020\/03\/30\/thiago-maia-fala-sobre-adaptacao-no-flamengo-e-chegada-ao-clube-estava-ficando-doido\/#primaryimage","url":"https:\/\/www.gaveanews.com\/wp-content\/uploads\/Thiago-Maia-durante-sua-coletiva-de-apresentacao.webp","contentUrl":"https:\/\/www.gaveanews.com\/wp-content\/uploads\/Thiago-Maia-durante-sua-coletiva-de-apresentacao.webp","caption":"Thiago Maia durante sua coletiva de apresenta\u00e7\u00e3o (Foto: Marcelo Cortes\/Flamengo)"},{"@type":"BreadcrumbList","@id":"https:\/\/www.gaveanews.com\/index.php\/2020\/03\/30\/thiago-maia-fala-sobre-adaptacao-no-flamengo-e-chegada-ao-clube-estava-ficando-doido\/#breadcrumb","itemListElement":[{"@type":"ListItem","position":1,"name":"Home","item":"https:\/\/www.gaveanews.com\/"},{"@type":"ListItem","position":2,"name":"Thiago Maia fala sobre adapta\u00e7\u00e3o no Flamengo e chegada ao clube: &#8216;Estava ficando doido&#8217;"}]},{"@type":"WebSite","@id":"https:\/\/www.gaveanews.com\/#website","url":"https:\/\/www.gaveanews.com\/","name":"G\u00e1vea News","description":"Veja todas as not\u00edcias sobre o Flamengo: Contrata\u00e7\u00f5es, categorias de base, resultados das partidas, tabela de classifica\u00e7\u00e3o, pr\u00f3ximos jogos!","potentialAction":[{"@type":"SearchAction","target":{"@type":"EntryPoint","urlTemplate":"https:\/\/www.gaveanews.com\/?s={search_term_string}"},"query-input":{"@type":"PropertyValueSpecification","valueRequired":true,"valueName":"search_term_string"}}],"inLanguage":"pt-BR"},{"@type":"Person","@id":"https:\/\/www.gaveanews.com\/#\/schema\/person\/2ec14f73fb96be2caf28f91afb14749d","name":"Equipe G\u00e1vea News","image":{"@type":"ImageObject","inLanguage":"pt-BR","@id":"https:\/\/www.gaveanews.com\/#\/schema\/person\/image\/","url":"https:\/\/secure.gravatar.com\/avatar\/1e1956f1facbffd3f8fa53a326721950116b3b9dc9bd44939c01180fd4a745a9?s=96&d=mm&r=g","contentUrl":"https:\/\/secure.gravatar.com\/avatar\/1e1956f1facbffd3f8fa53a326721950116b3b9dc9bd44939c01180fd4a745a9?s=96&d=mm&r=g","caption":"Equipe G\u00e1vea News"}}]}},"_links":{"self":[{"href":"https:\/\/www.gaveanews.com\/index.php\/wp-json\/wp\/v2\/posts\/39142","targetHints":{"allow":["GET"]}}],"collection":[{"href":"https:\/\/www.gaveanews.com\/index.php\/wp-json\/wp\/v2\/posts"}],"about":[{"href":"https:\/\/www.gaveanews.com\/index.php\/wp-json\/wp\/v2\/types\/post"}],"author":[{"embeddable":true,"href":"https:\/\/www.gaveanews.com\/index.php\/wp-json\/wp\/v2\/users\/1"}],"replies":[{"embeddable":true,"href":"https:\/\/www.gaveanews.com\/index.php\/wp-json\/wp\/v2\/comments?post=39142"}],"version-history":[{"count":0,"href":"https:\/\/www.gaveanews.com\/index.php\/wp-json\/wp\/v2\/posts\/39142\/revisions"}],"wp:featuredmedia":[{"embeddable":true,"href":"https:\/\/www.gaveanews.com\/index.php\/wp-json\/wp\/v2\/media\/37925"}],"wp:attachment":[{"href":"https:\/\/www.gaveanews.com\/index.php\/wp-json\/wp\/v2\/media?parent=39142"}],"wp:term":[{"taxonomy":"category","embeddable":true,"href":"https:\/\/www.gaveanews.com\/index.php\/wp-json\/wp\/v2\/categories?post=39142"},{"taxonomy":"post_tag","embeddable":true,"href":"https:\/\/www.gaveanews.com\/index.php\/wp-json\/wp\/v2\/tags?post=39142"}],"curies":[{"name":"wp","href":"https:\/\/api.w.org\/{rel}","templated":true}]}}