{"id":39148,"date":"2020-03-31T13:00:25","date_gmt":"2020-03-31T16:00:25","guid":{"rendered":"https:\/\/www.gaveanews.com\/?p=39148"},"modified":"2020-03-31T13:01:06","modified_gmt":"2020-03-31T16:01:06","slug":"meio-campista-do-flamengo-possui-proposta-para-renovar-o-seu-contrato","status":"publish","type":"post","link":"https:\/\/www.gaveanews.com\/index.php\/2020\/03\/31\/meio-campista-do-flamengo-possui-proposta-para-renovar-o-seu-contrato\/","title":{"rendered":"Meio-campista do Flamengo possui proposta para renovar o seu contrato"},"content":{"rendered":"\n<p>Diego Ribas \u00e9 um dos jogadores do Flamengo que mais divide opini\u00f5es entre os pr\u00f3prios torcedores. Um lado da torcida entende que Diego \u00e9 pe\u00e7a importante no atual elenco, outro lado considera que o meio-campista pouco fez na sua trajet\u00f3ria ao Flamengo e falhou em alguns momentos decisivos.<\/p>\n\n\n\n<p>O certo \u00e9 que o camisa 10 marcou o seu nome na hist\u00f3ria do clube mais popular do Brasil ao ser um protagonistas diante do River Plate, na final da Libertadores da Am\u00e9rica. <\/p>\n\n\n\n<p>Quando o meia entrou na partida, o Meng\u00e3o estava perdendo de a 1 a 0 e ele come\u00e7ou a jogada dos dois gols flamenguistas. No empate, foi ele quem for\u00e7ou Lucas Pratto a perder o dom\u00ednio da bola para Arrascaeta. Na virada hist\u00f3rica, ele deu um lan\u00e7amento que culminou no gola\u00e7o de Gabigol.<\/p>\n\n\n\n<p>Neste ano, o cen\u00e1rio nos bastidores quanto ao futuro do atleta vem sendo analisado. Ele tem contrato apenas at\u00e9 dia 31 de dezembro e, a partir do meio do ano, j\u00e1 pode assinar um pr\u00e9-contrato com qualquer outra equipe. Seu desejo \u00e9 permanecer por um longo tempo vestindo o Manto Sagrado. De acordo com o comentarista Marcelo Penido, j\u00e1 h\u00e1 uma proposta da diretoria do Flamengo para renovar com o camisa 10.<\/p>\n\n\n\n<p>Ainda n\u00e3o se sabe qual ser\u00e1 a dura\u00e7\u00e3o do novo v\u00ednculo, mas especula-se que a inten\u00e7\u00e3o do clube da G\u00e1vea \u00e9 estender por mais uma temporada. Assim, o novo acordado iria at\u00e9 o final de 2021. Mas, vale lembrar que Diego j\u00e1 recusou assinar por um ano na \u00faltima renova\u00e7\u00e3o e as conversas ficaram travadas em um primeiro momento. Ap\u00f3s longas negocia\u00e7\u00f5es, o craque assinou por dois anos.<\/p>\n\n\n\n<p>Com 35 anos, o meio-campista deve continuar atuando em um bom n\u00edvel por, no m\u00e1ximo, duas temporadas. \u00c9 por esse motivo que a c\u00fapula flamenguista vem analisando com mais aten\u00e7\u00e3o o cen\u00e1rio para agradar todas as partes da transa\u00e7\u00e3o.  O Santos estaria de olho na situa\u00e7\u00e3o. <\/p>\n\n\n\n<p>Retirado de: Bola Vip<\/p>\n","protected":false},"excerpt":{"rendered":"<p>Diego Ribas \u00e9 um dos jogadores do Flamengo que mais divide opini\u00f5es entre os pr\u00f3prios torcedores. Um lado da torcida entende que Diego \u00e9 pe\u00e7a importante no atual elenco, outro lado considera que o meio-campista pouco fez na sua trajet\u00f3ria ao Flamengo e falhou em alguns momentos decisivos. O certo \u00e9 que o camisa 10 [&hellip;]<\/p>\n","protected":false},"author":1,"featured_media":23567,"comment_status":"open","ping_status":"closed","sticky":false,"template":"","format":"standard","meta":{"footnotes":""},"categories":[1],"tags":[],"class_list":["post-39148","post","type-post","status-publish","format-standard","has-post-thumbnail","hentry","category-flamengo"],"yoast_head":"<!-- This site is optimized with the Yoast SEO Premium plugin v24.2 (Yoast SEO v26.9) - https:\/\/yoast.com\/product\/yoast-seo-premium-wordpress\/ -->\n<title>Meio-campista do Flamengo possui proposta para renovar o seu contrato<\/title>\n<meta name=\"robots\" content=\"index, follow, max-snippet:-1, max-image-preview:large, max-video-preview:-1\" \/>\n<link rel=\"canonical\" href=\"https:\/\/www.gaveanews.com\/index.php\/2020\/03\/31\/meio-campista-do-flamengo-possui-proposta-para-renovar-o-seu-contrato\/\" \/>\n<meta property=\"og:locale\" content=\"pt_BR\" \/>\n<meta property=\"og:type\" content=\"article\" \/>\n<meta property=\"og:title\" content=\"Meio-campista do Flamengo possui proposta para renovar o seu contrato\" \/>\n<meta property=\"og:description\" content=\"Diego Ribas \u00e9 um dos jogadores do Flamengo que mais divide opini\u00f5es entre os pr\u00f3prios torcedores. Um lado da torcida entende que Diego \u00e9 pe\u00e7a importante no atual elenco, outro lado considera que o meio-campista pouco fez na sua trajet\u00f3ria ao Flamengo e falhou em alguns momentos decisivos. O certo \u00e9 que o camisa 10 [&hellip;]\" \/>\n<meta property=\"og:url\" content=\"https:\/\/www.gaveanews.com\/index.php\/2020\/03\/31\/meio-campista-do-flamengo-possui-proposta-para-renovar-o-seu-contrato\/\" \/>\n<meta property=\"og:site_name\" content=\"G\u00e1vea News\" \/>\n<meta property=\"article:publisher\" content=\"https:\/\/facebook.com\/gaveaNews\/\" \/>\n<meta property=\"article:published_time\" content=\"2020-03-31T16:00:25+00:00\" \/>\n<meta property=\"article:modified_time\" content=\"2020-03-31T16:01:06+00:00\" \/>\n<meta property=\"og:image\" content=\"https:\/\/www.gaveanews.com\/wp-content\/uploads\/2019\/07\/Diego-Ribas-durante-treinamento-do-Flamengo.webp\" \/>\n\t<meta property=\"og:image:width\" content=\"1024\" \/>\n\t<meta property=\"og:image:height\" content=\"682\" \/>\n\t<meta property=\"og:image:type\" content=\"image\/jpeg\" \/>\n<meta name=\"author\" content=\"Equipe G\u00e1vea News\" \/>\n<meta name=\"twitter:card\" content=\"summary_large_image\" \/>\n<meta name=\"twitter:label1\" content=\"Escrito por\" \/>\n\t<meta name=\"twitter:data1\" content=\"Equipe G\u00e1vea News\" \/>\n\t<meta name=\"twitter:label2\" content=\"Est. tempo de leitura\" \/>\n\t<meta name=\"twitter:data2\" content=\"2 minutos\" \/>\n<script type=\"application\/ld+json\" class=\"yoast-schema-graph\">{\"@context\":\"https:\/\/schema.org\",\"@graph\":[{\"@type\":\"NewsArticle\",\"@id\":\"https:\/\/www.gaveanews.com\/index.php\/2020\/03\/31\/meio-campista-do-flamengo-possui-proposta-para-renovar-o-seu-contrato\/#article\",\"isPartOf\":{\"@id\":\"https:\/\/www.gaveanews.com\/index.php\/2020\/03\/31\/meio-campista-do-flamengo-possui-proposta-para-renovar-o-seu-contrato\/\"},\"author\":{\"name\":\"Equipe G\u00e1vea News\",\"@id\":\"https:\/\/www.gaveanews.com\/#\/schema\/person\/2ec14f73fb96be2caf28f91afb14749d\"},\"headline\":\"Meio-campista do Flamengo possui proposta para renovar o seu contrato\",\"datePublished\":\"2020-03-31T16:00:25+00:00\",\"dateModified\":\"2020-03-31T16:01:06+00:00\",\"mainEntityOfPage\":{\"@id\":\"https:\/\/www.gaveanews.com\/index.php\/2020\/03\/31\/meio-campista-do-flamengo-possui-proposta-para-renovar-o-seu-contrato\/\"},\"wordCount\":351,\"commentCount\":96,\"image\":{\"@id\":\"https:\/\/www.gaveanews.com\/index.php\/2020\/03\/31\/meio-campista-do-flamengo-possui-proposta-para-renovar-o-seu-contrato\/#primaryimage\"},\"thumbnailUrl\":\"https:\/\/www.gaveanews.com\/wp-content\/uploads\/2019\/07\/Diego-Ribas-durante-treinamento-do-Flamengo.webp\",\"articleSection\":[\"Flamengo\"],\"inLanguage\":\"pt-BR\",\"potentialAction\":[{\"@type\":\"CommentAction\",\"name\":\"Comment\",\"target\":[\"https:\/\/www.gaveanews.com\/index.php\/2020\/03\/31\/meio-campista-do-flamengo-possui-proposta-para-renovar-o-seu-contrato\/#respond\"]}],\"copyrightYear\":\"2020\",\"copyrightHolder\":{\"@id\":\"https:\/\/www.gaveanews.com\/#organization\"}},{\"@type\":\"WebPage\",\"@id\":\"https:\/\/www.gaveanews.com\/index.php\/2020\/03\/31\/meio-campista-do-flamengo-possui-proposta-para-renovar-o-seu-contrato\/\",\"url\":\"https:\/\/www.gaveanews.com\/index.php\/2020\/03\/31\/meio-campista-do-flamengo-possui-proposta-para-renovar-o-seu-contrato\/\",\"name\":\"Meio-campista do Flamengo possui proposta para renovar o seu contrato\",\"isPartOf\":{\"@id\":\"https:\/\/www.gaveanews.com\/#website\"},\"primaryImageOfPage\":{\"@id\":\"https:\/\/www.gaveanews.com\/index.php\/2020\/03\/31\/meio-campista-do-flamengo-possui-proposta-para-renovar-o-seu-contrato\/#primaryimage\"},\"image\":{\"@id\":\"https:\/\/www.gaveanews.com\/index.php\/2020\/03\/31\/meio-campista-do-flamengo-possui-proposta-para-renovar-o-seu-contrato\/#primaryimage\"},\"thumbnailUrl\":\"https:\/\/www.gaveanews.com\/wp-content\/uploads\/2019\/07\/Diego-Ribas-durante-treinamento-do-Flamengo.webp\",\"datePublished\":\"2020-03-31T16:00:25+00:00\",\"dateModified\":\"2020-03-31T16:01:06+00:00\",\"author\":{\"@id\":\"https:\/\/www.gaveanews.com\/#\/schema\/person\/2ec14f73fb96be2caf28f91afb14749d\"},\"breadcrumb\":{\"@id\":\"https:\/\/www.gaveanews.com\/index.php\/2020\/03\/31\/meio-campista-do-flamengo-possui-proposta-para-renovar-o-seu-contrato\/#breadcrumb\"},\"inLanguage\":\"pt-BR\",\"potentialAction\":[{\"@type\":\"ReadAction\",\"target\":[\"https:\/\/www.gaveanews.com\/index.php\/2020\/03\/31\/meio-campista-do-flamengo-possui-proposta-para-renovar-o-seu-contrato\/\"]}]},{\"@type\":\"ImageObject\",\"inLanguage\":\"pt-BR\",\"@id\":\"https:\/\/www.gaveanews.com\/index.php\/2020\/03\/31\/meio-campista-do-flamengo-possui-proposta-para-renovar-o-seu-contrato\/#primaryimage\",\"url\":\"https:\/\/www.gaveanews.com\/wp-content\/uploads\/2019\/07\/Diego-Ribas-durante-treinamento-do-Flamengo.webp\",\"contentUrl\":\"https:\/\/www.gaveanews.com\/wp-content\/uploads\/2019\/07\/Diego-Ribas-durante-treinamento-do-Flamengo.webp\",\"width\":1024,\"height\":682,\"caption\":\"Diego Ribas durante treinamento do Flamengo (Foto: Alexandre Vidal\/Flamengo)\"},{\"@type\":\"BreadcrumbList\",\"@id\":\"https:\/\/www.gaveanews.com\/index.php\/2020\/03\/31\/meio-campista-do-flamengo-possui-proposta-para-renovar-o-seu-contrato\/#breadcrumb\",\"itemListElement\":[{\"@type\":\"ListItem\",\"position\":1,\"name\":\"Home\",\"item\":\"https:\/\/www.gaveanews.com\/\"},{\"@type\":\"ListItem\",\"position\":2,\"name\":\"Meio-campista do Flamengo possui proposta para renovar o seu contrato\"}]},{\"@type\":\"WebSite\",\"@id\":\"https:\/\/www.gaveanews.com\/#website\",\"url\":\"https:\/\/www.gaveanews.com\/\",\"name\":\"G\u00e1vea News\",\"description\":\"Veja todas as not\u00edcias sobre o Flamengo: Contrata\u00e7\u00f5es, categorias de base, resultados das partidas, tabela de classifica\u00e7\u00e3o, pr\u00f3ximos jogos!\",\"potentialAction\":[{\"@type\":\"SearchAction\",\"target\":{\"@type\":\"EntryPoint\",\"urlTemplate\":\"https:\/\/www.gaveanews.com\/?s={search_term_string}\"},\"query-input\":{\"@type\":\"PropertyValueSpecification\",\"valueRequired\":true,\"valueName\":\"search_term_string\"}}],\"inLanguage\":\"pt-BR\"},{\"@type\":\"Person\",\"@id\":\"https:\/\/www.gaveanews.com\/#\/schema\/person\/2ec14f73fb96be2caf28f91afb14749d\",\"name\":\"Equipe G\u00e1vea News\",\"image\":{\"@type\":\"ImageObject\",\"inLanguage\":\"pt-BR\",\"@id\":\"https:\/\/www.gaveanews.com\/#\/schema\/person\/image\/\",\"url\":\"https:\/\/secure.gravatar.com\/avatar\/1e1956f1facbffd3f8fa53a326721950116b3b9dc9bd44939c01180fd4a745a9?s=96&d=mm&r=g\",\"contentUrl\":\"https:\/\/secure.gravatar.com\/avatar\/1e1956f1facbffd3f8fa53a326721950116b3b9dc9bd44939c01180fd4a745a9?s=96&d=mm&r=g\",\"caption\":\"Equipe G\u00e1vea News\"}}]}<\/script>\n<!-- \/ Yoast SEO Premium plugin. -->","yoast_head_json":{"title":"Meio-campista do Flamengo possui proposta para renovar o seu contrato","robots":{"index":"index","follow":"follow","max-snippet":"max-snippet:-1","max-image-preview":"max-image-preview:large","max-video-preview":"max-video-preview:-1"},"canonical":"https:\/\/www.gaveanews.com\/index.php\/2020\/03\/31\/meio-campista-do-flamengo-possui-proposta-para-renovar-o-seu-contrato\/","og_locale":"pt_BR","og_type":"article","og_title":"Meio-campista do Flamengo possui proposta para renovar o seu contrato","og_description":"Diego Ribas \u00e9 um dos jogadores do Flamengo que mais divide opini\u00f5es entre os pr\u00f3prios torcedores. Um lado da torcida entende que Diego \u00e9 pe\u00e7a importante no atual elenco, outro lado considera que o meio-campista pouco fez na sua trajet\u00f3ria ao Flamengo e falhou em alguns momentos decisivos. O certo \u00e9 que o camisa 10 [&hellip;]","og_url":"https:\/\/www.gaveanews.com\/index.php\/2020\/03\/31\/meio-campista-do-flamengo-possui-proposta-para-renovar-o-seu-contrato\/","og_site_name":"G\u00e1vea News","article_publisher":"https:\/\/facebook.com\/gaveaNews\/","article_published_time":"2020-03-31T16:00:25+00:00","article_modified_time":"2020-03-31T16:01:06+00:00","og_image":[{"width":1024,"height":682,"url":"https:\/\/www.gaveanews.com\/wp-content\/uploads\/2019\/07\/Diego-Ribas-durante-treinamento-do-Flamengo.webp","type":"image\/jpeg"}],"author":"Equipe G\u00e1vea News","twitter_card":"summary_large_image","twitter_misc":{"Escrito por":"Equipe G\u00e1vea News","Est. tempo de leitura":"2 minutos"},"schema":{"@context":"https:\/\/schema.org","@graph":[{"@type":"NewsArticle","@id":"https:\/\/www.gaveanews.com\/index.php\/2020\/03\/31\/meio-campista-do-flamengo-possui-proposta-para-renovar-o-seu-contrato\/#article","isPartOf":{"@id":"https:\/\/www.gaveanews.com\/index.php\/2020\/03\/31\/meio-campista-do-flamengo-possui-proposta-para-renovar-o-seu-contrato\/"},"author":{"name":"Equipe G\u00e1vea News","@id":"https:\/\/www.gaveanews.com\/#\/schema\/person\/2ec14f73fb96be2caf28f91afb14749d"},"headline":"Meio-campista do Flamengo possui proposta para renovar o seu contrato","datePublished":"2020-03-31T16:00:25+00:00","dateModified":"2020-03-31T16:01:06+00:00","mainEntityOfPage":{"@id":"https:\/\/www.gaveanews.com\/index.php\/2020\/03\/31\/meio-campista-do-flamengo-possui-proposta-para-renovar-o-seu-contrato\/"},"wordCount":351,"commentCount":96,"image":{"@id":"https:\/\/www.gaveanews.com\/index.php\/2020\/03\/31\/meio-campista-do-flamengo-possui-proposta-para-renovar-o-seu-contrato\/#primaryimage"},"thumbnailUrl":"https:\/\/www.gaveanews.com\/wp-content\/uploads\/2019\/07\/Diego-Ribas-durante-treinamento-do-Flamengo.webp","articleSection":["Flamengo"],"inLanguage":"pt-BR","potentialAction":[{"@type":"CommentAction","name":"Comment","target":["https:\/\/www.gaveanews.com\/index.php\/2020\/03\/31\/meio-campista-do-flamengo-possui-proposta-para-renovar-o-seu-contrato\/#respond"]}],"copyrightYear":"2020","copyrightHolder":{"@id":"https:\/\/www.gaveanews.com\/#organization"}},{"@type":"WebPage","@id":"https:\/\/www.gaveanews.com\/index.php\/2020\/03\/31\/meio-campista-do-flamengo-possui-proposta-para-renovar-o-seu-contrato\/","url":"https:\/\/www.gaveanews.com\/index.php\/2020\/03\/31\/meio-campista-do-flamengo-possui-proposta-para-renovar-o-seu-contrato\/","name":"Meio-campista do Flamengo possui proposta para renovar o seu contrato","isPartOf":{"@id":"https:\/\/www.gaveanews.com\/#website"},"primaryImageOfPage":{"@id":"https:\/\/www.gaveanews.com\/index.php\/2020\/03\/31\/meio-campista-do-flamengo-possui-proposta-para-renovar-o-seu-contrato\/#primaryimage"},"image":{"@id":"https:\/\/www.gaveanews.com\/index.php\/2020\/03\/31\/meio-campista-do-flamengo-possui-proposta-para-renovar-o-seu-contrato\/#primaryimage"},"thumbnailUrl":"https:\/\/www.gaveanews.com\/wp-content\/uploads\/2019\/07\/Diego-Ribas-durante-treinamento-do-Flamengo.webp","datePublished":"2020-03-31T16:00:25+00:00","dateModified":"2020-03-31T16:01:06+00:00","author":{"@id":"https:\/\/www.gaveanews.com\/#\/schema\/person\/2ec14f73fb96be2caf28f91afb14749d"},"breadcrumb":{"@id":"https:\/\/www.gaveanews.com\/index.php\/2020\/03\/31\/meio-campista-do-flamengo-possui-proposta-para-renovar-o-seu-contrato\/#breadcrumb"},"inLanguage":"pt-BR","potentialAction":[{"@type":"ReadAction","target":["https:\/\/www.gaveanews.com\/index.php\/2020\/03\/31\/meio-campista-do-flamengo-possui-proposta-para-renovar-o-seu-contrato\/"]}]},{"@type":"ImageObject","inLanguage":"pt-BR","@id":"https:\/\/www.gaveanews.com\/index.php\/2020\/03\/31\/meio-campista-do-flamengo-possui-proposta-para-renovar-o-seu-contrato\/#primaryimage","url":"https:\/\/www.gaveanews.com\/wp-content\/uploads\/2019\/07\/Diego-Ribas-durante-treinamento-do-Flamengo.webp","contentUrl":"https:\/\/www.gaveanews.com\/wp-content\/uploads\/2019\/07\/Diego-Ribas-durante-treinamento-do-Flamengo.webp","width":1024,"height":682,"caption":"Diego Ribas durante treinamento do Flamengo (Foto: Alexandre Vidal\/Flamengo)"},{"@type":"BreadcrumbList","@id":"https:\/\/www.gaveanews.com\/index.php\/2020\/03\/31\/meio-campista-do-flamengo-possui-proposta-para-renovar-o-seu-contrato\/#breadcrumb","itemListElement":[{"@type":"ListItem","position":1,"name":"Home","item":"https:\/\/www.gaveanews.com\/"},{"@type":"ListItem","position":2,"name":"Meio-campista do Flamengo possui proposta para renovar o seu contrato"}]},{"@type":"WebSite","@id":"https:\/\/www.gaveanews.com\/#website","url":"https:\/\/www.gaveanews.com\/","name":"G\u00e1vea News","description":"Veja todas as not\u00edcias sobre o Flamengo: Contrata\u00e7\u00f5es, categorias de base, resultados das partidas, tabela de classifica\u00e7\u00e3o, pr\u00f3ximos jogos!","potentialAction":[{"@type":"SearchAction","target":{"@type":"EntryPoint","urlTemplate":"https:\/\/www.gaveanews.com\/?s={search_term_string}"},"query-input":{"@type":"PropertyValueSpecification","valueRequired":true,"valueName":"search_term_string"}}],"inLanguage":"pt-BR"},{"@type":"Person","@id":"https:\/\/www.gaveanews.com\/#\/schema\/person\/2ec14f73fb96be2caf28f91afb14749d","name":"Equipe G\u00e1vea News","image":{"@type":"ImageObject","inLanguage":"pt-BR","@id":"https:\/\/www.gaveanews.com\/#\/schema\/person\/image\/","url":"https:\/\/secure.gravatar.com\/avatar\/1e1956f1facbffd3f8fa53a326721950116b3b9dc9bd44939c01180fd4a745a9?s=96&d=mm&r=g","contentUrl":"https:\/\/secure.gravatar.com\/avatar\/1e1956f1facbffd3f8fa53a326721950116b3b9dc9bd44939c01180fd4a745a9?s=96&d=mm&r=g","caption":"Equipe G\u00e1vea News"}}]}},"_links":{"self":[{"href":"https:\/\/www.gaveanews.com\/index.php\/wp-json\/wp\/v2\/posts\/39148","targetHints":{"allow":["GET"]}}],"collection":[{"href":"https:\/\/www.gaveanews.com\/index.php\/wp-json\/wp\/v2\/posts"}],"about":[{"href":"https:\/\/www.gaveanews.com\/index.php\/wp-json\/wp\/v2\/types\/post"}],"author":[{"embeddable":true,"href":"https:\/\/www.gaveanews.com\/index.php\/wp-json\/wp\/v2\/users\/1"}],"replies":[{"embeddable":true,"href":"https:\/\/www.gaveanews.com\/index.php\/wp-json\/wp\/v2\/comments?post=39148"}],"version-history":[{"count":0,"href":"https:\/\/www.gaveanews.com\/index.php\/wp-json\/wp\/v2\/posts\/39148\/revisions"}],"wp:featuredmedia":[{"embeddable":true,"href":"https:\/\/www.gaveanews.com\/index.php\/wp-json\/wp\/v2\/media\/23567"}],"wp:attachment":[{"href":"https:\/\/www.gaveanews.com\/index.php\/wp-json\/wp\/v2\/media?parent=39148"}],"wp:term":[{"taxonomy":"category","embeddable":true,"href":"https:\/\/www.gaveanews.com\/index.php\/wp-json\/wp\/v2\/categories?post=39148"},{"taxonomy":"post_tag","embeddable":true,"href":"https:\/\/www.gaveanews.com\/index.php\/wp-json\/wp\/v2\/tags?post=39148"}],"curies":[{"name":"wp","href":"https:\/\/api.w.org\/{rel}","templated":true}]}}