{"id":39155,"date":"2020-03-31T18:51:56","date_gmt":"2020-03-31T21:51:56","guid":{"rendered":"https:\/\/www.gaveanews.com\/?p=39155"},"modified":"2020-03-31T18:51:58","modified_gmt":"2020-03-31T21:51:58","slug":"funcionario-do-flamengo-e-internado-no-rio-com-suspeita-de-coronavirus-e-vice-presidente-pede-oracao-nas-redes-sociais","status":"publish","type":"post","link":"https:\/\/www.gaveanews.com\/index.php\/2020\/03\/31\/funcionario-do-flamengo-e-internado-no-rio-com-suspeita-de-coronavirus-e-vice-presidente-pede-oracao-nas-redes-sociais\/","title":{"rendered":"Funcion\u00e1rio do Flamengo \u00e9 internado no Rio com suspeita de coronav\u00edrus e vice-presidente pede ora\u00e7\u00e3o nas redes sociais"},"content":{"rendered":"\n<p>Figura importante na colabora\u00e7\u00e3o da mem\u00f3ria do Flamengo, sendo respons\u00e1vel pela produ\u00e7\u00e3o de v\u00e1rios bustos de \u00eddolos, Sandro Rilho est\u00e1 internado em um hospital no M\u00e9ier, na Zona Norte do Rio de Janeiro, com suspeita de ter contra\u00eddo o coronav\u00edrus, desde a \u00faltima segunda (30).<\/p>\n\n\n\n<figure class=\"wp-block-image size-large\"><img decoding=\"async\" src=\"https:\/\/static-wp-tor15-prd.torcedores.com\/wp-content\/uploads\/2020\/03\/5e837299eecdc.webp\" alt=\"\"\/><figcaption>Zico, Sandro e Pet (Foto: Reprodu\u00e7\u00e3o)<\/figcaption><\/figure>\n\n\n\n<p>Sandro apresentou sintomas da Covid-19 h\u00e1 cerca de uma semana e se encontra em estado grave. Amigos do funcion\u00e1rio rubro-negro tentam fazer a sua transfer\u00eancia para um hospital na Barra da Tijuca, que fica na Zona Oeste da cidade.<\/p>\n\n\n\n<p>Atrav\u00e9s de seu perfil no Twitter, o vice-presidente de rela\u00e7\u00f5es externas do Flamengo, Cacau Cotta, pediu ora\u00e7\u00f5es para o amigo.<\/p>\n\n\n\n<figure class=\"wp-block-embed-twitter wp-block-embed is-type-rich is-provider-twitter\"><div class=\"wp-block-embed__wrapper\">\n<blockquote class=\"twitter-tweet\" data-width=\"550\" data-dnt=\"true\"><p lang=\"pt\" dir=\"ltr\">Pe\u00e7o a todos da FLATT muita ora\u00e7\u00e3o p nosso funcion\u00e1rio , amigo e grande rubro-negro Sandro Rilho . . . \ud83d\ude4f\ud83c\udffb\ud83d\ude4f\ud83c\udffb\ud83d\ude4f\ud83c\udffb\ud83d\ude4f\ud83c\udffb\ud83d\ude4f\ud83c\udffb\u2764\ufe0f\ud83d\udda4<\/p>&mdash; Cacau Cotta (@CacaucottaLuis) <a href=\"https:\/\/twitter.com\/CacaucottaLuis\/status\/1245016071834406914?ref_src=twsrc%5Etfw\">March 31, 2020<\/a><\/blockquote><script async src=\"https:\/\/platform.twitter.com\/widgets.js\" charset=\"utf-8\"><\/script>\n<\/div><\/figure>\n\n\n\n<p>Em caso de confirma\u00e7\u00e3o positiva para o coronav\u00edrus, este ser\u00e1 o segundo funcion\u00e1rio do Flamengo diagnosticado com a doen\u00e7a. No in\u00edcio do m\u00eas, o vice-presidente de embaixadas e consulados do rubro-negro, Maur\u00edcio de Gomes de Mattos, ficou internado em um hospital de Bras\u00edlia, contudo, j\u00e1 recebeu alto e se recupera em casa.<\/p>\n\n\n\n<p>Retirado de: Torcedores<\/p>\n","protected":false},"excerpt":{"rendered":"<p>Figura importante na colabora\u00e7\u00e3o da mem\u00f3ria do Flamengo, sendo respons\u00e1vel pela produ\u00e7\u00e3o de v\u00e1rios bustos de \u00eddolos, Sandro Rilho est\u00e1 internado em um hospital no M\u00e9ier, na Zona Norte do Rio de Janeiro, com suspeita de ter contra\u00eddo o coronav\u00edrus, desde a \u00faltima segunda (30). Sandro apresentou sintomas da Covid-19 h\u00e1 cerca de uma semana [&hellip;]<\/p>\n","protected":false},"author":1,"featured_media":15081,"comment_status":"open","ping_status":"closed","sticky":false,"template":"","format":"standard","meta":{"footnotes":""},"categories":[1],"tags":[],"class_list":["post-39155","post","type-post","status-publish","format-standard","has-post-thumbnail","hentry","category-flamengo"],"yoast_head":"<!-- This site is optimized with the Yoast SEO Premium plugin v24.2 (Yoast SEO v26.9) - https:\/\/yoast.com\/product\/yoast-seo-premium-wordpress\/ -->\n<title>Funcion\u00e1rio do Flamengo \u00e9 internado no Rio com suspeita de coronav\u00edrus e vice-presidente pede ora\u00e7\u00e3o nas redes sociais<\/title>\n<meta name=\"robots\" content=\"index, follow, max-snippet:-1, max-image-preview:large, max-video-preview:-1\" \/>\n<link rel=\"canonical\" href=\"https:\/\/www.gaveanews.com\/index.php\/2020\/03\/31\/funcionario-do-flamengo-e-internado-no-rio-com-suspeita-de-coronavirus-e-vice-presidente-pede-oracao-nas-redes-sociais\/\" \/>\n<meta property=\"og:locale\" content=\"pt_BR\" \/>\n<meta property=\"og:type\" content=\"article\" \/>\n<meta property=\"og:title\" content=\"Funcion\u00e1rio do Flamengo \u00e9 internado no Rio com suspeita de coronav\u00edrus e vice-presidente pede ora\u00e7\u00e3o nas redes sociais\" \/>\n<meta property=\"og:description\" content=\"Figura importante na colabora\u00e7\u00e3o da mem\u00f3ria do Flamengo, sendo respons\u00e1vel pela produ\u00e7\u00e3o de v\u00e1rios bustos de \u00eddolos, Sandro Rilho est\u00e1 internado em um hospital no M\u00e9ier, na Zona Norte do Rio de Janeiro, com suspeita de ter contra\u00eddo o coronav\u00edrus, desde a \u00faltima segunda (30). Sandro apresentou sintomas da Covid-19 h\u00e1 cerca de uma semana [&hellip;]\" \/>\n<meta property=\"og:url\" content=\"https:\/\/www.gaveanews.com\/index.php\/2020\/03\/31\/funcionario-do-flamengo-e-internado-no-rio-com-suspeita-de-coronavirus-e-vice-presidente-pede-oracao-nas-redes-sociais\/\" \/>\n<meta property=\"og:site_name\" content=\"G\u00e1vea News\" \/>\n<meta property=\"article:publisher\" content=\"https:\/\/facebook.com\/gaveaNews\/\" \/>\n<meta property=\"article:published_time\" content=\"2020-03-31T21:51:56+00:00\" \/>\n<meta property=\"article:modified_time\" content=\"2020-03-31T21:51:58+00:00\" \/>\n<meta property=\"og:image\" content=\"https:\/\/www.gaveanews.com\/wp-content\/uploads\/2019\/03\/Escudo-do-Flamengo-e-exposto-proximo-a-um-dos-gols-no-gramado-do-Maracana.webp\" \/>\n\t<meta property=\"og:image:width\" content=\"1\" \/>\n\t<meta property=\"og:image:height\" content=\"1\" \/>\n\t<meta property=\"og:image:type\" content=\"image\/jpeg\" \/>\n<meta name=\"author\" content=\"Equipe G\u00e1vea News\" \/>\n<meta name=\"twitter:card\" content=\"summary_large_image\" \/>\n<meta name=\"twitter:label1\" content=\"Escrito por\" \/>\n\t<meta name=\"twitter:data1\" content=\"Equipe G\u00e1vea News\" \/>\n\t<meta name=\"twitter:label2\" content=\"Est. tempo de leitura\" \/>\n\t<meta name=\"twitter:data2\" content=\"1 minuto\" \/>\n<script type=\"application\/ld+json\" class=\"yoast-schema-graph\">{\"@context\":\"https:\/\/schema.org\",\"@graph\":[{\"@type\":\"NewsArticle\",\"@id\":\"https:\/\/www.gaveanews.com\/index.php\/2020\/03\/31\/funcionario-do-flamengo-e-internado-no-rio-com-suspeita-de-coronavirus-e-vice-presidente-pede-oracao-nas-redes-sociais\/#article\",\"isPartOf\":{\"@id\":\"https:\/\/www.gaveanews.com\/index.php\/2020\/03\/31\/funcionario-do-flamengo-e-internado-no-rio-com-suspeita-de-coronavirus-e-vice-presidente-pede-oracao-nas-redes-sociais\/\"},\"author\":{\"name\":\"Equipe G\u00e1vea News\",\"@id\":\"https:\/\/www.gaveanews.com\/#\/schema\/person\/2ec14f73fb96be2caf28f91afb14749d\"},\"headline\":\"Funcion\u00e1rio do Flamengo \u00e9 internado no Rio com suspeita de coronav\u00edrus e vice-presidente pede ora\u00e7\u00e3o nas redes sociais\",\"datePublished\":\"2020-03-31T21:51:56+00:00\",\"dateModified\":\"2020-03-31T21:51:58+00:00\",\"mainEntityOfPage\":{\"@id\":\"https:\/\/www.gaveanews.com\/index.php\/2020\/03\/31\/funcionario-do-flamengo-e-internado-no-rio-com-suspeita-de-coronavirus-e-vice-presidente-pede-oracao-nas-redes-sociais\/\"},\"wordCount\":232,\"commentCount\":16,\"image\":{\"@id\":\"https:\/\/www.gaveanews.com\/index.php\/2020\/03\/31\/funcionario-do-flamengo-e-internado-no-rio-com-suspeita-de-coronavirus-e-vice-presidente-pede-oracao-nas-redes-sociais\/#primaryimage\"},\"thumbnailUrl\":\"https:\/\/www.gaveanews.com\/wp-content\/uploads\/2019\/03\/Escudo-do-Flamengo-e-exposto-proximo-a-um-dos-gols-no-gramado-do-Maracana.webp\",\"articleSection\":[\"Flamengo\"],\"inLanguage\":\"pt-BR\",\"potentialAction\":[{\"@type\":\"CommentAction\",\"name\":\"Comment\",\"target\":[\"https:\/\/www.gaveanews.com\/index.php\/2020\/03\/31\/funcionario-do-flamengo-e-internado-no-rio-com-suspeita-de-coronavirus-e-vice-presidente-pede-oracao-nas-redes-sociais\/#respond\"]}],\"copyrightYear\":\"2020\",\"copyrightHolder\":{\"@id\":\"https:\/\/www.gaveanews.com\/#organization\"}},{\"@type\":\"WebPage\",\"@id\":\"https:\/\/www.gaveanews.com\/index.php\/2020\/03\/31\/funcionario-do-flamengo-e-internado-no-rio-com-suspeita-de-coronavirus-e-vice-presidente-pede-oracao-nas-redes-sociais\/\",\"url\":\"https:\/\/www.gaveanews.com\/index.php\/2020\/03\/31\/funcionario-do-flamengo-e-internado-no-rio-com-suspeita-de-coronavirus-e-vice-presidente-pede-oracao-nas-redes-sociais\/\",\"name\":\"Funcion\u00e1rio do Flamengo \u00e9 internado no Rio com suspeita de coronav\u00edrus e vice-presidente pede ora\u00e7\u00e3o nas redes sociais\",\"isPartOf\":{\"@id\":\"https:\/\/www.gaveanews.com\/#website\"},\"primaryImageOfPage\":{\"@id\":\"https:\/\/www.gaveanews.com\/index.php\/2020\/03\/31\/funcionario-do-flamengo-e-internado-no-rio-com-suspeita-de-coronavirus-e-vice-presidente-pede-oracao-nas-redes-sociais\/#primaryimage\"},\"image\":{\"@id\":\"https:\/\/www.gaveanews.com\/index.php\/2020\/03\/31\/funcionario-do-flamengo-e-internado-no-rio-com-suspeita-de-coronavirus-e-vice-presidente-pede-oracao-nas-redes-sociais\/#primaryimage\"},\"thumbnailUrl\":\"https:\/\/www.gaveanews.com\/wp-content\/uploads\/2019\/03\/Escudo-do-Flamengo-e-exposto-proximo-a-um-dos-gols-no-gramado-do-Maracana.webp\",\"datePublished\":\"2020-03-31T21:51:56+00:00\",\"dateModified\":\"2020-03-31T21:51:58+00:00\",\"author\":{\"@id\":\"https:\/\/www.gaveanews.com\/#\/schema\/person\/2ec14f73fb96be2caf28f91afb14749d\"},\"breadcrumb\":{\"@id\":\"https:\/\/www.gaveanews.com\/index.php\/2020\/03\/31\/funcionario-do-flamengo-e-internado-no-rio-com-suspeita-de-coronavirus-e-vice-presidente-pede-oracao-nas-redes-sociais\/#breadcrumb\"},\"inLanguage\":\"pt-BR\",\"potentialAction\":[{\"@type\":\"ReadAction\",\"target\":[\"https:\/\/www.gaveanews.com\/index.php\/2020\/03\/31\/funcionario-do-flamengo-e-internado-no-rio-com-suspeita-de-coronavirus-e-vice-presidente-pede-oracao-nas-redes-sociais\/\"]}]},{\"@type\":\"ImageObject\",\"inLanguage\":\"pt-BR\",\"@id\":\"https:\/\/www.gaveanews.com\/index.php\/2020\/03\/31\/funcionario-do-flamengo-e-internado-no-rio-com-suspeita-de-coronavirus-e-vice-presidente-pede-oracao-nas-redes-sociais\/#primaryimage\",\"url\":\"https:\/\/www.gaveanews.com\/wp-content\/uploads\/2019\/03\/Escudo-do-Flamengo-e-exposto-proximo-a-um-dos-gols-no-gramado-do-Maracana.webp\",\"contentUrl\":\"https:\/\/www.gaveanews.com\/wp-content\/uploads\/2019\/03\/Escudo-do-Flamengo-e-exposto-proximo-a-um-dos-gols-no-gramado-do-Maracana.webp\",\"caption\":\"Escudo do Flamengo \u00e9 exposto pr\u00f3ximo a um dos gols, no gramado do Maracan\u00e3 (Foto: Daniel Castelo Branco)\"},{\"@type\":\"BreadcrumbList\",\"@id\":\"https:\/\/www.gaveanews.com\/index.php\/2020\/03\/31\/funcionario-do-flamengo-e-internado-no-rio-com-suspeita-de-coronavirus-e-vice-presidente-pede-oracao-nas-redes-sociais\/#breadcrumb\",\"itemListElement\":[{\"@type\":\"ListItem\",\"position\":1,\"name\":\"Home\",\"item\":\"https:\/\/www.gaveanews.com\/\"},{\"@type\":\"ListItem\",\"position\":2,\"name\":\"Funcion\u00e1rio do Flamengo \u00e9 internado no Rio com suspeita de coronav\u00edrus e vice-presidente pede ora\u00e7\u00e3o nas redes sociais\"}]},{\"@type\":\"WebSite\",\"@id\":\"https:\/\/www.gaveanews.com\/#website\",\"url\":\"https:\/\/www.gaveanews.com\/\",\"name\":\"G\u00e1vea News\",\"description\":\"Veja todas as not\u00edcias sobre o Flamengo: Contrata\u00e7\u00f5es, categorias de base, resultados das partidas, tabela de classifica\u00e7\u00e3o, pr\u00f3ximos jogos!\",\"potentialAction\":[{\"@type\":\"SearchAction\",\"target\":{\"@type\":\"EntryPoint\",\"urlTemplate\":\"https:\/\/www.gaveanews.com\/?s={search_term_string}\"},\"query-input\":{\"@type\":\"PropertyValueSpecification\",\"valueRequired\":true,\"valueName\":\"search_term_string\"}}],\"inLanguage\":\"pt-BR\"},{\"@type\":\"Person\",\"@id\":\"https:\/\/www.gaveanews.com\/#\/schema\/person\/2ec14f73fb96be2caf28f91afb14749d\",\"name\":\"Equipe G\u00e1vea News\",\"image\":{\"@type\":\"ImageObject\",\"inLanguage\":\"pt-BR\",\"@id\":\"https:\/\/www.gaveanews.com\/#\/schema\/person\/image\/\",\"url\":\"https:\/\/secure.gravatar.com\/avatar\/1e1956f1facbffd3f8fa53a326721950116b3b9dc9bd44939c01180fd4a745a9?s=96&d=mm&r=g\",\"contentUrl\":\"https:\/\/secure.gravatar.com\/avatar\/1e1956f1facbffd3f8fa53a326721950116b3b9dc9bd44939c01180fd4a745a9?s=96&d=mm&r=g\",\"caption\":\"Equipe G\u00e1vea News\"}}]}<\/script>\n<!-- \/ Yoast SEO Premium plugin. -->","yoast_head_json":{"title":"Funcion\u00e1rio do Flamengo \u00e9 internado no Rio com suspeita de coronav\u00edrus e vice-presidente pede ora\u00e7\u00e3o nas redes sociais","robots":{"index":"index","follow":"follow","max-snippet":"max-snippet:-1","max-image-preview":"max-image-preview:large","max-video-preview":"max-video-preview:-1"},"canonical":"https:\/\/www.gaveanews.com\/index.php\/2020\/03\/31\/funcionario-do-flamengo-e-internado-no-rio-com-suspeita-de-coronavirus-e-vice-presidente-pede-oracao-nas-redes-sociais\/","og_locale":"pt_BR","og_type":"article","og_title":"Funcion\u00e1rio do Flamengo \u00e9 internado no Rio com suspeita de coronav\u00edrus e vice-presidente pede ora\u00e7\u00e3o nas redes sociais","og_description":"Figura importante na colabora\u00e7\u00e3o da mem\u00f3ria do Flamengo, sendo respons\u00e1vel pela produ\u00e7\u00e3o de v\u00e1rios bustos de \u00eddolos, Sandro Rilho est\u00e1 internado em um hospital no M\u00e9ier, na Zona Norte do Rio de Janeiro, com suspeita de ter contra\u00eddo o coronav\u00edrus, desde a \u00faltima segunda (30). Sandro apresentou sintomas da Covid-19 h\u00e1 cerca de uma semana [&hellip;]","og_url":"https:\/\/www.gaveanews.com\/index.php\/2020\/03\/31\/funcionario-do-flamengo-e-internado-no-rio-com-suspeita-de-coronavirus-e-vice-presidente-pede-oracao-nas-redes-sociais\/","og_site_name":"G\u00e1vea News","article_publisher":"https:\/\/facebook.com\/gaveaNews\/","article_published_time":"2020-03-31T21:51:56+00:00","article_modified_time":"2020-03-31T21:51:58+00:00","og_image":[{"url":"https:\/\/www.gaveanews.com\/wp-content\/uploads\/2019\/03\/Escudo-do-Flamengo-e-exposto-proximo-a-um-dos-gols-no-gramado-do-Maracana.webp","width":1,"height":1,"type":"image\/jpeg"}],"author":"Equipe G\u00e1vea News","twitter_card":"summary_large_image","twitter_misc":{"Escrito por":"Equipe G\u00e1vea News","Est. tempo de leitura":"1 minuto"},"schema":{"@context":"https:\/\/schema.org","@graph":[{"@type":"NewsArticle","@id":"https:\/\/www.gaveanews.com\/index.php\/2020\/03\/31\/funcionario-do-flamengo-e-internado-no-rio-com-suspeita-de-coronavirus-e-vice-presidente-pede-oracao-nas-redes-sociais\/#article","isPartOf":{"@id":"https:\/\/www.gaveanews.com\/index.php\/2020\/03\/31\/funcionario-do-flamengo-e-internado-no-rio-com-suspeita-de-coronavirus-e-vice-presidente-pede-oracao-nas-redes-sociais\/"},"author":{"name":"Equipe G\u00e1vea News","@id":"https:\/\/www.gaveanews.com\/#\/schema\/person\/2ec14f73fb96be2caf28f91afb14749d"},"headline":"Funcion\u00e1rio do Flamengo \u00e9 internado no Rio com suspeita de coronav\u00edrus e vice-presidente pede ora\u00e7\u00e3o nas redes sociais","datePublished":"2020-03-31T21:51:56+00:00","dateModified":"2020-03-31T21:51:58+00:00","mainEntityOfPage":{"@id":"https:\/\/www.gaveanews.com\/index.php\/2020\/03\/31\/funcionario-do-flamengo-e-internado-no-rio-com-suspeita-de-coronavirus-e-vice-presidente-pede-oracao-nas-redes-sociais\/"},"wordCount":232,"commentCount":16,"image":{"@id":"https:\/\/www.gaveanews.com\/index.php\/2020\/03\/31\/funcionario-do-flamengo-e-internado-no-rio-com-suspeita-de-coronavirus-e-vice-presidente-pede-oracao-nas-redes-sociais\/#primaryimage"},"thumbnailUrl":"https:\/\/www.gaveanews.com\/wp-content\/uploads\/2019\/03\/Escudo-do-Flamengo-e-exposto-proximo-a-um-dos-gols-no-gramado-do-Maracana.webp","articleSection":["Flamengo"],"inLanguage":"pt-BR","potentialAction":[{"@type":"CommentAction","name":"Comment","target":["https:\/\/www.gaveanews.com\/index.php\/2020\/03\/31\/funcionario-do-flamengo-e-internado-no-rio-com-suspeita-de-coronavirus-e-vice-presidente-pede-oracao-nas-redes-sociais\/#respond"]}],"copyrightYear":"2020","copyrightHolder":{"@id":"https:\/\/www.gaveanews.com\/#organization"}},{"@type":"WebPage","@id":"https:\/\/www.gaveanews.com\/index.php\/2020\/03\/31\/funcionario-do-flamengo-e-internado-no-rio-com-suspeita-de-coronavirus-e-vice-presidente-pede-oracao-nas-redes-sociais\/","url":"https:\/\/www.gaveanews.com\/index.php\/2020\/03\/31\/funcionario-do-flamengo-e-internado-no-rio-com-suspeita-de-coronavirus-e-vice-presidente-pede-oracao-nas-redes-sociais\/","name":"Funcion\u00e1rio do Flamengo \u00e9 internado no Rio com suspeita de coronav\u00edrus e vice-presidente pede ora\u00e7\u00e3o nas redes sociais","isPartOf":{"@id":"https:\/\/www.gaveanews.com\/#website"},"primaryImageOfPage":{"@id":"https:\/\/www.gaveanews.com\/index.php\/2020\/03\/31\/funcionario-do-flamengo-e-internado-no-rio-com-suspeita-de-coronavirus-e-vice-presidente-pede-oracao-nas-redes-sociais\/#primaryimage"},"image":{"@id":"https:\/\/www.gaveanews.com\/index.php\/2020\/03\/31\/funcionario-do-flamengo-e-internado-no-rio-com-suspeita-de-coronavirus-e-vice-presidente-pede-oracao-nas-redes-sociais\/#primaryimage"},"thumbnailUrl":"https:\/\/www.gaveanews.com\/wp-content\/uploads\/2019\/03\/Escudo-do-Flamengo-e-exposto-proximo-a-um-dos-gols-no-gramado-do-Maracana.webp","datePublished":"2020-03-31T21:51:56+00:00","dateModified":"2020-03-31T21:51:58+00:00","author":{"@id":"https:\/\/www.gaveanews.com\/#\/schema\/person\/2ec14f73fb96be2caf28f91afb14749d"},"breadcrumb":{"@id":"https:\/\/www.gaveanews.com\/index.php\/2020\/03\/31\/funcionario-do-flamengo-e-internado-no-rio-com-suspeita-de-coronavirus-e-vice-presidente-pede-oracao-nas-redes-sociais\/#breadcrumb"},"inLanguage":"pt-BR","potentialAction":[{"@type":"ReadAction","target":["https:\/\/www.gaveanews.com\/index.php\/2020\/03\/31\/funcionario-do-flamengo-e-internado-no-rio-com-suspeita-de-coronavirus-e-vice-presidente-pede-oracao-nas-redes-sociais\/"]}]},{"@type":"ImageObject","inLanguage":"pt-BR","@id":"https:\/\/www.gaveanews.com\/index.php\/2020\/03\/31\/funcionario-do-flamengo-e-internado-no-rio-com-suspeita-de-coronavirus-e-vice-presidente-pede-oracao-nas-redes-sociais\/#primaryimage","url":"https:\/\/www.gaveanews.com\/wp-content\/uploads\/2019\/03\/Escudo-do-Flamengo-e-exposto-proximo-a-um-dos-gols-no-gramado-do-Maracana.webp","contentUrl":"https:\/\/www.gaveanews.com\/wp-content\/uploads\/2019\/03\/Escudo-do-Flamengo-e-exposto-proximo-a-um-dos-gols-no-gramado-do-Maracana.webp","caption":"Escudo do Flamengo \u00e9 exposto pr\u00f3ximo a um dos gols, no gramado do Maracan\u00e3 (Foto: Daniel Castelo Branco)"},{"@type":"BreadcrumbList","@id":"https:\/\/www.gaveanews.com\/index.php\/2020\/03\/31\/funcionario-do-flamengo-e-internado-no-rio-com-suspeita-de-coronavirus-e-vice-presidente-pede-oracao-nas-redes-sociais\/#breadcrumb","itemListElement":[{"@type":"ListItem","position":1,"name":"Home","item":"https:\/\/www.gaveanews.com\/"},{"@type":"ListItem","position":2,"name":"Funcion\u00e1rio do Flamengo \u00e9 internado no Rio com suspeita de coronav\u00edrus e vice-presidente pede ora\u00e7\u00e3o nas redes sociais"}]},{"@type":"WebSite","@id":"https:\/\/www.gaveanews.com\/#website","url":"https:\/\/www.gaveanews.com\/","name":"G\u00e1vea News","description":"Veja todas as not\u00edcias sobre o Flamengo: Contrata\u00e7\u00f5es, categorias de base, resultados das partidas, tabela de classifica\u00e7\u00e3o, pr\u00f3ximos jogos!","potentialAction":[{"@type":"SearchAction","target":{"@type":"EntryPoint","urlTemplate":"https:\/\/www.gaveanews.com\/?s={search_term_string}"},"query-input":{"@type":"PropertyValueSpecification","valueRequired":true,"valueName":"search_term_string"}}],"inLanguage":"pt-BR"},{"@type":"Person","@id":"https:\/\/www.gaveanews.com\/#\/schema\/person\/2ec14f73fb96be2caf28f91afb14749d","name":"Equipe G\u00e1vea News","image":{"@type":"ImageObject","inLanguage":"pt-BR","@id":"https:\/\/www.gaveanews.com\/#\/schema\/person\/image\/","url":"https:\/\/secure.gravatar.com\/avatar\/1e1956f1facbffd3f8fa53a326721950116b3b9dc9bd44939c01180fd4a745a9?s=96&d=mm&r=g","contentUrl":"https:\/\/secure.gravatar.com\/avatar\/1e1956f1facbffd3f8fa53a326721950116b3b9dc9bd44939c01180fd4a745a9?s=96&d=mm&r=g","caption":"Equipe G\u00e1vea News"}}]}},"_links":{"self":[{"href":"https:\/\/www.gaveanews.com\/index.php\/wp-json\/wp\/v2\/posts\/39155","targetHints":{"allow":["GET"]}}],"collection":[{"href":"https:\/\/www.gaveanews.com\/index.php\/wp-json\/wp\/v2\/posts"}],"about":[{"href":"https:\/\/www.gaveanews.com\/index.php\/wp-json\/wp\/v2\/types\/post"}],"author":[{"embeddable":true,"href":"https:\/\/www.gaveanews.com\/index.php\/wp-json\/wp\/v2\/users\/1"}],"replies":[{"embeddable":true,"href":"https:\/\/www.gaveanews.com\/index.php\/wp-json\/wp\/v2\/comments?post=39155"}],"version-history":[{"count":0,"href":"https:\/\/www.gaveanews.com\/index.php\/wp-json\/wp\/v2\/posts\/39155\/revisions"}],"wp:featuredmedia":[{"embeddable":true,"href":"https:\/\/www.gaveanews.com\/index.php\/wp-json\/wp\/v2\/media\/15081"}],"wp:attachment":[{"href":"https:\/\/www.gaveanews.com\/index.php\/wp-json\/wp\/v2\/media?parent=39155"}],"wp:term":[{"taxonomy":"category","embeddable":true,"href":"https:\/\/www.gaveanews.com\/index.php\/wp-json\/wp\/v2\/categories?post=39155"},{"taxonomy":"post_tag","embeddable":true,"href":"https:\/\/www.gaveanews.com\/index.php\/wp-json\/wp\/v2\/tags?post=39155"}],"curies":[{"name":"wp","href":"https:\/\/api.w.org\/{rel}","templated":true}]}}