{"id":39257,"date":"2020-04-02T23:33:43","date_gmt":"2020-04-03T02:33:43","guid":{"rendered":"https:\/\/www.gaveanews.com\/?p=39257"},"modified":"2020-04-02T23:33:43","modified_gmt":"2020-04-03T02:33:43","slug":"flamengo-imperadores-anuncia-duas-contratacoes-de-peso-para-a-temporada-2020","status":"publish","type":"post","link":"https:\/\/www.gaveanews.com\/index.php\/2020\/04\/02\/flamengo-imperadores-anuncia-duas-contratacoes-de-peso-para-a-temporada-2020\/","title":{"rendered":"Flamengo Imperadores anuncia duas contrata\u00e7\u00f5es de peso para a temporada 2020"},"content":{"rendered":"\n<p>O futebol americano est\u00e1 parado no Brasil devido a pandemia de coronav\u00edrus, mas o Flamengo Imperadores segue se movimentando para refor\u00e7ar o time. Na \u00faltima quarta-feira (01), o Rubro-Negro anunciou as contrata\u00e7\u00f5es do quarterback Ramon &#8220;Mam\u00e3o&#8221; Martire e do running back R\u00f4mulo &#8220;R40&#8221; Ramos, duas estrelas da bola oval no pa\u00eds.<\/p>\n\n\n\n<p>Os dois jogadores j\u00e1 jogaram pela equipe em momentos diferentes. &#8220;R40&#8243;esteve no in\u00edcio do time, quando ainda se chamava Rio de Janeiro Imperadores e chegou a ser bicampe\u00e3o brasileiro, em 2009 e 2011. &#8220;Mam\u00e3o&#8221; comandou o ataque at\u00e9 a final do Torneio Touchdown em 2013, quando o Mais Querido ficou em segundo lugar.<\/p>\n\n\n\n<p>Ambos integraram a sele\u00e7\u00e3o brasileira na Copa do Mundo de futebol americano de 2015, em Canton, nos Estados Unidos. Al\u00e9m do Mundial, R\u00f4mulo acumula mais de 10 anos com o Brasil On\u00e7as. O &#8220;R40&#8221; esteve na primeira partida em 2007, e na \u00faltima apari\u00e7\u00e3o do selecionado nacional, em 2017, no amistoso realizado no est\u00e1dio Mineir\u00e3o. Ramon tamb\u00e9m possui uma larga experi\u00eancia vestindo a amarelinha, com in\u00fameras convoca\u00e7\u00f5es e camps pela sele\u00e7\u00e3o.<\/p>\n\n\n\n<p>Ramon Martire falou sobre o retorno ao Flamengo e as expectativas para 2020: &#8220;Acredito que tenho muito a acrescentar voltando para o Imperadores pela minha experi\u00eancia no futebol americano como atleta e coach. Espero poder ajudar os mais novos e contribuir com a comiss\u00e3o t\u00e9cnica para melhorar o desempenho do time. Sou muito competitivo e espero trazer essa energia para o time junto \u00e0 minha experi\u00eancia. Tendo isso somado ao talento dos atletas da equipe, tem tudo para dar certo&#8221;.<\/p>\n\n\n\n<p>R\u00f4mulo Ramos tamb\u00e9m destacou sua volta ao Imperadores em sua 18\u00aa temporada no futebol americano: &#8220;Agradecer ao Coach Piter pela oportunidade de estar no time que eu comecei minha carreira. Feliz e animado de estar de volta ao Flamengo, de rever grandes amigos e ansioso pra voltar aos treinos. Expectativa \u00e9 muito boa. Espero poder ajudar o j\u00e1 forte elenco a conquistar muitas vit\u00f3rias e campeonatos&#8221;.<\/p>\n\n\n\n<p>O Flamengo Imperadores aguarda o desenrolar da pandemia do novo coronav\u00edrus para voltar \u00e0s atividades. Por enquanto, o time refor\u00e7a para que as pessoas fiquem em casa e suspendeu todos os treinos at\u00e9 que a situa\u00e7\u00e3o esteja controlada. A tabela da Liga BFA j\u00e1 foi divulgada, mas sofrer\u00e1 mudan\u00e7as de acordo com a pr\u00f3pria gest\u00e3o da competi\u00e7\u00e3o. A equipe rubro-negra tamb\u00e9m participa da Ta\u00e7a Brasil e do Campeonato Carioca neste ano.<\/p>\n\n\n\n<p>Retirado de: Site Oficial do Flamengo<\/p>\n","protected":false},"excerpt":{"rendered":"<p>O futebol americano est\u00e1 parado no Brasil devido a pandemia de coronav\u00edrus, mas o Flamengo Imperadores segue se movimentando para refor\u00e7ar o time. Na \u00faltima quarta-feira (01), o Rubro-Negro anunciou as contrata\u00e7\u00f5es do quarterback Ramon &#8220;Mam\u00e3o&#8221; Martire e do running back R\u00f4mulo &#8220;R40&#8221; Ramos, duas estrelas da bola oval no pa\u00eds. Os dois jogadores j\u00e1 [&hellip;]<\/p>\n","protected":false},"author":1,"featured_media":15081,"comment_status":"open","ping_status":"closed","sticky":false,"template":"","format":"standard","meta":{"footnotes":""},"categories":[1],"tags":[],"class_list":["post-39257","post","type-post","status-publish","format-standard","has-post-thumbnail","hentry","category-flamengo"],"yoast_head":"<!-- This site is optimized with the Yoast SEO Premium plugin v24.2 (Yoast SEO v26.9) - https:\/\/yoast.com\/product\/yoast-seo-premium-wordpress\/ -->\n<title>Flamengo Imperadores anuncia duas contrata\u00e7\u00f5es de peso para a temporada 2020<\/title>\n<meta name=\"robots\" content=\"index, follow, max-snippet:-1, max-image-preview:large, max-video-preview:-1\" \/>\n<link rel=\"canonical\" href=\"https:\/\/www.gaveanews.com\/index.php\/2020\/04\/02\/flamengo-imperadores-anuncia-duas-contratacoes-de-peso-para-a-temporada-2020\/\" \/>\n<meta property=\"og:locale\" content=\"pt_BR\" \/>\n<meta property=\"og:type\" content=\"article\" \/>\n<meta property=\"og:title\" content=\"Flamengo Imperadores anuncia duas contrata\u00e7\u00f5es de peso para a temporada 2020\" \/>\n<meta property=\"og:description\" content=\"O futebol americano est\u00e1 parado no Brasil devido a pandemia de coronav\u00edrus, mas o Flamengo Imperadores segue se movimentando para refor\u00e7ar o time. Na \u00faltima quarta-feira (01), o Rubro-Negro anunciou as contrata\u00e7\u00f5es do quarterback Ramon &#8220;Mam\u00e3o&#8221; Martire e do running back R\u00f4mulo &#8220;R40&#8221; Ramos, duas estrelas da bola oval no pa\u00eds. Os dois jogadores j\u00e1 [&hellip;]\" \/>\n<meta property=\"og:url\" content=\"https:\/\/www.gaveanews.com\/index.php\/2020\/04\/02\/flamengo-imperadores-anuncia-duas-contratacoes-de-peso-para-a-temporada-2020\/\" \/>\n<meta property=\"og:site_name\" content=\"G\u00e1vea News\" \/>\n<meta property=\"article:publisher\" content=\"https:\/\/facebook.com\/gaveaNews\/\" \/>\n<meta property=\"article:published_time\" content=\"2020-04-03T02:33:43+00:00\" \/>\n<meta property=\"og:image\" content=\"https:\/\/www.gaveanews.com\/wp-content\/uploads\/2019\/03\/Escudo-do-Flamengo-e-exposto-proximo-a-um-dos-gols-no-gramado-do-Maracana.webp\" \/>\n\t<meta property=\"og:image:width\" content=\"1\" \/>\n\t<meta property=\"og:image:height\" content=\"1\" \/>\n\t<meta property=\"og:image:type\" content=\"image\/jpeg\" \/>\n<meta name=\"author\" content=\"Equipe G\u00e1vea News\" \/>\n<meta name=\"twitter:card\" content=\"summary_large_image\" \/>\n<meta name=\"twitter:label1\" content=\"Escrito por\" \/>\n\t<meta name=\"twitter:data1\" content=\"Equipe G\u00e1vea News\" \/>\n\t<meta name=\"twitter:label2\" content=\"Est. tempo de leitura\" \/>\n\t<meta name=\"twitter:data2\" content=\"2 minutos\" \/>\n<script type=\"application\/ld+json\" class=\"yoast-schema-graph\">{\"@context\":\"https:\/\/schema.org\",\"@graph\":[{\"@type\":\"NewsArticle\",\"@id\":\"https:\/\/www.gaveanews.com\/index.php\/2020\/04\/02\/flamengo-imperadores-anuncia-duas-contratacoes-de-peso-para-a-temporada-2020\/#article\",\"isPartOf\":{\"@id\":\"https:\/\/www.gaveanews.com\/index.php\/2020\/04\/02\/flamengo-imperadores-anuncia-duas-contratacoes-de-peso-para-a-temporada-2020\/\"},\"author\":{\"name\":\"Equipe G\u00e1vea News\",\"@id\":\"https:\/\/www.gaveanews.com\/#\/schema\/person\/2ec14f73fb96be2caf28f91afb14749d\"},\"headline\":\"Flamengo Imperadores anuncia duas contrata\u00e7\u00f5es de peso para a temporada 2020\",\"datePublished\":\"2020-04-03T02:33:43+00:00\",\"mainEntityOfPage\":{\"@id\":\"https:\/\/www.gaveanews.com\/index.php\/2020\/04\/02\/flamengo-imperadores-anuncia-duas-contratacoes-de-peso-para-a-temporada-2020\/\"},\"wordCount\":435,\"commentCount\":4,\"image\":{\"@id\":\"https:\/\/www.gaveanews.com\/index.php\/2020\/04\/02\/flamengo-imperadores-anuncia-duas-contratacoes-de-peso-para-a-temporada-2020\/#primaryimage\"},\"thumbnailUrl\":\"https:\/\/www.gaveanews.com\/wp-content\/uploads\/2019\/03\/Escudo-do-Flamengo-e-exposto-proximo-a-um-dos-gols-no-gramado-do-Maracana.webp\",\"articleSection\":[\"Flamengo\"],\"inLanguage\":\"pt-BR\",\"potentialAction\":[{\"@type\":\"CommentAction\",\"name\":\"Comment\",\"target\":[\"https:\/\/www.gaveanews.com\/index.php\/2020\/04\/02\/flamengo-imperadores-anuncia-duas-contratacoes-de-peso-para-a-temporada-2020\/#respond\"]}],\"copyrightYear\":\"2020\",\"copyrightHolder\":{\"@id\":\"https:\/\/www.gaveanews.com\/#organization\"}},{\"@type\":\"WebPage\",\"@id\":\"https:\/\/www.gaveanews.com\/index.php\/2020\/04\/02\/flamengo-imperadores-anuncia-duas-contratacoes-de-peso-para-a-temporada-2020\/\",\"url\":\"https:\/\/www.gaveanews.com\/index.php\/2020\/04\/02\/flamengo-imperadores-anuncia-duas-contratacoes-de-peso-para-a-temporada-2020\/\",\"name\":\"Flamengo Imperadores anuncia duas contrata\u00e7\u00f5es de peso para a temporada 2020\",\"isPartOf\":{\"@id\":\"https:\/\/www.gaveanews.com\/#website\"},\"primaryImageOfPage\":{\"@id\":\"https:\/\/www.gaveanews.com\/index.php\/2020\/04\/02\/flamengo-imperadores-anuncia-duas-contratacoes-de-peso-para-a-temporada-2020\/#primaryimage\"},\"image\":{\"@id\":\"https:\/\/www.gaveanews.com\/index.php\/2020\/04\/02\/flamengo-imperadores-anuncia-duas-contratacoes-de-peso-para-a-temporada-2020\/#primaryimage\"},\"thumbnailUrl\":\"https:\/\/www.gaveanews.com\/wp-content\/uploads\/2019\/03\/Escudo-do-Flamengo-e-exposto-proximo-a-um-dos-gols-no-gramado-do-Maracana.webp\",\"datePublished\":\"2020-04-03T02:33:43+00:00\",\"author\":{\"@id\":\"https:\/\/www.gaveanews.com\/#\/schema\/person\/2ec14f73fb96be2caf28f91afb14749d\"},\"breadcrumb\":{\"@id\":\"https:\/\/www.gaveanews.com\/index.php\/2020\/04\/02\/flamengo-imperadores-anuncia-duas-contratacoes-de-peso-para-a-temporada-2020\/#breadcrumb\"},\"inLanguage\":\"pt-BR\",\"potentialAction\":[{\"@type\":\"ReadAction\",\"target\":[\"https:\/\/www.gaveanews.com\/index.php\/2020\/04\/02\/flamengo-imperadores-anuncia-duas-contratacoes-de-peso-para-a-temporada-2020\/\"]}]},{\"@type\":\"ImageObject\",\"inLanguage\":\"pt-BR\",\"@id\":\"https:\/\/www.gaveanews.com\/index.php\/2020\/04\/02\/flamengo-imperadores-anuncia-duas-contratacoes-de-peso-para-a-temporada-2020\/#primaryimage\",\"url\":\"https:\/\/www.gaveanews.com\/wp-content\/uploads\/2019\/03\/Escudo-do-Flamengo-e-exposto-proximo-a-um-dos-gols-no-gramado-do-Maracana.webp\",\"contentUrl\":\"https:\/\/www.gaveanews.com\/wp-content\/uploads\/2019\/03\/Escudo-do-Flamengo-e-exposto-proximo-a-um-dos-gols-no-gramado-do-Maracana.webp\",\"caption\":\"Escudo do Flamengo \u00e9 exposto pr\u00f3ximo a um dos gols, no gramado do Maracan\u00e3 (Foto: Daniel Castelo Branco)\"},{\"@type\":\"BreadcrumbList\",\"@id\":\"https:\/\/www.gaveanews.com\/index.php\/2020\/04\/02\/flamengo-imperadores-anuncia-duas-contratacoes-de-peso-para-a-temporada-2020\/#breadcrumb\",\"itemListElement\":[{\"@type\":\"ListItem\",\"position\":1,\"name\":\"Home\",\"item\":\"https:\/\/www.gaveanews.com\/\"},{\"@type\":\"ListItem\",\"position\":2,\"name\":\"Flamengo Imperadores anuncia duas contrata\u00e7\u00f5es de peso para a temporada 2020\"}]},{\"@type\":\"WebSite\",\"@id\":\"https:\/\/www.gaveanews.com\/#website\",\"url\":\"https:\/\/www.gaveanews.com\/\",\"name\":\"G\u00e1vea News\",\"description\":\"Veja todas as not\u00edcias sobre o Flamengo: Contrata\u00e7\u00f5es, categorias de base, resultados das partidas, tabela de classifica\u00e7\u00e3o, pr\u00f3ximos jogos!\",\"potentialAction\":[{\"@type\":\"SearchAction\",\"target\":{\"@type\":\"EntryPoint\",\"urlTemplate\":\"https:\/\/www.gaveanews.com\/?s={search_term_string}\"},\"query-input\":{\"@type\":\"PropertyValueSpecification\",\"valueRequired\":true,\"valueName\":\"search_term_string\"}}],\"inLanguage\":\"pt-BR\"},{\"@type\":\"Person\",\"@id\":\"https:\/\/www.gaveanews.com\/#\/schema\/person\/2ec14f73fb96be2caf28f91afb14749d\",\"name\":\"Equipe G\u00e1vea News\",\"image\":{\"@type\":\"ImageObject\",\"inLanguage\":\"pt-BR\",\"@id\":\"https:\/\/www.gaveanews.com\/#\/schema\/person\/image\/\",\"url\":\"https:\/\/secure.gravatar.com\/avatar\/1e1956f1facbffd3f8fa53a326721950116b3b9dc9bd44939c01180fd4a745a9?s=96&d=mm&r=g\",\"contentUrl\":\"https:\/\/secure.gravatar.com\/avatar\/1e1956f1facbffd3f8fa53a326721950116b3b9dc9bd44939c01180fd4a745a9?s=96&d=mm&r=g\",\"caption\":\"Equipe G\u00e1vea News\"}}]}<\/script>\n<!-- \/ Yoast SEO Premium plugin. -->","yoast_head_json":{"title":"Flamengo Imperadores anuncia duas contrata\u00e7\u00f5es de peso para a temporada 2020","robots":{"index":"index","follow":"follow","max-snippet":"max-snippet:-1","max-image-preview":"max-image-preview:large","max-video-preview":"max-video-preview:-1"},"canonical":"https:\/\/www.gaveanews.com\/index.php\/2020\/04\/02\/flamengo-imperadores-anuncia-duas-contratacoes-de-peso-para-a-temporada-2020\/","og_locale":"pt_BR","og_type":"article","og_title":"Flamengo Imperadores anuncia duas contrata\u00e7\u00f5es de peso para a temporada 2020","og_description":"O futebol americano est\u00e1 parado no Brasil devido a pandemia de coronav\u00edrus, mas o Flamengo Imperadores segue se movimentando para refor\u00e7ar o time. Na \u00faltima quarta-feira (01), o Rubro-Negro anunciou as contrata\u00e7\u00f5es do quarterback Ramon &#8220;Mam\u00e3o&#8221; Martire e do running back R\u00f4mulo &#8220;R40&#8221; Ramos, duas estrelas da bola oval no pa\u00eds. Os dois jogadores j\u00e1 [&hellip;]","og_url":"https:\/\/www.gaveanews.com\/index.php\/2020\/04\/02\/flamengo-imperadores-anuncia-duas-contratacoes-de-peso-para-a-temporada-2020\/","og_site_name":"G\u00e1vea News","article_publisher":"https:\/\/facebook.com\/gaveaNews\/","article_published_time":"2020-04-03T02:33:43+00:00","og_image":[{"url":"https:\/\/www.gaveanews.com\/wp-content\/uploads\/2019\/03\/Escudo-do-Flamengo-e-exposto-proximo-a-um-dos-gols-no-gramado-do-Maracana.webp","width":1,"height":1,"type":"image\/jpeg"}],"author":"Equipe G\u00e1vea News","twitter_card":"summary_large_image","twitter_misc":{"Escrito por":"Equipe G\u00e1vea News","Est. tempo de leitura":"2 minutos"},"schema":{"@context":"https:\/\/schema.org","@graph":[{"@type":"NewsArticle","@id":"https:\/\/www.gaveanews.com\/index.php\/2020\/04\/02\/flamengo-imperadores-anuncia-duas-contratacoes-de-peso-para-a-temporada-2020\/#article","isPartOf":{"@id":"https:\/\/www.gaveanews.com\/index.php\/2020\/04\/02\/flamengo-imperadores-anuncia-duas-contratacoes-de-peso-para-a-temporada-2020\/"},"author":{"name":"Equipe G\u00e1vea News","@id":"https:\/\/www.gaveanews.com\/#\/schema\/person\/2ec14f73fb96be2caf28f91afb14749d"},"headline":"Flamengo Imperadores anuncia duas contrata\u00e7\u00f5es de peso para a temporada 2020","datePublished":"2020-04-03T02:33:43+00:00","mainEntityOfPage":{"@id":"https:\/\/www.gaveanews.com\/index.php\/2020\/04\/02\/flamengo-imperadores-anuncia-duas-contratacoes-de-peso-para-a-temporada-2020\/"},"wordCount":435,"commentCount":4,"image":{"@id":"https:\/\/www.gaveanews.com\/index.php\/2020\/04\/02\/flamengo-imperadores-anuncia-duas-contratacoes-de-peso-para-a-temporada-2020\/#primaryimage"},"thumbnailUrl":"https:\/\/www.gaveanews.com\/wp-content\/uploads\/2019\/03\/Escudo-do-Flamengo-e-exposto-proximo-a-um-dos-gols-no-gramado-do-Maracana.webp","articleSection":["Flamengo"],"inLanguage":"pt-BR","potentialAction":[{"@type":"CommentAction","name":"Comment","target":["https:\/\/www.gaveanews.com\/index.php\/2020\/04\/02\/flamengo-imperadores-anuncia-duas-contratacoes-de-peso-para-a-temporada-2020\/#respond"]}],"copyrightYear":"2020","copyrightHolder":{"@id":"https:\/\/www.gaveanews.com\/#organization"}},{"@type":"WebPage","@id":"https:\/\/www.gaveanews.com\/index.php\/2020\/04\/02\/flamengo-imperadores-anuncia-duas-contratacoes-de-peso-para-a-temporada-2020\/","url":"https:\/\/www.gaveanews.com\/index.php\/2020\/04\/02\/flamengo-imperadores-anuncia-duas-contratacoes-de-peso-para-a-temporada-2020\/","name":"Flamengo Imperadores anuncia duas contrata\u00e7\u00f5es de peso para a temporada 2020","isPartOf":{"@id":"https:\/\/www.gaveanews.com\/#website"},"primaryImageOfPage":{"@id":"https:\/\/www.gaveanews.com\/index.php\/2020\/04\/02\/flamengo-imperadores-anuncia-duas-contratacoes-de-peso-para-a-temporada-2020\/#primaryimage"},"image":{"@id":"https:\/\/www.gaveanews.com\/index.php\/2020\/04\/02\/flamengo-imperadores-anuncia-duas-contratacoes-de-peso-para-a-temporada-2020\/#primaryimage"},"thumbnailUrl":"https:\/\/www.gaveanews.com\/wp-content\/uploads\/2019\/03\/Escudo-do-Flamengo-e-exposto-proximo-a-um-dos-gols-no-gramado-do-Maracana.webp","datePublished":"2020-04-03T02:33:43+00:00","author":{"@id":"https:\/\/www.gaveanews.com\/#\/schema\/person\/2ec14f73fb96be2caf28f91afb14749d"},"breadcrumb":{"@id":"https:\/\/www.gaveanews.com\/index.php\/2020\/04\/02\/flamengo-imperadores-anuncia-duas-contratacoes-de-peso-para-a-temporada-2020\/#breadcrumb"},"inLanguage":"pt-BR","potentialAction":[{"@type":"ReadAction","target":["https:\/\/www.gaveanews.com\/index.php\/2020\/04\/02\/flamengo-imperadores-anuncia-duas-contratacoes-de-peso-para-a-temporada-2020\/"]}]},{"@type":"ImageObject","inLanguage":"pt-BR","@id":"https:\/\/www.gaveanews.com\/index.php\/2020\/04\/02\/flamengo-imperadores-anuncia-duas-contratacoes-de-peso-para-a-temporada-2020\/#primaryimage","url":"https:\/\/www.gaveanews.com\/wp-content\/uploads\/2019\/03\/Escudo-do-Flamengo-e-exposto-proximo-a-um-dos-gols-no-gramado-do-Maracana.webp","contentUrl":"https:\/\/www.gaveanews.com\/wp-content\/uploads\/2019\/03\/Escudo-do-Flamengo-e-exposto-proximo-a-um-dos-gols-no-gramado-do-Maracana.webp","caption":"Escudo do Flamengo \u00e9 exposto pr\u00f3ximo a um dos gols, no gramado do Maracan\u00e3 (Foto: Daniel Castelo Branco)"},{"@type":"BreadcrumbList","@id":"https:\/\/www.gaveanews.com\/index.php\/2020\/04\/02\/flamengo-imperadores-anuncia-duas-contratacoes-de-peso-para-a-temporada-2020\/#breadcrumb","itemListElement":[{"@type":"ListItem","position":1,"name":"Home","item":"https:\/\/www.gaveanews.com\/"},{"@type":"ListItem","position":2,"name":"Flamengo Imperadores anuncia duas contrata\u00e7\u00f5es de peso para a temporada 2020"}]},{"@type":"WebSite","@id":"https:\/\/www.gaveanews.com\/#website","url":"https:\/\/www.gaveanews.com\/","name":"G\u00e1vea News","description":"Veja todas as not\u00edcias sobre o Flamengo: Contrata\u00e7\u00f5es, categorias de base, resultados das partidas, tabela de classifica\u00e7\u00e3o, pr\u00f3ximos jogos!","potentialAction":[{"@type":"SearchAction","target":{"@type":"EntryPoint","urlTemplate":"https:\/\/www.gaveanews.com\/?s={search_term_string}"},"query-input":{"@type":"PropertyValueSpecification","valueRequired":true,"valueName":"search_term_string"}}],"inLanguage":"pt-BR"},{"@type":"Person","@id":"https:\/\/www.gaveanews.com\/#\/schema\/person\/2ec14f73fb96be2caf28f91afb14749d","name":"Equipe G\u00e1vea News","image":{"@type":"ImageObject","inLanguage":"pt-BR","@id":"https:\/\/www.gaveanews.com\/#\/schema\/person\/image\/","url":"https:\/\/secure.gravatar.com\/avatar\/1e1956f1facbffd3f8fa53a326721950116b3b9dc9bd44939c01180fd4a745a9?s=96&d=mm&r=g","contentUrl":"https:\/\/secure.gravatar.com\/avatar\/1e1956f1facbffd3f8fa53a326721950116b3b9dc9bd44939c01180fd4a745a9?s=96&d=mm&r=g","caption":"Equipe G\u00e1vea News"}}]}},"_links":{"self":[{"href":"https:\/\/www.gaveanews.com\/index.php\/wp-json\/wp\/v2\/posts\/39257","targetHints":{"allow":["GET"]}}],"collection":[{"href":"https:\/\/www.gaveanews.com\/index.php\/wp-json\/wp\/v2\/posts"}],"about":[{"href":"https:\/\/www.gaveanews.com\/index.php\/wp-json\/wp\/v2\/types\/post"}],"author":[{"embeddable":true,"href":"https:\/\/www.gaveanews.com\/index.php\/wp-json\/wp\/v2\/users\/1"}],"replies":[{"embeddable":true,"href":"https:\/\/www.gaveanews.com\/index.php\/wp-json\/wp\/v2\/comments?post=39257"}],"version-history":[{"count":0,"href":"https:\/\/www.gaveanews.com\/index.php\/wp-json\/wp\/v2\/posts\/39257\/revisions"}],"wp:featuredmedia":[{"embeddable":true,"href":"https:\/\/www.gaveanews.com\/index.php\/wp-json\/wp\/v2\/media\/15081"}],"wp:attachment":[{"href":"https:\/\/www.gaveanews.com\/index.php\/wp-json\/wp\/v2\/media?parent=39257"}],"wp:term":[{"taxonomy":"category","embeddable":true,"href":"https:\/\/www.gaveanews.com\/index.php\/wp-json\/wp\/v2\/categories?post=39257"},{"taxonomy":"post_tag","embeddable":true,"href":"https:\/\/www.gaveanews.com\/index.php\/wp-json\/wp\/v2\/tags?post=39257"}],"curies":[{"name":"wp","href":"https:\/\/api.w.org\/{rel}","templated":true}]}}