{"id":39259,"date":"2020-04-02T23:59:00","date_gmt":"2020-04-03T02:59:00","guid":{"rendered":"https:\/\/www.gaveanews.com\/?p=39259"},"modified":"2020-04-02T23:44:55","modified_gmt":"2020-04-03T02:44:55","slug":"comentarista-afirma-que-cavani-nao-tem-lugar-para-jogar-no-flamengo","status":"publish","type":"post","link":"https:\/\/www.gaveanews.com\/index.php\/2020\/04\/02\/comentarista-afirma-que-cavani-nao-tem-lugar-para-jogar-no-flamengo\/","title":{"rendered":"Comentarista afirma que Cavani &#8216;n\u00e3o tem lugar para jogar no Flamengo&#8217;"},"content":{"rendered":"\n<p>A declara\u00e7\u00e3o do irm\u00e3o de Cavani, Fernando Guglielmone, sobre o interesse de Boca Juniors, Internacional, Flamengo e Palmeiras no atacante do PSG repercutiu nos programas de debate dos canais Fox Sports. O comentarista Mauro Naves afirmou que n\u00e3o haveria espa\u00e7o para o uruguaio no atual campe\u00e3o brasileiro.<\/p>\n\n\n\n<p>&#8220;N\u00e3o entendi se o nome dele \u00e9 Cavani ou se o nome do irm\u00e3o dele \u00e9 &#8216;Cavando&#8217;. Para mim, o irm\u00e3o dele est\u00e1 cavando um lugar aqui no Brasil. O Flamengo j\u00e1 pode ter pensado nele antes de renovar com o Gabigol, trazer o Pedro. Primeiro, n\u00e3o tem lugar para ele jogar. N\u00e3o mesmo. Segundo, que o Flamengo teria que pagar 10 milh\u00f5es de euros pra algu\u00e9m ficar no banco. O Flamengo deve se preocupar em arrumar dinheiro para o Jorge Jesus, que \u00e9 muito mais importante. Imagino que vai ser dif\u00edcil o Cavani jogar aqui por conta desse sal\u00e1rio t\u00e3o alto&#8221;, declarou durante o Expediente Futebol de hoje (2).<\/p>\n\n\n\n<p>Quem tamb\u00e9m participou do programa foi Leandro Quesada. O comentarista fez coro a Mauro Naves, dizendo que Cavani provavelmente seria reserva do time do Flamengo. Quesada, por\u00e9m, destacou que o atacante uruguaio se encaixaria tanto em Palmeiras como em Internacional.<\/p>\n\n\n\n<p>&#8220;Acho que o Cavani est\u00e1 meio desconectado do PSG. E tem uma temporada com poucos gols na Europa. S\u00e3o sete gols. \u00c9 pouco para ele. Os n\u00fameros s\u00e3o muito baixos. E estamos falando de algu\u00e9m para fazer gols. No Flamengo, com todo respeito ao Cavani, ele agregaria, mas n\u00e3o \u00e9 necess\u00e1rio, n\u00e3o. Agora, para o Palmeiras, ele se encaixaria bem. No Internacional, tamb\u00e9m. Ele turbinaria esses dois elencos&#8221;, declarou.<\/p>\n\n\n\n<p>Continuando a discuss\u00e3o, mas em outra atra\u00e7\u00e3o, o Debate Final, Felipe Facincanni discordou. Na opini\u00e3o do jornalista, Cavani n\u00e3o s\u00f3 jogaria em qualquer time da Am\u00e9rica do Sul, como em quase todos os times do mundo. Facincanni, no entanto, admitiu que o Flamengo talvez tivesse que mudar seu estilo de jogo para encaixar o craque uruguaio.<\/p>\n\n\n\n<p>&#8220;Cavani cabe em qualquer clube, n\u00e3o s\u00f3 na Am\u00e9rica do Sul. Hoje, em termos de espa\u00e7o, caberia no Atl\u00e9tico de Madri, por exemplo. Caberia em qualquer clube italiano. Com a aus\u00eancia do Su\u00e1rez, poderia jogar no Barcelona. Joga em qualquer lugar. O problema \u00e9 que em algumas equipes do futebol brasileiro, como \u00e9 o caso do Flamengo, precisaria de uma &#8216;engenharia t\u00e1tica&#8217; para saber onde ele jogaria e no lugar de quem&#8221;, disse.<\/p>\n\n\n\n<p>Retirado de: UOL<\/p>\n","protected":false},"excerpt":{"rendered":"<p>A declara\u00e7\u00e3o do irm\u00e3o de Cavani, Fernando Guglielmone, sobre o interesse de Boca Juniors, Internacional, Flamengo e Palmeiras no atacante do PSG repercutiu nos programas de debate dos canais Fox Sports. O comentarista Mauro Naves afirmou que n\u00e3o haveria espa\u00e7o para o uruguaio no atual campe\u00e3o brasileiro. &#8220;N\u00e3o entendi se o nome dele \u00e9 Cavani [&hellip;]<\/p>\n","protected":false},"author":1,"featured_media":31019,"comment_status":"open","ping_status":"closed","sticky":false,"template":"","format":"standard","meta":{"footnotes":""},"categories":[48],"tags":[],"class_list":["post-39259","post","type-post","status-publish","format-standard","has-post-thumbnail","hentry","category-negociacoes"],"yoast_head":"<!-- This site is optimized with the Yoast SEO Premium plugin v24.2 (Yoast SEO v26.9) - https:\/\/yoast.com\/product\/yoast-seo-premium-wordpress\/ -->\n<title>Comentarista afirma que Cavani &#039;n\u00e3o tem lugar para jogar no Flamengo&#039;<\/title>\n<meta name=\"robots\" content=\"index, follow, max-snippet:-1, max-image-preview:large, max-video-preview:-1\" \/>\n<link rel=\"canonical\" href=\"https:\/\/www.gaveanews.com\/index.php\/2020\/04\/02\/comentarista-afirma-que-cavani-nao-tem-lugar-para-jogar-no-flamengo\/\" \/>\n<meta property=\"og:locale\" content=\"pt_BR\" \/>\n<meta property=\"og:type\" content=\"article\" \/>\n<meta property=\"og:title\" content=\"Comentarista afirma que Cavani &#039;n\u00e3o tem lugar para jogar no Flamengo&#039;\" \/>\n<meta property=\"og:description\" content=\"A declara\u00e7\u00e3o do irm\u00e3o de Cavani, Fernando Guglielmone, sobre o interesse de Boca Juniors, Internacional, Flamengo e Palmeiras no atacante do PSG repercutiu nos programas de debate dos canais Fox Sports. O comentarista Mauro Naves afirmou que n\u00e3o haveria espa\u00e7o para o uruguaio no atual campe\u00e3o brasileiro. &#8220;N\u00e3o entendi se o nome dele \u00e9 Cavani [&hellip;]\" \/>\n<meta property=\"og:url\" content=\"https:\/\/www.gaveanews.com\/index.php\/2020\/04\/02\/comentarista-afirma-que-cavani-nao-tem-lugar-para-jogar-no-flamengo\/\" \/>\n<meta property=\"og:site_name\" content=\"G\u00e1vea News\" \/>\n<meta property=\"article:publisher\" content=\"https:\/\/facebook.com\/gaveaNews\/\" \/>\n<meta property=\"article:published_time\" content=\"2020-04-03T02:59:00+00:00\" \/>\n<meta property=\"og:image\" content=\"https:\/\/www.gaveanews.com\/wp-content\/uploads\/Cavani-em-acao-pelo-Uruguai.webp\" \/>\n\t<meta property=\"og:image:width\" content=\"1\" \/>\n\t<meta property=\"og:image:height\" content=\"1\" \/>\n\t<meta property=\"og:image:type\" content=\"image\/jpeg\" \/>\n<meta name=\"author\" content=\"Equipe G\u00e1vea News\" \/>\n<meta name=\"twitter:card\" content=\"summary_large_image\" \/>\n<meta name=\"twitter:label1\" content=\"Escrito por\" \/>\n\t<meta name=\"twitter:data1\" content=\"Equipe G\u00e1vea News\" \/>\n\t<meta name=\"twitter:label2\" content=\"Est. tempo de leitura\" \/>\n\t<meta name=\"twitter:data2\" content=\"2 minutos\" \/>\n<script type=\"application\/ld+json\" class=\"yoast-schema-graph\">{\"@context\":\"https:\/\/schema.org\",\"@graph\":[{\"@type\":\"NewsArticle\",\"@id\":\"https:\/\/www.gaveanews.com\/index.php\/2020\/04\/02\/comentarista-afirma-que-cavani-nao-tem-lugar-para-jogar-no-flamengo\/#article\",\"isPartOf\":{\"@id\":\"https:\/\/www.gaveanews.com\/index.php\/2020\/04\/02\/comentarista-afirma-que-cavani-nao-tem-lugar-para-jogar-no-flamengo\/\"},\"author\":{\"name\":\"Equipe G\u00e1vea News\",\"@id\":\"https:\/\/www.gaveanews.com\/#\/schema\/person\/2ec14f73fb96be2caf28f91afb14749d\"},\"headline\":\"Comentarista afirma que Cavani &#8216;n\u00e3o tem lugar para jogar no Flamengo&#8217;\",\"datePublished\":\"2020-04-03T02:59:00+00:00\",\"mainEntityOfPage\":{\"@id\":\"https:\/\/www.gaveanews.com\/index.php\/2020\/04\/02\/comentarista-afirma-que-cavani-nao-tem-lugar-para-jogar-no-flamengo\/\"},\"wordCount\":438,\"commentCount\":9,\"image\":{\"@id\":\"https:\/\/www.gaveanews.com\/index.php\/2020\/04\/02\/comentarista-afirma-que-cavani-nao-tem-lugar-para-jogar-no-flamengo\/#primaryimage\"},\"thumbnailUrl\":\"https:\/\/www.gaveanews.com\/wp-content\/uploads\/Cavani-em-acao-pelo-Uruguai.webp\",\"articleSection\":[\"Negocia\u00e7\u00f5es\"],\"inLanguage\":\"pt-BR\",\"potentialAction\":[{\"@type\":\"CommentAction\",\"name\":\"Comment\",\"target\":[\"https:\/\/www.gaveanews.com\/index.php\/2020\/04\/02\/comentarista-afirma-que-cavani-nao-tem-lugar-para-jogar-no-flamengo\/#respond\"]}],\"copyrightYear\":\"2020\",\"copyrightHolder\":{\"@id\":\"https:\/\/www.gaveanews.com\/#organization\"}},{\"@type\":\"WebPage\",\"@id\":\"https:\/\/www.gaveanews.com\/index.php\/2020\/04\/02\/comentarista-afirma-que-cavani-nao-tem-lugar-para-jogar-no-flamengo\/\",\"url\":\"https:\/\/www.gaveanews.com\/index.php\/2020\/04\/02\/comentarista-afirma-que-cavani-nao-tem-lugar-para-jogar-no-flamengo\/\",\"name\":\"Comentarista afirma que Cavani 'n\u00e3o tem lugar para jogar no Flamengo'\",\"isPartOf\":{\"@id\":\"https:\/\/www.gaveanews.com\/#website\"},\"primaryImageOfPage\":{\"@id\":\"https:\/\/www.gaveanews.com\/index.php\/2020\/04\/02\/comentarista-afirma-que-cavani-nao-tem-lugar-para-jogar-no-flamengo\/#primaryimage\"},\"image\":{\"@id\":\"https:\/\/www.gaveanews.com\/index.php\/2020\/04\/02\/comentarista-afirma-que-cavani-nao-tem-lugar-para-jogar-no-flamengo\/#primaryimage\"},\"thumbnailUrl\":\"https:\/\/www.gaveanews.com\/wp-content\/uploads\/Cavani-em-acao-pelo-Uruguai.webp\",\"datePublished\":\"2020-04-03T02:59:00+00:00\",\"author\":{\"@id\":\"https:\/\/www.gaveanews.com\/#\/schema\/person\/2ec14f73fb96be2caf28f91afb14749d\"},\"breadcrumb\":{\"@id\":\"https:\/\/www.gaveanews.com\/index.php\/2020\/04\/02\/comentarista-afirma-que-cavani-nao-tem-lugar-para-jogar-no-flamengo\/#breadcrumb\"},\"inLanguage\":\"pt-BR\",\"potentialAction\":[{\"@type\":\"ReadAction\",\"target\":[\"https:\/\/www.gaveanews.com\/index.php\/2020\/04\/02\/comentarista-afirma-que-cavani-nao-tem-lugar-para-jogar-no-flamengo\/\"]}]},{\"@type\":\"ImageObject\",\"inLanguage\":\"pt-BR\",\"@id\":\"https:\/\/www.gaveanews.com\/index.php\/2020\/04\/02\/comentarista-afirma-que-cavani-nao-tem-lugar-para-jogar-no-flamengo\/#primaryimage\",\"url\":\"https:\/\/www.gaveanews.com\/wp-content\/uploads\/Cavani-em-acao-pelo-Uruguai.webp\",\"contentUrl\":\"https:\/\/www.gaveanews.com\/wp-content\/uploads\/Cavani-em-acao-pelo-Uruguai.webp\",\"caption\":\"Cavani em a\u00e7\u00e3o pelo Uruguai (Foto: Adrian Dennis\/AFP)\"},{\"@type\":\"BreadcrumbList\",\"@id\":\"https:\/\/www.gaveanews.com\/index.php\/2020\/04\/02\/comentarista-afirma-que-cavani-nao-tem-lugar-para-jogar-no-flamengo\/#breadcrumb\",\"itemListElement\":[{\"@type\":\"ListItem\",\"position\":1,\"name\":\"Home\",\"item\":\"https:\/\/www.gaveanews.com\/\"},{\"@type\":\"ListItem\",\"position\":2,\"name\":\"Comentarista afirma que Cavani &#8216;n\u00e3o tem lugar para jogar no Flamengo&#8217;\"}]},{\"@type\":\"WebSite\",\"@id\":\"https:\/\/www.gaveanews.com\/#website\",\"url\":\"https:\/\/www.gaveanews.com\/\",\"name\":\"G\u00e1vea News\",\"description\":\"Veja todas as not\u00edcias sobre o Flamengo: Contrata\u00e7\u00f5es, categorias de base, resultados das partidas, tabela de classifica\u00e7\u00e3o, pr\u00f3ximos jogos!\",\"potentialAction\":[{\"@type\":\"SearchAction\",\"target\":{\"@type\":\"EntryPoint\",\"urlTemplate\":\"https:\/\/www.gaveanews.com\/?s={search_term_string}\"},\"query-input\":{\"@type\":\"PropertyValueSpecification\",\"valueRequired\":true,\"valueName\":\"search_term_string\"}}],\"inLanguage\":\"pt-BR\"},{\"@type\":\"Person\",\"@id\":\"https:\/\/www.gaveanews.com\/#\/schema\/person\/2ec14f73fb96be2caf28f91afb14749d\",\"name\":\"Equipe G\u00e1vea News\",\"image\":{\"@type\":\"ImageObject\",\"inLanguage\":\"pt-BR\",\"@id\":\"https:\/\/www.gaveanews.com\/#\/schema\/person\/image\/\",\"url\":\"https:\/\/secure.gravatar.com\/avatar\/1e1956f1facbffd3f8fa53a326721950116b3b9dc9bd44939c01180fd4a745a9?s=96&d=mm&r=g\",\"contentUrl\":\"https:\/\/secure.gravatar.com\/avatar\/1e1956f1facbffd3f8fa53a326721950116b3b9dc9bd44939c01180fd4a745a9?s=96&d=mm&r=g\",\"caption\":\"Equipe G\u00e1vea News\"}}]}<\/script>\n<!-- \/ Yoast SEO Premium plugin. -->","yoast_head_json":{"title":"Comentarista afirma que Cavani 'n\u00e3o tem lugar para jogar no Flamengo'","robots":{"index":"index","follow":"follow","max-snippet":"max-snippet:-1","max-image-preview":"max-image-preview:large","max-video-preview":"max-video-preview:-1"},"canonical":"https:\/\/www.gaveanews.com\/index.php\/2020\/04\/02\/comentarista-afirma-que-cavani-nao-tem-lugar-para-jogar-no-flamengo\/","og_locale":"pt_BR","og_type":"article","og_title":"Comentarista afirma que Cavani 'n\u00e3o tem lugar para jogar no Flamengo'","og_description":"A declara\u00e7\u00e3o do irm\u00e3o de Cavani, Fernando Guglielmone, sobre o interesse de Boca Juniors, Internacional, Flamengo e Palmeiras no atacante do PSG repercutiu nos programas de debate dos canais Fox Sports. O comentarista Mauro Naves afirmou que n\u00e3o haveria espa\u00e7o para o uruguaio no atual campe\u00e3o brasileiro. &#8220;N\u00e3o entendi se o nome dele \u00e9 Cavani [&hellip;]","og_url":"https:\/\/www.gaveanews.com\/index.php\/2020\/04\/02\/comentarista-afirma-que-cavani-nao-tem-lugar-para-jogar-no-flamengo\/","og_site_name":"G\u00e1vea News","article_publisher":"https:\/\/facebook.com\/gaveaNews\/","article_published_time":"2020-04-03T02:59:00+00:00","og_image":[{"url":"https:\/\/www.gaveanews.com\/wp-content\/uploads\/Cavani-em-acao-pelo-Uruguai.webp","width":1,"height":1,"type":"image\/jpeg"}],"author":"Equipe G\u00e1vea News","twitter_card":"summary_large_image","twitter_misc":{"Escrito por":"Equipe G\u00e1vea News","Est. tempo de leitura":"2 minutos"},"schema":{"@context":"https:\/\/schema.org","@graph":[{"@type":"NewsArticle","@id":"https:\/\/www.gaveanews.com\/index.php\/2020\/04\/02\/comentarista-afirma-que-cavani-nao-tem-lugar-para-jogar-no-flamengo\/#article","isPartOf":{"@id":"https:\/\/www.gaveanews.com\/index.php\/2020\/04\/02\/comentarista-afirma-que-cavani-nao-tem-lugar-para-jogar-no-flamengo\/"},"author":{"name":"Equipe G\u00e1vea News","@id":"https:\/\/www.gaveanews.com\/#\/schema\/person\/2ec14f73fb96be2caf28f91afb14749d"},"headline":"Comentarista afirma que Cavani &#8216;n\u00e3o tem lugar para jogar no Flamengo&#8217;","datePublished":"2020-04-03T02:59:00+00:00","mainEntityOfPage":{"@id":"https:\/\/www.gaveanews.com\/index.php\/2020\/04\/02\/comentarista-afirma-que-cavani-nao-tem-lugar-para-jogar-no-flamengo\/"},"wordCount":438,"commentCount":9,"image":{"@id":"https:\/\/www.gaveanews.com\/index.php\/2020\/04\/02\/comentarista-afirma-que-cavani-nao-tem-lugar-para-jogar-no-flamengo\/#primaryimage"},"thumbnailUrl":"https:\/\/www.gaveanews.com\/wp-content\/uploads\/Cavani-em-acao-pelo-Uruguai.webp","articleSection":["Negocia\u00e7\u00f5es"],"inLanguage":"pt-BR","potentialAction":[{"@type":"CommentAction","name":"Comment","target":["https:\/\/www.gaveanews.com\/index.php\/2020\/04\/02\/comentarista-afirma-que-cavani-nao-tem-lugar-para-jogar-no-flamengo\/#respond"]}],"copyrightYear":"2020","copyrightHolder":{"@id":"https:\/\/www.gaveanews.com\/#organization"}},{"@type":"WebPage","@id":"https:\/\/www.gaveanews.com\/index.php\/2020\/04\/02\/comentarista-afirma-que-cavani-nao-tem-lugar-para-jogar-no-flamengo\/","url":"https:\/\/www.gaveanews.com\/index.php\/2020\/04\/02\/comentarista-afirma-que-cavani-nao-tem-lugar-para-jogar-no-flamengo\/","name":"Comentarista afirma que Cavani 'n\u00e3o tem lugar para jogar no Flamengo'","isPartOf":{"@id":"https:\/\/www.gaveanews.com\/#website"},"primaryImageOfPage":{"@id":"https:\/\/www.gaveanews.com\/index.php\/2020\/04\/02\/comentarista-afirma-que-cavani-nao-tem-lugar-para-jogar-no-flamengo\/#primaryimage"},"image":{"@id":"https:\/\/www.gaveanews.com\/index.php\/2020\/04\/02\/comentarista-afirma-que-cavani-nao-tem-lugar-para-jogar-no-flamengo\/#primaryimage"},"thumbnailUrl":"https:\/\/www.gaveanews.com\/wp-content\/uploads\/Cavani-em-acao-pelo-Uruguai.webp","datePublished":"2020-04-03T02:59:00+00:00","author":{"@id":"https:\/\/www.gaveanews.com\/#\/schema\/person\/2ec14f73fb96be2caf28f91afb14749d"},"breadcrumb":{"@id":"https:\/\/www.gaveanews.com\/index.php\/2020\/04\/02\/comentarista-afirma-que-cavani-nao-tem-lugar-para-jogar-no-flamengo\/#breadcrumb"},"inLanguage":"pt-BR","potentialAction":[{"@type":"ReadAction","target":["https:\/\/www.gaveanews.com\/index.php\/2020\/04\/02\/comentarista-afirma-que-cavani-nao-tem-lugar-para-jogar-no-flamengo\/"]}]},{"@type":"ImageObject","inLanguage":"pt-BR","@id":"https:\/\/www.gaveanews.com\/index.php\/2020\/04\/02\/comentarista-afirma-que-cavani-nao-tem-lugar-para-jogar-no-flamengo\/#primaryimage","url":"https:\/\/www.gaveanews.com\/wp-content\/uploads\/Cavani-em-acao-pelo-Uruguai.webp","contentUrl":"https:\/\/www.gaveanews.com\/wp-content\/uploads\/Cavani-em-acao-pelo-Uruguai.webp","caption":"Cavani em a\u00e7\u00e3o pelo Uruguai (Foto: Adrian Dennis\/AFP)"},{"@type":"BreadcrumbList","@id":"https:\/\/www.gaveanews.com\/index.php\/2020\/04\/02\/comentarista-afirma-que-cavani-nao-tem-lugar-para-jogar-no-flamengo\/#breadcrumb","itemListElement":[{"@type":"ListItem","position":1,"name":"Home","item":"https:\/\/www.gaveanews.com\/"},{"@type":"ListItem","position":2,"name":"Comentarista afirma que Cavani &#8216;n\u00e3o tem lugar para jogar no Flamengo&#8217;"}]},{"@type":"WebSite","@id":"https:\/\/www.gaveanews.com\/#website","url":"https:\/\/www.gaveanews.com\/","name":"G\u00e1vea News","description":"Veja todas as not\u00edcias sobre o Flamengo: Contrata\u00e7\u00f5es, categorias de base, resultados das partidas, tabela de classifica\u00e7\u00e3o, pr\u00f3ximos jogos!","potentialAction":[{"@type":"SearchAction","target":{"@type":"EntryPoint","urlTemplate":"https:\/\/www.gaveanews.com\/?s={search_term_string}"},"query-input":{"@type":"PropertyValueSpecification","valueRequired":true,"valueName":"search_term_string"}}],"inLanguage":"pt-BR"},{"@type":"Person","@id":"https:\/\/www.gaveanews.com\/#\/schema\/person\/2ec14f73fb96be2caf28f91afb14749d","name":"Equipe G\u00e1vea News","image":{"@type":"ImageObject","inLanguage":"pt-BR","@id":"https:\/\/www.gaveanews.com\/#\/schema\/person\/image\/","url":"https:\/\/secure.gravatar.com\/avatar\/1e1956f1facbffd3f8fa53a326721950116b3b9dc9bd44939c01180fd4a745a9?s=96&d=mm&r=g","contentUrl":"https:\/\/secure.gravatar.com\/avatar\/1e1956f1facbffd3f8fa53a326721950116b3b9dc9bd44939c01180fd4a745a9?s=96&d=mm&r=g","caption":"Equipe G\u00e1vea News"}}]}},"_links":{"self":[{"href":"https:\/\/www.gaveanews.com\/index.php\/wp-json\/wp\/v2\/posts\/39259","targetHints":{"allow":["GET"]}}],"collection":[{"href":"https:\/\/www.gaveanews.com\/index.php\/wp-json\/wp\/v2\/posts"}],"about":[{"href":"https:\/\/www.gaveanews.com\/index.php\/wp-json\/wp\/v2\/types\/post"}],"author":[{"embeddable":true,"href":"https:\/\/www.gaveanews.com\/index.php\/wp-json\/wp\/v2\/users\/1"}],"replies":[{"embeddable":true,"href":"https:\/\/www.gaveanews.com\/index.php\/wp-json\/wp\/v2\/comments?post=39259"}],"version-history":[{"count":0,"href":"https:\/\/www.gaveanews.com\/index.php\/wp-json\/wp\/v2\/posts\/39259\/revisions"}],"wp:featuredmedia":[{"embeddable":true,"href":"https:\/\/www.gaveanews.com\/index.php\/wp-json\/wp\/v2\/media\/31019"}],"wp:attachment":[{"href":"https:\/\/www.gaveanews.com\/index.php\/wp-json\/wp\/v2\/media?parent=39259"}],"wp:term":[{"taxonomy":"category","embeddable":true,"href":"https:\/\/www.gaveanews.com\/index.php\/wp-json\/wp\/v2\/categories?post=39259"},{"taxonomy":"post_tag","embeddable":true,"href":"https:\/\/www.gaveanews.com\/index.php\/wp-json\/wp\/v2\/tags?post=39259"}],"curies":[{"name":"wp","href":"https:\/\/api.w.org\/{rel}","templated":true}]}}