{"id":39268,"date":"2020-04-03T15:38:15","date_gmt":"2020-04-03T18:38:15","guid":{"rendered":"https:\/\/www.gaveanews.com\/?p=39268"},"modified":"2020-04-03T15:39:03","modified_gmt":"2020-04-03T18:39:03","slug":"ex-dirigente-relembra-reconstrucao-do-flamengo-ressalta-magoa-zero-com-o-clube-e-nega-contato-do-palmeiras","status":"publish","type":"post","link":"https:\/\/www.gaveanews.com\/index.php\/2020\/04\/03\/ex-dirigente-relembra-reconstrucao-do-flamengo-ressalta-magoa-zero-com-o-clube-e-nega-contato-do-palmeiras\/","title":{"rendered":"Ex-dirigente relembra reconstru\u00e7\u00e3o do Flamengo, ressalta \u201cm\u00e1goa zero\u201d com o clube e nega contato do Palmeiras"},"content":{"rendered":"\n<p>Presente no mandato de Bandeira de Mello no Flamengo, o diretor Paulo Pelaipe fez parte da reconstru\u00e7\u00e3o do clube rubro-negro em 2013 e retornou ao time na temporada passada. Com os t\u00edtulos da Libertadores, do Estadual e do Brasileir\u00e3o, o dirigente se v\u00ea como parte da hist\u00f3ria da equipe pelo sucesso em 2019 e come\u00e7o de 2020.<\/p>\n\n\n\n<p>Em contato com a reportagem do&nbsp;<strong>Torcedores<\/strong>, Pelaipe ressaltou a sua passagem pelo clube desde o come\u00e7o da nova era na dire\u00e7\u00e3o at\u00e9 o retorno em dezembro de 2018, com Rodolfo Landim.&nbsp;&nbsp;\u201cO Marcos Braz me contratou sabendo da minha capacidade, do meu hist\u00f3rico. Pra mim, isso foi important\u00edssimo e eu me dediquei. Dei toda a minha lealdade a tudo o que poderia fazer\u201d, disse.&nbsp;<\/p>\n\n\n\n<p>O ex-dirigente do Flamengo deixou os coment\u00e1rios negativos sobre o seu retorno de lado e afirmou que, com o seu trabalho, conseguiu entrar para a hist\u00f3ria do clube.&nbsp;\u201cRecebi muitas cr\u00edticas quando voltei, mas foram de profissionais que gostariam de trabalhar no meu lugar. A gente sabe que essas pessoas que ocupam o microfone, mas o trabalho calou os cr\u00edticos\u201d, comentou. \u201cFiquei mais feliz ainda porque entrei para a hist\u00f3ria do clube. Ajudei com o meu trabalho a entrar na hist\u00f3ria.\u201d<\/p>\n\n\n\n<p>\u201cN\u00e3o podemos esquecer que eu fiz parte da reconstru\u00e7\u00e3o. Os anos mais dif\u00edceis eu passei no Flamengo, em 2013 e 2014. Com or\u00e7amento reduzido, praticamente de 30% de 2012, o Carioca, conquistamos a Ta\u00e7a Guanabara e a Copa do Brasil\u201d, ressaltou Paulo Pelaipe.&nbsp;<\/p>\n\n\n\n<h2 class=\"wp-block-heading\">M\u00e1goa \u201czero\u201d com o Flamengo e boatos de ida ao Palmeiras<\/h2>\n\n\n\n<p>Elogiado por torcedores, o dirigente, que hoje est\u00e1 no comando do S\u00e3o Caetano, ressaltou que n\u00e3o tem m\u00e1goas em sua sa\u00edda do Flamengo. Pelaipe tinha um acordo para renovar no come\u00e7o do ano, mas acabou ficando fora dos planos da equipe na virada para 2020.<\/p>\n\n\n\n<p>\u201cN\u00e3o existe nenhuma m\u00e1goa do Clube de Regatas do Flamengo. Zero. O clube \u00e9 da torcida\u201d, disse. \u201cAlgumas pessoas que poderiam agir de outra maneira, elas passam. O clube fica e a torcida fant\u00e1stica \u00e9 eterna. S\u00f3 tenho que agradecer \u00e0 torcida, \u00e0 diretoria de futebol, atletas, funcion\u00e1rios exemplares. Um quadro da melhor qualidade. S\u00f3 tenho agradecimentos. Minha vida sempre foi focada para olhar para frente e \u00e9 isso que eu fa\u00e7o\u201d, completou o ex-dirigente do Flamengo.<\/p>\n\n\n\n<p>Por\u00e9m, antes de sua sa\u00edda do time do Rio de Janeiro, Paulo Pelaipe esteve na lista do Palmeiras para assumir o lugar de Alexandre Mattos. O dirigente nega que tenha conversado com o clube, mas reconhece o tamanho da equipe paulista e se sente orgulhoso com o interesse.<\/p>\n\n\n\n<p>\u201cEu nunca fui procurado pela diretoria do Palmeiras. Meu nome saiu na imprensa, mas ningu\u00e9m da diretoria me procurou. Tinha sondagens, boatos, mas efetivamente ningu\u00e9m falou comigo.&nbsp;Mas eu fiquei feliz por ser lembrado. Estar na lista com grandes profissionais que foram cogitados. Isso a\u00ed \u00e9 motivo de orgulho. A gente que \u00e9 profissional sabe da import\u00e2ncia de deixar as portas abertas\u201d, disse.&nbsp;<\/p>\n\n\n\n<h2 class=\"wp-block-heading\">Futuro do futebol ap\u00f3s a pandemia do coronav\u00edrus<\/h2>\n\n\n\n<p>Dirigente do S\u00e3o Caetano, Pelaipe v\u00ea o futuro do futebol com muita indecis\u00e3o. Com possibilidade de clubes falirem e outros terem grandes dificuldades finaceira, ele prefere escolher com calma os pr\u00f3ximos passos, seguindo o que a Confedera\u00e7\u00e3o Brasileira de Futebol e a Federa\u00e7\u00e3o Paulista falarem.<\/p>\n\n\n\n<p>\u201c\u00c9 o momento de grande expectativa, pois ainda existe uma indecis\u00e3o no cen\u00e1rio brasileiro. Qualquer manifesta\u00e7\u00e3o neste momento pode ser intempestivo ou temer\u00e1rio. \u00c9 importante aguardar a decis\u00e3o da CBF e da FPF para tomar as pr\u00f3ximas decis\u00f5es\u201d, comentou.&nbsp;<\/p>\n\n\n\n<p>\u201cO futebol mundial vai sofrer uma grande adequa\u00e7\u00e3o no mercado \u00e0 essa realidade que est\u00e1 nos apresentando. Os pr\u00f3prios clubes da Europa j\u00e1 come\u00e7aram a repensar o seus departamento de futebol. Acredito que, no futebol brasileiro, n\u00e3o vai fugir \u00e0 regra. Vamos ter novos tempos para que haja o enfrentamento dessa crise\u201d, concluiu Pelaipe.\u00a0<\/p>\n\n\n\n<p>Retirado de: Torcedores<\/p>\n","protected":false},"excerpt":{"rendered":"<p>Presente no mandato de Bandeira de Mello no Flamengo, o diretor Paulo Pelaipe fez parte da reconstru\u00e7\u00e3o do clube rubro-negro em 2013 e retornou ao time na temporada passada. Com os t\u00edtulos da Libertadores, do Estadual e do Brasileir\u00e3o, o dirigente se v\u00ea como parte da hist\u00f3ria da equipe pelo sucesso em 2019 e come\u00e7o [&hellip;]<\/p>\n","protected":false},"author":1,"featured_media":18124,"comment_status":"open","ping_status":"closed","sticky":false,"template":"","format":"standard","meta":{"footnotes":""},"categories":[1],"tags":[],"class_list":["post-39268","post","type-post","status-publish","format-standard","has-post-thumbnail","hentry","category-flamengo"],"yoast_head":"<!-- This site is optimized with the Yoast SEO Premium plugin v24.2 (Yoast SEO v26.9) - https:\/\/yoast.com\/product\/yoast-seo-premium-wordpress\/ -->\n<title>Ex-dirigente relembra reconstru\u00e7\u00e3o do Flamengo, ressalta \u201cm\u00e1goa zero\u201d com o clube e nega contato do Palmeiras<\/title>\n<meta name=\"robots\" content=\"index, follow, max-snippet:-1, max-image-preview:large, max-video-preview:-1\" \/>\n<link rel=\"canonical\" href=\"https:\/\/www.gaveanews.com\/index.php\/2020\/04\/03\/ex-dirigente-relembra-reconstrucao-do-flamengo-ressalta-magoa-zero-com-o-clube-e-nega-contato-do-palmeiras\/\" \/>\n<meta property=\"og:locale\" content=\"pt_BR\" \/>\n<meta property=\"og:type\" content=\"article\" \/>\n<meta property=\"og:title\" content=\"Ex-dirigente relembra reconstru\u00e7\u00e3o do Flamengo, ressalta \u201cm\u00e1goa zero\u201d com o clube e nega contato do Palmeiras\" \/>\n<meta property=\"og:description\" content=\"Presente no mandato de Bandeira de Mello no Flamengo, o diretor Paulo Pelaipe fez parte da reconstru\u00e7\u00e3o do clube rubro-negro em 2013 e retornou ao time na temporada passada. Com os t\u00edtulos da Libertadores, do Estadual e do Brasileir\u00e3o, o dirigente se v\u00ea como parte da hist\u00f3ria da equipe pelo sucesso em 2019 e come\u00e7o [&hellip;]\" \/>\n<meta property=\"og:url\" content=\"https:\/\/www.gaveanews.com\/index.php\/2020\/04\/03\/ex-dirigente-relembra-reconstrucao-do-flamengo-ressalta-magoa-zero-com-o-clube-e-nega-contato-do-palmeiras\/\" \/>\n<meta property=\"og:site_name\" content=\"G\u00e1vea News\" \/>\n<meta property=\"article:publisher\" content=\"https:\/\/facebook.com\/gaveaNews\/\" \/>\n<meta property=\"article:published_time\" content=\"2020-04-03T18:38:15+00:00\" \/>\n<meta property=\"article:modified_time\" content=\"2020-04-03T18:39:03+00:00\" \/>\n<meta property=\"og:image\" content=\"https:\/\/www.gaveanews.com\/wp-content\/uploads\/2019\/04\/Marcos-braz-esquerda-e-Paulo-Pelaipe-direita-durante-coletiva-de-imprensa-no-Ninho-do-Urubu.webp\" \/>\n\t<meta property=\"og:image:width\" content=\"901\" \/>\n\t<meta property=\"og:image:height\" content=\"600\" \/>\n\t<meta property=\"og:image:type\" content=\"image\/jpeg\" \/>\n<meta name=\"author\" content=\"Equipe G\u00e1vea News\" \/>\n<meta name=\"twitter:card\" content=\"summary_large_image\" \/>\n<meta name=\"twitter:label1\" content=\"Escrito por\" \/>\n\t<meta name=\"twitter:data1\" content=\"Equipe G\u00e1vea News\" \/>\n\t<meta name=\"twitter:label2\" content=\"Est. tempo de leitura\" \/>\n\t<meta name=\"twitter:data2\" content=\"3 minutos\" \/>\n<script type=\"application\/ld+json\" class=\"yoast-schema-graph\">{\"@context\":\"https:\/\/schema.org\",\"@graph\":[{\"@type\":\"NewsArticle\",\"@id\":\"https:\/\/www.gaveanews.com\/index.php\/2020\/04\/03\/ex-dirigente-relembra-reconstrucao-do-flamengo-ressalta-magoa-zero-com-o-clube-e-nega-contato-do-palmeiras\/#article\",\"isPartOf\":{\"@id\":\"https:\/\/www.gaveanews.com\/index.php\/2020\/04\/03\/ex-dirigente-relembra-reconstrucao-do-flamengo-ressalta-magoa-zero-com-o-clube-e-nega-contato-do-palmeiras\/\"},\"author\":{\"name\":\"Equipe G\u00e1vea News\",\"@id\":\"https:\/\/www.gaveanews.com\/#\/schema\/person\/2ec14f73fb96be2caf28f91afb14749d\"},\"headline\":\"Ex-dirigente relembra reconstru\u00e7\u00e3o do Flamengo, ressalta \u201cm\u00e1goa zero\u201d com o clube e nega contato do Palmeiras\",\"datePublished\":\"2020-04-03T18:38:15+00:00\",\"dateModified\":\"2020-04-03T18:39:03+00:00\",\"mainEntityOfPage\":{\"@id\":\"https:\/\/www.gaveanews.com\/index.php\/2020\/04\/03\/ex-dirigente-relembra-reconstrucao-do-flamengo-ressalta-magoa-zero-com-o-clube-e-nega-contato-do-palmeiras\/\"},\"wordCount\":700,\"commentCount\":10,\"image\":{\"@id\":\"https:\/\/www.gaveanews.com\/index.php\/2020\/04\/03\/ex-dirigente-relembra-reconstrucao-do-flamengo-ressalta-magoa-zero-com-o-clube-e-nega-contato-do-palmeiras\/#primaryimage\"},\"thumbnailUrl\":\"https:\/\/www.gaveanews.com\/wp-content\/uploads\/2019\/04\/Marcos-braz-esquerda-e-Paulo-Pelaipe-direita-durante-coletiva-de-imprensa-no-Ninho-do-Urubu.webp\",\"articleSection\":[\"Flamengo\"],\"inLanguage\":\"pt-BR\",\"potentialAction\":[{\"@type\":\"CommentAction\",\"name\":\"Comment\",\"target\":[\"https:\/\/www.gaveanews.com\/index.php\/2020\/04\/03\/ex-dirigente-relembra-reconstrucao-do-flamengo-ressalta-magoa-zero-com-o-clube-e-nega-contato-do-palmeiras\/#respond\"]}],\"copyrightYear\":\"2020\",\"copyrightHolder\":{\"@id\":\"https:\/\/www.gaveanews.com\/#organization\"}},{\"@type\":\"WebPage\",\"@id\":\"https:\/\/www.gaveanews.com\/index.php\/2020\/04\/03\/ex-dirigente-relembra-reconstrucao-do-flamengo-ressalta-magoa-zero-com-o-clube-e-nega-contato-do-palmeiras\/\",\"url\":\"https:\/\/www.gaveanews.com\/index.php\/2020\/04\/03\/ex-dirigente-relembra-reconstrucao-do-flamengo-ressalta-magoa-zero-com-o-clube-e-nega-contato-do-palmeiras\/\",\"name\":\"Ex-dirigente relembra reconstru\u00e7\u00e3o do Flamengo, ressalta \u201cm\u00e1goa zero\u201d com o clube e nega contato do Palmeiras\",\"isPartOf\":{\"@id\":\"https:\/\/www.gaveanews.com\/#website\"},\"primaryImageOfPage\":{\"@id\":\"https:\/\/www.gaveanews.com\/index.php\/2020\/04\/03\/ex-dirigente-relembra-reconstrucao-do-flamengo-ressalta-magoa-zero-com-o-clube-e-nega-contato-do-palmeiras\/#primaryimage\"},\"image\":{\"@id\":\"https:\/\/www.gaveanews.com\/index.php\/2020\/04\/03\/ex-dirigente-relembra-reconstrucao-do-flamengo-ressalta-magoa-zero-com-o-clube-e-nega-contato-do-palmeiras\/#primaryimage\"},\"thumbnailUrl\":\"https:\/\/www.gaveanews.com\/wp-content\/uploads\/2019\/04\/Marcos-braz-esquerda-e-Paulo-Pelaipe-direita-durante-coletiva-de-imprensa-no-Ninho-do-Urubu.webp\",\"datePublished\":\"2020-04-03T18:38:15+00:00\",\"dateModified\":\"2020-04-03T18:39:03+00:00\",\"author\":{\"@id\":\"https:\/\/www.gaveanews.com\/#\/schema\/person\/2ec14f73fb96be2caf28f91afb14749d\"},\"breadcrumb\":{\"@id\":\"https:\/\/www.gaveanews.com\/index.php\/2020\/04\/03\/ex-dirigente-relembra-reconstrucao-do-flamengo-ressalta-magoa-zero-com-o-clube-e-nega-contato-do-palmeiras\/#breadcrumb\"},\"inLanguage\":\"pt-BR\",\"potentialAction\":[{\"@type\":\"ReadAction\",\"target\":[\"https:\/\/www.gaveanews.com\/index.php\/2020\/04\/03\/ex-dirigente-relembra-reconstrucao-do-flamengo-ressalta-magoa-zero-com-o-clube-e-nega-contato-do-palmeiras\/\"]}]},{\"@type\":\"ImageObject\",\"inLanguage\":\"pt-BR\",\"@id\":\"https:\/\/www.gaveanews.com\/index.php\/2020\/04\/03\/ex-dirigente-relembra-reconstrucao-do-flamengo-ressalta-magoa-zero-com-o-clube-e-nega-contato-do-palmeiras\/#primaryimage\",\"url\":\"https:\/\/www.gaveanews.com\/wp-content\/uploads\/2019\/04\/Marcos-braz-esquerda-e-Paulo-Pelaipe-direita-durante-coletiva-de-imprensa-no-Ninho-do-Urubu.webp\",\"contentUrl\":\"https:\/\/www.gaveanews.com\/wp-content\/uploads\/2019\/04\/Marcos-braz-esquerda-e-Paulo-Pelaipe-direita-durante-coletiva-de-imprensa-no-Ninho-do-Urubu.webp\",\"width\":901,\"height\":600,\"caption\":\"Marcos braz (esquerda) e Paulo Pelaipe (direita) durante coletiva de imprensa no Ninho do Urubu (Foto: Alexandre Vidal\/Flamengo)\"},{\"@type\":\"BreadcrumbList\",\"@id\":\"https:\/\/www.gaveanews.com\/index.php\/2020\/04\/03\/ex-dirigente-relembra-reconstrucao-do-flamengo-ressalta-magoa-zero-com-o-clube-e-nega-contato-do-palmeiras\/#breadcrumb\",\"itemListElement\":[{\"@type\":\"ListItem\",\"position\":1,\"name\":\"Home\",\"item\":\"https:\/\/www.gaveanews.com\/\"},{\"@type\":\"ListItem\",\"position\":2,\"name\":\"Ex-dirigente relembra reconstru\u00e7\u00e3o do Flamengo, ressalta \u201cm\u00e1goa zero\u201d com o clube e nega contato do Palmeiras\"}]},{\"@type\":\"WebSite\",\"@id\":\"https:\/\/www.gaveanews.com\/#website\",\"url\":\"https:\/\/www.gaveanews.com\/\",\"name\":\"G\u00e1vea News\",\"description\":\"Veja todas as not\u00edcias sobre o Flamengo: Contrata\u00e7\u00f5es, categorias de base, resultados das partidas, tabela de classifica\u00e7\u00e3o, pr\u00f3ximos jogos!\",\"potentialAction\":[{\"@type\":\"SearchAction\",\"target\":{\"@type\":\"EntryPoint\",\"urlTemplate\":\"https:\/\/www.gaveanews.com\/?s={search_term_string}\"},\"query-input\":{\"@type\":\"PropertyValueSpecification\",\"valueRequired\":true,\"valueName\":\"search_term_string\"}}],\"inLanguage\":\"pt-BR\"},{\"@type\":\"Person\",\"@id\":\"https:\/\/www.gaveanews.com\/#\/schema\/person\/2ec14f73fb96be2caf28f91afb14749d\",\"name\":\"Equipe G\u00e1vea News\",\"image\":{\"@type\":\"ImageObject\",\"inLanguage\":\"pt-BR\",\"@id\":\"https:\/\/www.gaveanews.com\/#\/schema\/person\/image\/\",\"url\":\"https:\/\/secure.gravatar.com\/avatar\/1e1956f1facbffd3f8fa53a326721950116b3b9dc9bd44939c01180fd4a745a9?s=96&d=mm&r=g\",\"contentUrl\":\"https:\/\/secure.gravatar.com\/avatar\/1e1956f1facbffd3f8fa53a326721950116b3b9dc9bd44939c01180fd4a745a9?s=96&d=mm&r=g\",\"caption\":\"Equipe G\u00e1vea News\"}}]}<\/script>\n<!-- \/ Yoast SEO Premium plugin. -->","yoast_head_json":{"title":"Ex-dirigente relembra reconstru\u00e7\u00e3o do Flamengo, ressalta \u201cm\u00e1goa zero\u201d com o clube e nega contato do Palmeiras","robots":{"index":"index","follow":"follow","max-snippet":"max-snippet:-1","max-image-preview":"max-image-preview:large","max-video-preview":"max-video-preview:-1"},"canonical":"https:\/\/www.gaveanews.com\/index.php\/2020\/04\/03\/ex-dirigente-relembra-reconstrucao-do-flamengo-ressalta-magoa-zero-com-o-clube-e-nega-contato-do-palmeiras\/","og_locale":"pt_BR","og_type":"article","og_title":"Ex-dirigente relembra reconstru\u00e7\u00e3o do Flamengo, ressalta \u201cm\u00e1goa zero\u201d com o clube e nega contato do Palmeiras","og_description":"Presente no mandato de Bandeira de Mello no Flamengo, o diretor Paulo Pelaipe fez parte da reconstru\u00e7\u00e3o do clube rubro-negro em 2013 e retornou ao time na temporada passada. Com os t\u00edtulos da Libertadores, do Estadual e do Brasileir\u00e3o, o dirigente se v\u00ea como parte da hist\u00f3ria da equipe pelo sucesso em 2019 e come\u00e7o [&hellip;]","og_url":"https:\/\/www.gaveanews.com\/index.php\/2020\/04\/03\/ex-dirigente-relembra-reconstrucao-do-flamengo-ressalta-magoa-zero-com-o-clube-e-nega-contato-do-palmeiras\/","og_site_name":"G\u00e1vea News","article_publisher":"https:\/\/facebook.com\/gaveaNews\/","article_published_time":"2020-04-03T18:38:15+00:00","article_modified_time":"2020-04-03T18:39:03+00:00","og_image":[{"width":901,"height":600,"url":"https:\/\/www.gaveanews.com\/wp-content\/uploads\/2019\/04\/Marcos-braz-esquerda-e-Paulo-Pelaipe-direita-durante-coletiva-de-imprensa-no-Ninho-do-Urubu.webp","type":"image\/jpeg"}],"author":"Equipe G\u00e1vea News","twitter_card":"summary_large_image","twitter_misc":{"Escrito por":"Equipe G\u00e1vea News","Est. tempo de leitura":"3 minutos"},"schema":{"@context":"https:\/\/schema.org","@graph":[{"@type":"NewsArticle","@id":"https:\/\/www.gaveanews.com\/index.php\/2020\/04\/03\/ex-dirigente-relembra-reconstrucao-do-flamengo-ressalta-magoa-zero-com-o-clube-e-nega-contato-do-palmeiras\/#article","isPartOf":{"@id":"https:\/\/www.gaveanews.com\/index.php\/2020\/04\/03\/ex-dirigente-relembra-reconstrucao-do-flamengo-ressalta-magoa-zero-com-o-clube-e-nega-contato-do-palmeiras\/"},"author":{"name":"Equipe G\u00e1vea News","@id":"https:\/\/www.gaveanews.com\/#\/schema\/person\/2ec14f73fb96be2caf28f91afb14749d"},"headline":"Ex-dirigente relembra reconstru\u00e7\u00e3o do Flamengo, ressalta \u201cm\u00e1goa zero\u201d com o clube e nega contato do Palmeiras","datePublished":"2020-04-03T18:38:15+00:00","dateModified":"2020-04-03T18:39:03+00:00","mainEntityOfPage":{"@id":"https:\/\/www.gaveanews.com\/index.php\/2020\/04\/03\/ex-dirigente-relembra-reconstrucao-do-flamengo-ressalta-magoa-zero-com-o-clube-e-nega-contato-do-palmeiras\/"},"wordCount":700,"commentCount":10,"image":{"@id":"https:\/\/www.gaveanews.com\/index.php\/2020\/04\/03\/ex-dirigente-relembra-reconstrucao-do-flamengo-ressalta-magoa-zero-com-o-clube-e-nega-contato-do-palmeiras\/#primaryimage"},"thumbnailUrl":"https:\/\/www.gaveanews.com\/wp-content\/uploads\/2019\/04\/Marcos-braz-esquerda-e-Paulo-Pelaipe-direita-durante-coletiva-de-imprensa-no-Ninho-do-Urubu.webp","articleSection":["Flamengo"],"inLanguage":"pt-BR","potentialAction":[{"@type":"CommentAction","name":"Comment","target":["https:\/\/www.gaveanews.com\/index.php\/2020\/04\/03\/ex-dirigente-relembra-reconstrucao-do-flamengo-ressalta-magoa-zero-com-o-clube-e-nega-contato-do-palmeiras\/#respond"]}],"copyrightYear":"2020","copyrightHolder":{"@id":"https:\/\/www.gaveanews.com\/#organization"}},{"@type":"WebPage","@id":"https:\/\/www.gaveanews.com\/index.php\/2020\/04\/03\/ex-dirigente-relembra-reconstrucao-do-flamengo-ressalta-magoa-zero-com-o-clube-e-nega-contato-do-palmeiras\/","url":"https:\/\/www.gaveanews.com\/index.php\/2020\/04\/03\/ex-dirigente-relembra-reconstrucao-do-flamengo-ressalta-magoa-zero-com-o-clube-e-nega-contato-do-palmeiras\/","name":"Ex-dirigente relembra reconstru\u00e7\u00e3o do Flamengo, ressalta \u201cm\u00e1goa zero\u201d com o clube e nega contato do Palmeiras","isPartOf":{"@id":"https:\/\/www.gaveanews.com\/#website"},"primaryImageOfPage":{"@id":"https:\/\/www.gaveanews.com\/index.php\/2020\/04\/03\/ex-dirigente-relembra-reconstrucao-do-flamengo-ressalta-magoa-zero-com-o-clube-e-nega-contato-do-palmeiras\/#primaryimage"},"image":{"@id":"https:\/\/www.gaveanews.com\/index.php\/2020\/04\/03\/ex-dirigente-relembra-reconstrucao-do-flamengo-ressalta-magoa-zero-com-o-clube-e-nega-contato-do-palmeiras\/#primaryimage"},"thumbnailUrl":"https:\/\/www.gaveanews.com\/wp-content\/uploads\/2019\/04\/Marcos-braz-esquerda-e-Paulo-Pelaipe-direita-durante-coletiva-de-imprensa-no-Ninho-do-Urubu.webp","datePublished":"2020-04-03T18:38:15+00:00","dateModified":"2020-04-03T18:39:03+00:00","author":{"@id":"https:\/\/www.gaveanews.com\/#\/schema\/person\/2ec14f73fb96be2caf28f91afb14749d"},"breadcrumb":{"@id":"https:\/\/www.gaveanews.com\/index.php\/2020\/04\/03\/ex-dirigente-relembra-reconstrucao-do-flamengo-ressalta-magoa-zero-com-o-clube-e-nega-contato-do-palmeiras\/#breadcrumb"},"inLanguage":"pt-BR","potentialAction":[{"@type":"ReadAction","target":["https:\/\/www.gaveanews.com\/index.php\/2020\/04\/03\/ex-dirigente-relembra-reconstrucao-do-flamengo-ressalta-magoa-zero-com-o-clube-e-nega-contato-do-palmeiras\/"]}]},{"@type":"ImageObject","inLanguage":"pt-BR","@id":"https:\/\/www.gaveanews.com\/index.php\/2020\/04\/03\/ex-dirigente-relembra-reconstrucao-do-flamengo-ressalta-magoa-zero-com-o-clube-e-nega-contato-do-palmeiras\/#primaryimage","url":"https:\/\/www.gaveanews.com\/wp-content\/uploads\/2019\/04\/Marcos-braz-esquerda-e-Paulo-Pelaipe-direita-durante-coletiva-de-imprensa-no-Ninho-do-Urubu.webp","contentUrl":"https:\/\/www.gaveanews.com\/wp-content\/uploads\/2019\/04\/Marcos-braz-esquerda-e-Paulo-Pelaipe-direita-durante-coletiva-de-imprensa-no-Ninho-do-Urubu.webp","width":901,"height":600,"caption":"Marcos braz (esquerda) e Paulo Pelaipe (direita) durante coletiva de imprensa no Ninho do Urubu (Foto: Alexandre Vidal\/Flamengo)"},{"@type":"BreadcrumbList","@id":"https:\/\/www.gaveanews.com\/index.php\/2020\/04\/03\/ex-dirigente-relembra-reconstrucao-do-flamengo-ressalta-magoa-zero-com-o-clube-e-nega-contato-do-palmeiras\/#breadcrumb","itemListElement":[{"@type":"ListItem","position":1,"name":"Home","item":"https:\/\/www.gaveanews.com\/"},{"@type":"ListItem","position":2,"name":"Ex-dirigente relembra reconstru\u00e7\u00e3o do Flamengo, ressalta \u201cm\u00e1goa zero\u201d com o clube e nega contato do Palmeiras"}]},{"@type":"WebSite","@id":"https:\/\/www.gaveanews.com\/#website","url":"https:\/\/www.gaveanews.com\/","name":"G\u00e1vea News","description":"Veja todas as not\u00edcias sobre o Flamengo: Contrata\u00e7\u00f5es, categorias de base, resultados das partidas, tabela de classifica\u00e7\u00e3o, pr\u00f3ximos jogos!","potentialAction":[{"@type":"SearchAction","target":{"@type":"EntryPoint","urlTemplate":"https:\/\/www.gaveanews.com\/?s={search_term_string}"},"query-input":{"@type":"PropertyValueSpecification","valueRequired":true,"valueName":"search_term_string"}}],"inLanguage":"pt-BR"},{"@type":"Person","@id":"https:\/\/www.gaveanews.com\/#\/schema\/person\/2ec14f73fb96be2caf28f91afb14749d","name":"Equipe G\u00e1vea News","image":{"@type":"ImageObject","inLanguage":"pt-BR","@id":"https:\/\/www.gaveanews.com\/#\/schema\/person\/image\/","url":"https:\/\/secure.gravatar.com\/avatar\/1e1956f1facbffd3f8fa53a326721950116b3b9dc9bd44939c01180fd4a745a9?s=96&d=mm&r=g","contentUrl":"https:\/\/secure.gravatar.com\/avatar\/1e1956f1facbffd3f8fa53a326721950116b3b9dc9bd44939c01180fd4a745a9?s=96&d=mm&r=g","caption":"Equipe G\u00e1vea News"}}]}},"_links":{"self":[{"href":"https:\/\/www.gaveanews.com\/index.php\/wp-json\/wp\/v2\/posts\/39268","targetHints":{"allow":["GET"]}}],"collection":[{"href":"https:\/\/www.gaveanews.com\/index.php\/wp-json\/wp\/v2\/posts"}],"about":[{"href":"https:\/\/www.gaveanews.com\/index.php\/wp-json\/wp\/v2\/types\/post"}],"author":[{"embeddable":true,"href":"https:\/\/www.gaveanews.com\/index.php\/wp-json\/wp\/v2\/users\/1"}],"replies":[{"embeddable":true,"href":"https:\/\/www.gaveanews.com\/index.php\/wp-json\/wp\/v2\/comments?post=39268"}],"version-history":[{"count":0,"href":"https:\/\/www.gaveanews.com\/index.php\/wp-json\/wp\/v2\/posts\/39268\/revisions"}],"wp:featuredmedia":[{"embeddable":true,"href":"https:\/\/www.gaveanews.com\/index.php\/wp-json\/wp\/v2\/media\/18124"}],"wp:attachment":[{"href":"https:\/\/www.gaveanews.com\/index.php\/wp-json\/wp\/v2\/media?parent=39268"}],"wp:term":[{"taxonomy":"category","embeddable":true,"href":"https:\/\/www.gaveanews.com\/index.php\/wp-json\/wp\/v2\/categories?post=39268"},{"taxonomy":"post_tag","embeddable":true,"href":"https:\/\/www.gaveanews.com\/index.php\/wp-json\/wp\/v2\/tags?post=39268"}],"curies":[{"name":"wp","href":"https:\/\/api.w.org\/{rel}","templated":true}]}}