{"id":39705,"date":"2020-04-20T00:07:20","date_gmt":"2020-04-20T03:07:20","guid":{"rendered":"https:\/\/www.gaveanews.com\/?p=39705"},"modified":"2020-04-20T00:08:05","modified_gmt":"2020-04-20T03:08:05","slug":"volante-do-flamengo-diz-esperar-por-uma-chance-na-selecao-brasileira-e-avalia-elenco-do-palmeiras-vai-dar-mais-trabalho-esse-ano","status":"publish","type":"post","link":"https:\/\/www.gaveanews.com\/index.php\/2020\/04\/20\/volante-do-flamengo-diz-esperar-por-uma-chance-na-selecao-brasileira-e-avalia-elenco-do-palmeiras-vai-dar-mais-trabalho-esse-ano\/","title":{"rendered":"Volante do Flamengo diz esperar por uma chance na sele\u00e7\u00e3o brasileira e avalia elenco do Palmeiras: \u201cVai dar mais trabalho esse ano\u201d"},"content":{"rendered":"\n<p>Em entrevista ao canal \u201cZico 10\u201c, Willian Ar\u00e3o revelou que espera ser convocado novamente para a sele\u00e7\u00e3o brasileira. Ele j\u00e1 recebeu uma oportunidade no amistoso com o Col\u00f4mbia, que ocorreu em 2017, em que estiveram presente apenas jogadores que atuam no pa\u00eds. Dessa forma,  o camisa 5 do Flamengo citou suas apresenta\u00e7\u00f5es consistentes como fator para que uma nova chance seja concedida.<\/p>\n\n\n\n<p>\u201cEspero demais uma oportunidade. Aquilo que a gente faz no clube te credencia para chegar l\u00e1. Acho que tenho feito um bom trabalho, respeito todos os jogadores da minha posi\u00e7\u00e3o, de todos os clubes\u2026 Ganhamos tudo do ano passado, exceto a Copa do Brasil, chegamos na final do Mundial, perdemos na prorroga\u00e7\u00e3o. Nesses jogos grandes, acho que fiz uma boa apresenta\u00e7\u00e3o. Eu n\u00e3o vou esperar minha chance jogando na S\u00e9rie B, Estou jogando no Flamengo, Libertadores, Mundial de Clubes, e jogando bem. Por que n\u00e3o? Mas respeito as convoca\u00e7\u00f5es, quem faz elas. Vou continuar trabalhando, pra quando chegar outra (chance), n\u00e3o sair mais de l\u00e1\u201d, declarou.<\/p>\n\n\n\n<p>Al\u00e9m disso, o volante falou sobre uma hipot\u00e9tica disputa com o Palmeiras neste ano. Em 2019, o Flamengo venceu os dois duelos no Brasileir\u00e3o, e faturou o t\u00edtulo da competi\u00e7\u00e3o. Por\u00e9m, Ar\u00e3o acredita que vencer o clube paulista ser\u00e1 mais dif\u00edcil nesta temporada.<\/p>\n\n\n\n<p>\u201cPelo elenco, o Palmeiras vai dar mais trabalho esse ano. Apesar do Gr\u00eamio ter se refor\u00e7ado mais\u201d, analisou, completou.<\/p>\n\n\n\n<p>Questionado sobre motiva\u00e7\u00f5es dentro de campo, ele admitiu que os gritos de Jorge Jesus servem mais de alerta.<\/p>\n\n\n\n<p>\u201cFico mais ligado com a bronca do Jesus. O grito do Flamengo empurra pra frente. O grito do Jesus, tu j\u00e1 sabe que fez m\u2026 e n\u00e3o vai escapar (risos)\u201d, contou.<\/p>\n\n\n\n<p>Retirado de: Torcedores<\/p>\n","protected":false},"excerpt":{"rendered":"<p>Em entrevista ao canal \u201cZico 10\u201c, Willian Ar\u00e3o revelou que espera ser convocado novamente para a sele\u00e7\u00e3o brasileira. Ele j\u00e1 recebeu uma oportunidade no amistoso com o Col\u00f4mbia, que ocorreu em 2017, em que estiveram presente apenas jogadores que atuam no pa\u00eds. Dessa forma, o camisa 5 do Flamengo citou suas apresenta\u00e7\u00f5es consistentes como fator [&hellip;]<\/p>\n","protected":false},"author":1,"featured_media":28866,"comment_status":"open","ping_status":"closed","sticky":false,"template":"","format":"standard","meta":{"footnotes":""},"categories":[1],"tags":[],"class_list":["post-39705","post","type-post","status-publish","format-standard","has-post-thumbnail","hentry","category-flamengo"],"yoast_head":"<!-- This site is optimized with the Yoast SEO Premium plugin v24.2 (Yoast SEO v26.9) - https:\/\/yoast.com\/product\/yoast-seo-premium-wordpress\/ -->\n<title>Volante do Flamengo diz esperar por uma chance na sele\u00e7\u00e3o brasileira e avalia elenco do Palmeiras: \u201cVai dar mais trabalho esse ano\u201d<\/title>\n<meta name=\"robots\" content=\"index, follow, max-snippet:-1, max-image-preview:large, max-video-preview:-1\" \/>\n<link rel=\"canonical\" href=\"https:\/\/www.gaveanews.com\/index.php\/2020\/04\/20\/volante-do-flamengo-diz-esperar-por-uma-chance-na-selecao-brasileira-e-avalia-elenco-do-palmeiras-vai-dar-mais-trabalho-esse-ano\/\" \/>\n<meta property=\"og:locale\" content=\"pt_BR\" \/>\n<meta property=\"og:type\" content=\"article\" \/>\n<meta property=\"og:title\" content=\"Volante do Flamengo diz esperar por uma chance na sele\u00e7\u00e3o brasileira e avalia elenco do Palmeiras: \u201cVai dar mais trabalho esse ano\u201d\" \/>\n<meta property=\"og:description\" content=\"Em entrevista ao canal \u201cZico 10\u201c, Willian Ar\u00e3o revelou que espera ser convocado novamente para a sele\u00e7\u00e3o brasileira. Ele j\u00e1 recebeu uma oportunidade no amistoso com o Col\u00f4mbia, que ocorreu em 2017, em que estiveram presente apenas jogadores que atuam no pa\u00eds. Dessa forma, o camisa 5 do Flamengo citou suas apresenta\u00e7\u00f5es consistentes como fator [&hellip;]\" \/>\n<meta property=\"og:url\" content=\"https:\/\/www.gaveanews.com\/index.php\/2020\/04\/20\/volante-do-flamengo-diz-esperar-por-uma-chance-na-selecao-brasileira-e-avalia-elenco-do-palmeiras-vai-dar-mais-trabalho-esse-ano\/\" \/>\n<meta property=\"og:site_name\" content=\"G\u00e1vea News\" \/>\n<meta property=\"article:publisher\" content=\"https:\/\/facebook.com\/gaveaNews\/\" \/>\n<meta property=\"article:published_time\" content=\"2020-04-20T03:07:20+00:00\" \/>\n<meta property=\"article:modified_time\" content=\"2020-04-20T03:08:05+00:00\" \/>\n<meta property=\"og:image\" content=\"https:\/\/www.gaveanews.com\/wp-content\/uploads\/Volante-Willian-Arao-em-acao-pelo-Flamengo.webp\" \/>\n\t<meta property=\"og:image:width\" content=\"1\" \/>\n\t<meta property=\"og:image:height\" content=\"1\" \/>\n\t<meta property=\"og:image:type\" content=\"image\/jpeg\" \/>\n<meta name=\"author\" content=\"Equipe G\u00e1vea News\" \/>\n<meta name=\"twitter:card\" content=\"summary_large_image\" \/>\n<meta name=\"twitter:label1\" content=\"Escrito por\" \/>\n\t<meta name=\"twitter:data1\" content=\"Equipe G\u00e1vea News\" \/>\n\t<meta name=\"twitter:label2\" content=\"Est. tempo de leitura\" \/>\n\t<meta name=\"twitter:data2\" content=\"2 minutos\" \/>\n<script type=\"application\/ld+json\" class=\"yoast-schema-graph\">{\"@context\":\"https:\/\/schema.org\",\"@graph\":[{\"@type\":\"NewsArticle\",\"@id\":\"https:\/\/www.gaveanews.com\/index.php\/2020\/04\/20\/volante-do-flamengo-diz-esperar-por-uma-chance-na-selecao-brasileira-e-avalia-elenco-do-palmeiras-vai-dar-mais-trabalho-esse-ano\/#article\",\"isPartOf\":{\"@id\":\"https:\/\/www.gaveanews.com\/index.php\/2020\/04\/20\/volante-do-flamengo-diz-esperar-por-uma-chance-na-selecao-brasileira-e-avalia-elenco-do-palmeiras-vai-dar-mais-trabalho-esse-ano\/\"},\"author\":{\"name\":\"Equipe G\u00e1vea News\",\"@id\":\"https:\/\/www.gaveanews.com\/#\/schema\/person\/2ec14f73fb96be2caf28f91afb14749d\"},\"headline\":\"Volante do Flamengo diz esperar por uma chance na sele\u00e7\u00e3o brasileira e avalia elenco do Palmeiras: \u201cVai dar mais trabalho esse ano\u201d\",\"datePublished\":\"2020-04-20T03:07:20+00:00\",\"dateModified\":\"2020-04-20T03:08:05+00:00\",\"mainEntityOfPage\":{\"@id\":\"https:\/\/www.gaveanews.com\/index.php\/2020\/04\/20\/volante-do-flamengo-diz-esperar-por-uma-chance-na-selecao-brasileira-e-avalia-elenco-do-palmeiras-vai-dar-mais-trabalho-esse-ano\/\"},\"wordCount\":326,\"commentCount\":6,\"image\":{\"@id\":\"https:\/\/www.gaveanews.com\/index.php\/2020\/04\/20\/volante-do-flamengo-diz-esperar-por-uma-chance-na-selecao-brasileira-e-avalia-elenco-do-palmeiras-vai-dar-mais-trabalho-esse-ano\/#primaryimage\"},\"thumbnailUrl\":\"https:\/\/www.gaveanews.com\/wp-content\/uploads\/Volante-Willian-Arao-em-acao-pelo-Flamengo.webp\",\"articleSection\":[\"Flamengo\"],\"inLanguage\":\"pt-BR\",\"potentialAction\":[{\"@type\":\"CommentAction\",\"name\":\"Comment\",\"target\":[\"https:\/\/www.gaveanews.com\/index.php\/2020\/04\/20\/volante-do-flamengo-diz-esperar-por-uma-chance-na-selecao-brasileira-e-avalia-elenco-do-palmeiras-vai-dar-mais-trabalho-esse-ano\/#respond\"]}],\"copyrightYear\":\"2020\",\"copyrightHolder\":{\"@id\":\"https:\/\/www.gaveanews.com\/#organization\"}},{\"@type\":\"WebPage\",\"@id\":\"https:\/\/www.gaveanews.com\/index.php\/2020\/04\/20\/volante-do-flamengo-diz-esperar-por-uma-chance-na-selecao-brasileira-e-avalia-elenco-do-palmeiras-vai-dar-mais-trabalho-esse-ano\/\",\"url\":\"https:\/\/www.gaveanews.com\/index.php\/2020\/04\/20\/volante-do-flamengo-diz-esperar-por-uma-chance-na-selecao-brasileira-e-avalia-elenco-do-palmeiras-vai-dar-mais-trabalho-esse-ano\/\",\"name\":\"Volante do Flamengo diz esperar por uma chance na sele\u00e7\u00e3o brasileira e avalia elenco do Palmeiras: \u201cVai dar mais trabalho esse ano\u201d\",\"isPartOf\":{\"@id\":\"https:\/\/www.gaveanews.com\/#website\"},\"primaryImageOfPage\":{\"@id\":\"https:\/\/www.gaveanews.com\/index.php\/2020\/04\/20\/volante-do-flamengo-diz-esperar-por-uma-chance-na-selecao-brasileira-e-avalia-elenco-do-palmeiras-vai-dar-mais-trabalho-esse-ano\/#primaryimage\"},\"image\":{\"@id\":\"https:\/\/www.gaveanews.com\/index.php\/2020\/04\/20\/volante-do-flamengo-diz-esperar-por-uma-chance-na-selecao-brasileira-e-avalia-elenco-do-palmeiras-vai-dar-mais-trabalho-esse-ano\/#primaryimage\"},\"thumbnailUrl\":\"https:\/\/www.gaveanews.com\/wp-content\/uploads\/Volante-Willian-Arao-em-acao-pelo-Flamengo.webp\",\"datePublished\":\"2020-04-20T03:07:20+00:00\",\"dateModified\":\"2020-04-20T03:08:05+00:00\",\"author\":{\"@id\":\"https:\/\/www.gaveanews.com\/#\/schema\/person\/2ec14f73fb96be2caf28f91afb14749d\"},\"breadcrumb\":{\"@id\":\"https:\/\/www.gaveanews.com\/index.php\/2020\/04\/20\/volante-do-flamengo-diz-esperar-por-uma-chance-na-selecao-brasileira-e-avalia-elenco-do-palmeiras-vai-dar-mais-trabalho-esse-ano\/#breadcrumb\"},\"inLanguage\":\"pt-BR\",\"potentialAction\":[{\"@type\":\"ReadAction\",\"target\":[\"https:\/\/www.gaveanews.com\/index.php\/2020\/04\/20\/volante-do-flamengo-diz-esperar-por-uma-chance-na-selecao-brasileira-e-avalia-elenco-do-palmeiras-vai-dar-mais-trabalho-esse-ano\/\"]}]},{\"@type\":\"ImageObject\",\"inLanguage\":\"pt-BR\",\"@id\":\"https:\/\/www.gaveanews.com\/index.php\/2020\/04\/20\/volante-do-flamengo-diz-esperar-por-uma-chance-na-selecao-brasileira-e-avalia-elenco-do-palmeiras-vai-dar-mais-trabalho-esse-ano\/#primaryimage\",\"url\":\"https:\/\/www.gaveanews.com\/wp-content\/uploads\/Volante-Willian-Arao-em-acao-pelo-Flamengo.webp\",\"contentUrl\":\"https:\/\/www.gaveanews.com\/wp-content\/uploads\/Volante-Willian-Arao-em-acao-pelo-Flamengo.webp\",\"caption\":\"Volante Willian Ar\u00e3o em a\u00e7\u00e3o pelo Flamengo (Foto: Alexandre Vidal\/Flamengo)\"},{\"@type\":\"BreadcrumbList\",\"@id\":\"https:\/\/www.gaveanews.com\/index.php\/2020\/04\/20\/volante-do-flamengo-diz-esperar-por-uma-chance-na-selecao-brasileira-e-avalia-elenco-do-palmeiras-vai-dar-mais-trabalho-esse-ano\/#breadcrumb\",\"itemListElement\":[{\"@type\":\"ListItem\",\"position\":1,\"name\":\"Home\",\"item\":\"https:\/\/www.gaveanews.com\/\"},{\"@type\":\"ListItem\",\"position\":2,\"name\":\"Volante do Flamengo diz esperar por uma chance na sele\u00e7\u00e3o brasileira e avalia elenco do Palmeiras: \u201cVai dar mais trabalho esse ano\u201d\"}]},{\"@type\":\"WebSite\",\"@id\":\"https:\/\/www.gaveanews.com\/#website\",\"url\":\"https:\/\/www.gaveanews.com\/\",\"name\":\"G\u00e1vea News\",\"description\":\"Veja todas as not\u00edcias sobre o Flamengo: Contrata\u00e7\u00f5es, categorias de base, resultados das partidas, tabela de classifica\u00e7\u00e3o, pr\u00f3ximos jogos!\",\"potentialAction\":[{\"@type\":\"SearchAction\",\"target\":{\"@type\":\"EntryPoint\",\"urlTemplate\":\"https:\/\/www.gaveanews.com\/?s={search_term_string}\"},\"query-input\":{\"@type\":\"PropertyValueSpecification\",\"valueRequired\":true,\"valueName\":\"search_term_string\"}}],\"inLanguage\":\"pt-BR\"},{\"@type\":\"Person\",\"@id\":\"https:\/\/www.gaveanews.com\/#\/schema\/person\/2ec14f73fb96be2caf28f91afb14749d\",\"name\":\"Equipe G\u00e1vea News\",\"image\":{\"@type\":\"ImageObject\",\"inLanguage\":\"pt-BR\",\"@id\":\"https:\/\/www.gaveanews.com\/#\/schema\/person\/image\/\",\"url\":\"https:\/\/secure.gravatar.com\/avatar\/1e1956f1facbffd3f8fa53a326721950116b3b9dc9bd44939c01180fd4a745a9?s=96&d=mm&r=g\",\"contentUrl\":\"https:\/\/secure.gravatar.com\/avatar\/1e1956f1facbffd3f8fa53a326721950116b3b9dc9bd44939c01180fd4a745a9?s=96&d=mm&r=g\",\"caption\":\"Equipe G\u00e1vea News\"}}]}<\/script>\n<!-- \/ Yoast SEO Premium plugin. -->","yoast_head_json":{"title":"Volante do Flamengo diz esperar por uma chance na sele\u00e7\u00e3o brasileira e avalia elenco do Palmeiras: \u201cVai dar mais trabalho esse ano\u201d","robots":{"index":"index","follow":"follow","max-snippet":"max-snippet:-1","max-image-preview":"max-image-preview:large","max-video-preview":"max-video-preview:-1"},"canonical":"https:\/\/www.gaveanews.com\/index.php\/2020\/04\/20\/volante-do-flamengo-diz-esperar-por-uma-chance-na-selecao-brasileira-e-avalia-elenco-do-palmeiras-vai-dar-mais-trabalho-esse-ano\/","og_locale":"pt_BR","og_type":"article","og_title":"Volante do Flamengo diz esperar por uma chance na sele\u00e7\u00e3o brasileira e avalia elenco do Palmeiras: \u201cVai dar mais trabalho esse ano\u201d","og_description":"Em entrevista ao canal \u201cZico 10\u201c, Willian Ar\u00e3o revelou que espera ser convocado novamente para a sele\u00e7\u00e3o brasileira. Ele j\u00e1 recebeu uma oportunidade no amistoso com o Col\u00f4mbia, que ocorreu em 2017, em que estiveram presente apenas jogadores que atuam no pa\u00eds. Dessa forma, o camisa 5 do Flamengo citou suas apresenta\u00e7\u00f5es consistentes como fator [&hellip;]","og_url":"https:\/\/www.gaveanews.com\/index.php\/2020\/04\/20\/volante-do-flamengo-diz-esperar-por-uma-chance-na-selecao-brasileira-e-avalia-elenco-do-palmeiras-vai-dar-mais-trabalho-esse-ano\/","og_site_name":"G\u00e1vea News","article_publisher":"https:\/\/facebook.com\/gaveaNews\/","article_published_time":"2020-04-20T03:07:20+00:00","article_modified_time":"2020-04-20T03:08:05+00:00","og_image":[{"url":"https:\/\/www.gaveanews.com\/wp-content\/uploads\/Volante-Willian-Arao-em-acao-pelo-Flamengo.webp","width":1,"height":1,"type":"image\/jpeg"}],"author":"Equipe G\u00e1vea News","twitter_card":"summary_large_image","twitter_misc":{"Escrito por":"Equipe G\u00e1vea News","Est. tempo de leitura":"2 minutos"},"schema":{"@context":"https:\/\/schema.org","@graph":[{"@type":"NewsArticle","@id":"https:\/\/www.gaveanews.com\/index.php\/2020\/04\/20\/volante-do-flamengo-diz-esperar-por-uma-chance-na-selecao-brasileira-e-avalia-elenco-do-palmeiras-vai-dar-mais-trabalho-esse-ano\/#article","isPartOf":{"@id":"https:\/\/www.gaveanews.com\/index.php\/2020\/04\/20\/volante-do-flamengo-diz-esperar-por-uma-chance-na-selecao-brasileira-e-avalia-elenco-do-palmeiras-vai-dar-mais-trabalho-esse-ano\/"},"author":{"name":"Equipe G\u00e1vea News","@id":"https:\/\/www.gaveanews.com\/#\/schema\/person\/2ec14f73fb96be2caf28f91afb14749d"},"headline":"Volante do Flamengo diz esperar por uma chance na sele\u00e7\u00e3o brasileira e avalia elenco do Palmeiras: \u201cVai dar mais trabalho esse ano\u201d","datePublished":"2020-04-20T03:07:20+00:00","dateModified":"2020-04-20T03:08:05+00:00","mainEntityOfPage":{"@id":"https:\/\/www.gaveanews.com\/index.php\/2020\/04\/20\/volante-do-flamengo-diz-esperar-por-uma-chance-na-selecao-brasileira-e-avalia-elenco-do-palmeiras-vai-dar-mais-trabalho-esse-ano\/"},"wordCount":326,"commentCount":6,"image":{"@id":"https:\/\/www.gaveanews.com\/index.php\/2020\/04\/20\/volante-do-flamengo-diz-esperar-por-uma-chance-na-selecao-brasileira-e-avalia-elenco-do-palmeiras-vai-dar-mais-trabalho-esse-ano\/#primaryimage"},"thumbnailUrl":"https:\/\/www.gaveanews.com\/wp-content\/uploads\/Volante-Willian-Arao-em-acao-pelo-Flamengo.webp","articleSection":["Flamengo"],"inLanguage":"pt-BR","potentialAction":[{"@type":"CommentAction","name":"Comment","target":["https:\/\/www.gaveanews.com\/index.php\/2020\/04\/20\/volante-do-flamengo-diz-esperar-por-uma-chance-na-selecao-brasileira-e-avalia-elenco-do-palmeiras-vai-dar-mais-trabalho-esse-ano\/#respond"]}],"copyrightYear":"2020","copyrightHolder":{"@id":"https:\/\/www.gaveanews.com\/#organization"}},{"@type":"WebPage","@id":"https:\/\/www.gaveanews.com\/index.php\/2020\/04\/20\/volante-do-flamengo-diz-esperar-por-uma-chance-na-selecao-brasileira-e-avalia-elenco-do-palmeiras-vai-dar-mais-trabalho-esse-ano\/","url":"https:\/\/www.gaveanews.com\/index.php\/2020\/04\/20\/volante-do-flamengo-diz-esperar-por-uma-chance-na-selecao-brasileira-e-avalia-elenco-do-palmeiras-vai-dar-mais-trabalho-esse-ano\/","name":"Volante do Flamengo diz esperar por uma chance na sele\u00e7\u00e3o brasileira e avalia elenco do Palmeiras: \u201cVai dar mais trabalho esse ano\u201d","isPartOf":{"@id":"https:\/\/www.gaveanews.com\/#website"},"primaryImageOfPage":{"@id":"https:\/\/www.gaveanews.com\/index.php\/2020\/04\/20\/volante-do-flamengo-diz-esperar-por-uma-chance-na-selecao-brasileira-e-avalia-elenco-do-palmeiras-vai-dar-mais-trabalho-esse-ano\/#primaryimage"},"image":{"@id":"https:\/\/www.gaveanews.com\/index.php\/2020\/04\/20\/volante-do-flamengo-diz-esperar-por-uma-chance-na-selecao-brasileira-e-avalia-elenco-do-palmeiras-vai-dar-mais-trabalho-esse-ano\/#primaryimage"},"thumbnailUrl":"https:\/\/www.gaveanews.com\/wp-content\/uploads\/Volante-Willian-Arao-em-acao-pelo-Flamengo.webp","datePublished":"2020-04-20T03:07:20+00:00","dateModified":"2020-04-20T03:08:05+00:00","author":{"@id":"https:\/\/www.gaveanews.com\/#\/schema\/person\/2ec14f73fb96be2caf28f91afb14749d"},"breadcrumb":{"@id":"https:\/\/www.gaveanews.com\/index.php\/2020\/04\/20\/volante-do-flamengo-diz-esperar-por-uma-chance-na-selecao-brasileira-e-avalia-elenco-do-palmeiras-vai-dar-mais-trabalho-esse-ano\/#breadcrumb"},"inLanguage":"pt-BR","potentialAction":[{"@type":"ReadAction","target":["https:\/\/www.gaveanews.com\/index.php\/2020\/04\/20\/volante-do-flamengo-diz-esperar-por-uma-chance-na-selecao-brasileira-e-avalia-elenco-do-palmeiras-vai-dar-mais-trabalho-esse-ano\/"]}]},{"@type":"ImageObject","inLanguage":"pt-BR","@id":"https:\/\/www.gaveanews.com\/index.php\/2020\/04\/20\/volante-do-flamengo-diz-esperar-por-uma-chance-na-selecao-brasileira-e-avalia-elenco-do-palmeiras-vai-dar-mais-trabalho-esse-ano\/#primaryimage","url":"https:\/\/www.gaveanews.com\/wp-content\/uploads\/Volante-Willian-Arao-em-acao-pelo-Flamengo.webp","contentUrl":"https:\/\/www.gaveanews.com\/wp-content\/uploads\/Volante-Willian-Arao-em-acao-pelo-Flamengo.webp","caption":"Volante Willian Ar\u00e3o em a\u00e7\u00e3o pelo Flamengo (Foto: Alexandre Vidal\/Flamengo)"},{"@type":"BreadcrumbList","@id":"https:\/\/www.gaveanews.com\/index.php\/2020\/04\/20\/volante-do-flamengo-diz-esperar-por-uma-chance-na-selecao-brasileira-e-avalia-elenco-do-palmeiras-vai-dar-mais-trabalho-esse-ano\/#breadcrumb","itemListElement":[{"@type":"ListItem","position":1,"name":"Home","item":"https:\/\/www.gaveanews.com\/"},{"@type":"ListItem","position":2,"name":"Volante do Flamengo diz esperar por uma chance na sele\u00e7\u00e3o brasileira e avalia elenco do Palmeiras: \u201cVai dar mais trabalho esse ano\u201d"}]},{"@type":"WebSite","@id":"https:\/\/www.gaveanews.com\/#website","url":"https:\/\/www.gaveanews.com\/","name":"G\u00e1vea News","description":"Veja todas as not\u00edcias sobre o Flamengo: Contrata\u00e7\u00f5es, categorias de base, resultados das partidas, tabela de classifica\u00e7\u00e3o, pr\u00f3ximos jogos!","potentialAction":[{"@type":"SearchAction","target":{"@type":"EntryPoint","urlTemplate":"https:\/\/www.gaveanews.com\/?s={search_term_string}"},"query-input":{"@type":"PropertyValueSpecification","valueRequired":true,"valueName":"search_term_string"}}],"inLanguage":"pt-BR"},{"@type":"Person","@id":"https:\/\/www.gaveanews.com\/#\/schema\/person\/2ec14f73fb96be2caf28f91afb14749d","name":"Equipe G\u00e1vea News","image":{"@type":"ImageObject","inLanguage":"pt-BR","@id":"https:\/\/www.gaveanews.com\/#\/schema\/person\/image\/","url":"https:\/\/secure.gravatar.com\/avatar\/1e1956f1facbffd3f8fa53a326721950116b3b9dc9bd44939c01180fd4a745a9?s=96&d=mm&r=g","contentUrl":"https:\/\/secure.gravatar.com\/avatar\/1e1956f1facbffd3f8fa53a326721950116b3b9dc9bd44939c01180fd4a745a9?s=96&d=mm&r=g","caption":"Equipe G\u00e1vea News"}}]}},"_links":{"self":[{"href":"https:\/\/www.gaveanews.com\/index.php\/wp-json\/wp\/v2\/posts\/39705","targetHints":{"allow":["GET"]}}],"collection":[{"href":"https:\/\/www.gaveanews.com\/index.php\/wp-json\/wp\/v2\/posts"}],"about":[{"href":"https:\/\/www.gaveanews.com\/index.php\/wp-json\/wp\/v2\/types\/post"}],"author":[{"embeddable":true,"href":"https:\/\/www.gaveanews.com\/index.php\/wp-json\/wp\/v2\/users\/1"}],"replies":[{"embeddable":true,"href":"https:\/\/www.gaveanews.com\/index.php\/wp-json\/wp\/v2\/comments?post=39705"}],"version-history":[{"count":0,"href":"https:\/\/www.gaveanews.com\/index.php\/wp-json\/wp\/v2\/posts\/39705\/revisions"}],"wp:featuredmedia":[{"embeddable":true,"href":"https:\/\/www.gaveanews.com\/index.php\/wp-json\/wp\/v2\/media\/28866"}],"wp:attachment":[{"href":"https:\/\/www.gaveanews.com\/index.php\/wp-json\/wp\/v2\/media?parent=39705"}],"wp:term":[{"taxonomy":"category","embeddable":true,"href":"https:\/\/www.gaveanews.com\/index.php\/wp-json\/wp\/v2\/categories?post=39705"},{"taxonomy":"post_tag","embeddable":true,"href":"https:\/\/www.gaveanews.com\/index.php\/wp-json\/wp\/v2\/tags?post=39705"}],"curies":[{"name":"wp","href":"https:\/\/api.w.org\/{rel}","templated":true}]}}