{"id":39707,"date":"2020-04-20T00:51:37","date_gmt":"2020-04-20T03:51:37","guid":{"rendered":"https:\/\/www.gaveanews.com\/?p=39707"},"modified":"2020-04-20T00:53:47","modified_gmt":"2020-04-20T03:53:47","slug":"torcida-do-flamengo-e-destaque-em-premio-de-melhor-imagem-do-ano-veja-foto","status":"publish","type":"post","link":"https:\/\/www.gaveanews.com\/index.php\/2020\/04\/20\/torcida-do-flamengo-e-destaque-em-premio-de-melhor-imagem-do-ano-veja-foto\/","title":{"rendered":"Torcida do Flamengo \u00e9 destaque em pr\u00eamio de melhor imagem do ano; veja foto"},"content":{"rendered":"\n<p>Nesta semana, a World Press Photo Foundation anunciou os vencedores do pr\u00eamio \u201cPhoto of the Year 2020\u201d, com uma imagem ic\u00f4nica dos jogadores do Liverpool em um \u201ctrio el\u00e9trico\u201d.<\/p>\n\n\n\n<p>A imagem foi capturada pelo fot\u00f3grafo Oli Scarff durante o desfile pela vit\u00f3ria na Champions League, em 2 de junho de 2019, ganhou o terceiro pr\u00eamio entre as melhores imagens esportivas.<\/p>\n\n\n\n<p>As cenas ca\u00f3ticas apresentam um bal\u00e3o em forma de trof\u00e9u flutuando pelo ar, enquanto milhares de f\u00e3s percorrem as ruas de Liverpool para saudar seus her\u00f3is.<\/p>\n\n\n\n<figure class=\"wp-block-embed-instagram wp-block-embed is-type-rich is-provider-instagram\"><div class=\"wp-block-embed__wrapper\">\nhttps:\/\/www.instagram.com\/p\/B9Kx1JMBrYG\/?utm_source=ig_embed\n<\/div><\/figure>\n\n\n\n<p>A pol\u00edcia de Merseyside informou que foram 750.000 f\u00e3s no desfile pela cidade, com a brilhante imagem de Scarff capturando perfeitamente o turbilh\u00e3o vermelho nebuloso.<\/p>\n\n\n\n<p>O futebol estava bem representado na se\u00e7\u00e3o esportiva, com a imagem de Silvia Izquierdo de torcedores do Flamengo vibrando no Maracan\u00e3. Ele levou o segundo pr\u00eamio entre imagens individuais.<\/p>\n\n\n\n<p>A foto foi tirada em 23 de novembro no exato momento em que o tel\u00e3o do est\u00e1dio mostrou Gabigol garantindo a vit\u00f3ria do time brasileiro sobre o River Plate na final da Copa Libertadores, em Lima.<\/p>\n\n\n\n<p>Gabigol marcou duas vezes nos \u00faltimos minutos, levando a uma vit\u00f3ria de virada por 2 a 1. O garoto da foto pintou uma barba no rosto, o que pode muito bem ser uma homenagem ao seu \u00eddolo.<\/p>\n\n\n\n<figure class=\"wp-block-embed-instagram wp-block-embed is-type-rich is-provider-instagram\"><div class=\"wp-block-embed__wrapper\">\nhttps:\/\/www.instagram.com\/p\/B9KXKmsBRU6\/?utm_source=ig_embed\n<\/div><\/figure>\n\n\n\n<p>O fot\u00f3grafo belga Olivier Papegnies tamb\u00e9m foi aclamado por sua s\u00e9rie de imagens de um time de futebol feminino no norte do Benin, que ganhou o segundo pr\u00eamio na se\u00e7\u00e3o de hist\u00f3rias.<\/p>\n\n\n\n<p>As \u201cGazelles de Gouande\u201d s\u00e3o origin\u00e1rias da vila de Gouande e s\u00e3o uma das muitas equipes montadas em todo o pa\u00eds africano, com o objetivo de dar \u00e0s jovens mais controle sobre seus futuros atrav\u00e9s do esporte.<\/p>\n\n\n\n<figure class=\"wp-block-embed-instagram wp-block-embed is-type-rich is-provider-instagram\"><div class=\"wp-block-embed__wrapper\">\nhttps:\/\/www.instagram.com\/p\/B9MoD-rhQa1\/?utm_source=ig_embed\n<\/div><\/figure>\n\n\n\n<p>As imagens mostram as \u201cGazelles\u201d vivendo, trabalhando, treinando e jogando enquanto realizam suas vidas di\u00e1rias na cidade, aparentemente levando bolas de futebol para onde quer que v\u00e3o.<\/p>\n\n\n\n<p>O projeto, estabelecido pela organiza\u00e7\u00e3o Plan International, visa capacitar as mulheres, promovendo autoconfian\u00e7a, educa\u00e7\u00e3o e maior liberdade social.<\/p>\n\n\n\n<figure class=\"wp-block-embed-instagram wp-block-embed is-type-rich is-provider-instagram\"><div class=\"wp-block-embed__wrapper\">\nhttps:\/\/www.instagram.com\/p\/BPdBNfgBKmn\/?utm_source=ig_embed\n<\/div><\/figure>\n\n\n\n<p>No entanto, nenhuma das fotos selecionadas com temas de futebol deste ano p\u00f4de receber grandes honras e imitar Stanislav Tereba. Em 1959, o fot\u00f3grafo tcheco ganhou o pr\u00eamio geral de World Press Photo of the Year por sua imagem do goleiro do Sparta Prague, Miroslav Ctvrtnicek, se preparando para dar um chute na chuva.<\/p>\n\n\n\n<p>Pura poesia de futebol.<\/p>\n\n\n\n<p>Retirado de: ESPN<\/p>\n","protected":false},"excerpt":{"rendered":"<p>Nesta semana, a World Press Photo Foundation anunciou os vencedores do pr\u00eamio \u201cPhoto of the Year 2020\u201d, com uma imagem ic\u00f4nica dos jogadores do Liverpool em um \u201ctrio el\u00e9trico\u201d. A imagem foi capturada pelo fot\u00f3grafo Oli Scarff durante o desfile pela vit\u00f3ria na Champions League, em 2 de junho de 2019, ganhou o terceiro pr\u00eamio [&hellip;]<\/p>\n","protected":false},"author":1,"featured_media":15081,"comment_status":"open","ping_status":"closed","sticky":false,"template":"","format":"standard","meta":{"footnotes":""},"categories":[1],"tags":[],"class_list":["post-39707","post","type-post","status-publish","format-standard","has-post-thumbnail","hentry","category-flamengo"],"yoast_head":"<!-- This site is optimized with the Yoast SEO Premium plugin v24.2 (Yoast SEO v26.9) - https:\/\/yoast.com\/product\/yoast-seo-premium-wordpress\/ -->\n<title>Torcida do Flamengo \u00e9 destaque em pr\u00eamio de melhor imagem do ano; veja foto<\/title>\n<meta name=\"robots\" content=\"index, follow, max-snippet:-1, max-image-preview:large, max-video-preview:-1\" \/>\n<link rel=\"canonical\" href=\"https:\/\/www.gaveanews.com\/index.php\/2020\/04\/20\/torcida-do-flamengo-e-destaque-em-premio-de-melhor-imagem-do-ano-veja-foto\/\" \/>\n<meta property=\"og:locale\" content=\"pt_BR\" \/>\n<meta property=\"og:type\" content=\"article\" \/>\n<meta property=\"og:title\" content=\"Torcida do Flamengo \u00e9 destaque em pr\u00eamio de melhor imagem do ano; veja foto\" \/>\n<meta property=\"og:description\" content=\"Nesta semana, a World Press Photo Foundation anunciou os vencedores do pr\u00eamio \u201cPhoto of the Year 2020\u201d, com uma imagem ic\u00f4nica dos jogadores do Liverpool em um \u201ctrio el\u00e9trico\u201d. A imagem foi capturada pelo fot\u00f3grafo Oli Scarff durante o desfile pela vit\u00f3ria na Champions League, em 2 de junho de 2019, ganhou o terceiro pr\u00eamio [&hellip;]\" \/>\n<meta property=\"og:url\" content=\"https:\/\/www.gaveanews.com\/index.php\/2020\/04\/20\/torcida-do-flamengo-e-destaque-em-premio-de-melhor-imagem-do-ano-veja-foto\/\" \/>\n<meta property=\"og:site_name\" content=\"G\u00e1vea News\" \/>\n<meta property=\"article:publisher\" content=\"https:\/\/facebook.com\/gaveaNews\/\" \/>\n<meta property=\"article:published_time\" content=\"2020-04-20T03:51:37+00:00\" \/>\n<meta property=\"article:modified_time\" content=\"2020-04-20T03:53:47+00:00\" \/>\n<meta property=\"og:image\" content=\"https:\/\/www.gaveanews.com\/wp-content\/uploads\/2019\/03\/Escudo-do-Flamengo-e-exposto-proximo-a-um-dos-gols-no-gramado-do-Maracana.webp\" \/>\n\t<meta property=\"og:image:width\" content=\"1\" \/>\n\t<meta property=\"og:image:height\" content=\"1\" \/>\n\t<meta property=\"og:image:type\" content=\"image\/jpeg\" \/>\n<meta name=\"author\" content=\"Equipe G\u00e1vea News\" \/>\n<meta name=\"twitter:card\" content=\"summary_large_image\" \/>\n<meta name=\"twitter:label1\" content=\"Escrito por\" \/>\n\t<meta name=\"twitter:data1\" content=\"Equipe G\u00e1vea News\" \/>\n\t<meta name=\"twitter:label2\" content=\"Est. tempo de leitura\" \/>\n\t<meta name=\"twitter:data2\" content=\"2 minutos\" \/>\n<script type=\"application\/ld+json\" class=\"yoast-schema-graph\">{\"@context\":\"https:\/\/schema.org\",\"@graph\":[{\"@type\":\"NewsArticle\",\"@id\":\"https:\/\/www.gaveanews.com\/index.php\/2020\/04\/20\/torcida-do-flamengo-e-destaque-em-premio-de-melhor-imagem-do-ano-veja-foto\/#article\",\"isPartOf\":{\"@id\":\"https:\/\/www.gaveanews.com\/index.php\/2020\/04\/20\/torcida-do-flamengo-e-destaque-em-premio-de-melhor-imagem-do-ano-veja-foto\/\"},\"author\":{\"name\":\"Equipe G\u00e1vea News\",\"@id\":\"https:\/\/www.gaveanews.com\/#\/schema\/person\/2ec14f73fb96be2caf28f91afb14749d\"},\"headline\":\"Torcida do Flamengo \u00e9 destaque em pr\u00eamio de melhor imagem do ano; veja foto\",\"datePublished\":\"2020-04-20T03:51:37+00:00\",\"dateModified\":\"2020-04-20T03:53:47+00:00\",\"mainEntityOfPage\":{\"@id\":\"https:\/\/www.gaveanews.com\/index.php\/2020\/04\/20\/torcida-do-flamengo-e-destaque-em-premio-de-melhor-imagem-do-ano-veja-foto\/\"},\"wordCount\":477,\"commentCount\":1,\"image\":{\"@id\":\"https:\/\/www.gaveanews.com\/index.php\/2020\/04\/20\/torcida-do-flamengo-e-destaque-em-premio-de-melhor-imagem-do-ano-veja-foto\/#primaryimage\"},\"thumbnailUrl\":\"https:\/\/www.gaveanews.com\/wp-content\/uploads\/2019\/03\/Escudo-do-Flamengo-e-exposto-proximo-a-um-dos-gols-no-gramado-do-Maracana.webp\",\"articleSection\":[\"Flamengo\"],\"inLanguage\":\"pt-BR\",\"potentialAction\":[{\"@type\":\"CommentAction\",\"name\":\"Comment\",\"target\":[\"https:\/\/www.gaveanews.com\/index.php\/2020\/04\/20\/torcida-do-flamengo-e-destaque-em-premio-de-melhor-imagem-do-ano-veja-foto\/#respond\"]}],\"copyrightYear\":\"2020\",\"copyrightHolder\":{\"@id\":\"https:\/\/www.gaveanews.com\/#organization\"}},{\"@type\":\"WebPage\",\"@id\":\"https:\/\/www.gaveanews.com\/index.php\/2020\/04\/20\/torcida-do-flamengo-e-destaque-em-premio-de-melhor-imagem-do-ano-veja-foto\/\",\"url\":\"https:\/\/www.gaveanews.com\/index.php\/2020\/04\/20\/torcida-do-flamengo-e-destaque-em-premio-de-melhor-imagem-do-ano-veja-foto\/\",\"name\":\"Torcida do Flamengo \u00e9 destaque em pr\u00eamio de melhor imagem do ano; veja foto\",\"isPartOf\":{\"@id\":\"https:\/\/www.gaveanews.com\/#website\"},\"primaryImageOfPage\":{\"@id\":\"https:\/\/www.gaveanews.com\/index.php\/2020\/04\/20\/torcida-do-flamengo-e-destaque-em-premio-de-melhor-imagem-do-ano-veja-foto\/#primaryimage\"},\"image\":{\"@id\":\"https:\/\/www.gaveanews.com\/index.php\/2020\/04\/20\/torcida-do-flamengo-e-destaque-em-premio-de-melhor-imagem-do-ano-veja-foto\/#primaryimage\"},\"thumbnailUrl\":\"https:\/\/www.gaveanews.com\/wp-content\/uploads\/2019\/03\/Escudo-do-Flamengo-e-exposto-proximo-a-um-dos-gols-no-gramado-do-Maracana.webp\",\"datePublished\":\"2020-04-20T03:51:37+00:00\",\"dateModified\":\"2020-04-20T03:53:47+00:00\",\"author\":{\"@id\":\"https:\/\/www.gaveanews.com\/#\/schema\/person\/2ec14f73fb96be2caf28f91afb14749d\"},\"breadcrumb\":{\"@id\":\"https:\/\/www.gaveanews.com\/index.php\/2020\/04\/20\/torcida-do-flamengo-e-destaque-em-premio-de-melhor-imagem-do-ano-veja-foto\/#breadcrumb\"},\"inLanguage\":\"pt-BR\",\"potentialAction\":[{\"@type\":\"ReadAction\",\"target\":[\"https:\/\/www.gaveanews.com\/index.php\/2020\/04\/20\/torcida-do-flamengo-e-destaque-em-premio-de-melhor-imagem-do-ano-veja-foto\/\"]}]},{\"@type\":\"ImageObject\",\"inLanguage\":\"pt-BR\",\"@id\":\"https:\/\/www.gaveanews.com\/index.php\/2020\/04\/20\/torcida-do-flamengo-e-destaque-em-premio-de-melhor-imagem-do-ano-veja-foto\/#primaryimage\",\"url\":\"https:\/\/www.gaveanews.com\/wp-content\/uploads\/2019\/03\/Escudo-do-Flamengo-e-exposto-proximo-a-um-dos-gols-no-gramado-do-Maracana.webp\",\"contentUrl\":\"https:\/\/www.gaveanews.com\/wp-content\/uploads\/2019\/03\/Escudo-do-Flamengo-e-exposto-proximo-a-um-dos-gols-no-gramado-do-Maracana.webp\",\"caption\":\"Escudo do Flamengo \u00e9 exposto pr\u00f3ximo a um dos gols, no gramado do Maracan\u00e3 (Foto: Daniel Castelo Branco)\"},{\"@type\":\"BreadcrumbList\",\"@id\":\"https:\/\/www.gaveanews.com\/index.php\/2020\/04\/20\/torcida-do-flamengo-e-destaque-em-premio-de-melhor-imagem-do-ano-veja-foto\/#breadcrumb\",\"itemListElement\":[{\"@type\":\"ListItem\",\"position\":1,\"name\":\"Home\",\"item\":\"https:\/\/www.gaveanews.com\/\"},{\"@type\":\"ListItem\",\"position\":2,\"name\":\"Torcida do Flamengo \u00e9 destaque em pr\u00eamio de melhor imagem do ano; veja foto\"}]},{\"@type\":\"WebSite\",\"@id\":\"https:\/\/www.gaveanews.com\/#website\",\"url\":\"https:\/\/www.gaveanews.com\/\",\"name\":\"G\u00e1vea News\",\"description\":\"Veja todas as not\u00edcias sobre o Flamengo: Contrata\u00e7\u00f5es, categorias de base, resultados das partidas, tabela de classifica\u00e7\u00e3o, pr\u00f3ximos jogos!\",\"potentialAction\":[{\"@type\":\"SearchAction\",\"target\":{\"@type\":\"EntryPoint\",\"urlTemplate\":\"https:\/\/www.gaveanews.com\/?s={search_term_string}\"},\"query-input\":{\"@type\":\"PropertyValueSpecification\",\"valueRequired\":true,\"valueName\":\"search_term_string\"}}],\"inLanguage\":\"pt-BR\"},{\"@type\":\"Person\",\"@id\":\"https:\/\/www.gaveanews.com\/#\/schema\/person\/2ec14f73fb96be2caf28f91afb14749d\",\"name\":\"Equipe G\u00e1vea News\",\"image\":{\"@type\":\"ImageObject\",\"inLanguage\":\"pt-BR\",\"@id\":\"https:\/\/www.gaveanews.com\/#\/schema\/person\/image\/\",\"url\":\"https:\/\/secure.gravatar.com\/avatar\/1e1956f1facbffd3f8fa53a326721950116b3b9dc9bd44939c01180fd4a745a9?s=96&d=mm&r=g\",\"contentUrl\":\"https:\/\/secure.gravatar.com\/avatar\/1e1956f1facbffd3f8fa53a326721950116b3b9dc9bd44939c01180fd4a745a9?s=96&d=mm&r=g\",\"caption\":\"Equipe G\u00e1vea News\"}}]}<\/script>\n<!-- \/ Yoast SEO Premium plugin. -->","yoast_head_json":{"title":"Torcida do Flamengo \u00e9 destaque em pr\u00eamio de melhor imagem do ano; veja foto","robots":{"index":"index","follow":"follow","max-snippet":"max-snippet:-1","max-image-preview":"max-image-preview:large","max-video-preview":"max-video-preview:-1"},"canonical":"https:\/\/www.gaveanews.com\/index.php\/2020\/04\/20\/torcida-do-flamengo-e-destaque-em-premio-de-melhor-imagem-do-ano-veja-foto\/","og_locale":"pt_BR","og_type":"article","og_title":"Torcida do Flamengo \u00e9 destaque em pr\u00eamio de melhor imagem do ano; veja foto","og_description":"Nesta semana, a World Press Photo Foundation anunciou os vencedores do pr\u00eamio \u201cPhoto of the Year 2020\u201d, com uma imagem ic\u00f4nica dos jogadores do Liverpool em um \u201ctrio el\u00e9trico\u201d. A imagem foi capturada pelo fot\u00f3grafo Oli Scarff durante o desfile pela vit\u00f3ria na Champions League, em 2 de junho de 2019, ganhou o terceiro pr\u00eamio [&hellip;]","og_url":"https:\/\/www.gaveanews.com\/index.php\/2020\/04\/20\/torcida-do-flamengo-e-destaque-em-premio-de-melhor-imagem-do-ano-veja-foto\/","og_site_name":"G\u00e1vea News","article_publisher":"https:\/\/facebook.com\/gaveaNews\/","article_published_time":"2020-04-20T03:51:37+00:00","article_modified_time":"2020-04-20T03:53:47+00:00","og_image":[{"url":"https:\/\/www.gaveanews.com\/wp-content\/uploads\/2019\/03\/Escudo-do-Flamengo-e-exposto-proximo-a-um-dos-gols-no-gramado-do-Maracana.webp","width":1,"height":1,"type":"image\/jpeg"}],"author":"Equipe G\u00e1vea News","twitter_card":"summary_large_image","twitter_misc":{"Escrito por":"Equipe G\u00e1vea News","Est. tempo de leitura":"2 minutos"},"schema":{"@context":"https:\/\/schema.org","@graph":[{"@type":"NewsArticle","@id":"https:\/\/www.gaveanews.com\/index.php\/2020\/04\/20\/torcida-do-flamengo-e-destaque-em-premio-de-melhor-imagem-do-ano-veja-foto\/#article","isPartOf":{"@id":"https:\/\/www.gaveanews.com\/index.php\/2020\/04\/20\/torcida-do-flamengo-e-destaque-em-premio-de-melhor-imagem-do-ano-veja-foto\/"},"author":{"name":"Equipe G\u00e1vea News","@id":"https:\/\/www.gaveanews.com\/#\/schema\/person\/2ec14f73fb96be2caf28f91afb14749d"},"headline":"Torcida do Flamengo \u00e9 destaque em pr\u00eamio de melhor imagem do ano; veja foto","datePublished":"2020-04-20T03:51:37+00:00","dateModified":"2020-04-20T03:53:47+00:00","mainEntityOfPage":{"@id":"https:\/\/www.gaveanews.com\/index.php\/2020\/04\/20\/torcida-do-flamengo-e-destaque-em-premio-de-melhor-imagem-do-ano-veja-foto\/"},"wordCount":477,"commentCount":1,"image":{"@id":"https:\/\/www.gaveanews.com\/index.php\/2020\/04\/20\/torcida-do-flamengo-e-destaque-em-premio-de-melhor-imagem-do-ano-veja-foto\/#primaryimage"},"thumbnailUrl":"https:\/\/www.gaveanews.com\/wp-content\/uploads\/2019\/03\/Escudo-do-Flamengo-e-exposto-proximo-a-um-dos-gols-no-gramado-do-Maracana.webp","articleSection":["Flamengo"],"inLanguage":"pt-BR","potentialAction":[{"@type":"CommentAction","name":"Comment","target":["https:\/\/www.gaveanews.com\/index.php\/2020\/04\/20\/torcida-do-flamengo-e-destaque-em-premio-de-melhor-imagem-do-ano-veja-foto\/#respond"]}],"copyrightYear":"2020","copyrightHolder":{"@id":"https:\/\/www.gaveanews.com\/#organization"}},{"@type":"WebPage","@id":"https:\/\/www.gaveanews.com\/index.php\/2020\/04\/20\/torcida-do-flamengo-e-destaque-em-premio-de-melhor-imagem-do-ano-veja-foto\/","url":"https:\/\/www.gaveanews.com\/index.php\/2020\/04\/20\/torcida-do-flamengo-e-destaque-em-premio-de-melhor-imagem-do-ano-veja-foto\/","name":"Torcida do Flamengo \u00e9 destaque em pr\u00eamio de melhor imagem do ano; veja foto","isPartOf":{"@id":"https:\/\/www.gaveanews.com\/#website"},"primaryImageOfPage":{"@id":"https:\/\/www.gaveanews.com\/index.php\/2020\/04\/20\/torcida-do-flamengo-e-destaque-em-premio-de-melhor-imagem-do-ano-veja-foto\/#primaryimage"},"image":{"@id":"https:\/\/www.gaveanews.com\/index.php\/2020\/04\/20\/torcida-do-flamengo-e-destaque-em-premio-de-melhor-imagem-do-ano-veja-foto\/#primaryimage"},"thumbnailUrl":"https:\/\/www.gaveanews.com\/wp-content\/uploads\/2019\/03\/Escudo-do-Flamengo-e-exposto-proximo-a-um-dos-gols-no-gramado-do-Maracana.webp","datePublished":"2020-04-20T03:51:37+00:00","dateModified":"2020-04-20T03:53:47+00:00","author":{"@id":"https:\/\/www.gaveanews.com\/#\/schema\/person\/2ec14f73fb96be2caf28f91afb14749d"},"breadcrumb":{"@id":"https:\/\/www.gaveanews.com\/index.php\/2020\/04\/20\/torcida-do-flamengo-e-destaque-em-premio-de-melhor-imagem-do-ano-veja-foto\/#breadcrumb"},"inLanguage":"pt-BR","potentialAction":[{"@type":"ReadAction","target":["https:\/\/www.gaveanews.com\/index.php\/2020\/04\/20\/torcida-do-flamengo-e-destaque-em-premio-de-melhor-imagem-do-ano-veja-foto\/"]}]},{"@type":"ImageObject","inLanguage":"pt-BR","@id":"https:\/\/www.gaveanews.com\/index.php\/2020\/04\/20\/torcida-do-flamengo-e-destaque-em-premio-de-melhor-imagem-do-ano-veja-foto\/#primaryimage","url":"https:\/\/www.gaveanews.com\/wp-content\/uploads\/2019\/03\/Escudo-do-Flamengo-e-exposto-proximo-a-um-dos-gols-no-gramado-do-Maracana.webp","contentUrl":"https:\/\/www.gaveanews.com\/wp-content\/uploads\/2019\/03\/Escudo-do-Flamengo-e-exposto-proximo-a-um-dos-gols-no-gramado-do-Maracana.webp","caption":"Escudo do Flamengo \u00e9 exposto pr\u00f3ximo a um dos gols, no gramado do Maracan\u00e3 (Foto: Daniel Castelo Branco)"},{"@type":"BreadcrumbList","@id":"https:\/\/www.gaveanews.com\/index.php\/2020\/04\/20\/torcida-do-flamengo-e-destaque-em-premio-de-melhor-imagem-do-ano-veja-foto\/#breadcrumb","itemListElement":[{"@type":"ListItem","position":1,"name":"Home","item":"https:\/\/www.gaveanews.com\/"},{"@type":"ListItem","position":2,"name":"Torcida do Flamengo \u00e9 destaque em pr\u00eamio de melhor imagem do ano; veja foto"}]},{"@type":"WebSite","@id":"https:\/\/www.gaveanews.com\/#website","url":"https:\/\/www.gaveanews.com\/","name":"G\u00e1vea News","description":"Veja todas as not\u00edcias sobre o Flamengo: Contrata\u00e7\u00f5es, categorias de base, resultados das partidas, tabela de classifica\u00e7\u00e3o, pr\u00f3ximos jogos!","potentialAction":[{"@type":"SearchAction","target":{"@type":"EntryPoint","urlTemplate":"https:\/\/www.gaveanews.com\/?s={search_term_string}"},"query-input":{"@type":"PropertyValueSpecification","valueRequired":true,"valueName":"search_term_string"}}],"inLanguage":"pt-BR"},{"@type":"Person","@id":"https:\/\/www.gaveanews.com\/#\/schema\/person\/2ec14f73fb96be2caf28f91afb14749d","name":"Equipe G\u00e1vea News","image":{"@type":"ImageObject","inLanguage":"pt-BR","@id":"https:\/\/www.gaveanews.com\/#\/schema\/person\/image\/","url":"https:\/\/secure.gravatar.com\/avatar\/1e1956f1facbffd3f8fa53a326721950116b3b9dc9bd44939c01180fd4a745a9?s=96&d=mm&r=g","contentUrl":"https:\/\/secure.gravatar.com\/avatar\/1e1956f1facbffd3f8fa53a326721950116b3b9dc9bd44939c01180fd4a745a9?s=96&d=mm&r=g","caption":"Equipe G\u00e1vea News"}}]}},"_links":{"self":[{"href":"https:\/\/www.gaveanews.com\/index.php\/wp-json\/wp\/v2\/posts\/39707","targetHints":{"allow":["GET"]}}],"collection":[{"href":"https:\/\/www.gaveanews.com\/index.php\/wp-json\/wp\/v2\/posts"}],"about":[{"href":"https:\/\/www.gaveanews.com\/index.php\/wp-json\/wp\/v2\/types\/post"}],"author":[{"embeddable":true,"href":"https:\/\/www.gaveanews.com\/index.php\/wp-json\/wp\/v2\/users\/1"}],"replies":[{"embeddable":true,"href":"https:\/\/www.gaveanews.com\/index.php\/wp-json\/wp\/v2\/comments?post=39707"}],"version-history":[{"count":0,"href":"https:\/\/www.gaveanews.com\/index.php\/wp-json\/wp\/v2\/posts\/39707\/revisions"}],"wp:featuredmedia":[{"embeddable":true,"href":"https:\/\/www.gaveanews.com\/index.php\/wp-json\/wp\/v2\/media\/15081"}],"wp:attachment":[{"href":"https:\/\/www.gaveanews.com\/index.php\/wp-json\/wp\/v2\/media?parent=39707"}],"wp:term":[{"taxonomy":"category","embeddable":true,"href":"https:\/\/www.gaveanews.com\/index.php\/wp-json\/wp\/v2\/categories?post=39707"},{"taxonomy":"post_tag","embeddable":true,"href":"https:\/\/www.gaveanews.com\/index.php\/wp-json\/wp\/v2\/tags?post=39707"}],"curies":[{"name":"wp","href":"https:\/\/api.w.org\/{rel}","templated":true}]}}