{"id":39721,"date":"2020-04-20T13:23:44","date_gmt":"2020-04-20T16:23:44","guid":{"rendered":"https:\/\/www.gaveanews.com\/?p=39721"},"modified":"2024-04-07T09:05:00","modified_gmt":"2024-04-07T12:05:00","slug":"eduardo-bandeira-de-mello-sobre-incendio-no-ninho-do-urubu-se-eu-fosse-presidente-tenho-quase-certeza-que-nao-teria-acontecido","status":"publish","type":"post","link":"https:\/\/www.gaveanews.com\/index.php\/2020\/04\/20\/eduardo-bandeira-de-mello-sobre-incendio-no-ninho-do-urubu-se-eu-fosse-presidente-tenho-quase-certeza-que-nao-teria-acontecido\/","title":{"rendered":"Eduardo Bandeira de Mello sobre inc\u00eandio no Ninho do Urubu: &#8216;Se eu fosse presidente, tenho quase certeza que n\u00e3o teria acontecido&#8217;"},"content":{"rendered":"\n<p>Em entrevista ao Canal do Nicola, no Youtube, o ex-presidente do Flamengo, Eduardo Bandeira de Mello, deu declara\u00e7\u00f5es pol\u00eamicas sobre o inc\u00eandio no Ninho do Urubu, que deixou 10 mortos, em fevereiro do ano passado. De acordo com Bandeira, se ele fosse o presidente, dificilmente o epis\u00f3dio aconteceria.<\/p>\n\n\n\n<p>&#8220;Se eu ainda fosse presidente (Flamengo), tenho quase certeza  que n\u00e3o teria acontecido o inc\u00eandio. Estive l\u00e1 por seis anos e n\u00e3o aconteceu nada.&#8221;, disse.<\/p>\n\n\n\n<p>Ele caracterizou este epis\u00f3dio como a maior vergonha na hist\u00f3ria do clube e acredita que este assunto j\u00e1 deveria ter sido resolvido com as fam\u00edlias das v\u00edtimas.<\/p>\n\n\n\n<p>&#8220;Na hist\u00f3ria do Flamengo n\u00e3o tem nada mais triste, mais vergonhoso, mais tr\u00e1gico do que isso. E tenho certeza que esse assunto com as fam\u00edlias j\u00e1 deveria ter sido resolvido.<\/p>\n\n\n\n<p>&#8220;O Flamengo teve uma oportunidade de resolver logo no in\u00edcio com a defensoria, com o Minist\u00e9rio P\u00fablico. Como n\u00e3o estou mais l\u00e1, n\u00e3o posso fazer mais nada a n\u00e3o ser me solidarizar com as fam\u00edlias. Mas isso \u00e9 muito ruim para a imagem do clube&#8221;, concluiu.<\/p>\n\n\n\n<p>Retirado de: O Dia<\/p>\n","protected":false},"excerpt":{"rendered":"<p>Em entrevista ao Canal do Nicola, no Youtube, o ex-presidente do Flamengo, Eduardo Bandeira de Mello, deu declara\u00e7\u00f5es pol\u00eamicas sobre o inc\u00eandio no Ninho do Urubu, que deixou 10 mortos, em fevereiro do ano passado. De acordo com Bandeira, se ele fosse o presidente, dificilmente o epis\u00f3dio aconteceria. &#8220;Se eu ainda fosse presidente (Flamengo), tenho [&hellip;]<\/p>\n","protected":false},"author":1,"featured_media":33755,"comment_status":"open","ping_status":"closed","sticky":false,"template":"","format":"standard","meta":{"footnotes":""},"categories":[1],"tags":[199],"class_list":["post-39721","post","type-post","status-publish","format-standard","has-post-thumbnail","hentry","category-flamengo","tag-eduardo-carvalho-bandeira-de-mello"],"yoast_head":"<!-- This site is optimized with the Yoast SEO Premium plugin v24.2 (Yoast SEO v26.9) - https:\/\/yoast.com\/product\/yoast-seo-premium-wordpress\/ -->\n<title>Eduardo Bandeira de Mello sobre inc\u00eandio no Ninho do Urubu: &#039;Se eu fosse presidente, tenho quase certeza que n\u00e3o teria acontecido&#039;<\/title>\n<meta name=\"robots\" content=\"index, follow, max-snippet:-1, max-image-preview:large, max-video-preview:-1\" \/>\n<link rel=\"canonical\" href=\"https:\/\/www.gaveanews.com\/index.php\/2020\/04\/20\/eduardo-bandeira-de-mello-sobre-incendio-no-ninho-do-urubu-se-eu-fosse-presidente-tenho-quase-certeza-que-nao-teria-acontecido\/\" \/>\n<meta property=\"og:locale\" content=\"pt_BR\" \/>\n<meta property=\"og:type\" content=\"article\" \/>\n<meta property=\"og:title\" content=\"Eduardo Bandeira de Mello sobre inc\u00eandio no Ninho do Urubu: &#039;Se eu fosse presidente, tenho quase certeza que n\u00e3o teria acontecido&#039;\" \/>\n<meta property=\"og:description\" content=\"Em entrevista ao Canal do Nicola, no Youtube, o ex-presidente do Flamengo, Eduardo Bandeira de Mello, deu declara\u00e7\u00f5es pol\u00eamicas sobre o inc\u00eandio no Ninho do Urubu, que deixou 10 mortos, em fevereiro do ano passado. De acordo com Bandeira, se ele fosse o presidente, dificilmente o epis\u00f3dio aconteceria. &#8220;Se eu ainda fosse presidente (Flamengo), tenho [&hellip;]\" \/>\n<meta property=\"og:url\" content=\"https:\/\/www.gaveanews.com\/index.php\/2020\/04\/20\/eduardo-bandeira-de-mello-sobre-incendio-no-ninho-do-urubu-se-eu-fosse-presidente-tenho-quase-certeza-que-nao-teria-acontecido\/\" \/>\n<meta property=\"og:site_name\" content=\"G\u00e1vea News\" \/>\n<meta property=\"article:publisher\" content=\"https:\/\/facebook.com\/gaveaNews\/\" \/>\n<meta property=\"article:published_time\" content=\"2020-04-20T16:23:44+00:00\" \/>\n<meta property=\"article:modified_time\" content=\"2024-04-07T12:05:00+00:00\" \/>\n<meta property=\"og:image\" content=\"https:\/\/www.gaveanews.com\/wp-content\/uploads\/bandeira.webp\" \/>\n\t<meta property=\"og:image:width\" content=\"1500\" \/>\n\t<meta property=\"og:image:height\" content=\"996\" \/>\n\t<meta property=\"og:image:type\" content=\"image\/jpeg\" \/>\n<meta name=\"author\" content=\"Equipe G\u00e1vea News\" \/>\n<meta name=\"twitter:card\" content=\"summary_large_image\" \/>\n<meta name=\"twitter:label1\" content=\"Escrito por\" \/>\n\t<meta name=\"twitter:data1\" content=\"Equipe G\u00e1vea News\" \/>\n\t<meta name=\"twitter:label2\" content=\"Est. tempo de leitura\" \/>\n\t<meta name=\"twitter:data2\" content=\"1 minuto\" \/>\n<script type=\"application\/ld+json\" class=\"yoast-schema-graph\">{\"@context\":\"https:\/\/schema.org\",\"@graph\":[{\"@type\":\"NewsArticle\",\"@id\":\"https:\/\/www.gaveanews.com\/index.php\/2020\/04\/20\/eduardo-bandeira-de-mello-sobre-incendio-no-ninho-do-urubu-se-eu-fosse-presidente-tenho-quase-certeza-que-nao-teria-acontecido\/#article\",\"isPartOf\":{\"@id\":\"https:\/\/www.gaveanews.com\/index.php\/2020\/04\/20\/eduardo-bandeira-de-mello-sobre-incendio-no-ninho-do-urubu-se-eu-fosse-presidente-tenho-quase-certeza-que-nao-teria-acontecido\/\"},\"author\":{\"name\":\"Equipe G\u00e1vea News\",\"@id\":\"https:\/\/www.gaveanews.com\/#\/schema\/person\/2ec14f73fb96be2caf28f91afb14749d\"},\"headline\":\"Eduardo Bandeira de Mello sobre inc\u00eandio no Ninho do Urubu: &#8216;Se eu fosse presidente, tenho quase certeza que n\u00e3o teria acontecido&#8217;\",\"datePublished\":\"2020-04-20T16:23:44+00:00\",\"dateModified\":\"2024-04-07T12:05:00+00:00\",\"mainEntityOfPage\":{\"@id\":\"https:\/\/www.gaveanews.com\/index.php\/2020\/04\/20\/eduardo-bandeira-de-mello-sobre-incendio-no-ninho-do-urubu-se-eu-fosse-presidente-tenho-quase-certeza-que-nao-teria-acontecido\/\"},\"wordCount\":223,\"commentCount\":31,\"image\":{\"@id\":\"https:\/\/www.gaveanews.com\/index.php\/2020\/04\/20\/eduardo-bandeira-de-mello-sobre-incendio-no-ninho-do-urubu-se-eu-fosse-presidente-tenho-quase-certeza-que-nao-teria-acontecido\/#primaryimage\"},\"thumbnailUrl\":\"https:\/\/www.gaveanews.com\/wp-content\/uploads\/bandeira.webp\",\"keywords\":[\"Eduardo Carvalho Bandeira de Mello\"],\"articleSection\":[\"Flamengo\"],\"inLanguage\":\"pt-BR\",\"potentialAction\":[{\"@type\":\"CommentAction\",\"name\":\"Comment\",\"target\":[\"https:\/\/www.gaveanews.com\/index.php\/2020\/04\/20\/eduardo-bandeira-de-mello-sobre-incendio-no-ninho-do-urubu-se-eu-fosse-presidente-tenho-quase-certeza-que-nao-teria-acontecido\/#respond\"]}],\"copyrightYear\":\"2020\",\"copyrightHolder\":{\"@id\":\"https:\/\/www.gaveanews.com\/#organization\"}},{\"@type\":\"WebPage\",\"@id\":\"https:\/\/www.gaveanews.com\/index.php\/2020\/04\/20\/eduardo-bandeira-de-mello-sobre-incendio-no-ninho-do-urubu-se-eu-fosse-presidente-tenho-quase-certeza-que-nao-teria-acontecido\/\",\"url\":\"https:\/\/www.gaveanews.com\/index.php\/2020\/04\/20\/eduardo-bandeira-de-mello-sobre-incendio-no-ninho-do-urubu-se-eu-fosse-presidente-tenho-quase-certeza-que-nao-teria-acontecido\/\",\"name\":\"Eduardo Bandeira de Mello sobre inc\u00eandio no Ninho do Urubu: 'Se eu fosse presidente, tenho quase certeza que n\u00e3o teria acontecido'\",\"isPartOf\":{\"@id\":\"https:\/\/www.gaveanews.com\/#website\"},\"primaryImageOfPage\":{\"@id\":\"https:\/\/www.gaveanews.com\/index.php\/2020\/04\/20\/eduardo-bandeira-de-mello-sobre-incendio-no-ninho-do-urubu-se-eu-fosse-presidente-tenho-quase-certeza-que-nao-teria-acontecido\/#primaryimage\"},\"image\":{\"@id\":\"https:\/\/www.gaveanews.com\/index.php\/2020\/04\/20\/eduardo-bandeira-de-mello-sobre-incendio-no-ninho-do-urubu-se-eu-fosse-presidente-tenho-quase-certeza-que-nao-teria-acontecido\/#primaryimage\"},\"thumbnailUrl\":\"https:\/\/www.gaveanews.com\/wp-content\/uploads\/bandeira.webp\",\"datePublished\":\"2020-04-20T16:23:44+00:00\",\"dateModified\":\"2024-04-07T12:05:00+00:00\",\"author\":{\"@id\":\"https:\/\/www.gaveanews.com\/#\/schema\/person\/2ec14f73fb96be2caf28f91afb14749d\"},\"breadcrumb\":{\"@id\":\"https:\/\/www.gaveanews.com\/index.php\/2020\/04\/20\/eduardo-bandeira-de-mello-sobre-incendio-no-ninho-do-urubu-se-eu-fosse-presidente-tenho-quase-certeza-que-nao-teria-acontecido\/#breadcrumb\"},\"inLanguage\":\"pt-BR\",\"potentialAction\":[{\"@type\":\"ReadAction\",\"target\":[\"https:\/\/www.gaveanews.com\/index.php\/2020\/04\/20\/eduardo-bandeira-de-mello-sobre-incendio-no-ninho-do-urubu-se-eu-fosse-presidente-tenho-quase-certeza-que-nao-teria-acontecido\/\"]}]},{\"@type\":\"ImageObject\",\"inLanguage\":\"pt-BR\",\"@id\":\"https:\/\/www.gaveanews.com\/index.php\/2020\/04\/20\/eduardo-bandeira-de-mello-sobre-incendio-no-ninho-do-urubu-se-eu-fosse-presidente-tenho-quase-certeza-que-nao-teria-acontecido\/#primaryimage\",\"url\":\"https:\/\/www.gaveanews.com\/wp-content\/uploads\/bandeira.webp\",\"contentUrl\":\"https:\/\/www.gaveanews.com\/wp-content\/uploads\/bandeira.webp\",\"width\":1500,\"height\":996},{\"@type\":\"BreadcrumbList\",\"@id\":\"https:\/\/www.gaveanews.com\/index.php\/2020\/04\/20\/eduardo-bandeira-de-mello-sobre-incendio-no-ninho-do-urubu-se-eu-fosse-presidente-tenho-quase-certeza-que-nao-teria-acontecido\/#breadcrumb\",\"itemListElement\":[{\"@type\":\"ListItem\",\"position\":1,\"name\":\"Home\",\"item\":\"https:\/\/www.gaveanews.com\/\"},{\"@type\":\"ListItem\",\"position\":2,\"name\":\"Eduardo Bandeira de Mello sobre inc\u00eandio no Ninho do Urubu: &#8216;Se eu fosse presidente, tenho quase certeza que n\u00e3o teria acontecido&#8217;\"}]},{\"@type\":\"WebSite\",\"@id\":\"https:\/\/www.gaveanews.com\/#website\",\"url\":\"https:\/\/www.gaveanews.com\/\",\"name\":\"G\u00e1vea News\",\"description\":\"Veja todas as not\u00edcias sobre o Flamengo: Contrata\u00e7\u00f5es, categorias de base, resultados das partidas, tabela de classifica\u00e7\u00e3o, pr\u00f3ximos jogos!\",\"potentialAction\":[{\"@type\":\"SearchAction\",\"target\":{\"@type\":\"EntryPoint\",\"urlTemplate\":\"https:\/\/www.gaveanews.com\/?s={search_term_string}\"},\"query-input\":{\"@type\":\"PropertyValueSpecification\",\"valueRequired\":true,\"valueName\":\"search_term_string\"}}],\"inLanguage\":\"pt-BR\"},{\"@type\":\"Person\",\"@id\":\"https:\/\/www.gaveanews.com\/#\/schema\/person\/2ec14f73fb96be2caf28f91afb14749d\",\"name\":\"Equipe G\u00e1vea News\",\"image\":{\"@type\":\"ImageObject\",\"inLanguage\":\"pt-BR\",\"@id\":\"https:\/\/www.gaveanews.com\/#\/schema\/person\/image\/\",\"url\":\"https:\/\/secure.gravatar.com\/avatar\/1e1956f1facbffd3f8fa53a326721950116b3b9dc9bd44939c01180fd4a745a9?s=96&d=mm&r=g\",\"contentUrl\":\"https:\/\/secure.gravatar.com\/avatar\/1e1956f1facbffd3f8fa53a326721950116b3b9dc9bd44939c01180fd4a745a9?s=96&d=mm&r=g\",\"caption\":\"Equipe G\u00e1vea News\"}}]}<\/script>\n<!-- \/ Yoast SEO Premium plugin. -->","yoast_head_json":{"title":"Eduardo Bandeira de Mello sobre inc\u00eandio no Ninho do Urubu: 'Se eu fosse presidente, tenho quase certeza que n\u00e3o teria acontecido'","robots":{"index":"index","follow":"follow","max-snippet":"max-snippet:-1","max-image-preview":"max-image-preview:large","max-video-preview":"max-video-preview:-1"},"canonical":"https:\/\/www.gaveanews.com\/index.php\/2020\/04\/20\/eduardo-bandeira-de-mello-sobre-incendio-no-ninho-do-urubu-se-eu-fosse-presidente-tenho-quase-certeza-que-nao-teria-acontecido\/","og_locale":"pt_BR","og_type":"article","og_title":"Eduardo Bandeira de Mello sobre inc\u00eandio no Ninho do Urubu: 'Se eu fosse presidente, tenho quase certeza que n\u00e3o teria acontecido'","og_description":"Em entrevista ao Canal do Nicola, no Youtube, o ex-presidente do Flamengo, Eduardo Bandeira de Mello, deu declara\u00e7\u00f5es pol\u00eamicas sobre o inc\u00eandio no Ninho do Urubu, que deixou 10 mortos, em fevereiro do ano passado. De acordo com Bandeira, se ele fosse o presidente, dificilmente o epis\u00f3dio aconteceria. &#8220;Se eu ainda fosse presidente (Flamengo), tenho [&hellip;]","og_url":"https:\/\/www.gaveanews.com\/index.php\/2020\/04\/20\/eduardo-bandeira-de-mello-sobre-incendio-no-ninho-do-urubu-se-eu-fosse-presidente-tenho-quase-certeza-que-nao-teria-acontecido\/","og_site_name":"G\u00e1vea News","article_publisher":"https:\/\/facebook.com\/gaveaNews\/","article_published_time":"2020-04-20T16:23:44+00:00","article_modified_time":"2024-04-07T12:05:00+00:00","og_image":[{"width":1500,"height":996,"url":"https:\/\/www.gaveanews.com\/wp-content\/uploads\/bandeira.webp","type":"image\/jpeg"}],"author":"Equipe G\u00e1vea News","twitter_card":"summary_large_image","twitter_misc":{"Escrito por":"Equipe G\u00e1vea News","Est. tempo de leitura":"1 minuto"},"schema":{"@context":"https:\/\/schema.org","@graph":[{"@type":"NewsArticle","@id":"https:\/\/www.gaveanews.com\/index.php\/2020\/04\/20\/eduardo-bandeira-de-mello-sobre-incendio-no-ninho-do-urubu-se-eu-fosse-presidente-tenho-quase-certeza-que-nao-teria-acontecido\/#article","isPartOf":{"@id":"https:\/\/www.gaveanews.com\/index.php\/2020\/04\/20\/eduardo-bandeira-de-mello-sobre-incendio-no-ninho-do-urubu-se-eu-fosse-presidente-tenho-quase-certeza-que-nao-teria-acontecido\/"},"author":{"name":"Equipe G\u00e1vea News","@id":"https:\/\/www.gaveanews.com\/#\/schema\/person\/2ec14f73fb96be2caf28f91afb14749d"},"headline":"Eduardo Bandeira de Mello sobre inc\u00eandio no Ninho do Urubu: &#8216;Se eu fosse presidente, tenho quase certeza que n\u00e3o teria acontecido&#8217;","datePublished":"2020-04-20T16:23:44+00:00","dateModified":"2024-04-07T12:05:00+00:00","mainEntityOfPage":{"@id":"https:\/\/www.gaveanews.com\/index.php\/2020\/04\/20\/eduardo-bandeira-de-mello-sobre-incendio-no-ninho-do-urubu-se-eu-fosse-presidente-tenho-quase-certeza-que-nao-teria-acontecido\/"},"wordCount":223,"commentCount":31,"image":{"@id":"https:\/\/www.gaveanews.com\/index.php\/2020\/04\/20\/eduardo-bandeira-de-mello-sobre-incendio-no-ninho-do-urubu-se-eu-fosse-presidente-tenho-quase-certeza-que-nao-teria-acontecido\/#primaryimage"},"thumbnailUrl":"https:\/\/www.gaveanews.com\/wp-content\/uploads\/bandeira.webp","keywords":["Eduardo Carvalho Bandeira de Mello"],"articleSection":["Flamengo"],"inLanguage":"pt-BR","potentialAction":[{"@type":"CommentAction","name":"Comment","target":["https:\/\/www.gaveanews.com\/index.php\/2020\/04\/20\/eduardo-bandeira-de-mello-sobre-incendio-no-ninho-do-urubu-se-eu-fosse-presidente-tenho-quase-certeza-que-nao-teria-acontecido\/#respond"]}],"copyrightYear":"2020","copyrightHolder":{"@id":"https:\/\/www.gaveanews.com\/#organization"}},{"@type":"WebPage","@id":"https:\/\/www.gaveanews.com\/index.php\/2020\/04\/20\/eduardo-bandeira-de-mello-sobre-incendio-no-ninho-do-urubu-se-eu-fosse-presidente-tenho-quase-certeza-que-nao-teria-acontecido\/","url":"https:\/\/www.gaveanews.com\/index.php\/2020\/04\/20\/eduardo-bandeira-de-mello-sobre-incendio-no-ninho-do-urubu-se-eu-fosse-presidente-tenho-quase-certeza-que-nao-teria-acontecido\/","name":"Eduardo Bandeira de Mello sobre inc\u00eandio no Ninho do Urubu: 'Se eu fosse presidente, tenho quase certeza que n\u00e3o teria acontecido'","isPartOf":{"@id":"https:\/\/www.gaveanews.com\/#website"},"primaryImageOfPage":{"@id":"https:\/\/www.gaveanews.com\/index.php\/2020\/04\/20\/eduardo-bandeira-de-mello-sobre-incendio-no-ninho-do-urubu-se-eu-fosse-presidente-tenho-quase-certeza-que-nao-teria-acontecido\/#primaryimage"},"image":{"@id":"https:\/\/www.gaveanews.com\/index.php\/2020\/04\/20\/eduardo-bandeira-de-mello-sobre-incendio-no-ninho-do-urubu-se-eu-fosse-presidente-tenho-quase-certeza-que-nao-teria-acontecido\/#primaryimage"},"thumbnailUrl":"https:\/\/www.gaveanews.com\/wp-content\/uploads\/bandeira.webp","datePublished":"2020-04-20T16:23:44+00:00","dateModified":"2024-04-07T12:05:00+00:00","author":{"@id":"https:\/\/www.gaveanews.com\/#\/schema\/person\/2ec14f73fb96be2caf28f91afb14749d"},"breadcrumb":{"@id":"https:\/\/www.gaveanews.com\/index.php\/2020\/04\/20\/eduardo-bandeira-de-mello-sobre-incendio-no-ninho-do-urubu-se-eu-fosse-presidente-tenho-quase-certeza-que-nao-teria-acontecido\/#breadcrumb"},"inLanguage":"pt-BR","potentialAction":[{"@type":"ReadAction","target":["https:\/\/www.gaveanews.com\/index.php\/2020\/04\/20\/eduardo-bandeira-de-mello-sobre-incendio-no-ninho-do-urubu-se-eu-fosse-presidente-tenho-quase-certeza-que-nao-teria-acontecido\/"]}]},{"@type":"ImageObject","inLanguage":"pt-BR","@id":"https:\/\/www.gaveanews.com\/index.php\/2020\/04\/20\/eduardo-bandeira-de-mello-sobre-incendio-no-ninho-do-urubu-se-eu-fosse-presidente-tenho-quase-certeza-que-nao-teria-acontecido\/#primaryimage","url":"https:\/\/www.gaveanews.com\/wp-content\/uploads\/bandeira.webp","contentUrl":"https:\/\/www.gaveanews.com\/wp-content\/uploads\/bandeira.webp","width":1500,"height":996},{"@type":"BreadcrumbList","@id":"https:\/\/www.gaveanews.com\/index.php\/2020\/04\/20\/eduardo-bandeira-de-mello-sobre-incendio-no-ninho-do-urubu-se-eu-fosse-presidente-tenho-quase-certeza-que-nao-teria-acontecido\/#breadcrumb","itemListElement":[{"@type":"ListItem","position":1,"name":"Home","item":"https:\/\/www.gaveanews.com\/"},{"@type":"ListItem","position":2,"name":"Eduardo Bandeira de Mello sobre inc\u00eandio no Ninho do Urubu: &#8216;Se eu fosse presidente, tenho quase certeza que n\u00e3o teria acontecido&#8217;"}]},{"@type":"WebSite","@id":"https:\/\/www.gaveanews.com\/#website","url":"https:\/\/www.gaveanews.com\/","name":"G\u00e1vea News","description":"Veja todas as not\u00edcias sobre o Flamengo: Contrata\u00e7\u00f5es, categorias de base, resultados das partidas, tabela de classifica\u00e7\u00e3o, pr\u00f3ximos jogos!","potentialAction":[{"@type":"SearchAction","target":{"@type":"EntryPoint","urlTemplate":"https:\/\/www.gaveanews.com\/?s={search_term_string}"},"query-input":{"@type":"PropertyValueSpecification","valueRequired":true,"valueName":"search_term_string"}}],"inLanguage":"pt-BR"},{"@type":"Person","@id":"https:\/\/www.gaveanews.com\/#\/schema\/person\/2ec14f73fb96be2caf28f91afb14749d","name":"Equipe G\u00e1vea News","image":{"@type":"ImageObject","inLanguage":"pt-BR","@id":"https:\/\/www.gaveanews.com\/#\/schema\/person\/image\/","url":"https:\/\/secure.gravatar.com\/avatar\/1e1956f1facbffd3f8fa53a326721950116b3b9dc9bd44939c01180fd4a745a9?s=96&d=mm&r=g","contentUrl":"https:\/\/secure.gravatar.com\/avatar\/1e1956f1facbffd3f8fa53a326721950116b3b9dc9bd44939c01180fd4a745a9?s=96&d=mm&r=g","caption":"Equipe G\u00e1vea News"}}]}},"_links":{"self":[{"href":"https:\/\/www.gaveanews.com\/index.php\/wp-json\/wp\/v2\/posts\/39721","targetHints":{"allow":["GET"]}}],"collection":[{"href":"https:\/\/www.gaveanews.com\/index.php\/wp-json\/wp\/v2\/posts"}],"about":[{"href":"https:\/\/www.gaveanews.com\/index.php\/wp-json\/wp\/v2\/types\/post"}],"author":[{"embeddable":true,"href":"https:\/\/www.gaveanews.com\/index.php\/wp-json\/wp\/v2\/users\/1"}],"replies":[{"embeddable":true,"href":"https:\/\/www.gaveanews.com\/index.php\/wp-json\/wp\/v2\/comments?post=39721"}],"version-history":[{"count":1,"href":"https:\/\/www.gaveanews.com\/index.php\/wp-json\/wp\/v2\/posts\/39721\/revisions"}],"predecessor-version":[{"id":136780,"href":"https:\/\/www.gaveanews.com\/index.php\/wp-json\/wp\/v2\/posts\/39721\/revisions\/136780"}],"wp:featuredmedia":[{"embeddable":true,"href":"https:\/\/www.gaveanews.com\/index.php\/wp-json\/wp\/v2\/media\/33755"}],"wp:attachment":[{"href":"https:\/\/www.gaveanews.com\/index.php\/wp-json\/wp\/v2\/media?parent=39721"}],"wp:term":[{"taxonomy":"category","embeddable":true,"href":"https:\/\/www.gaveanews.com\/index.php\/wp-json\/wp\/v2\/categories?post=39721"},{"taxonomy":"post_tag","embeddable":true,"href":"https:\/\/www.gaveanews.com\/index.php\/wp-json\/wp\/v2\/tags?post=39721"}],"curies":[{"name":"wp","href":"https:\/\/api.w.org\/{rel}","templated":true}]}}