{"id":39939,"date":"2020-04-28T23:48:36","date_gmt":"2020-04-29T02:48:36","guid":{"rendered":"https:\/\/www.gaveanews.com\/?p=39939"},"modified":"2020-04-28T23:48:39","modified_gmt":"2020-04-29T02:48:39","slug":"diretoria-da-ponte-preta-estipula-valor-para-vender-sua-joia-ao-flamengo","status":"publish","type":"post","link":"https:\/\/www.gaveanews.com\/index.php\/2020\/04\/28\/diretoria-da-ponte-preta-estipula-valor-para-vender-sua-joia-ao-flamengo\/","title":{"rendered":"Diretoria da Ponte Preta estipula valor para vender sua joia ao Flamengo"},"content":{"rendered":"\n<p>Ivan \u00e9 um dos goleiros mais valorizados do futebol brasileiro. O arqueiro pertence \u00e0 Ponte Preta e chamou aten\u00e7\u00e3o ap\u00f3s \u00f3timo desempenho na Sele\u00e7\u00e3o Ol\u00edmpica do Brasil. A nova joia vem sendo monitorada por diversos clubes e o Flamengo \u00e9 um desses que observa atentamente cada passo do atleta. O Rubro-Negro busca um goleiro jovem, mas que tenha experi\u00eancia e capacidade t\u00e9cnica para ser o principal reserva de Diego Alves.<\/p>\n\n\n\n<p>Membros da diretoria flamenguista n\u00e3o negam o interesse no pared\u00e3o, mas entendem que n\u00e3o \u00e9 nada f\u00e1cil para o neg\u00f3cio avan\u00e7ar. Tudo porque a Ponte v\u00ea no goleiro uma grande oportunidade para embolsar um bom dinheiro. Duas propostas de times da Europa j\u00e1 foram recusadas no come\u00e7o do ano. Os dirigentes do clube paulista n\u00e3o enxergam nenhum problema de negoci\u00e1-lo para algum clube brasileiro, mas faz exig\u00eancia.<\/p>\n\n\n\n<p>A \u201cMacaca\u201d pede 5 milh\u00f5es de euros (R$ 30 milh\u00f5es na cota\u00e7\u00e3o atual) por 90% dos direitos econ\u00f4micos do atleta. Valores considerados altos para um jogador da posi\u00e7\u00e3o, mas que estaria dentro do or\u00e7amento Rubro-Negro se n\u00e3o fosse a pandemia por conta do Coronav\u00edrus. O Meng\u00e3o teria caixa para realizar uma aquisi\u00e7\u00e3o desses padr\u00f5es, mas o cen\u00e1rio agora ficou mais complicado.<\/p>\n\n\n\n<figure class=\"wp-block-image size-large\"><img decoding=\"async\" src=\"https:\/\/s2.glbimg.com\/lc_w0sXWUv5I2M6h83P_GC5eFAo=\/0x0:1280x854\/1600x0\/smart\/filters:strip_icc()\/i.s3.glbimg.com\/v1\/AUTH_bc8228b6673f488aa253bbcb03c80ec5\/internal_photos\/bs\/2019\/e\/k\/sRe4Y7Sc6uwjY2ZLSMXg\/derbi-20190811-alvarojr-0084.webp\" alt=\"\"\/><figcaption>Ivan durante uma parte da Ponte (Foto: \u00c1lvaro Jr\/ PontePress)<\/figcaption><\/figure>\n\n\n\n<p>A dire\u00e7\u00e3o do clube da G\u00e1vea prioriza manter os sal\u00e1rios dos jogadores em dia e s\u00f3 ir\u00e3o pensar em grandes contrata\u00e7\u00f5es ap\u00f3s um novo par\u00e2metro com o retorno dos campeonatos. Sempre atento ao mercado, Marcos Braz e Bruno Spindel continuam monitorando algumas possibilidades e o goleiro Ivan segue sendo alvo. Os representantes do jogador j\u00e1 conversaram com o Fla recentemente sobre o assunto.<\/p>\n\n\n\n<p>C\u00e9sar, apesar de ser considerado um bom goleiro, n\u00e3o passa mais aquela confian\u00e7a de outros tempos. No ano passado, o arqueiro falhou em algumas ocasi\u00f5es e boa parte da torcida pegou no \u00e9 do jogador. Nesta temporada, o atleta ficou pr\u00f3ximo de jogar no Atl\u00e9tico-MG, mas o neg\u00f3cio acabou n\u00e3o acontecendo. <\/p>\n\n\n\n<p>Retirado de: Bola Vip<\/p>\n","protected":false},"excerpt":{"rendered":"<p>Ivan \u00e9 um dos goleiros mais valorizados do futebol brasileiro. O arqueiro pertence \u00e0 Ponte Preta e chamou aten\u00e7\u00e3o ap\u00f3s \u00f3timo desempenho na Sele\u00e7\u00e3o Ol\u00edmpica do Brasil. A nova joia vem sendo monitorada por diversos clubes e o Flamengo \u00e9 um desses que observa atentamente cada passo do atleta. O Rubro-Negro busca um goleiro jovem, [&hellip;]<\/p>\n","protected":false},"author":1,"featured_media":23694,"comment_status":"open","ping_status":"closed","sticky":false,"template":"","format":"standard","meta":{"footnotes":""},"categories":[1],"tags":[],"class_list":["post-39939","post","type-post","status-publish","format-standard","has-post-thumbnail","hentry","category-flamengo"],"yoast_head":"<!-- This site is optimized with the Yoast SEO Premium plugin v24.2 (Yoast SEO v26.9) - https:\/\/yoast.com\/product\/yoast-seo-premium-wordpress\/ -->\n<title>Diretoria da Ponte Preta estipula valor para vender sua joia ao Flamengo<\/title>\n<meta name=\"robots\" content=\"index, follow, max-snippet:-1, max-image-preview:large, max-video-preview:-1\" \/>\n<link rel=\"canonical\" href=\"https:\/\/www.gaveanews.com\/index.php\/2020\/04\/28\/diretoria-da-ponte-preta-estipula-valor-para-vender-sua-joia-ao-flamengo\/\" \/>\n<meta property=\"og:locale\" content=\"pt_BR\" \/>\n<meta property=\"og:type\" content=\"article\" \/>\n<meta property=\"og:title\" content=\"Diretoria da Ponte Preta estipula valor para vender sua joia ao Flamengo\" \/>\n<meta property=\"og:description\" content=\"Ivan \u00e9 um dos goleiros mais valorizados do futebol brasileiro. O arqueiro pertence \u00e0 Ponte Preta e chamou aten\u00e7\u00e3o ap\u00f3s \u00f3timo desempenho na Sele\u00e7\u00e3o Ol\u00edmpica do Brasil. A nova joia vem sendo monitorada por diversos clubes e o Flamengo \u00e9 um desses que observa atentamente cada passo do atleta. O Rubro-Negro busca um goleiro jovem, [&hellip;]\" \/>\n<meta property=\"og:url\" content=\"https:\/\/www.gaveanews.com\/index.php\/2020\/04\/28\/diretoria-da-ponte-preta-estipula-valor-para-vender-sua-joia-ao-flamengo\/\" \/>\n<meta property=\"og:site_name\" content=\"G\u00e1vea News\" \/>\n<meta property=\"article:publisher\" content=\"https:\/\/facebook.com\/gaveaNews\/\" \/>\n<meta property=\"article:published_time\" content=\"2020-04-29T02:48:36+00:00\" \/>\n<meta property=\"article:modified_time\" content=\"2020-04-29T02:48:39+00:00\" \/>\n<meta property=\"og:image\" content=\"https:\/\/www.gaveanews.com\/wp-content\/uploads\/2019\/07\/Marcos-Braz-durante-coletiva-de-imprensa-no-Ninho-do-Urubu.webp\" \/>\n\t<meta property=\"og:image:width\" content=\"846\" \/>\n\t<meta property=\"og:image:height\" content=\"563\" \/>\n\t<meta property=\"og:image:type\" content=\"image\/jpeg\" \/>\n<meta name=\"author\" content=\"Equipe G\u00e1vea News\" \/>\n<meta name=\"twitter:card\" content=\"summary_large_image\" \/>\n<meta name=\"twitter:label1\" content=\"Escrito por\" \/>\n\t<meta name=\"twitter:data1\" content=\"Equipe G\u00e1vea News\" \/>\n\t<meta name=\"twitter:label2\" content=\"Est. tempo de leitura\" \/>\n\t<meta name=\"twitter:data2\" content=\"2 minutos\" \/>\n<script type=\"application\/ld+json\" class=\"yoast-schema-graph\">{\"@context\":\"https:\/\/schema.org\",\"@graph\":[{\"@type\":\"NewsArticle\",\"@id\":\"https:\/\/www.gaveanews.com\/index.php\/2020\/04\/28\/diretoria-da-ponte-preta-estipula-valor-para-vender-sua-joia-ao-flamengo\/#article\",\"isPartOf\":{\"@id\":\"https:\/\/www.gaveanews.com\/index.php\/2020\/04\/28\/diretoria-da-ponte-preta-estipula-valor-para-vender-sua-joia-ao-flamengo\/\"},\"author\":{\"name\":\"Equipe G\u00e1vea News\",\"@id\":\"https:\/\/www.gaveanews.com\/#\/schema\/person\/2ec14f73fb96be2caf28f91afb14749d\"},\"headline\":\"Diretoria da Ponte Preta estipula valor para vender sua joia ao Flamengo\",\"datePublished\":\"2020-04-29T02:48:36+00:00\",\"dateModified\":\"2020-04-29T02:48:39+00:00\",\"mainEntityOfPage\":{\"@id\":\"https:\/\/www.gaveanews.com\/index.php\/2020\/04\/28\/diretoria-da-ponte-preta-estipula-valor-para-vender-sua-joia-ao-flamengo\/\"},\"wordCount\":373,\"commentCount\":6,\"image\":{\"@id\":\"https:\/\/www.gaveanews.com\/index.php\/2020\/04\/28\/diretoria-da-ponte-preta-estipula-valor-para-vender-sua-joia-ao-flamengo\/#primaryimage\"},\"thumbnailUrl\":\"https:\/\/www.gaveanews.com\/wp-content\/uploads\/2019\/07\/Marcos-Braz-durante-coletiva-de-imprensa-no-Ninho-do-Urubu.webp\",\"articleSection\":[\"Flamengo\"],\"inLanguage\":\"pt-BR\",\"potentialAction\":[{\"@type\":\"CommentAction\",\"name\":\"Comment\",\"target\":[\"https:\/\/www.gaveanews.com\/index.php\/2020\/04\/28\/diretoria-da-ponte-preta-estipula-valor-para-vender-sua-joia-ao-flamengo\/#respond\"]}],\"copyrightYear\":\"2020\",\"copyrightHolder\":{\"@id\":\"https:\/\/www.gaveanews.com\/#organization\"}},{\"@type\":\"WebPage\",\"@id\":\"https:\/\/www.gaveanews.com\/index.php\/2020\/04\/28\/diretoria-da-ponte-preta-estipula-valor-para-vender-sua-joia-ao-flamengo\/\",\"url\":\"https:\/\/www.gaveanews.com\/index.php\/2020\/04\/28\/diretoria-da-ponte-preta-estipula-valor-para-vender-sua-joia-ao-flamengo\/\",\"name\":\"Diretoria da Ponte Preta estipula valor para vender sua joia ao Flamengo\",\"isPartOf\":{\"@id\":\"https:\/\/www.gaveanews.com\/#website\"},\"primaryImageOfPage\":{\"@id\":\"https:\/\/www.gaveanews.com\/index.php\/2020\/04\/28\/diretoria-da-ponte-preta-estipula-valor-para-vender-sua-joia-ao-flamengo\/#primaryimage\"},\"image\":{\"@id\":\"https:\/\/www.gaveanews.com\/index.php\/2020\/04\/28\/diretoria-da-ponte-preta-estipula-valor-para-vender-sua-joia-ao-flamengo\/#primaryimage\"},\"thumbnailUrl\":\"https:\/\/www.gaveanews.com\/wp-content\/uploads\/2019\/07\/Marcos-Braz-durante-coletiva-de-imprensa-no-Ninho-do-Urubu.webp\",\"datePublished\":\"2020-04-29T02:48:36+00:00\",\"dateModified\":\"2020-04-29T02:48:39+00:00\",\"author\":{\"@id\":\"https:\/\/www.gaveanews.com\/#\/schema\/person\/2ec14f73fb96be2caf28f91afb14749d\"},\"breadcrumb\":{\"@id\":\"https:\/\/www.gaveanews.com\/index.php\/2020\/04\/28\/diretoria-da-ponte-preta-estipula-valor-para-vender-sua-joia-ao-flamengo\/#breadcrumb\"},\"inLanguage\":\"pt-BR\",\"potentialAction\":[{\"@type\":\"ReadAction\",\"target\":[\"https:\/\/www.gaveanews.com\/index.php\/2020\/04\/28\/diretoria-da-ponte-preta-estipula-valor-para-vender-sua-joia-ao-flamengo\/\"]}]},{\"@type\":\"ImageObject\",\"inLanguage\":\"pt-BR\",\"@id\":\"https:\/\/www.gaveanews.com\/index.php\/2020\/04\/28\/diretoria-da-ponte-preta-estipula-valor-para-vender-sua-joia-ao-flamengo\/#primaryimage\",\"url\":\"https:\/\/www.gaveanews.com\/wp-content\/uploads\/2019\/07\/Marcos-Braz-durante-coletiva-de-imprensa-no-Ninho-do-Urubu.webp\",\"contentUrl\":\"https:\/\/www.gaveanews.com\/wp-content\/uploads\/2019\/07\/Marcos-Braz-durante-coletiva-de-imprensa-no-Ninho-do-Urubu.webp\",\"width\":846,\"height\":563,\"caption\":\"Marcos Braz durante coletiva de imprensa no Ninho do Urubu (Foto: Alexandre Vidal\/Flamengo)\"},{\"@type\":\"BreadcrumbList\",\"@id\":\"https:\/\/www.gaveanews.com\/index.php\/2020\/04\/28\/diretoria-da-ponte-preta-estipula-valor-para-vender-sua-joia-ao-flamengo\/#breadcrumb\",\"itemListElement\":[{\"@type\":\"ListItem\",\"position\":1,\"name\":\"Home\",\"item\":\"https:\/\/www.gaveanews.com\/\"},{\"@type\":\"ListItem\",\"position\":2,\"name\":\"Diretoria da Ponte Preta estipula valor para vender sua joia ao Flamengo\"}]},{\"@type\":\"WebSite\",\"@id\":\"https:\/\/www.gaveanews.com\/#website\",\"url\":\"https:\/\/www.gaveanews.com\/\",\"name\":\"G\u00e1vea News\",\"description\":\"Veja todas as not\u00edcias sobre o Flamengo: Contrata\u00e7\u00f5es, categorias de base, resultados das partidas, tabela de classifica\u00e7\u00e3o, pr\u00f3ximos jogos!\",\"potentialAction\":[{\"@type\":\"SearchAction\",\"target\":{\"@type\":\"EntryPoint\",\"urlTemplate\":\"https:\/\/www.gaveanews.com\/?s={search_term_string}\"},\"query-input\":{\"@type\":\"PropertyValueSpecification\",\"valueRequired\":true,\"valueName\":\"search_term_string\"}}],\"inLanguage\":\"pt-BR\"},{\"@type\":\"Person\",\"@id\":\"https:\/\/www.gaveanews.com\/#\/schema\/person\/2ec14f73fb96be2caf28f91afb14749d\",\"name\":\"Equipe G\u00e1vea News\",\"image\":{\"@type\":\"ImageObject\",\"inLanguage\":\"pt-BR\",\"@id\":\"https:\/\/www.gaveanews.com\/#\/schema\/person\/image\/\",\"url\":\"https:\/\/secure.gravatar.com\/avatar\/1e1956f1facbffd3f8fa53a326721950116b3b9dc9bd44939c01180fd4a745a9?s=96&d=mm&r=g\",\"contentUrl\":\"https:\/\/secure.gravatar.com\/avatar\/1e1956f1facbffd3f8fa53a326721950116b3b9dc9bd44939c01180fd4a745a9?s=96&d=mm&r=g\",\"caption\":\"Equipe G\u00e1vea News\"}}]}<\/script>\n<!-- \/ Yoast SEO Premium plugin. -->","yoast_head_json":{"title":"Diretoria da Ponte Preta estipula valor para vender sua joia ao Flamengo","robots":{"index":"index","follow":"follow","max-snippet":"max-snippet:-1","max-image-preview":"max-image-preview:large","max-video-preview":"max-video-preview:-1"},"canonical":"https:\/\/www.gaveanews.com\/index.php\/2020\/04\/28\/diretoria-da-ponte-preta-estipula-valor-para-vender-sua-joia-ao-flamengo\/","og_locale":"pt_BR","og_type":"article","og_title":"Diretoria da Ponte Preta estipula valor para vender sua joia ao Flamengo","og_description":"Ivan \u00e9 um dos goleiros mais valorizados do futebol brasileiro. O arqueiro pertence \u00e0 Ponte Preta e chamou aten\u00e7\u00e3o ap\u00f3s \u00f3timo desempenho na Sele\u00e7\u00e3o Ol\u00edmpica do Brasil. A nova joia vem sendo monitorada por diversos clubes e o Flamengo \u00e9 um desses que observa atentamente cada passo do atleta. O Rubro-Negro busca um goleiro jovem, [&hellip;]","og_url":"https:\/\/www.gaveanews.com\/index.php\/2020\/04\/28\/diretoria-da-ponte-preta-estipula-valor-para-vender-sua-joia-ao-flamengo\/","og_site_name":"G\u00e1vea News","article_publisher":"https:\/\/facebook.com\/gaveaNews\/","article_published_time":"2020-04-29T02:48:36+00:00","article_modified_time":"2020-04-29T02:48:39+00:00","og_image":[{"width":846,"height":563,"url":"https:\/\/www.gaveanews.com\/wp-content\/uploads\/2019\/07\/Marcos-Braz-durante-coletiva-de-imprensa-no-Ninho-do-Urubu.webp","type":"image\/jpeg"}],"author":"Equipe G\u00e1vea News","twitter_card":"summary_large_image","twitter_misc":{"Escrito por":"Equipe G\u00e1vea News","Est. tempo de leitura":"2 minutos"},"schema":{"@context":"https:\/\/schema.org","@graph":[{"@type":"NewsArticle","@id":"https:\/\/www.gaveanews.com\/index.php\/2020\/04\/28\/diretoria-da-ponte-preta-estipula-valor-para-vender-sua-joia-ao-flamengo\/#article","isPartOf":{"@id":"https:\/\/www.gaveanews.com\/index.php\/2020\/04\/28\/diretoria-da-ponte-preta-estipula-valor-para-vender-sua-joia-ao-flamengo\/"},"author":{"name":"Equipe G\u00e1vea News","@id":"https:\/\/www.gaveanews.com\/#\/schema\/person\/2ec14f73fb96be2caf28f91afb14749d"},"headline":"Diretoria da Ponte Preta estipula valor para vender sua joia ao Flamengo","datePublished":"2020-04-29T02:48:36+00:00","dateModified":"2020-04-29T02:48:39+00:00","mainEntityOfPage":{"@id":"https:\/\/www.gaveanews.com\/index.php\/2020\/04\/28\/diretoria-da-ponte-preta-estipula-valor-para-vender-sua-joia-ao-flamengo\/"},"wordCount":373,"commentCount":6,"image":{"@id":"https:\/\/www.gaveanews.com\/index.php\/2020\/04\/28\/diretoria-da-ponte-preta-estipula-valor-para-vender-sua-joia-ao-flamengo\/#primaryimage"},"thumbnailUrl":"https:\/\/www.gaveanews.com\/wp-content\/uploads\/2019\/07\/Marcos-Braz-durante-coletiva-de-imprensa-no-Ninho-do-Urubu.webp","articleSection":["Flamengo"],"inLanguage":"pt-BR","potentialAction":[{"@type":"CommentAction","name":"Comment","target":["https:\/\/www.gaveanews.com\/index.php\/2020\/04\/28\/diretoria-da-ponte-preta-estipula-valor-para-vender-sua-joia-ao-flamengo\/#respond"]}],"copyrightYear":"2020","copyrightHolder":{"@id":"https:\/\/www.gaveanews.com\/#organization"}},{"@type":"WebPage","@id":"https:\/\/www.gaveanews.com\/index.php\/2020\/04\/28\/diretoria-da-ponte-preta-estipula-valor-para-vender-sua-joia-ao-flamengo\/","url":"https:\/\/www.gaveanews.com\/index.php\/2020\/04\/28\/diretoria-da-ponte-preta-estipula-valor-para-vender-sua-joia-ao-flamengo\/","name":"Diretoria da Ponte Preta estipula valor para vender sua joia ao Flamengo","isPartOf":{"@id":"https:\/\/www.gaveanews.com\/#website"},"primaryImageOfPage":{"@id":"https:\/\/www.gaveanews.com\/index.php\/2020\/04\/28\/diretoria-da-ponte-preta-estipula-valor-para-vender-sua-joia-ao-flamengo\/#primaryimage"},"image":{"@id":"https:\/\/www.gaveanews.com\/index.php\/2020\/04\/28\/diretoria-da-ponte-preta-estipula-valor-para-vender-sua-joia-ao-flamengo\/#primaryimage"},"thumbnailUrl":"https:\/\/www.gaveanews.com\/wp-content\/uploads\/2019\/07\/Marcos-Braz-durante-coletiva-de-imprensa-no-Ninho-do-Urubu.webp","datePublished":"2020-04-29T02:48:36+00:00","dateModified":"2020-04-29T02:48:39+00:00","author":{"@id":"https:\/\/www.gaveanews.com\/#\/schema\/person\/2ec14f73fb96be2caf28f91afb14749d"},"breadcrumb":{"@id":"https:\/\/www.gaveanews.com\/index.php\/2020\/04\/28\/diretoria-da-ponte-preta-estipula-valor-para-vender-sua-joia-ao-flamengo\/#breadcrumb"},"inLanguage":"pt-BR","potentialAction":[{"@type":"ReadAction","target":["https:\/\/www.gaveanews.com\/index.php\/2020\/04\/28\/diretoria-da-ponte-preta-estipula-valor-para-vender-sua-joia-ao-flamengo\/"]}]},{"@type":"ImageObject","inLanguage":"pt-BR","@id":"https:\/\/www.gaveanews.com\/index.php\/2020\/04\/28\/diretoria-da-ponte-preta-estipula-valor-para-vender-sua-joia-ao-flamengo\/#primaryimage","url":"https:\/\/www.gaveanews.com\/wp-content\/uploads\/2019\/07\/Marcos-Braz-durante-coletiva-de-imprensa-no-Ninho-do-Urubu.webp","contentUrl":"https:\/\/www.gaveanews.com\/wp-content\/uploads\/2019\/07\/Marcos-Braz-durante-coletiva-de-imprensa-no-Ninho-do-Urubu.webp","width":846,"height":563,"caption":"Marcos Braz durante coletiva de imprensa no Ninho do Urubu (Foto: Alexandre Vidal\/Flamengo)"},{"@type":"BreadcrumbList","@id":"https:\/\/www.gaveanews.com\/index.php\/2020\/04\/28\/diretoria-da-ponte-preta-estipula-valor-para-vender-sua-joia-ao-flamengo\/#breadcrumb","itemListElement":[{"@type":"ListItem","position":1,"name":"Home","item":"https:\/\/www.gaveanews.com\/"},{"@type":"ListItem","position":2,"name":"Diretoria da Ponte Preta estipula valor para vender sua joia ao Flamengo"}]},{"@type":"WebSite","@id":"https:\/\/www.gaveanews.com\/#website","url":"https:\/\/www.gaveanews.com\/","name":"G\u00e1vea News","description":"Veja todas as not\u00edcias sobre o Flamengo: Contrata\u00e7\u00f5es, categorias de base, resultados das partidas, tabela de classifica\u00e7\u00e3o, pr\u00f3ximos jogos!","potentialAction":[{"@type":"SearchAction","target":{"@type":"EntryPoint","urlTemplate":"https:\/\/www.gaveanews.com\/?s={search_term_string}"},"query-input":{"@type":"PropertyValueSpecification","valueRequired":true,"valueName":"search_term_string"}}],"inLanguage":"pt-BR"},{"@type":"Person","@id":"https:\/\/www.gaveanews.com\/#\/schema\/person\/2ec14f73fb96be2caf28f91afb14749d","name":"Equipe G\u00e1vea News","image":{"@type":"ImageObject","inLanguage":"pt-BR","@id":"https:\/\/www.gaveanews.com\/#\/schema\/person\/image\/","url":"https:\/\/secure.gravatar.com\/avatar\/1e1956f1facbffd3f8fa53a326721950116b3b9dc9bd44939c01180fd4a745a9?s=96&d=mm&r=g","contentUrl":"https:\/\/secure.gravatar.com\/avatar\/1e1956f1facbffd3f8fa53a326721950116b3b9dc9bd44939c01180fd4a745a9?s=96&d=mm&r=g","caption":"Equipe G\u00e1vea News"}}]}},"_links":{"self":[{"href":"https:\/\/www.gaveanews.com\/index.php\/wp-json\/wp\/v2\/posts\/39939","targetHints":{"allow":["GET"]}}],"collection":[{"href":"https:\/\/www.gaveanews.com\/index.php\/wp-json\/wp\/v2\/posts"}],"about":[{"href":"https:\/\/www.gaveanews.com\/index.php\/wp-json\/wp\/v2\/types\/post"}],"author":[{"embeddable":true,"href":"https:\/\/www.gaveanews.com\/index.php\/wp-json\/wp\/v2\/users\/1"}],"replies":[{"embeddable":true,"href":"https:\/\/www.gaveanews.com\/index.php\/wp-json\/wp\/v2\/comments?post=39939"}],"version-history":[{"count":0,"href":"https:\/\/www.gaveanews.com\/index.php\/wp-json\/wp\/v2\/posts\/39939\/revisions"}],"wp:featuredmedia":[{"embeddable":true,"href":"https:\/\/www.gaveanews.com\/index.php\/wp-json\/wp\/v2\/media\/23694"}],"wp:attachment":[{"href":"https:\/\/www.gaveanews.com\/index.php\/wp-json\/wp\/v2\/media?parent=39939"}],"wp:term":[{"taxonomy":"category","embeddable":true,"href":"https:\/\/www.gaveanews.com\/index.php\/wp-json\/wp\/v2\/categories?post=39939"},{"taxonomy":"post_tag","embeddable":true,"href":"https:\/\/www.gaveanews.com\/index.php\/wp-json\/wp\/v2\/tags?post=39939"}],"curies":[{"name":"wp","href":"https:\/\/api.w.org\/{rel}","templated":true}]}}