{"id":40494,"date":"2020-05-14T10:37:28","date_gmt":"2020-05-14T13:37:28","guid":{"rendered":"https:\/\/www.gaveanews.com\/?p=40494"},"modified":"2020-05-14T10:37:37","modified_gmt":"2020-05-14T13:37:37","slug":"atacante-do-flamengo-gabigol-emite-comunicado-e-encerra-polemica","status":"publish","type":"post","link":"https:\/\/www.gaveanews.com\/index.php\/2020\/05\/14\/atacante-do-flamengo-gabigol-emite-comunicado-e-encerra-polemica\/","title":{"rendered":"Atacante do Flamengo, Gabigol emite comunicado e encerra pol\u00eamica"},"content":{"rendered":"\n<p>Na noite desta quarta-feira (13 de maio), o atacante Gabigol, por meio de uma nota oficial em suas redes sociais, esclareceu a pol\u00eamica que o envolvia. O jornal O Dia, por meio da coluna de F\u00e1bia Oliveira, relatou o depoimento de um vizinho do jogador do Flamengo que contava sobre a poss\u00edvel festa dada no \u00faltimo domingo (10), em meio \u00e0 quarentena, que teria ido at\u00e9 \u00e0s 6h e perturbado a vizinhan\u00e7a.<\/p>\n\n\n\n<p>Na nota, a assessoria do atacante alega que quem estava presente na casa do jogador seguem \u00e0 risca as medidas da quarentena. Ainda, o barulho seria por conta das m\u00fasicas que o atleta ouve durante os treinamentos em casa e o v\u00eddeo ao vivo seria por conta da participa\u00e7\u00e3o na live do cantor Emicida.<\/p>\n\n\n\n<p>Com a camisa do Flamengo, Gabigol quebrou recordes em 2019. O atleta foi o artilheiro do clube e do Brasil no ano, com 43 gols em 59 jogos, tendo conquistado a Conmebol Libertadores e o Campeonato Brasileiro. Em 2020, o atacante de 23 anos j\u00e1 anotou 11 gols em 10 jogos e levantou as ta\u00e7as da Supercopa do Brasil e da Recopa Sul-Americana.<\/p>\n\n\n\n<h2 class=\"wp-block-heading\">Confira o comunicado:<\/h2>\n\n\n\n<p>\u201cO atleta Gabriel Barbosa e sua fam\u00edlia tomaram conhecimento da mat\u00e9ria publicada no \u00faltimo dia 12 de maio pela colunista F\u00e1bia Oliveira, no jornal O Dia.<\/p>\n\n\n\n<p>Sempre em prol da verdade e das medidas necess\u00e1rias que o pa\u00eds vem atravessando, Gabriel e sua fam\u00edlia negam veementemente qualquer acontecido relatado pela coluna. Foi checado, inclusive, com vizinhos e o administrador do condom\u00ednio e nenhum acusou qualquer problema relacionado ao que foi publicado.<\/p>\n\n\n\n<p>No \u00faltimo domingo, Dia das M\u00e3es, o atleta seguiu com sua rotina de treinos em casa junto com o seu fisioterapeuta, Alex. Al\u00e9m dele, seu cabeleireiro pessoal, Marlon Jesus, com o filho Ka\u00edque, estavam na casa. Ambos t\u00eam mantido regime de quarentena. Na casa ainda estavam a cozinheira do atleta, Rose, seu primo Fabinho (seu bra\u00e7o direito desde o in\u00edcio da carreira e que mora com ele desde sua chegada ao Rio de Janeiro no come\u00e7o de 2019) e um casal de amigos, todos h\u00e1 dois meses cumprindo todas as normas necess\u00e1rias durante a pandemia.<\/p>\n\n\n\n<p>Ao longo do dia, como \u00e9 de praxe e gosto pessoal de Gabriel, ele treinou ao som de m\u00fasica, algo rotineiro em seu dia a dia. Na sequ\u00eancia, assistiu uma Live do cantor Emicida, de quem entrou ao vivo e pediu uma m\u00fasica. Tudo dentro da normalidade e sem qualquer perturba\u00e7\u00e3o aos seus vizinhos, mantendo a ordem e calmaria costumeira de sua casa.<\/p>\n\n\n\n<p>Gabriel e sua fam\u00edlia repudiam esse tipo de publica\u00e7\u00e3o, pois sempre s\u00e3o sol\u00edcitos e transparentes. Cabe acrescentar que o atleta se sentiu desrespeitado pela coluna, pois n\u00e3o foi a primeira vez que algo fora da realidade foi publicado em seu nome.<\/p>\n\n\n\n<p>Att, Assessoria de Imprensa\u201d<\/p>\n\n\n\n<p>Retirado de: Fox Sports<\/p>\n","protected":false},"excerpt":{"rendered":"<p>Na noite desta quarta-feira (13 de maio), o atacante Gabigol, por meio de uma nota oficial em suas redes sociais, esclareceu a pol\u00eamica que o envolvia. O jornal O Dia, por meio da coluna de F\u00e1bia Oliveira, relatou o depoimento de um vizinho do jogador do Flamengo que contava sobre a poss\u00edvel festa dada no [&hellip;]<\/p>\n","protected":false},"author":1,"featured_media":31014,"comment_status":"open","ping_status":"closed","sticky":false,"template":"","format":"standard","meta":{"footnotes":""},"categories":[1],"tags":[],"class_list":["post-40494","post","type-post","status-publish","format-standard","has-post-thumbnail","hentry","category-flamengo"],"yoast_head":"<!-- This site is optimized with the Yoast SEO Premium plugin v24.2 (Yoast SEO v26.9) - https:\/\/yoast.com\/product\/yoast-seo-premium-wordpress\/ -->\n<title>Atacante do Flamengo, Gabigol emite comunicado e encerra pol\u00eamica<\/title>\n<meta name=\"robots\" content=\"index, follow, max-snippet:-1, max-image-preview:large, max-video-preview:-1\" \/>\n<link rel=\"canonical\" href=\"https:\/\/www.gaveanews.com\/index.php\/2020\/05\/14\/atacante-do-flamengo-gabigol-emite-comunicado-e-encerra-polemica\/\" \/>\n<meta property=\"og:locale\" content=\"pt_BR\" \/>\n<meta property=\"og:type\" content=\"article\" \/>\n<meta property=\"og:title\" content=\"Atacante do Flamengo, Gabigol emite comunicado e encerra pol\u00eamica\" \/>\n<meta property=\"og:description\" content=\"Na noite desta quarta-feira (13 de maio), o atacante Gabigol, por meio de uma nota oficial em suas redes sociais, esclareceu a pol\u00eamica que o envolvia. O jornal O Dia, por meio da coluna de F\u00e1bia Oliveira, relatou o depoimento de um vizinho do jogador do Flamengo que contava sobre a poss\u00edvel festa dada no [&hellip;]\" \/>\n<meta property=\"og:url\" content=\"https:\/\/www.gaveanews.com\/index.php\/2020\/05\/14\/atacante-do-flamengo-gabigol-emite-comunicado-e-encerra-polemica\/\" \/>\n<meta property=\"og:site_name\" content=\"G\u00e1vea News\" \/>\n<meta property=\"article:publisher\" content=\"https:\/\/facebook.com\/gaveaNews\/\" \/>\n<meta property=\"article:published_time\" content=\"2020-05-14T13:37:28+00:00\" \/>\n<meta property=\"article:modified_time\" content=\"2020-05-14T13:37:37+00:00\" \/>\n<meta property=\"og:image\" content=\"https:\/\/www.gaveanews.com\/wp-content\/uploads\/Atacante-Gabigol-em-acao-pelo-Flamengo-no-estadio-do-Maracana.webp\" \/>\n\t<meta property=\"og:image:width\" content=\"1\" \/>\n\t<meta property=\"og:image:height\" content=\"1\" \/>\n\t<meta property=\"og:image:type\" content=\"image\/jpeg\" \/>\n<meta name=\"author\" content=\"Equipe G\u00e1vea News\" \/>\n<meta name=\"twitter:card\" content=\"summary_large_image\" \/>\n<meta name=\"twitter:label1\" content=\"Escrito por\" \/>\n\t<meta name=\"twitter:data1\" content=\"Equipe G\u00e1vea News\" \/>\n\t<meta name=\"twitter:label2\" content=\"Est. tempo de leitura\" \/>\n\t<meta name=\"twitter:data2\" content=\"2 minutos\" \/>\n<script type=\"application\/ld+json\" class=\"yoast-schema-graph\">{\"@context\":\"https:\/\/schema.org\",\"@graph\":[{\"@type\":\"NewsArticle\",\"@id\":\"https:\/\/www.gaveanews.com\/index.php\/2020\/05\/14\/atacante-do-flamengo-gabigol-emite-comunicado-e-encerra-polemica\/#article\",\"isPartOf\":{\"@id\":\"https:\/\/www.gaveanews.com\/index.php\/2020\/05\/14\/atacante-do-flamengo-gabigol-emite-comunicado-e-encerra-polemica\/\"},\"author\":{\"name\":\"Equipe G\u00e1vea News\",\"@id\":\"https:\/\/www.gaveanews.com\/#\/schema\/person\/2ec14f73fb96be2caf28f91afb14749d\"},\"headline\":\"Atacante do Flamengo, Gabigol emite comunicado e encerra pol\u00eamica\",\"datePublished\":\"2020-05-14T13:37:28+00:00\",\"dateModified\":\"2020-05-14T13:37:37+00:00\",\"mainEntityOfPage\":{\"@id\":\"https:\/\/www.gaveanews.com\/index.php\/2020\/05\/14\/atacante-do-flamengo-gabigol-emite-comunicado-e-encerra-polemica\/\"},\"wordCount\":498,\"commentCount\":7,\"image\":{\"@id\":\"https:\/\/www.gaveanews.com\/index.php\/2020\/05\/14\/atacante-do-flamengo-gabigol-emite-comunicado-e-encerra-polemica\/#primaryimage\"},\"thumbnailUrl\":\"https:\/\/www.gaveanews.com\/wp-content\/uploads\/Atacante-Gabigol-em-acao-pelo-Flamengo-no-estadio-do-Maracana.webp\",\"articleSection\":[\"Flamengo\"],\"inLanguage\":\"pt-BR\",\"potentialAction\":[{\"@type\":\"CommentAction\",\"name\":\"Comment\",\"target\":[\"https:\/\/www.gaveanews.com\/index.php\/2020\/05\/14\/atacante-do-flamengo-gabigol-emite-comunicado-e-encerra-polemica\/#respond\"]}],\"copyrightYear\":\"2020\",\"copyrightHolder\":{\"@id\":\"https:\/\/www.gaveanews.com\/#organization\"}},{\"@type\":\"WebPage\",\"@id\":\"https:\/\/www.gaveanews.com\/index.php\/2020\/05\/14\/atacante-do-flamengo-gabigol-emite-comunicado-e-encerra-polemica\/\",\"url\":\"https:\/\/www.gaveanews.com\/index.php\/2020\/05\/14\/atacante-do-flamengo-gabigol-emite-comunicado-e-encerra-polemica\/\",\"name\":\"Atacante do Flamengo, Gabigol emite comunicado e encerra pol\u00eamica\",\"isPartOf\":{\"@id\":\"https:\/\/www.gaveanews.com\/#website\"},\"primaryImageOfPage\":{\"@id\":\"https:\/\/www.gaveanews.com\/index.php\/2020\/05\/14\/atacante-do-flamengo-gabigol-emite-comunicado-e-encerra-polemica\/#primaryimage\"},\"image\":{\"@id\":\"https:\/\/www.gaveanews.com\/index.php\/2020\/05\/14\/atacante-do-flamengo-gabigol-emite-comunicado-e-encerra-polemica\/#primaryimage\"},\"thumbnailUrl\":\"https:\/\/www.gaveanews.com\/wp-content\/uploads\/Atacante-Gabigol-em-acao-pelo-Flamengo-no-estadio-do-Maracana.webp\",\"datePublished\":\"2020-05-14T13:37:28+00:00\",\"dateModified\":\"2020-05-14T13:37:37+00:00\",\"author\":{\"@id\":\"https:\/\/www.gaveanews.com\/#\/schema\/person\/2ec14f73fb96be2caf28f91afb14749d\"},\"breadcrumb\":{\"@id\":\"https:\/\/www.gaveanews.com\/index.php\/2020\/05\/14\/atacante-do-flamengo-gabigol-emite-comunicado-e-encerra-polemica\/#breadcrumb\"},\"inLanguage\":\"pt-BR\",\"potentialAction\":[{\"@type\":\"ReadAction\",\"target\":[\"https:\/\/www.gaveanews.com\/index.php\/2020\/05\/14\/atacante-do-flamengo-gabigol-emite-comunicado-e-encerra-polemica\/\"]}]},{\"@type\":\"ImageObject\",\"inLanguage\":\"pt-BR\",\"@id\":\"https:\/\/www.gaveanews.com\/index.php\/2020\/05\/14\/atacante-do-flamengo-gabigol-emite-comunicado-e-encerra-polemica\/#primaryimage\",\"url\":\"https:\/\/www.gaveanews.com\/wp-content\/uploads\/Atacante-Gabigol-em-acao-pelo-Flamengo-no-estadio-do-Maracana.webp\",\"contentUrl\":\"https:\/\/www.gaveanews.com\/wp-content\/uploads\/Atacante-Gabigol-em-acao-pelo-Flamengo-no-estadio-do-Maracana.webp\",\"caption\":\"Atacante Gabigol em a\u00e7\u00e3o pelo Flamengo no est\u00e1dio do Maracan\u00e3 (Foto: Marcelo Cortes\/Flamengo)\"},{\"@type\":\"BreadcrumbList\",\"@id\":\"https:\/\/www.gaveanews.com\/index.php\/2020\/05\/14\/atacante-do-flamengo-gabigol-emite-comunicado-e-encerra-polemica\/#breadcrumb\",\"itemListElement\":[{\"@type\":\"ListItem\",\"position\":1,\"name\":\"Home\",\"item\":\"https:\/\/www.gaveanews.com\/\"},{\"@type\":\"ListItem\",\"position\":2,\"name\":\"Atacante do Flamengo, Gabigol emite comunicado e encerra pol\u00eamica\"}]},{\"@type\":\"WebSite\",\"@id\":\"https:\/\/www.gaveanews.com\/#website\",\"url\":\"https:\/\/www.gaveanews.com\/\",\"name\":\"G\u00e1vea News\",\"description\":\"Veja todas as not\u00edcias sobre o Flamengo: Contrata\u00e7\u00f5es, categorias de base, resultados das partidas, tabela de classifica\u00e7\u00e3o, pr\u00f3ximos jogos!\",\"potentialAction\":[{\"@type\":\"SearchAction\",\"target\":{\"@type\":\"EntryPoint\",\"urlTemplate\":\"https:\/\/www.gaveanews.com\/?s={search_term_string}\"},\"query-input\":{\"@type\":\"PropertyValueSpecification\",\"valueRequired\":true,\"valueName\":\"search_term_string\"}}],\"inLanguage\":\"pt-BR\"},{\"@type\":\"Person\",\"@id\":\"https:\/\/www.gaveanews.com\/#\/schema\/person\/2ec14f73fb96be2caf28f91afb14749d\",\"name\":\"Equipe G\u00e1vea News\",\"image\":{\"@type\":\"ImageObject\",\"inLanguage\":\"pt-BR\",\"@id\":\"https:\/\/www.gaveanews.com\/#\/schema\/person\/image\/\",\"url\":\"https:\/\/secure.gravatar.com\/avatar\/1e1956f1facbffd3f8fa53a326721950116b3b9dc9bd44939c01180fd4a745a9?s=96&d=mm&r=g\",\"contentUrl\":\"https:\/\/secure.gravatar.com\/avatar\/1e1956f1facbffd3f8fa53a326721950116b3b9dc9bd44939c01180fd4a745a9?s=96&d=mm&r=g\",\"caption\":\"Equipe G\u00e1vea News\"}}]}<\/script>\n<!-- \/ Yoast SEO Premium plugin. -->","yoast_head_json":{"title":"Atacante do Flamengo, Gabigol emite comunicado e encerra pol\u00eamica","robots":{"index":"index","follow":"follow","max-snippet":"max-snippet:-1","max-image-preview":"max-image-preview:large","max-video-preview":"max-video-preview:-1"},"canonical":"https:\/\/www.gaveanews.com\/index.php\/2020\/05\/14\/atacante-do-flamengo-gabigol-emite-comunicado-e-encerra-polemica\/","og_locale":"pt_BR","og_type":"article","og_title":"Atacante do Flamengo, Gabigol emite comunicado e encerra pol\u00eamica","og_description":"Na noite desta quarta-feira (13 de maio), o atacante Gabigol, por meio de uma nota oficial em suas redes sociais, esclareceu a pol\u00eamica que o envolvia. O jornal O Dia, por meio da coluna de F\u00e1bia Oliveira, relatou o depoimento de um vizinho do jogador do Flamengo que contava sobre a poss\u00edvel festa dada no [&hellip;]","og_url":"https:\/\/www.gaveanews.com\/index.php\/2020\/05\/14\/atacante-do-flamengo-gabigol-emite-comunicado-e-encerra-polemica\/","og_site_name":"G\u00e1vea News","article_publisher":"https:\/\/facebook.com\/gaveaNews\/","article_published_time":"2020-05-14T13:37:28+00:00","article_modified_time":"2020-05-14T13:37:37+00:00","og_image":[{"url":"https:\/\/www.gaveanews.com\/wp-content\/uploads\/Atacante-Gabigol-em-acao-pelo-Flamengo-no-estadio-do-Maracana.webp","width":1,"height":1,"type":"image\/jpeg"}],"author":"Equipe G\u00e1vea News","twitter_card":"summary_large_image","twitter_misc":{"Escrito por":"Equipe G\u00e1vea News","Est. tempo de leitura":"2 minutos"},"schema":{"@context":"https:\/\/schema.org","@graph":[{"@type":"NewsArticle","@id":"https:\/\/www.gaveanews.com\/index.php\/2020\/05\/14\/atacante-do-flamengo-gabigol-emite-comunicado-e-encerra-polemica\/#article","isPartOf":{"@id":"https:\/\/www.gaveanews.com\/index.php\/2020\/05\/14\/atacante-do-flamengo-gabigol-emite-comunicado-e-encerra-polemica\/"},"author":{"name":"Equipe G\u00e1vea News","@id":"https:\/\/www.gaveanews.com\/#\/schema\/person\/2ec14f73fb96be2caf28f91afb14749d"},"headline":"Atacante do Flamengo, Gabigol emite comunicado e encerra pol\u00eamica","datePublished":"2020-05-14T13:37:28+00:00","dateModified":"2020-05-14T13:37:37+00:00","mainEntityOfPage":{"@id":"https:\/\/www.gaveanews.com\/index.php\/2020\/05\/14\/atacante-do-flamengo-gabigol-emite-comunicado-e-encerra-polemica\/"},"wordCount":498,"commentCount":7,"image":{"@id":"https:\/\/www.gaveanews.com\/index.php\/2020\/05\/14\/atacante-do-flamengo-gabigol-emite-comunicado-e-encerra-polemica\/#primaryimage"},"thumbnailUrl":"https:\/\/www.gaveanews.com\/wp-content\/uploads\/Atacante-Gabigol-em-acao-pelo-Flamengo-no-estadio-do-Maracana.webp","articleSection":["Flamengo"],"inLanguage":"pt-BR","potentialAction":[{"@type":"CommentAction","name":"Comment","target":["https:\/\/www.gaveanews.com\/index.php\/2020\/05\/14\/atacante-do-flamengo-gabigol-emite-comunicado-e-encerra-polemica\/#respond"]}],"copyrightYear":"2020","copyrightHolder":{"@id":"https:\/\/www.gaveanews.com\/#organization"}},{"@type":"WebPage","@id":"https:\/\/www.gaveanews.com\/index.php\/2020\/05\/14\/atacante-do-flamengo-gabigol-emite-comunicado-e-encerra-polemica\/","url":"https:\/\/www.gaveanews.com\/index.php\/2020\/05\/14\/atacante-do-flamengo-gabigol-emite-comunicado-e-encerra-polemica\/","name":"Atacante do Flamengo, Gabigol emite comunicado e encerra pol\u00eamica","isPartOf":{"@id":"https:\/\/www.gaveanews.com\/#website"},"primaryImageOfPage":{"@id":"https:\/\/www.gaveanews.com\/index.php\/2020\/05\/14\/atacante-do-flamengo-gabigol-emite-comunicado-e-encerra-polemica\/#primaryimage"},"image":{"@id":"https:\/\/www.gaveanews.com\/index.php\/2020\/05\/14\/atacante-do-flamengo-gabigol-emite-comunicado-e-encerra-polemica\/#primaryimage"},"thumbnailUrl":"https:\/\/www.gaveanews.com\/wp-content\/uploads\/Atacante-Gabigol-em-acao-pelo-Flamengo-no-estadio-do-Maracana.webp","datePublished":"2020-05-14T13:37:28+00:00","dateModified":"2020-05-14T13:37:37+00:00","author":{"@id":"https:\/\/www.gaveanews.com\/#\/schema\/person\/2ec14f73fb96be2caf28f91afb14749d"},"breadcrumb":{"@id":"https:\/\/www.gaveanews.com\/index.php\/2020\/05\/14\/atacante-do-flamengo-gabigol-emite-comunicado-e-encerra-polemica\/#breadcrumb"},"inLanguage":"pt-BR","potentialAction":[{"@type":"ReadAction","target":["https:\/\/www.gaveanews.com\/index.php\/2020\/05\/14\/atacante-do-flamengo-gabigol-emite-comunicado-e-encerra-polemica\/"]}]},{"@type":"ImageObject","inLanguage":"pt-BR","@id":"https:\/\/www.gaveanews.com\/index.php\/2020\/05\/14\/atacante-do-flamengo-gabigol-emite-comunicado-e-encerra-polemica\/#primaryimage","url":"https:\/\/www.gaveanews.com\/wp-content\/uploads\/Atacante-Gabigol-em-acao-pelo-Flamengo-no-estadio-do-Maracana.webp","contentUrl":"https:\/\/www.gaveanews.com\/wp-content\/uploads\/Atacante-Gabigol-em-acao-pelo-Flamengo-no-estadio-do-Maracana.webp","caption":"Atacante Gabigol em a\u00e7\u00e3o pelo Flamengo no est\u00e1dio do Maracan\u00e3 (Foto: Marcelo Cortes\/Flamengo)"},{"@type":"BreadcrumbList","@id":"https:\/\/www.gaveanews.com\/index.php\/2020\/05\/14\/atacante-do-flamengo-gabigol-emite-comunicado-e-encerra-polemica\/#breadcrumb","itemListElement":[{"@type":"ListItem","position":1,"name":"Home","item":"https:\/\/www.gaveanews.com\/"},{"@type":"ListItem","position":2,"name":"Atacante do Flamengo, Gabigol emite comunicado e encerra pol\u00eamica"}]},{"@type":"WebSite","@id":"https:\/\/www.gaveanews.com\/#website","url":"https:\/\/www.gaveanews.com\/","name":"G\u00e1vea News","description":"Veja todas as not\u00edcias sobre o Flamengo: Contrata\u00e7\u00f5es, categorias de base, resultados das partidas, tabela de classifica\u00e7\u00e3o, pr\u00f3ximos jogos!","potentialAction":[{"@type":"SearchAction","target":{"@type":"EntryPoint","urlTemplate":"https:\/\/www.gaveanews.com\/?s={search_term_string}"},"query-input":{"@type":"PropertyValueSpecification","valueRequired":true,"valueName":"search_term_string"}}],"inLanguage":"pt-BR"},{"@type":"Person","@id":"https:\/\/www.gaveanews.com\/#\/schema\/person\/2ec14f73fb96be2caf28f91afb14749d","name":"Equipe G\u00e1vea News","image":{"@type":"ImageObject","inLanguage":"pt-BR","@id":"https:\/\/www.gaveanews.com\/#\/schema\/person\/image\/","url":"https:\/\/secure.gravatar.com\/avatar\/1e1956f1facbffd3f8fa53a326721950116b3b9dc9bd44939c01180fd4a745a9?s=96&d=mm&r=g","contentUrl":"https:\/\/secure.gravatar.com\/avatar\/1e1956f1facbffd3f8fa53a326721950116b3b9dc9bd44939c01180fd4a745a9?s=96&d=mm&r=g","caption":"Equipe G\u00e1vea News"}}]}},"_links":{"self":[{"href":"https:\/\/www.gaveanews.com\/index.php\/wp-json\/wp\/v2\/posts\/40494","targetHints":{"allow":["GET"]}}],"collection":[{"href":"https:\/\/www.gaveanews.com\/index.php\/wp-json\/wp\/v2\/posts"}],"about":[{"href":"https:\/\/www.gaveanews.com\/index.php\/wp-json\/wp\/v2\/types\/post"}],"author":[{"embeddable":true,"href":"https:\/\/www.gaveanews.com\/index.php\/wp-json\/wp\/v2\/users\/1"}],"replies":[{"embeddable":true,"href":"https:\/\/www.gaveanews.com\/index.php\/wp-json\/wp\/v2\/comments?post=40494"}],"version-history":[{"count":0,"href":"https:\/\/www.gaveanews.com\/index.php\/wp-json\/wp\/v2\/posts\/40494\/revisions"}],"wp:featuredmedia":[{"embeddable":true,"href":"https:\/\/www.gaveanews.com\/index.php\/wp-json\/wp\/v2\/media\/31014"}],"wp:attachment":[{"href":"https:\/\/www.gaveanews.com\/index.php\/wp-json\/wp\/v2\/media?parent=40494"}],"wp:term":[{"taxonomy":"category","embeddable":true,"href":"https:\/\/www.gaveanews.com\/index.php\/wp-json\/wp\/v2\/categories?post=40494"},{"taxonomy":"post_tag","embeddable":true,"href":"https:\/\/www.gaveanews.com\/index.php\/wp-json\/wp\/v2\/tags?post=40494"}],"curies":[{"name":"wp","href":"https:\/\/api.w.org\/{rel}","templated":true}]}}