{"id":40502,"date":"2020-05-14T13:51:16","date_gmt":"2020-05-14T16:51:16","guid":{"rendered":"https:\/\/www.gaveanews.com\/?p=40502"},"modified":"2020-05-14T13:51:20","modified_gmt":"2020-05-14T16:51:20","slug":"flamengo-inicia-distribuicao-de-cartao-alimentacao-e-equipamentos-de-protecao-no-maracana","status":"publish","type":"post","link":"https:\/\/www.gaveanews.com\/index.php\/2020\/05\/14\/flamengo-inicia-distribuicao-de-cartao-alimentacao-e-equipamentos-de-protecao-no-maracana\/","title":{"rendered":"Flamengo inicia distribui\u00e7\u00e3o de cart\u00e3o alimenta\u00e7\u00e3o e equipamentos de prote\u00e7\u00e3o no Maracan\u00e3"},"content":{"rendered":"\n<p>O Flamengo iniciou nesta quinta-feira a a\u00e7\u00e3o para ajudar os ambulantes do Maracan\u00e3 afetados diretamente pela crise do coronav\u00edrus. Sem jogos no est\u00e1dio, n\u00e3o h\u00e1 como trabalhar e levar renda para casa. Sendo assim, o clube distribuiu cart\u00f5es alimenta\u00e7\u00e3o e equipamentos de prote\u00e7\u00e3o no combate a Covid-19.<\/p>\n\n\n\n<p>A distribui\u00e7\u00e3o acontece das 9h \u00e0s 17h e atender\u00e1 diariamente 200 ambulantes. A proje\u00e7\u00e3o \u00e9 de que cerca de 900 trabalhadores sejam beneficiados com o cart\u00e3o no valor de R$ 55. A a\u00e7\u00e3o \u00e9 uma parceria do clube com o Viva Rio.<\/p>\n\n\n\n<p>Maior \u00eddolo da hist\u00f3ria do clube, Zico tamb\u00e9m participou da a\u00e7\u00e3o. O Galinho mandou confeccionar 900 m\u00e1scaras com refer\u00eancias ao seu nome para distribui\u00e7\u00e3o. O clube ainda ofereceu tubos de \u00e1lcool em gel licenciados com o escudo.<\/p>\n\n\n\n<figure class=\"wp-block-image size-large\"><img decoding=\"async\" src=\"https:\/\/s2.glbimg.com\/9jJqjMZh1kvYVZKKVkdAVeC-2Hw=\/0x0:1280x960\/984x0\/smart\/filters:strip_icc()\/i.s3.glbimg.com\/v1\/AUTH_bc8228b6673f488aa253bbcb03c80ec5\/internal_photos\/bs\/2020\/A\/c\/DzxAi7RYKcPPNPHd3EQg\/vivario.webp\" alt=\"\"\/><figcaption>Ambulante foi uniformizado receber o benef\u00edcio (Foto: Viva Rio)<\/figcaption><\/figure>\n\n\n\n<p>Em abril, o Rubro-Negro realizou a doa\u00e7\u00e3o de cestas b\u00e1sicas para moradores de comunidades do Rio. Ambulantes dos est\u00e1dios do Rio v\u00eam relatando dificuldades por conta da crise da pandemia. Muitos dependem de doa\u00e7\u00f5es para conseguirem sobreviver durante a paralisa\u00e7\u00e3o das atividades.<\/p>\n\n\n\n<p>Retirado de: Globo Esporte<\/p>\n","protected":false},"excerpt":{"rendered":"<p>O Flamengo iniciou nesta quinta-feira a a\u00e7\u00e3o para ajudar os ambulantes do Maracan\u00e3 afetados diretamente pela crise do coronav\u00edrus. Sem jogos no est\u00e1dio, n\u00e3o h\u00e1 como trabalhar e levar renda para casa. Sendo assim, o clube distribuiu cart\u00f5es alimenta\u00e7\u00e3o e equipamentos de prote\u00e7\u00e3o no combate a Covid-19. A distribui\u00e7\u00e3o acontece das 9h \u00e0s 17h e [&hellip;]<\/p>\n","protected":false},"author":1,"featured_media":15081,"comment_status":"open","ping_status":"closed","sticky":false,"template":"","format":"standard","meta":{"footnotes":""},"categories":[1],"tags":[],"class_list":["post-40502","post","type-post","status-publish","format-standard","has-post-thumbnail","hentry","category-flamengo"],"yoast_head":"<!-- This site is optimized with the Yoast SEO Premium plugin v24.2 (Yoast SEO v26.9) - https:\/\/yoast.com\/product\/yoast-seo-premium-wordpress\/ -->\n<title>Flamengo inicia distribui\u00e7\u00e3o de cart\u00e3o alimenta\u00e7\u00e3o e equipamentos de prote\u00e7\u00e3o no Maracan\u00e3<\/title>\n<meta name=\"robots\" content=\"index, follow, max-snippet:-1, max-image-preview:large, max-video-preview:-1\" \/>\n<link rel=\"canonical\" href=\"https:\/\/www.gaveanews.com\/index.php\/2020\/05\/14\/flamengo-inicia-distribuicao-de-cartao-alimentacao-e-equipamentos-de-protecao-no-maracana\/\" \/>\n<meta property=\"og:locale\" content=\"pt_BR\" \/>\n<meta property=\"og:type\" content=\"article\" \/>\n<meta property=\"og:title\" content=\"Flamengo inicia distribui\u00e7\u00e3o de cart\u00e3o alimenta\u00e7\u00e3o e equipamentos de prote\u00e7\u00e3o no Maracan\u00e3\" \/>\n<meta property=\"og:description\" content=\"O Flamengo iniciou nesta quinta-feira a a\u00e7\u00e3o para ajudar os ambulantes do Maracan\u00e3 afetados diretamente pela crise do coronav\u00edrus. Sem jogos no est\u00e1dio, n\u00e3o h\u00e1 como trabalhar e levar renda para casa. Sendo assim, o clube distribuiu cart\u00f5es alimenta\u00e7\u00e3o e equipamentos de prote\u00e7\u00e3o no combate a Covid-19. A distribui\u00e7\u00e3o acontece das 9h \u00e0s 17h e [&hellip;]\" \/>\n<meta property=\"og:url\" content=\"https:\/\/www.gaveanews.com\/index.php\/2020\/05\/14\/flamengo-inicia-distribuicao-de-cartao-alimentacao-e-equipamentos-de-protecao-no-maracana\/\" \/>\n<meta property=\"og:site_name\" content=\"G\u00e1vea News\" \/>\n<meta property=\"article:publisher\" content=\"https:\/\/facebook.com\/gaveaNews\/\" \/>\n<meta property=\"article:published_time\" content=\"2020-05-14T16:51:16+00:00\" \/>\n<meta property=\"article:modified_time\" content=\"2020-05-14T16:51:20+00:00\" \/>\n<meta property=\"og:image\" content=\"https:\/\/www.gaveanews.com\/wp-content\/uploads\/2019\/03\/Escudo-do-Flamengo-e-exposto-proximo-a-um-dos-gols-no-gramado-do-Maracana.webp\" \/>\n\t<meta property=\"og:image:width\" content=\"1\" \/>\n\t<meta property=\"og:image:height\" content=\"1\" \/>\n\t<meta property=\"og:image:type\" content=\"image\/jpeg\" \/>\n<meta name=\"author\" content=\"Equipe G\u00e1vea News\" \/>\n<meta name=\"twitter:card\" content=\"summary_large_image\" \/>\n<meta name=\"twitter:label1\" content=\"Escrito por\" \/>\n\t<meta name=\"twitter:data1\" content=\"Equipe G\u00e1vea News\" \/>\n\t<meta name=\"twitter:label2\" content=\"Est. tempo de leitura\" \/>\n\t<meta name=\"twitter:data2\" content=\"1 minuto\" \/>\n<script type=\"application\/ld+json\" class=\"yoast-schema-graph\">{\"@context\":\"https:\/\/schema.org\",\"@graph\":[{\"@type\":\"NewsArticle\",\"@id\":\"https:\/\/www.gaveanews.com\/index.php\/2020\/05\/14\/flamengo-inicia-distribuicao-de-cartao-alimentacao-e-equipamentos-de-protecao-no-maracana\/#article\",\"isPartOf\":{\"@id\":\"https:\/\/www.gaveanews.com\/index.php\/2020\/05\/14\/flamengo-inicia-distribuicao-de-cartao-alimentacao-e-equipamentos-de-protecao-no-maracana\/\"},\"author\":{\"name\":\"Equipe G\u00e1vea News\",\"@id\":\"https:\/\/www.gaveanews.com\/#\/schema\/person\/2ec14f73fb96be2caf28f91afb14749d\"},\"headline\":\"Flamengo inicia distribui\u00e7\u00e3o de cart\u00e3o alimenta\u00e7\u00e3o e equipamentos de prote\u00e7\u00e3o no Maracan\u00e3\",\"datePublished\":\"2020-05-14T16:51:16+00:00\",\"dateModified\":\"2020-05-14T16:51:20+00:00\",\"mainEntityOfPage\":{\"@id\":\"https:\/\/www.gaveanews.com\/index.php\/2020\/05\/14\/flamengo-inicia-distribuicao-de-cartao-alimentacao-e-equipamentos-de-protecao-no-maracana\/\"},\"wordCount\":215,\"commentCount\":0,\"image\":{\"@id\":\"https:\/\/www.gaveanews.com\/index.php\/2020\/05\/14\/flamengo-inicia-distribuicao-de-cartao-alimentacao-e-equipamentos-de-protecao-no-maracana\/#primaryimage\"},\"thumbnailUrl\":\"https:\/\/www.gaveanews.com\/wp-content\/uploads\/2019\/03\/Escudo-do-Flamengo-e-exposto-proximo-a-um-dos-gols-no-gramado-do-Maracana.webp\",\"articleSection\":[\"Flamengo\"],\"inLanguage\":\"pt-BR\",\"potentialAction\":[{\"@type\":\"CommentAction\",\"name\":\"Comment\",\"target\":[\"https:\/\/www.gaveanews.com\/index.php\/2020\/05\/14\/flamengo-inicia-distribuicao-de-cartao-alimentacao-e-equipamentos-de-protecao-no-maracana\/#respond\"]}],\"copyrightYear\":\"2020\",\"copyrightHolder\":{\"@id\":\"https:\/\/www.gaveanews.com\/#organization\"}},{\"@type\":\"WebPage\",\"@id\":\"https:\/\/www.gaveanews.com\/index.php\/2020\/05\/14\/flamengo-inicia-distribuicao-de-cartao-alimentacao-e-equipamentos-de-protecao-no-maracana\/\",\"url\":\"https:\/\/www.gaveanews.com\/index.php\/2020\/05\/14\/flamengo-inicia-distribuicao-de-cartao-alimentacao-e-equipamentos-de-protecao-no-maracana\/\",\"name\":\"Flamengo inicia distribui\u00e7\u00e3o de cart\u00e3o alimenta\u00e7\u00e3o e equipamentos de prote\u00e7\u00e3o no Maracan\u00e3\",\"isPartOf\":{\"@id\":\"https:\/\/www.gaveanews.com\/#website\"},\"primaryImageOfPage\":{\"@id\":\"https:\/\/www.gaveanews.com\/index.php\/2020\/05\/14\/flamengo-inicia-distribuicao-de-cartao-alimentacao-e-equipamentos-de-protecao-no-maracana\/#primaryimage\"},\"image\":{\"@id\":\"https:\/\/www.gaveanews.com\/index.php\/2020\/05\/14\/flamengo-inicia-distribuicao-de-cartao-alimentacao-e-equipamentos-de-protecao-no-maracana\/#primaryimage\"},\"thumbnailUrl\":\"https:\/\/www.gaveanews.com\/wp-content\/uploads\/2019\/03\/Escudo-do-Flamengo-e-exposto-proximo-a-um-dos-gols-no-gramado-do-Maracana.webp\",\"datePublished\":\"2020-05-14T16:51:16+00:00\",\"dateModified\":\"2020-05-14T16:51:20+00:00\",\"author\":{\"@id\":\"https:\/\/www.gaveanews.com\/#\/schema\/person\/2ec14f73fb96be2caf28f91afb14749d\"},\"breadcrumb\":{\"@id\":\"https:\/\/www.gaveanews.com\/index.php\/2020\/05\/14\/flamengo-inicia-distribuicao-de-cartao-alimentacao-e-equipamentos-de-protecao-no-maracana\/#breadcrumb\"},\"inLanguage\":\"pt-BR\",\"potentialAction\":[{\"@type\":\"ReadAction\",\"target\":[\"https:\/\/www.gaveanews.com\/index.php\/2020\/05\/14\/flamengo-inicia-distribuicao-de-cartao-alimentacao-e-equipamentos-de-protecao-no-maracana\/\"]}]},{\"@type\":\"ImageObject\",\"inLanguage\":\"pt-BR\",\"@id\":\"https:\/\/www.gaveanews.com\/index.php\/2020\/05\/14\/flamengo-inicia-distribuicao-de-cartao-alimentacao-e-equipamentos-de-protecao-no-maracana\/#primaryimage\",\"url\":\"https:\/\/www.gaveanews.com\/wp-content\/uploads\/2019\/03\/Escudo-do-Flamengo-e-exposto-proximo-a-um-dos-gols-no-gramado-do-Maracana.webp\",\"contentUrl\":\"https:\/\/www.gaveanews.com\/wp-content\/uploads\/2019\/03\/Escudo-do-Flamengo-e-exposto-proximo-a-um-dos-gols-no-gramado-do-Maracana.webp\",\"caption\":\"Escudo do Flamengo \u00e9 exposto pr\u00f3ximo a um dos gols, no gramado do Maracan\u00e3 (Foto: Daniel Castelo Branco)\"},{\"@type\":\"BreadcrumbList\",\"@id\":\"https:\/\/www.gaveanews.com\/index.php\/2020\/05\/14\/flamengo-inicia-distribuicao-de-cartao-alimentacao-e-equipamentos-de-protecao-no-maracana\/#breadcrumb\",\"itemListElement\":[{\"@type\":\"ListItem\",\"position\":1,\"name\":\"Home\",\"item\":\"https:\/\/www.gaveanews.com\/\"},{\"@type\":\"ListItem\",\"position\":2,\"name\":\"Flamengo inicia distribui\u00e7\u00e3o de cart\u00e3o alimenta\u00e7\u00e3o e equipamentos de prote\u00e7\u00e3o no Maracan\u00e3\"}]},{\"@type\":\"WebSite\",\"@id\":\"https:\/\/www.gaveanews.com\/#website\",\"url\":\"https:\/\/www.gaveanews.com\/\",\"name\":\"G\u00e1vea News\",\"description\":\"Veja todas as not\u00edcias sobre o Flamengo: Contrata\u00e7\u00f5es, categorias de base, resultados das partidas, tabela de classifica\u00e7\u00e3o, pr\u00f3ximos jogos!\",\"potentialAction\":[{\"@type\":\"SearchAction\",\"target\":{\"@type\":\"EntryPoint\",\"urlTemplate\":\"https:\/\/www.gaveanews.com\/?s={search_term_string}\"},\"query-input\":{\"@type\":\"PropertyValueSpecification\",\"valueRequired\":true,\"valueName\":\"search_term_string\"}}],\"inLanguage\":\"pt-BR\"},{\"@type\":\"Person\",\"@id\":\"https:\/\/www.gaveanews.com\/#\/schema\/person\/2ec14f73fb96be2caf28f91afb14749d\",\"name\":\"Equipe G\u00e1vea News\",\"image\":{\"@type\":\"ImageObject\",\"inLanguage\":\"pt-BR\",\"@id\":\"https:\/\/www.gaveanews.com\/#\/schema\/person\/image\/\",\"url\":\"https:\/\/secure.gravatar.com\/avatar\/1e1956f1facbffd3f8fa53a326721950116b3b9dc9bd44939c01180fd4a745a9?s=96&d=mm&r=g\",\"contentUrl\":\"https:\/\/secure.gravatar.com\/avatar\/1e1956f1facbffd3f8fa53a326721950116b3b9dc9bd44939c01180fd4a745a9?s=96&d=mm&r=g\",\"caption\":\"Equipe G\u00e1vea News\"}}]}<\/script>\n<!-- \/ Yoast SEO Premium plugin. -->","yoast_head_json":{"title":"Flamengo inicia distribui\u00e7\u00e3o de cart\u00e3o alimenta\u00e7\u00e3o e equipamentos de prote\u00e7\u00e3o no Maracan\u00e3","robots":{"index":"index","follow":"follow","max-snippet":"max-snippet:-1","max-image-preview":"max-image-preview:large","max-video-preview":"max-video-preview:-1"},"canonical":"https:\/\/www.gaveanews.com\/index.php\/2020\/05\/14\/flamengo-inicia-distribuicao-de-cartao-alimentacao-e-equipamentos-de-protecao-no-maracana\/","og_locale":"pt_BR","og_type":"article","og_title":"Flamengo inicia distribui\u00e7\u00e3o de cart\u00e3o alimenta\u00e7\u00e3o e equipamentos de prote\u00e7\u00e3o no Maracan\u00e3","og_description":"O Flamengo iniciou nesta quinta-feira a a\u00e7\u00e3o para ajudar os ambulantes do Maracan\u00e3 afetados diretamente pela crise do coronav\u00edrus. Sem jogos no est\u00e1dio, n\u00e3o h\u00e1 como trabalhar e levar renda para casa. Sendo assim, o clube distribuiu cart\u00f5es alimenta\u00e7\u00e3o e equipamentos de prote\u00e7\u00e3o no combate a Covid-19. A distribui\u00e7\u00e3o acontece das 9h \u00e0s 17h e [&hellip;]","og_url":"https:\/\/www.gaveanews.com\/index.php\/2020\/05\/14\/flamengo-inicia-distribuicao-de-cartao-alimentacao-e-equipamentos-de-protecao-no-maracana\/","og_site_name":"G\u00e1vea News","article_publisher":"https:\/\/facebook.com\/gaveaNews\/","article_published_time":"2020-05-14T16:51:16+00:00","article_modified_time":"2020-05-14T16:51:20+00:00","og_image":[{"url":"https:\/\/www.gaveanews.com\/wp-content\/uploads\/2019\/03\/Escudo-do-Flamengo-e-exposto-proximo-a-um-dos-gols-no-gramado-do-Maracana.webp","width":1,"height":1,"type":"image\/jpeg"}],"author":"Equipe G\u00e1vea News","twitter_card":"summary_large_image","twitter_misc":{"Escrito por":"Equipe G\u00e1vea News","Est. tempo de leitura":"1 minuto"},"schema":{"@context":"https:\/\/schema.org","@graph":[{"@type":"NewsArticle","@id":"https:\/\/www.gaveanews.com\/index.php\/2020\/05\/14\/flamengo-inicia-distribuicao-de-cartao-alimentacao-e-equipamentos-de-protecao-no-maracana\/#article","isPartOf":{"@id":"https:\/\/www.gaveanews.com\/index.php\/2020\/05\/14\/flamengo-inicia-distribuicao-de-cartao-alimentacao-e-equipamentos-de-protecao-no-maracana\/"},"author":{"name":"Equipe G\u00e1vea News","@id":"https:\/\/www.gaveanews.com\/#\/schema\/person\/2ec14f73fb96be2caf28f91afb14749d"},"headline":"Flamengo inicia distribui\u00e7\u00e3o de cart\u00e3o alimenta\u00e7\u00e3o e equipamentos de prote\u00e7\u00e3o no Maracan\u00e3","datePublished":"2020-05-14T16:51:16+00:00","dateModified":"2020-05-14T16:51:20+00:00","mainEntityOfPage":{"@id":"https:\/\/www.gaveanews.com\/index.php\/2020\/05\/14\/flamengo-inicia-distribuicao-de-cartao-alimentacao-e-equipamentos-de-protecao-no-maracana\/"},"wordCount":215,"commentCount":0,"image":{"@id":"https:\/\/www.gaveanews.com\/index.php\/2020\/05\/14\/flamengo-inicia-distribuicao-de-cartao-alimentacao-e-equipamentos-de-protecao-no-maracana\/#primaryimage"},"thumbnailUrl":"https:\/\/www.gaveanews.com\/wp-content\/uploads\/2019\/03\/Escudo-do-Flamengo-e-exposto-proximo-a-um-dos-gols-no-gramado-do-Maracana.webp","articleSection":["Flamengo"],"inLanguage":"pt-BR","potentialAction":[{"@type":"CommentAction","name":"Comment","target":["https:\/\/www.gaveanews.com\/index.php\/2020\/05\/14\/flamengo-inicia-distribuicao-de-cartao-alimentacao-e-equipamentos-de-protecao-no-maracana\/#respond"]}],"copyrightYear":"2020","copyrightHolder":{"@id":"https:\/\/www.gaveanews.com\/#organization"}},{"@type":"WebPage","@id":"https:\/\/www.gaveanews.com\/index.php\/2020\/05\/14\/flamengo-inicia-distribuicao-de-cartao-alimentacao-e-equipamentos-de-protecao-no-maracana\/","url":"https:\/\/www.gaveanews.com\/index.php\/2020\/05\/14\/flamengo-inicia-distribuicao-de-cartao-alimentacao-e-equipamentos-de-protecao-no-maracana\/","name":"Flamengo inicia distribui\u00e7\u00e3o de cart\u00e3o alimenta\u00e7\u00e3o e equipamentos de prote\u00e7\u00e3o no Maracan\u00e3","isPartOf":{"@id":"https:\/\/www.gaveanews.com\/#website"},"primaryImageOfPage":{"@id":"https:\/\/www.gaveanews.com\/index.php\/2020\/05\/14\/flamengo-inicia-distribuicao-de-cartao-alimentacao-e-equipamentos-de-protecao-no-maracana\/#primaryimage"},"image":{"@id":"https:\/\/www.gaveanews.com\/index.php\/2020\/05\/14\/flamengo-inicia-distribuicao-de-cartao-alimentacao-e-equipamentos-de-protecao-no-maracana\/#primaryimage"},"thumbnailUrl":"https:\/\/www.gaveanews.com\/wp-content\/uploads\/2019\/03\/Escudo-do-Flamengo-e-exposto-proximo-a-um-dos-gols-no-gramado-do-Maracana.webp","datePublished":"2020-05-14T16:51:16+00:00","dateModified":"2020-05-14T16:51:20+00:00","author":{"@id":"https:\/\/www.gaveanews.com\/#\/schema\/person\/2ec14f73fb96be2caf28f91afb14749d"},"breadcrumb":{"@id":"https:\/\/www.gaveanews.com\/index.php\/2020\/05\/14\/flamengo-inicia-distribuicao-de-cartao-alimentacao-e-equipamentos-de-protecao-no-maracana\/#breadcrumb"},"inLanguage":"pt-BR","potentialAction":[{"@type":"ReadAction","target":["https:\/\/www.gaveanews.com\/index.php\/2020\/05\/14\/flamengo-inicia-distribuicao-de-cartao-alimentacao-e-equipamentos-de-protecao-no-maracana\/"]}]},{"@type":"ImageObject","inLanguage":"pt-BR","@id":"https:\/\/www.gaveanews.com\/index.php\/2020\/05\/14\/flamengo-inicia-distribuicao-de-cartao-alimentacao-e-equipamentos-de-protecao-no-maracana\/#primaryimage","url":"https:\/\/www.gaveanews.com\/wp-content\/uploads\/2019\/03\/Escudo-do-Flamengo-e-exposto-proximo-a-um-dos-gols-no-gramado-do-Maracana.webp","contentUrl":"https:\/\/www.gaveanews.com\/wp-content\/uploads\/2019\/03\/Escudo-do-Flamengo-e-exposto-proximo-a-um-dos-gols-no-gramado-do-Maracana.webp","caption":"Escudo do Flamengo \u00e9 exposto pr\u00f3ximo a um dos gols, no gramado do Maracan\u00e3 (Foto: Daniel Castelo Branco)"},{"@type":"BreadcrumbList","@id":"https:\/\/www.gaveanews.com\/index.php\/2020\/05\/14\/flamengo-inicia-distribuicao-de-cartao-alimentacao-e-equipamentos-de-protecao-no-maracana\/#breadcrumb","itemListElement":[{"@type":"ListItem","position":1,"name":"Home","item":"https:\/\/www.gaveanews.com\/"},{"@type":"ListItem","position":2,"name":"Flamengo inicia distribui\u00e7\u00e3o de cart\u00e3o alimenta\u00e7\u00e3o e equipamentos de prote\u00e7\u00e3o no Maracan\u00e3"}]},{"@type":"WebSite","@id":"https:\/\/www.gaveanews.com\/#website","url":"https:\/\/www.gaveanews.com\/","name":"G\u00e1vea News","description":"Veja todas as not\u00edcias sobre o Flamengo: Contrata\u00e7\u00f5es, categorias de base, resultados das partidas, tabela de classifica\u00e7\u00e3o, pr\u00f3ximos jogos!","potentialAction":[{"@type":"SearchAction","target":{"@type":"EntryPoint","urlTemplate":"https:\/\/www.gaveanews.com\/?s={search_term_string}"},"query-input":{"@type":"PropertyValueSpecification","valueRequired":true,"valueName":"search_term_string"}}],"inLanguage":"pt-BR"},{"@type":"Person","@id":"https:\/\/www.gaveanews.com\/#\/schema\/person\/2ec14f73fb96be2caf28f91afb14749d","name":"Equipe G\u00e1vea News","image":{"@type":"ImageObject","inLanguage":"pt-BR","@id":"https:\/\/www.gaveanews.com\/#\/schema\/person\/image\/","url":"https:\/\/secure.gravatar.com\/avatar\/1e1956f1facbffd3f8fa53a326721950116b3b9dc9bd44939c01180fd4a745a9?s=96&d=mm&r=g","contentUrl":"https:\/\/secure.gravatar.com\/avatar\/1e1956f1facbffd3f8fa53a326721950116b3b9dc9bd44939c01180fd4a745a9?s=96&d=mm&r=g","caption":"Equipe G\u00e1vea News"}}]}},"_links":{"self":[{"href":"https:\/\/www.gaveanews.com\/index.php\/wp-json\/wp\/v2\/posts\/40502","targetHints":{"allow":["GET"]}}],"collection":[{"href":"https:\/\/www.gaveanews.com\/index.php\/wp-json\/wp\/v2\/posts"}],"about":[{"href":"https:\/\/www.gaveanews.com\/index.php\/wp-json\/wp\/v2\/types\/post"}],"author":[{"embeddable":true,"href":"https:\/\/www.gaveanews.com\/index.php\/wp-json\/wp\/v2\/users\/1"}],"replies":[{"embeddable":true,"href":"https:\/\/www.gaveanews.com\/index.php\/wp-json\/wp\/v2\/comments?post=40502"}],"version-history":[{"count":0,"href":"https:\/\/www.gaveanews.com\/index.php\/wp-json\/wp\/v2\/posts\/40502\/revisions"}],"wp:featuredmedia":[{"embeddable":true,"href":"https:\/\/www.gaveanews.com\/index.php\/wp-json\/wp\/v2\/media\/15081"}],"wp:attachment":[{"href":"https:\/\/www.gaveanews.com\/index.php\/wp-json\/wp\/v2\/media?parent=40502"}],"wp:term":[{"taxonomy":"category","embeddable":true,"href":"https:\/\/www.gaveanews.com\/index.php\/wp-json\/wp\/v2\/categories?post=40502"},{"taxonomy":"post_tag","embeddable":true,"href":"https:\/\/www.gaveanews.com\/index.php\/wp-json\/wp\/v2\/tags?post=40502"}],"curies":[{"name":"wp","href":"https:\/\/api.w.org\/{rel}","templated":true}]}}