{"id":40521,"date":"2020-05-14T19:32:03","date_gmt":"2020-05-14T22:32:03","guid":{"rendered":"https:\/\/www.gaveanews.com\/?p=40521"},"modified":"2020-05-14T19:32:05","modified_gmt":"2020-05-14T22:32:05","slug":"meia-do-flamengo-everton-ribeiro-lidera-estatistica-importante-nos-ultimos-anos-veja","status":"publish","type":"post","link":"https:\/\/www.gaveanews.com\/index.php\/2020\/05\/14\/meia-do-flamengo-everton-ribeiro-lidera-estatistica-importante-nos-ultimos-anos-veja\/","title":{"rendered":"Meia do Flamengo, Everton Ribeiro lidera estat\u00edstica importante nos \u00faltimos anos; veja"},"content":{"rendered":"\n<p>Caso a atual pandemia do novo coronav\u00edrus n\u00e3o tivesse paralisado o mundo dos esportes, Everton Ribeiro teria voltado a defender a Sele\u00e7\u00e3o Brasileira, o que simboliza a \u00f3tima fase que o meia vive pelo Flamengo. Nesta semana, por exemplo, o site especializado em estat\u00edsticas SofaScore divulgou um dado curioso relacionado ao camisa 7, rec\u00e9m-convocado por Tite.<\/p>\n\n\n\n<p>De acordo com n\u00fameros levantados, Everton Ribeiro \u00e9 o jogador que mais d\u00e1 passes verticais, na dire\u00e7\u00e3o da meta advers\u00e1ria, desde a temporada 2016 em rela\u00e7\u00e3o ao Campeonato Brasileiro. S\u00e3o 1.417, ao todo, refletindo o seu futebol objetivo e eficiente. <\/p>\n\n\n\n<p>\u2014 Filtramos os n\u00fameros de passes verticais (entre jogadores ofensivos) desde o Brasileir\u00e3o 2016 e o l\u00edder na estat\u00edstica foi o Everton Ribeiro, com com 1.417. Isso quer dizer que ele foi o jogador que mais tocou para frente, na dire\u00e7\u00e3o do gol, nos \u00faltimos anos &#8211; postou o perfil do site, no Twitter.<\/p>\n\n\n\n<p>Contratado por cerca de R$ 22 milh\u00f5es, Everton Ribeiro chegou ao Flamengo em junho de 2017, ap\u00f3s passagem pelo o Al-Ahli, dos Emirados \u00c1rabes Unidos. Desde ent\u00e3o, o capit\u00e3o rubro-negro soma 170 partidas realizadas pelo Fla, com 26 gols, 29 assist\u00eancias e cinco t\u00edtulos: Carioca, Brasileiro, Libertadores, Supercopa do Brasil e Recopa Sul-Americana.<\/p>\n\n\n\n<p>Retirado de: Lance<\/p>\n","protected":false},"excerpt":{"rendered":"<p>Caso a atual pandemia do novo coronav\u00edrus n\u00e3o tivesse paralisado o mundo dos esportes, Everton Ribeiro teria voltado a defender a Sele\u00e7\u00e3o Brasileira, o que simboliza a \u00f3tima fase que o meia vive pelo Flamengo. Nesta semana, por exemplo, o site especializado em estat\u00edsticas SofaScore divulgou um dado curioso relacionado ao camisa 7, rec\u00e9m-convocado por [&hellip;]<\/p>\n","protected":false},"author":1,"featured_media":33759,"comment_status":"open","ping_status":"closed","sticky":false,"template":"","format":"standard","meta":{"footnotes":""},"categories":[1],"tags":[],"class_list":["post-40521","post","type-post","status-publish","format-standard","has-post-thumbnail","hentry","category-flamengo"],"yoast_head":"<!-- This site is optimized with the Yoast SEO Premium plugin v24.2 (Yoast SEO v26.9) - https:\/\/yoast.com\/product\/yoast-seo-premium-wordpress\/ -->\n<title>Meia do Flamengo, Everton Ribeiro lidera estat\u00edstica importante nos \u00faltimos anos; veja<\/title>\n<meta name=\"robots\" content=\"index, follow, max-snippet:-1, max-image-preview:large, max-video-preview:-1\" \/>\n<link rel=\"canonical\" href=\"https:\/\/www.gaveanews.com\/index.php\/2020\/05\/14\/meia-do-flamengo-everton-ribeiro-lidera-estatistica-importante-nos-ultimos-anos-veja\/\" \/>\n<meta property=\"og:locale\" content=\"pt_BR\" \/>\n<meta property=\"og:type\" content=\"article\" \/>\n<meta property=\"og:title\" content=\"Meia do Flamengo, Everton Ribeiro lidera estat\u00edstica importante nos \u00faltimos anos; veja\" \/>\n<meta property=\"og:description\" content=\"Caso a atual pandemia do novo coronav\u00edrus n\u00e3o tivesse paralisado o mundo dos esportes, Everton Ribeiro teria voltado a defender a Sele\u00e7\u00e3o Brasileira, o que simboliza a \u00f3tima fase que o meia vive pelo Flamengo. Nesta semana, por exemplo, o site especializado em estat\u00edsticas SofaScore divulgou um dado curioso relacionado ao camisa 7, rec\u00e9m-convocado por [&hellip;]\" \/>\n<meta property=\"og:url\" content=\"https:\/\/www.gaveanews.com\/index.php\/2020\/05\/14\/meia-do-flamengo-everton-ribeiro-lidera-estatistica-importante-nos-ultimos-anos-veja\/\" \/>\n<meta property=\"og:site_name\" content=\"G\u00e1vea News\" \/>\n<meta property=\"article:publisher\" content=\"https:\/\/facebook.com\/gaveaNews\/\" \/>\n<meta property=\"article:published_time\" content=\"2020-05-14T22:32:03+00:00\" \/>\n<meta property=\"article:modified_time\" content=\"2020-05-14T22:32:05+00:00\" \/>\n<meta property=\"og:image\" content=\"https:\/\/www.gaveanews.com\/wp-content\/uploads\/flamengo-everton-ribeiro-scaled.webp\" \/>\n\t<meta property=\"og:image:width\" content=\"2560\" \/>\n\t<meta property=\"og:image:height\" content=\"1707\" \/>\n\t<meta property=\"og:image:type\" content=\"image\/jpeg\" \/>\n<meta name=\"author\" content=\"Equipe G\u00e1vea News\" \/>\n<meta name=\"twitter:card\" content=\"summary_large_image\" \/>\n<meta name=\"twitter:label1\" content=\"Escrito por\" \/>\n\t<meta name=\"twitter:data1\" content=\"Equipe G\u00e1vea News\" \/>\n\t<meta name=\"twitter:label2\" content=\"Est. tempo de leitura\" \/>\n\t<meta name=\"twitter:data2\" content=\"1 minuto\" \/>\n<script type=\"application\/ld+json\" class=\"yoast-schema-graph\">{\"@context\":\"https:\/\/schema.org\",\"@graph\":[{\"@type\":\"NewsArticle\",\"@id\":\"https:\/\/www.gaveanews.com\/index.php\/2020\/05\/14\/meia-do-flamengo-everton-ribeiro-lidera-estatistica-importante-nos-ultimos-anos-veja\/#article\",\"isPartOf\":{\"@id\":\"https:\/\/www.gaveanews.com\/index.php\/2020\/05\/14\/meia-do-flamengo-everton-ribeiro-lidera-estatistica-importante-nos-ultimos-anos-veja\/\"},\"author\":{\"name\":\"Equipe G\u00e1vea News\",\"@id\":\"https:\/\/www.gaveanews.com\/#\/schema\/person\/2ec14f73fb96be2caf28f91afb14749d\"},\"headline\":\"Meia do Flamengo, Everton Ribeiro lidera estat\u00edstica importante nos \u00faltimos anos; veja\",\"datePublished\":\"2020-05-14T22:32:03+00:00\",\"dateModified\":\"2020-05-14T22:32:05+00:00\",\"mainEntityOfPage\":{\"@id\":\"https:\/\/www.gaveanews.com\/index.php\/2020\/05\/14\/meia-do-flamengo-everton-ribeiro-lidera-estatistica-importante-nos-ultimos-anos-veja\/\"},\"wordCount\":228,\"commentCount\":5,\"image\":{\"@id\":\"https:\/\/www.gaveanews.com\/index.php\/2020\/05\/14\/meia-do-flamengo-everton-ribeiro-lidera-estatistica-importante-nos-ultimos-anos-veja\/#primaryimage\"},\"thumbnailUrl\":\"https:\/\/www.gaveanews.com\/wp-content\/uploads\/flamengo-everton-ribeiro-scaled.webp\",\"articleSection\":[\"Flamengo\"],\"inLanguage\":\"pt-BR\",\"potentialAction\":[{\"@type\":\"CommentAction\",\"name\":\"Comment\",\"target\":[\"https:\/\/www.gaveanews.com\/index.php\/2020\/05\/14\/meia-do-flamengo-everton-ribeiro-lidera-estatistica-importante-nos-ultimos-anos-veja\/#respond\"]}],\"copyrightYear\":\"2020\",\"copyrightHolder\":{\"@id\":\"https:\/\/www.gaveanews.com\/#organization\"}},{\"@type\":\"WebPage\",\"@id\":\"https:\/\/www.gaveanews.com\/index.php\/2020\/05\/14\/meia-do-flamengo-everton-ribeiro-lidera-estatistica-importante-nos-ultimos-anos-veja\/\",\"url\":\"https:\/\/www.gaveanews.com\/index.php\/2020\/05\/14\/meia-do-flamengo-everton-ribeiro-lidera-estatistica-importante-nos-ultimos-anos-veja\/\",\"name\":\"Meia do Flamengo, Everton Ribeiro lidera estat\u00edstica importante nos \u00faltimos anos; veja\",\"isPartOf\":{\"@id\":\"https:\/\/www.gaveanews.com\/#website\"},\"primaryImageOfPage\":{\"@id\":\"https:\/\/www.gaveanews.com\/index.php\/2020\/05\/14\/meia-do-flamengo-everton-ribeiro-lidera-estatistica-importante-nos-ultimos-anos-veja\/#primaryimage\"},\"image\":{\"@id\":\"https:\/\/www.gaveanews.com\/index.php\/2020\/05\/14\/meia-do-flamengo-everton-ribeiro-lidera-estatistica-importante-nos-ultimos-anos-veja\/#primaryimage\"},\"thumbnailUrl\":\"https:\/\/www.gaveanews.com\/wp-content\/uploads\/flamengo-everton-ribeiro-scaled.webp\",\"datePublished\":\"2020-05-14T22:32:03+00:00\",\"dateModified\":\"2020-05-14T22:32:05+00:00\",\"author\":{\"@id\":\"https:\/\/www.gaveanews.com\/#\/schema\/person\/2ec14f73fb96be2caf28f91afb14749d\"},\"breadcrumb\":{\"@id\":\"https:\/\/www.gaveanews.com\/index.php\/2020\/05\/14\/meia-do-flamengo-everton-ribeiro-lidera-estatistica-importante-nos-ultimos-anos-veja\/#breadcrumb\"},\"inLanguage\":\"pt-BR\",\"potentialAction\":[{\"@type\":\"ReadAction\",\"target\":[\"https:\/\/www.gaveanews.com\/index.php\/2020\/05\/14\/meia-do-flamengo-everton-ribeiro-lidera-estatistica-importante-nos-ultimos-anos-veja\/\"]}]},{\"@type\":\"ImageObject\",\"inLanguage\":\"pt-BR\",\"@id\":\"https:\/\/www.gaveanews.com\/index.php\/2020\/05\/14\/meia-do-flamengo-everton-ribeiro-lidera-estatistica-importante-nos-ultimos-anos-veja\/#primaryimage\",\"url\":\"https:\/\/www.gaveanews.com\/wp-content\/uploads\/flamengo-everton-ribeiro-scaled.webp\",\"contentUrl\":\"https:\/\/www.gaveanews.com\/wp-content\/uploads\/flamengo-everton-ribeiro-scaled.webp\",\"width\":2560,\"height\":1707},{\"@type\":\"BreadcrumbList\",\"@id\":\"https:\/\/www.gaveanews.com\/index.php\/2020\/05\/14\/meia-do-flamengo-everton-ribeiro-lidera-estatistica-importante-nos-ultimos-anos-veja\/#breadcrumb\",\"itemListElement\":[{\"@type\":\"ListItem\",\"position\":1,\"name\":\"Home\",\"item\":\"https:\/\/www.gaveanews.com\/\"},{\"@type\":\"ListItem\",\"position\":2,\"name\":\"Meia do Flamengo, Everton Ribeiro lidera estat\u00edstica importante nos \u00faltimos anos; veja\"}]},{\"@type\":\"WebSite\",\"@id\":\"https:\/\/www.gaveanews.com\/#website\",\"url\":\"https:\/\/www.gaveanews.com\/\",\"name\":\"G\u00e1vea News\",\"description\":\"Veja todas as not\u00edcias sobre o Flamengo: Contrata\u00e7\u00f5es, categorias de base, resultados das partidas, tabela de classifica\u00e7\u00e3o, pr\u00f3ximos jogos!\",\"potentialAction\":[{\"@type\":\"SearchAction\",\"target\":{\"@type\":\"EntryPoint\",\"urlTemplate\":\"https:\/\/www.gaveanews.com\/?s={search_term_string}\"},\"query-input\":{\"@type\":\"PropertyValueSpecification\",\"valueRequired\":true,\"valueName\":\"search_term_string\"}}],\"inLanguage\":\"pt-BR\"},{\"@type\":\"Person\",\"@id\":\"https:\/\/www.gaveanews.com\/#\/schema\/person\/2ec14f73fb96be2caf28f91afb14749d\",\"name\":\"Equipe G\u00e1vea News\",\"image\":{\"@type\":\"ImageObject\",\"inLanguage\":\"pt-BR\",\"@id\":\"https:\/\/www.gaveanews.com\/#\/schema\/person\/image\/\",\"url\":\"https:\/\/secure.gravatar.com\/avatar\/1e1956f1facbffd3f8fa53a326721950116b3b9dc9bd44939c01180fd4a745a9?s=96&d=mm&r=g\",\"contentUrl\":\"https:\/\/secure.gravatar.com\/avatar\/1e1956f1facbffd3f8fa53a326721950116b3b9dc9bd44939c01180fd4a745a9?s=96&d=mm&r=g\",\"caption\":\"Equipe G\u00e1vea News\"}}]}<\/script>\n<!-- \/ Yoast SEO Premium plugin. -->","yoast_head_json":{"title":"Meia do Flamengo, Everton Ribeiro lidera estat\u00edstica importante nos \u00faltimos anos; veja","robots":{"index":"index","follow":"follow","max-snippet":"max-snippet:-1","max-image-preview":"max-image-preview:large","max-video-preview":"max-video-preview:-1"},"canonical":"https:\/\/www.gaveanews.com\/index.php\/2020\/05\/14\/meia-do-flamengo-everton-ribeiro-lidera-estatistica-importante-nos-ultimos-anos-veja\/","og_locale":"pt_BR","og_type":"article","og_title":"Meia do Flamengo, Everton Ribeiro lidera estat\u00edstica importante nos \u00faltimos anos; veja","og_description":"Caso a atual pandemia do novo coronav\u00edrus n\u00e3o tivesse paralisado o mundo dos esportes, Everton Ribeiro teria voltado a defender a Sele\u00e7\u00e3o Brasileira, o que simboliza a \u00f3tima fase que o meia vive pelo Flamengo. Nesta semana, por exemplo, o site especializado em estat\u00edsticas SofaScore divulgou um dado curioso relacionado ao camisa 7, rec\u00e9m-convocado por [&hellip;]","og_url":"https:\/\/www.gaveanews.com\/index.php\/2020\/05\/14\/meia-do-flamengo-everton-ribeiro-lidera-estatistica-importante-nos-ultimos-anos-veja\/","og_site_name":"G\u00e1vea News","article_publisher":"https:\/\/facebook.com\/gaveaNews\/","article_published_time":"2020-05-14T22:32:03+00:00","article_modified_time":"2020-05-14T22:32:05+00:00","og_image":[{"width":2560,"height":1707,"url":"https:\/\/www.gaveanews.com\/wp-content\/uploads\/flamengo-everton-ribeiro-scaled.webp","type":"image\/jpeg"}],"author":"Equipe G\u00e1vea News","twitter_card":"summary_large_image","twitter_misc":{"Escrito por":"Equipe G\u00e1vea News","Est. tempo de leitura":"1 minuto"},"schema":{"@context":"https:\/\/schema.org","@graph":[{"@type":"NewsArticle","@id":"https:\/\/www.gaveanews.com\/index.php\/2020\/05\/14\/meia-do-flamengo-everton-ribeiro-lidera-estatistica-importante-nos-ultimos-anos-veja\/#article","isPartOf":{"@id":"https:\/\/www.gaveanews.com\/index.php\/2020\/05\/14\/meia-do-flamengo-everton-ribeiro-lidera-estatistica-importante-nos-ultimos-anos-veja\/"},"author":{"name":"Equipe G\u00e1vea News","@id":"https:\/\/www.gaveanews.com\/#\/schema\/person\/2ec14f73fb96be2caf28f91afb14749d"},"headline":"Meia do Flamengo, Everton Ribeiro lidera estat\u00edstica importante nos \u00faltimos anos; veja","datePublished":"2020-05-14T22:32:03+00:00","dateModified":"2020-05-14T22:32:05+00:00","mainEntityOfPage":{"@id":"https:\/\/www.gaveanews.com\/index.php\/2020\/05\/14\/meia-do-flamengo-everton-ribeiro-lidera-estatistica-importante-nos-ultimos-anos-veja\/"},"wordCount":228,"commentCount":5,"image":{"@id":"https:\/\/www.gaveanews.com\/index.php\/2020\/05\/14\/meia-do-flamengo-everton-ribeiro-lidera-estatistica-importante-nos-ultimos-anos-veja\/#primaryimage"},"thumbnailUrl":"https:\/\/www.gaveanews.com\/wp-content\/uploads\/flamengo-everton-ribeiro-scaled.webp","articleSection":["Flamengo"],"inLanguage":"pt-BR","potentialAction":[{"@type":"CommentAction","name":"Comment","target":["https:\/\/www.gaveanews.com\/index.php\/2020\/05\/14\/meia-do-flamengo-everton-ribeiro-lidera-estatistica-importante-nos-ultimos-anos-veja\/#respond"]}],"copyrightYear":"2020","copyrightHolder":{"@id":"https:\/\/www.gaveanews.com\/#organization"}},{"@type":"WebPage","@id":"https:\/\/www.gaveanews.com\/index.php\/2020\/05\/14\/meia-do-flamengo-everton-ribeiro-lidera-estatistica-importante-nos-ultimos-anos-veja\/","url":"https:\/\/www.gaveanews.com\/index.php\/2020\/05\/14\/meia-do-flamengo-everton-ribeiro-lidera-estatistica-importante-nos-ultimos-anos-veja\/","name":"Meia do Flamengo, Everton Ribeiro lidera estat\u00edstica importante nos \u00faltimos anos; veja","isPartOf":{"@id":"https:\/\/www.gaveanews.com\/#website"},"primaryImageOfPage":{"@id":"https:\/\/www.gaveanews.com\/index.php\/2020\/05\/14\/meia-do-flamengo-everton-ribeiro-lidera-estatistica-importante-nos-ultimos-anos-veja\/#primaryimage"},"image":{"@id":"https:\/\/www.gaveanews.com\/index.php\/2020\/05\/14\/meia-do-flamengo-everton-ribeiro-lidera-estatistica-importante-nos-ultimos-anos-veja\/#primaryimage"},"thumbnailUrl":"https:\/\/www.gaveanews.com\/wp-content\/uploads\/flamengo-everton-ribeiro-scaled.webp","datePublished":"2020-05-14T22:32:03+00:00","dateModified":"2020-05-14T22:32:05+00:00","author":{"@id":"https:\/\/www.gaveanews.com\/#\/schema\/person\/2ec14f73fb96be2caf28f91afb14749d"},"breadcrumb":{"@id":"https:\/\/www.gaveanews.com\/index.php\/2020\/05\/14\/meia-do-flamengo-everton-ribeiro-lidera-estatistica-importante-nos-ultimos-anos-veja\/#breadcrumb"},"inLanguage":"pt-BR","potentialAction":[{"@type":"ReadAction","target":["https:\/\/www.gaveanews.com\/index.php\/2020\/05\/14\/meia-do-flamengo-everton-ribeiro-lidera-estatistica-importante-nos-ultimos-anos-veja\/"]}]},{"@type":"ImageObject","inLanguage":"pt-BR","@id":"https:\/\/www.gaveanews.com\/index.php\/2020\/05\/14\/meia-do-flamengo-everton-ribeiro-lidera-estatistica-importante-nos-ultimos-anos-veja\/#primaryimage","url":"https:\/\/www.gaveanews.com\/wp-content\/uploads\/flamengo-everton-ribeiro-scaled.webp","contentUrl":"https:\/\/www.gaveanews.com\/wp-content\/uploads\/flamengo-everton-ribeiro-scaled.webp","width":2560,"height":1707},{"@type":"BreadcrumbList","@id":"https:\/\/www.gaveanews.com\/index.php\/2020\/05\/14\/meia-do-flamengo-everton-ribeiro-lidera-estatistica-importante-nos-ultimos-anos-veja\/#breadcrumb","itemListElement":[{"@type":"ListItem","position":1,"name":"Home","item":"https:\/\/www.gaveanews.com\/"},{"@type":"ListItem","position":2,"name":"Meia do Flamengo, Everton Ribeiro lidera estat\u00edstica importante nos \u00faltimos anos; veja"}]},{"@type":"WebSite","@id":"https:\/\/www.gaveanews.com\/#website","url":"https:\/\/www.gaveanews.com\/","name":"G\u00e1vea News","description":"Veja todas as not\u00edcias sobre o Flamengo: Contrata\u00e7\u00f5es, categorias de base, resultados das partidas, tabela de classifica\u00e7\u00e3o, pr\u00f3ximos jogos!","potentialAction":[{"@type":"SearchAction","target":{"@type":"EntryPoint","urlTemplate":"https:\/\/www.gaveanews.com\/?s={search_term_string}"},"query-input":{"@type":"PropertyValueSpecification","valueRequired":true,"valueName":"search_term_string"}}],"inLanguage":"pt-BR"},{"@type":"Person","@id":"https:\/\/www.gaveanews.com\/#\/schema\/person\/2ec14f73fb96be2caf28f91afb14749d","name":"Equipe G\u00e1vea News","image":{"@type":"ImageObject","inLanguage":"pt-BR","@id":"https:\/\/www.gaveanews.com\/#\/schema\/person\/image\/","url":"https:\/\/secure.gravatar.com\/avatar\/1e1956f1facbffd3f8fa53a326721950116b3b9dc9bd44939c01180fd4a745a9?s=96&d=mm&r=g","contentUrl":"https:\/\/secure.gravatar.com\/avatar\/1e1956f1facbffd3f8fa53a326721950116b3b9dc9bd44939c01180fd4a745a9?s=96&d=mm&r=g","caption":"Equipe G\u00e1vea News"}}]}},"_links":{"self":[{"href":"https:\/\/www.gaveanews.com\/index.php\/wp-json\/wp\/v2\/posts\/40521","targetHints":{"allow":["GET"]}}],"collection":[{"href":"https:\/\/www.gaveanews.com\/index.php\/wp-json\/wp\/v2\/posts"}],"about":[{"href":"https:\/\/www.gaveanews.com\/index.php\/wp-json\/wp\/v2\/types\/post"}],"author":[{"embeddable":true,"href":"https:\/\/www.gaveanews.com\/index.php\/wp-json\/wp\/v2\/users\/1"}],"replies":[{"embeddable":true,"href":"https:\/\/www.gaveanews.com\/index.php\/wp-json\/wp\/v2\/comments?post=40521"}],"version-history":[{"count":0,"href":"https:\/\/www.gaveanews.com\/index.php\/wp-json\/wp\/v2\/posts\/40521\/revisions"}],"wp:featuredmedia":[{"embeddable":true,"href":"https:\/\/www.gaveanews.com\/index.php\/wp-json\/wp\/v2\/media\/33759"}],"wp:attachment":[{"href":"https:\/\/www.gaveanews.com\/index.php\/wp-json\/wp\/v2\/media?parent=40521"}],"wp:term":[{"taxonomy":"category","embeddable":true,"href":"https:\/\/www.gaveanews.com\/index.php\/wp-json\/wp\/v2\/categories?post=40521"},{"taxonomy":"post_tag","embeddable":true,"href":"https:\/\/www.gaveanews.com\/index.php\/wp-json\/wp\/v2\/tags?post=40521"}],"curies":[{"name":"wp","href":"https:\/\/api.w.org\/{rel}","templated":true}]}}