{"id":40523,"date":"2020-05-14T19:58:21","date_gmt":"2020-05-14T22:58:21","guid":{"rendered":"https:\/\/www.gaveanews.com\/?p=40523"},"modified":"2020-05-14T19:58:23","modified_gmt":"2020-05-14T22:58:23","slug":"lateral-do-flamengo-rafinha-rejeita-dois-clubes-da-europa-para-ficar-no-rubro-negro-carioca","status":"publish","type":"post","link":"https:\/\/www.gaveanews.com\/index.php\/2020\/05\/14\/lateral-do-flamengo-rafinha-rejeita-dois-clubes-da-europa-para-ficar-no-rubro-negro-carioca\/","title":{"rendered":"Lateral do Flamengo, Rafinha rejeita dois clubes da Europa para ficar no rubro-negro carioca"},"content":{"rendered":"\n<p>Ap\u00f3s 14 temporadas na Alemanha, Rafinha voltou ao futebol brasileiro para defender o Flamengo. O lateral foi um dos grandes nomes do Rubro-Negro na \u00faltima temporada, sendo um dos l\u00edderes das conquistas do Campeonato Brasileiro e da Conmebol Libertadores. Al\u00e9m disso, o pr\u00eamio de melhor o lateral-direito do Brasileir\u00e3o credenciou o renomado jogador a ser novamente alvo do continente europeu.<\/p>\n\n\n\n<p>Durante o Fox Sports R\u00e1dio desta quinta-feira (14 de maio), o apresentador Benjamin Back falou sobre as propostas que Rafinha recusou. Benja revelou que conversou com Lincoln, ex-jogador de Coritiba, Palmeiras e Ava\u00ed, e que hoje \u00e9 empres\u00e1rio do lateral. No di\u00e1logo, o agente disse que o jogador de 34 anos est\u00e1 feliz no clube carioca e n\u00e3o deseja sair, apesar das ofertas. <\/p>\n\n\n\n<p>&#8220;Ontem tinha sido veiculado a informa\u00e7\u00e3o que o Rafinha poderia estar indo para o futebol chin\u00eas. Eu fui atr\u00e1s dessas informa\u00e7\u00f5es. Liguei para o Lincoln, que jogou com o Rafinha no Schalke 04, e tamb\u00e9m jogou no Palmeiras. Ele \u00e9 o empres\u00e1rio do Rafinha. Liguei para ele. A resposta dele: <\/p>\n\n\n\n<p>&#8216;N\u00e3o, n\u00e3o est\u00e1. Nem o Rafinha quer ir. H\u00e1 uma cl\u00e1usula no contrato do Rafinha que, se vier uma proposta de fora do Brasil, e o Rafinha quiser ir, ele sai a hora que quiser. O Lincoln explicou que essa cl\u00e1usula foi posta no contrato que, por ele ter jogado muito tempo na Europa, n\u00e3o havia uma certeza de adapta\u00e7\u00e3o dele no Brasil. Ent\u00e3o ficou condicionada essa cl\u00e1usula no contrato e o Flamengo aceitou. Se um clube brasileiro quiser contratar o Rafinha, a multa \u00e9 l\u00e1 em cima, impag\u00e1vel. Ele falou que o Rafinha est\u00e1 feliz no Flamengo, e, como foi o melhor lateral do Campeonato Brasileiro, as sondagens chegam. Inclusive, ele me confidenciou que o Fenerbah\u00e7e fez uma proposta em janeiro e o Rafinha n\u00e3o quis nem conversar&#8221;, come\u00e7ou por afirmar.<\/p>\n\n\n\n<p>No come\u00e7o do ano, o Lincoln j\u00e1 estava conversando com o Marcos Braz e o Bruno Spindel para renova\u00e7\u00e3o contratual. O contrato vence em junho de 2021. A conversa parou desde que iniciou a pandemia. O outro time que queria levar o Rafinha agora foi o Zenit, da R\u00fassia. Porque o auxiliar-t\u00e9cnico de l\u00e1 \u00e9 o Tymoshchuk, que foi companheiro do Rafinha na Alemanha&#8221;, finalizou.<\/p>\n\n\n\n<p>Retirado de: Fox Sportst<\/p>\n","protected":false},"excerpt":{"rendered":"<p>Ap\u00f3s 14 temporadas na Alemanha, Rafinha voltou ao futebol brasileiro para defender o Flamengo. O lateral foi um dos grandes nomes do Rubro-Negro na \u00faltima temporada, sendo um dos l\u00edderes das conquistas do Campeonato Brasileiro e da Conmebol Libertadores. Al\u00e9m disso, o pr\u00eamio de melhor o lateral-direito do Brasileir\u00e3o credenciou o renomado jogador a ser [&hellip;]<\/p>\n","protected":false},"author":1,"featured_media":28893,"comment_status":"open","ping_status":"closed","sticky":false,"template":"","format":"standard","meta":{"footnotes":""},"categories":[1],"tags":[],"class_list":["post-40523","post","type-post","status-publish","format-standard","has-post-thumbnail","hentry","category-flamengo"],"yoast_head":"<!-- This site is optimized with the Yoast SEO Premium plugin v24.2 (Yoast SEO v26.9) - https:\/\/yoast.com\/product\/yoast-seo-premium-wordpress\/ -->\n<title>Lateral do Flamengo, Rafinha rejeita dois clubes da Europa para ficar no rubro-negro carioca<\/title>\n<meta name=\"robots\" content=\"index, follow, max-snippet:-1, max-image-preview:large, max-video-preview:-1\" \/>\n<link rel=\"canonical\" href=\"https:\/\/www.gaveanews.com\/index.php\/2020\/05\/14\/lateral-do-flamengo-rafinha-rejeita-dois-clubes-da-europa-para-ficar-no-rubro-negro-carioca\/\" \/>\n<meta property=\"og:locale\" content=\"pt_BR\" \/>\n<meta property=\"og:type\" content=\"article\" \/>\n<meta property=\"og:title\" content=\"Lateral do Flamengo, Rafinha rejeita dois clubes da Europa para ficar no rubro-negro carioca\" \/>\n<meta property=\"og:description\" content=\"Ap\u00f3s 14 temporadas na Alemanha, Rafinha voltou ao futebol brasileiro para defender o Flamengo. O lateral foi um dos grandes nomes do Rubro-Negro na \u00faltima temporada, sendo um dos l\u00edderes das conquistas do Campeonato Brasileiro e da Conmebol Libertadores. Al\u00e9m disso, o pr\u00eamio de melhor o lateral-direito do Brasileir\u00e3o credenciou o renomado jogador a ser [&hellip;]\" \/>\n<meta property=\"og:url\" content=\"https:\/\/www.gaveanews.com\/index.php\/2020\/05\/14\/lateral-do-flamengo-rafinha-rejeita-dois-clubes-da-europa-para-ficar-no-rubro-negro-carioca\/\" \/>\n<meta property=\"og:site_name\" content=\"G\u00e1vea News\" \/>\n<meta property=\"article:publisher\" content=\"https:\/\/facebook.com\/gaveaNews\/\" \/>\n<meta property=\"article:published_time\" content=\"2020-05-14T22:58:21+00:00\" \/>\n<meta property=\"article:modified_time\" content=\"2020-05-14T22:58:23+00:00\" \/>\n<meta property=\"og:image\" content=\"https:\/\/www.gaveanews.com\/wp-content\/uploads\/Rafinha-durante-uma-partida-do-Flamengo.webp\" \/>\n\t<meta property=\"og:image:width\" content=\"900\" \/>\n\t<meta property=\"og:image:height\" content=\"600\" \/>\n\t<meta property=\"og:image:type\" content=\"image\/jpeg\" \/>\n<meta name=\"author\" content=\"Equipe G\u00e1vea News\" \/>\n<meta name=\"twitter:card\" content=\"summary_large_image\" \/>\n<meta name=\"twitter:label1\" content=\"Escrito por\" \/>\n\t<meta name=\"twitter:data1\" content=\"Equipe G\u00e1vea News\" \/>\n\t<meta name=\"twitter:label2\" content=\"Est. tempo de leitura\" \/>\n\t<meta name=\"twitter:data2\" content=\"2 minutos\" \/>\n<script type=\"application\/ld+json\" class=\"yoast-schema-graph\">{\"@context\":\"https:\/\/schema.org\",\"@graph\":[{\"@type\":\"NewsArticle\",\"@id\":\"https:\/\/www.gaveanews.com\/index.php\/2020\/05\/14\/lateral-do-flamengo-rafinha-rejeita-dois-clubes-da-europa-para-ficar-no-rubro-negro-carioca\/#article\",\"isPartOf\":{\"@id\":\"https:\/\/www.gaveanews.com\/index.php\/2020\/05\/14\/lateral-do-flamengo-rafinha-rejeita-dois-clubes-da-europa-para-ficar-no-rubro-negro-carioca\/\"},\"author\":{\"name\":\"Equipe G\u00e1vea News\",\"@id\":\"https:\/\/www.gaveanews.com\/#\/schema\/person\/2ec14f73fb96be2caf28f91afb14749d\"},\"headline\":\"Lateral do Flamengo, Rafinha rejeita dois clubes da Europa para ficar no rubro-negro carioca\",\"datePublished\":\"2020-05-14T22:58:21+00:00\",\"dateModified\":\"2020-05-14T22:58:23+00:00\",\"mainEntityOfPage\":{\"@id\":\"https:\/\/www.gaveanews.com\/index.php\/2020\/05\/14\/lateral-do-flamengo-rafinha-rejeita-dois-clubes-da-europa-para-ficar-no-rubro-negro-carioca\/\"},\"wordCount\":410,\"commentCount\":3,\"image\":{\"@id\":\"https:\/\/www.gaveanews.com\/index.php\/2020\/05\/14\/lateral-do-flamengo-rafinha-rejeita-dois-clubes-da-europa-para-ficar-no-rubro-negro-carioca\/#primaryimage\"},\"thumbnailUrl\":\"https:\/\/www.gaveanews.com\/wp-content\/uploads\/Rafinha-durante-uma-partida-do-Flamengo.webp\",\"articleSection\":[\"Flamengo\"],\"inLanguage\":\"pt-BR\",\"potentialAction\":[{\"@type\":\"CommentAction\",\"name\":\"Comment\",\"target\":[\"https:\/\/www.gaveanews.com\/index.php\/2020\/05\/14\/lateral-do-flamengo-rafinha-rejeita-dois-clubes-da-europa-para-ficar-no-rubro-negro-carioca\/#respond\"]}],\"copyrightYear\":\"2020\",\"copyrightHolder\":{\"@id\":\"https:\/\/www.gaveanews.com\/#organization\"}},{\"@type\":\"WebPage\",\"@id\":\"https:\/\/www.gaveanews.com\/index.php\/2020\/05\/14\/lateral-do-flamengo-rafinha-rejeita-dois-clubes-da-europa-para-ficar-no-rubro-negro-carioca\/\",\"url\":\"https:\/\/www.gaveanews.com\/index.php\/2020\/05\/14\/lateral-do-flamengo-rafinha-rejeita-dois-clubes-da-europa-para-ficar-no-rubro-negro-carioca\/\",\"name\":\"Lateral do Flamengo, Rafinha rejeita dois clubes da Europa para ficar no rubro-negro carioca\",\"isPartOf\":{\"@id\":\"https:\/\/www.gaveanews.com\/#website\"},\"primaryImageOfPage\":{\"@id\":\"https:\/\/www.gaveanews.com\/index.php\/2020\/05\/14\/lateral-do-flamengo-rafinha-rejeita-dois-clubes-da-europa-para-ficar-no-rubro-negro-carioca\/#primaryimage\"},\"image\":{\"@id\":\"https:\/\/www.gaveanews.com\/index.php\/2020\/05\/14\/lateral-do-flamengo-rafinha-rejeita-dois-clubes-da-europa-para-ficar-no-rubro-negro-carioca\/#primaryimage\"},\"thumbnailUrl\":\"https:\/\/www.gaveanews.com\/wp-content\/uploads\/Rafinha-durante-uma-partida-do-Flamengo.webp\",\"datePublished\":\"2020-05-14T22:58:21+00:00\",\"dateModified\":\"2020-05-14T22:58:23+00:00\",\"author\":{\"@id\":\"https:\/\/www.gaveanews.com\/#\/schema\/person\/2ec14f73fb96be2caf28f91afb14749d\"},\"breadcrumb\":{\"@id\":\"https:\/\/www.gaveanews.com\/index.php\/2020\/05\/14\/lateral-do-flamengo-rafinha-rejeita-dois-clubes-da-europa-para-ficar-no-rubro-negro-carioca\/#breadcrumb\"},\"inLanguage\":\"pt-BR\",\"potentialAction\":[{\"@type\":\"ReadAction\",\"target\":[\"https:\/\/www.gaveanews.com\/index.php\/2020\/05\/14\/lateral-do-flamengo-rafinha-rejeita-dois-clubes-da-europa-para-ficar-no-rubro-negro-carioca\/\"]}]},{\"@type\":\"ImageObject\",\"inLanguage\":\"pt-BR\",\"@id\":\"https:\/\/www.gaveanews.com\/index.php\/2020\/05\/14\/lateral-do-flamengo-rafinha-rejeita-dois-clubes-da-europa-para-ficar-no-rubro-negro-carioca\/#primaryimage\",\"url\":\"https:\/\/www.gaveanews.com\/wp-content\/uploads\/Rafinha-durante-uma-partida-do-Flamengo.webp\",\"contentUrl\":\"https:\/\/www.gaveanews.com\/wp-content\/uploads\/Rafinha-durante-uma-partida-do-Flamengo.webp\",\"width\":900,\"height\":600,\"caption\":\"Rafinha durante uma partida do Flamengo (Foto: Alexandre Vidal\/Flamengo)\"},{\"@type\":\"BreadcrumbList\",\"@id\":\"https:\/\/www.gaveanews.com\/index.php\/2020\/05\/14\/lateral-do-flamengo-rafinha-rejeita-dois-clubes-da-europa-para-ficar-no-rubro-negro-carioca\/#breadcrumb\",\"itemListElement\":[{\"@type\":\"ListItem\",\"position\":1,\"name\":\"Home\",\"item\":\"https:\/\/www.gaveanews.com\/\"},{\"@type\":\"ListItem\",\"position\":2,\"name\":\"Lateral do Flamengo, Rafinha rejeita dois clubes da Europa para ficar no rubro-negro carioca\"}]},{\"@type\":\"WebSite\",\"@id\":\"https:\/\/www.gaveanews.com\/#website\",\"url\":\"https:\/\/www.gaveanews.com\/\",\"name\":\"G\u00e1vea News\",\"description\":\"Veja todas as not\u00edcias sobre o Flamengo: Contrata\u00e7\u00f5es, categorias de base, resultados das partidas, tabela de classifica\u00e7\u00e3o, pr\u00f3ximos jogos!\",\"potentialAction\":[{\"@type\":\"SearchAction\",\"target\":{\"@type\":\"EntryPoint\",\"urlTemplate\":\"https:\/\/www.gaveanews.com\/?s={search_term_string}\"},\"query-input\":{\"@type\":\"PropertyValueSpecification\",\"valueRequired\":true,\"valueName\":\"search_term_string\"}}],\"inLanguage\":\"pt-BR\"},{\"@type\":\"Person\",\"@id\":\"https:\/\/www.gaveanews.com\/#\/schema\/person\/2ec14f73fb96be2caf28f91afb14749d\",\"name\":\"Equipe G\u00e1vea News\",\"image\":{\"@type\":\"ImageObject\",\"inLanguage\":\"pt-BR\",\"@id\":\"https:\/\/www.gaveanews.com\/#\/schema\/person\/image\/\",\"url\":\"https:\/\/secure.gravatar.com\/avatar\/1e1956f1facbffd3f8fa53a326721950116b3b9dc9bd44939c01180fd4a745a9?s=96&d=mm&r=g\",\"contentUrl\":\"https:\/\/secure.gravatar.com\/avatar\/1e1956f1facbffd3f8fa53a326721950116b3b9dc9bd44939c01180fd4a745a9?s=96&d=mm&r=g\",\"caption\":\"Equipe G\u00e1vea News\"}}]}<\/script>\n<!-- \/ Yoast SEO Premium plugin. -->","yoast_head_json":{"title":"Lateral do Flamengo, Rafinha rejeita dois clubes da Europa para ficar no rubro-negro carioca","robots":{"index":"index","follow":"follow","max-snippet":"max-snippet:-1","max-image-preview":"max-image-preview:large","max-video-preview":"max-video-preview:-1"},"canonical":"https:\/\/www.gaveanews.com\/index.php\/2020\/05\/14\/lateral-do-flamengo-rafinha-rejeita-dois-clubes-da-europa-para-ficar-no-rubro-negro-carioca\/","og_locale":"pt_BR","og_type":"article","og_title":"Lateral do Flamengo, Rafinha rejeita dois clubes da Europa para ficar no rubro-negro carioca","og_description":"Ap\u00f3s 14 temporadas na Alemanha, Rafinha voltou ao futebol brasileiro para defender o Flamengo. O lateral foi um dos grandes nomes do Rubro-Negro na \u00faltima temporada, sendo um dos l\u00edderes das conquistas do Campeonato Brasileiro e da Conmebol Libertadores. Al\u00e9m disso, o pr\u00eamio de melhor o lateral-direito do Brasileir\u00e3o credenciou o renomado jogador a ser [&hellip;]","og_url":"https:\/\/www.gaveanews.com\/index.php\/2020\/05\/14\/lateral-do-flamengo-rafinha-rejeita-dois-clubes-da-europa-para-ficar-no-rubro-negro-carioca\/","og_site_name":"G\u00e1vea News","article_publisher":"https:\/\/facebook.com\/gaveaNews\/","article_published_time":"2020-05-14T22:58:21+00:00","article_modified_time":"2020-05-14T22:58:23+00:00","og_image":[{"width":900,"height":600,"url":"https:\/\/www.gaveanews.com\/wp-content\/uploads\/Rafinha-durante-uma-partida-do-Flamengo.webp","type":"image\/jpeg"}],"author":"Equipe G\u00e1vea News","twitter_card":"summary_large_image","twitter_misc":{"Escrito por":"Equipe G\u00e1vea News","Est. tempo de leitura":"2 minutos"},"schema":{"@context":"https:\/\/schema.org","@graph":[{"@type":"NewsArticle","@id":"https:\/\/www.gaveanews.com\/index.php\/2020\/05\/14\/lateral-do-flamengo-rafinha-rejeita-dois-clubes-da-europa-para-ficar-no-rubro-negro-carioca\/#article","isPartOf":{"@id":"https:\/\/www.gaveanews.com\/index.php\/2020\/05\/14\/lateral-do-flamengo-rafinha-rejeita-dois-clubes-da-europa-para-ficar-no-rubro-negro-carioca\/"},"author":{"name":"Equipe G\u00e1vea News","@id":"https:\/\/www.gaveanews.com\/#\/schema\/person\/2ec14f73fb96be2caf28f91afb14749d"},"headline":"Lateral do Flamengo, Rafinha rejeita dois clubes da Europa para ficar no rubro-negro carioca","datePublished":"2020-05-14T22:58:21+00:00","dateModified":"2020-05-14T22:58:23+00:00","mainEntityOfPage":{"@id":"https:\/\/www.gaveanews.com\/index.php\/2020\/05\/14\/lateral-do-flamengo-rafinha-rejeita-dois-clubes-da-europa-para-ficar-no-rubro-negro-carioca\/"},"wordCount":410,"commentCount":3,"image":{"@id":"https:\/\/www.gaveanews.com\/index.php\/2020\/05\/14\/lateral-do-flamengo-rafinha-rejeita-dois-clubes-da-europa-para-ficar-no-rubro-negro-carioca\/#primaryimage"},"thumbnailUrl":"https:\/\/www.gaveanews.com\/wp-content\/uploads\/Rafinha-durante-uma-partida-do-Flamengo.webp","articleSection":["Flamengo"],"inLanguage":"pt-BR","potentialAction":[{"@type":"CommentAction","name":"Comment","target":["https:\/\/www.gaveanews.com\/index.php\/2020\/05\/14\/lateral-do-flamengo-rafinha-rejeita-dois-clubes-da-europa-para-ficar-no-rubro-negro-carioca\/#respond"]}],"copyrightYear":"2020","copyrightHolder":{"@id":"https:\/\/www.gaveanews.com\/#organization"}},{"@type":"WebPage","@id":"https:\/\/www.gaveanews.com\/index.php\/2020\/05\/14\/lateral-do-flamengo-rafinha-rejeita-dois-clubes-da-europa-para-ficar-no-rubro-negro-carioca\/","url":"https:\/\/www.gaveanews.com\/index.php\/2020\/05\/14\/lateral-do-flamengo-rafinha-rejeita-dois-clubes-da-europa-para-ficar-no-rubro-negro-carioca\/","name":"Lateral do Flamengo, Rafinha rejeita dois clubes da Europa para ficar no rubro-negro carioca","isPartOf":{"@id":"https:\/\/www.gaveanews.com\/#website"},"primaryImageOfPage":{"@id":"https:\/\/www.gaveanews.com\/index.php\/2020\/05\/14\/lateral-do-flamengo-rafinha-rejeita-dois-clubes-da-europa-para-ficar-no-rubro-negro-carioca\/#primaryimage"},"image":{"@id":"https:\/\/www.gaveanews.com\/index.php\/2020\/05\/14\/lateral-do-flamengo-rafinha-rejeita-dois-clubes-da-europa-para-ficar-no-rubro-negro-carioca\/#primaryimage"},"thumbnailUrl":"https:\/\/www.gaveanews.com\/wp-content\/uploads\/Rafinha-durante-uma-partida-do-Flamengo.webp","datePublished":"2020-05-14T22:58:21+00:00","dateModified":"2020-05-14T22:58:23+00:00","author":{"@id":"https:\/\/www.gaveanews.com\/#\/schema\/person\/2ec14f73fb96be2caf28f91afb14749d"},"breadcrumb":{"@id":"https:\/\/www.gaveanews.com\/index.php\/2020\/05\/14\/lateral-do-flamengo-rafinha-rejeita-dois-clubes-da-europa-para-ficar-no-rubro-negro-carioca\/#breadcrumb"},"inLanguage":"pt-BR","potentialAction":[{"@type":"ReadAction","target":["https:\/\/www.gaveanews.com\/index.php\/2020\/05\/14\/lateral-do-flamengo-rafinha-rejeita-dois-clubes-da-europa-para-ficar-no-rubro-negro-carioca\/"]}]},{"@type":"ImageObject","inLanguage":"pt-BR","@id":"https:\/\/www.gaveanews.com\/index.php\/2020\/05\/14\/lateral-do-flamengo-rafinha-rejeita-dois-clubes-da-europa-para-ficar-no-rubro-negro-carioca\/#primaryimage","url":"https:\/\/www.gaveanews.com\/wp-content\/uploads\/Rafinha-durante-uma-partida-do-Flamengo.webp","contentUrl":"https:\/\/www.gaveanews.com\/wp-content\/uploads\/Rafinha-durante-uma-partida-do-Flamengo.webp","width":900,"height":600,"caption":"Rafinha durante uma partida do Flamengo (Foto: Alexandre Vidal\/Flamengo)"},{"@type":"BreadcrumbList","@id":"https:\/\/www.gaveanews.com\/index.php\/2020\/05\/14\/lateral-do-flamengo-rafinha-rejeita-dois-clubes-da-europa-para-ficar-no-rubro-negro-carioca\/#breadcrumb","itemListElement":[{"@type":"ListItem","position":1,"name":"Home","item":"https:\/\/www.gaveanews.com\/"},{"@type":"ListItem","position":2,"name":"Lateral do Flamengo, Rafinha rejeita dois clubes da Europa para ficar no rubro-negro carioca"}]},{"@type":"WebSite","@id":"https:\/\/www.gaveanews.com\/#website","url":"https:\/\/www.gaveanews.com\/","name":"G\u00e1vea News","description":"Veja todas as not\u00edcias sobre o Flamengo: Contrata\u00e7\u00f5es, categorias de base, resultados das partidas, tabela de classifica\u00e7\u00e3o, pr\u00f3ximos jogos!","potentialAction":[{"@type":"SearchAction","target":{"@type":"EntryPoint","urlTemplate":"https:\/\/www.gaveanews.com\/?s={search_term_string}"},"query-input":{"@type":"PropertyValueSpecification","valueRequired":true,"valueName":"search_term_string"}}],"inLanguage":"pt-BR"},{"@type":"Person","@id":"https:\/\/www.gaveanews.com\/#\/schema\/person\/2ec14f73fb96be2caf28f91afb14749d","name":"Equipe G\u00e1vea News","image":{"@type":"ImageObject","inLanguage":"pt-BR","@id":"https:\/\/www.gaveanews.com\/#\/schema\/person\/image\/","url":"https:\/\/secure.gravatar.com\/avatar\/1e1956f1facbffd3f8fa53a326721950116b3b9dc9bd44939c01180fd4a745a9?s=96&d=mm&r=g","contentUrl":"https:\/\/secure.gravatar.com\/avatar\/1e1956f1facbffd3f8fa53a326721950116b3b9dc9bd44939c01180fd4a745a9?s=96&d=mm&r=g","caption":"Equipe G\u00e1vea News"}}]}},"_links":{"self":[{"href":"https:\/\/www.gaveanews.com\/index.php\/wp-json\/wp\/v2\/posts\/40523","targetHints":{"allow":["GET"]}}],"collection":[{"href":"https:\/\/www.gaveanews.com\/index.php\/wp-json\/wp\/v2\/posts"}],"about":[{"href":"https:\/\/www.gaveanews.com\/index.php\/wp-json\/wp\/v2\/types\/post"}],"author":[{"embeddable":true,"href":"https:\/\/www.gaveanews.com\/index.php\/wp-json\/wp\/v2\/users\/1"}],"replies":[{"embeddable":true,"href":"https:\/\/www.gaveanews.com\/index.php\/wp-json\/wp\/v2\/comments?post=40523"}],"version-history":[{"count":0,"href":"https:\/\/www.gaveanews.com\/index.php\/wp-json\/wp\/v2\/posts\/40523\/revisions"}],"wp:featuredmedia":[{"embeddable":true,"href":"https:\/\/www.gaveanews.com\/index.php\/wp-json\/wp\/v2\/media\/28893"}],"wp:attachment":[{"href":"https:\/\/www.gaveanews.com\/index.php\/wp-json\/wp\/v2\/media?parent=40523"}],"wp:term":[{"taxonomy":"category","embeddable":true,"href":"https:\/\/www.gaveanews.com\/index.php\/wp-json\/wp\/v2\/categories?post=40523"},{"taxonomy":"post_tag","embeddable":true,"href":"https:\/\/www.gaveanews.com\/index.php\/wp-json\/wp\/v2\/tags?post=40523"}],"curies":[{"name":"wp","href":"https:\/\/api.w.org\/{rel}","templated":true}]}}