{"id":40535,"date":"2020-05-15T13:00:00","date_gmt":"2020-05-15T16:00:00","guid":{"rendered":"https:\/\/www.gaveanews.com\/?p=40535"},"modified":"2020-05-15T12:38:25","modified_gmt":"2020-05-15T15:38:25","slug":"planilha-do-flamengo-revela-reducao-de-premiacao","status":"publish","type":"post","link":"https:\/\/www.gaveanews.com\/index.php\/2020\/05\/15\/planilha-do-flamengo-revela-reducao-de-premiacao\/","title":{"rendered":"Planilha do Flamengo revela redu\u00e7\u00e3o de premia\u00e7\u00e3o"},"content":{"rendered":"\n<p>As conquistas do&nbsp;<strong>Campeonato Brasileiro<\/strong>&nbsp;e da&nbsp;<strong>Libertadores<\/strong>&nbsp;foram muito comemoradas pela torcida do&nbsp;<strong>Flamengo<\/strong>. No entanto, a premia\u00e7\u00e3o provocou uma crise dentro do clube, que estourou pouco antes da final do&nbsp;<strong>Mundial de Clubes<\/strong>.<\/p>\n\n\n\n<p>Os jogadores rubro-negros n\u00e3o gostaram da redu\u00e7\u00e3o da premia\u00e7\u00e3o para os funcion\u00e1rios do departamento de futebol. Apesar de minimizada ainda no Catar, o desgaste causou inc\u00f4modo.<\/p>\n\n\n\n<p>O Flamengo j\u00e1 conquistou tr\u00eas t\u00edtulos em 2020. E nesta quinta-feira, o jornalista Renato Maur\u00edcio Prado revelou o conte\u00fado das planilhas. Massagista do clube, Jorginho, que faleceu m\u00eas passado por conta do coronav\u00edrus, teve sua premia\u00e7\u00e3o reduzida de R$ 43 mil para R$ 8 mil.<\/p>\n\n\n\n<p>No entanto, dirigentes n\u00e3o tiveram seus valores diminu\u00eddos. O diretor executivo Bruno Spindel recebeu R$ 432 mil pelo Brasileiro e R$ 789 mil pela Libertadores. Com os descontos, ficou com R$ 696 mil no total.<\/p>\n\n\n\n<p>No acordo pela premia\u00e7\u00e3o, os jogadores ficaram com 70% do valor destinado para o pagamento. Com os funcion\u00e1rios ficando com os 30% restantes. Os membros da comiss\u00e3o t\u00e9cnica, como o t\u00e9cnico Jorge Jesus, ficaram de fora, pois j\u00e1 tinha um valor espec\u00edfico em contrato para a conquista destes t\u00edtulos.<\/p>\n\n\n\n<p>Os rubro-negros seguem com o intuito de voltarem aos treinos no Ninho do Urubu t\u00e3o logo sejam liberados. O Flamengo assinou o documento emitido pela Ferj, que pede o retorno dos treinos e jogos do Campeonato Carioca.<\/p>\n\n\n\n<p>Retirado de: ESPN<br><\/p>\n","protected":false},"excerpt":{"rendered":"<p>As conquistas do&nbsp;Campeonato Brasileiro&nbsp;e da&nbsp;Libertadores&nbsp;foram muito comemoradas pela torcida do&nbsp;Flamengo. No entanto, a premia\u00e7\u00e3o provocou uma crise dentro do clube, que estourou pouco antes da final do&nbsp;Mundial de Clubes. Os jogadores rubro-negros n\u00e3o gostaram da redu\u00e7\u00e3o da premia\u00e7\u00e3o para os funcion\u00e1rios do departamento de futebol. Apesar de minimizada ainda no Catar, o desgaste causou inc\u00f4modo. [&hellip;]<\/p>\n","protected":false},"author":1,"featured_media":15077,"comment_status":"open","ping_status":"closed","sticky":false,"template":"","format":"standard","meta":{"footnotes":""},"categories":[47],"tags":[],"class_list":["post-40535","post","type-post","status-publish","format-standard","has-post-thumbnail","hentry","category-destaques"],"yoast_head":"<!-- This site is optimized with the Yoast SEO Premium plugin v24.2 (Yoast SEO v26.9) - https:\/\/yoast.com\/product\/yoast-seo-premium-wordpress\/ -->\n<title>Planilha do Flamengo revela redu\u00e7\u00e3o de premia\u00e7\u00e3o<\/title>\n<meta name=\"robots\" content=\"index, follow, max-snippet:-1, max-image-preview:large, max-video-preview:-1\" \/>\n<link rel=\"canonical\" href=\"https:\/\/www.gaveanews.com\/index.php\/2020\/05\/15\/planilha-do-flamengo-revela-reducao-de-premiacao\/\" \/>\n<meta property=\"og:locale\" content=\"pt_BR\" \/>\n<meta property=\"og:type\" content=\"article\" \/>\n<meta property=\"og:title\" content=\"Planilha do Flamengo revela redu\u00e7\u00e3o de premia\u00e7\u00e3o\" \/>\n<meta property=\"og:description\" content=\"As conquistas do&nbsp;Campeonato Brasileiro&nbsp;e da&nbsp;Libertadores&nbsp;foram muito comemoradas pela torcida do&nbsp;Flamengo. No entanto, a premia\u00e7\u00e3o provocou uma crise dentro do clube, que estourou pouco antes da final do&nbsp;Mundial de Clubes. Os jogadores rubro-negros n\u00e3o gostaram da redu\u00e7\u00e3o da premia\u00e7\u00e3o para os funcion\u00e1rios do departamento de futebol. Apesar de minimizada ainda no Catar, o desgaste causou inc\u00f4modo. [&hellip;]\" \/>\n<meta property=\"og:url\" content=\"https:\/\/www.gaveanews.com\/index.php\/2020\/05\/15\/planilha-do-flamengo-revela-reducao-de-premiacao\/\" \/>\n<meta property=\"og:site_name\" content=\"G\u00e1vea News\" \/>\n<meta property=\"article:publisher\" content=\"https:\/\/facebook.com\/gaveaNews\/\" \/>\n<meta property=\"article:published_time\" content=\"2020-05-15T16:00:00+00:00\" \/>\n<meta property=\"og:image\" content=\"https:\/\/www.gaveanews.com\/wp-content\/uploads\/2019\/03\/Rodolfo-Landim-durante-entrevista-coletiva-na-Gavea.webp\" \/>\n\t<meta property=\"og:image:width\" content=\"1\" \/>\n\t<meta property=\"og:image:height\" content=\"1\" \/>\n\t<meta property=\"og:image:type\" content=\"image\/jpeg\" \/>\n<meta name=\"author\" content=\"Equipe G\u00e1vea News\" \/>\n<meta name=\"twitter:card\" content=\"summary_large_image\" \/>\n<meta name=\"twitter:label1\" content=\"Escrito por\" \/>\n\t<meta name=\"twitter:data1\" content=\"Equipe G\u00e1vea News\" \/>\n\t<meta name=\"twitter:label2\" content=\"Est. tempo de leitura\" \/>\n\t<meta name=\"twitter:data2\" content=\"1 minuto\" \/>\n<script type=\"application\/ld+json\" class=\"yoast-schema-graph\">{\"@context\":\"https:\/\/schema.org\",\"@graph\":[{\"@type\":\"NewsArticle\",\"@id\":\"https:\/\/www.gaveanews.com\/index.php\/2020\/05\/15\/planilha-do-flamengo-revela-reducao-de-premiacao\/#article\",\"isPartOf\":{\"@id\":\"https:\/\/www.gaveanews.com\/index.php\/2020\/05\/15\/planilha-do-flamengo-revela-reducao-de-premiacao\/\"},\"author\":{\"name\":\"Equipe G\u00e1vea News\",\"@id\":\"https:\/\/www.gaveanews.com\/#\/schema\/person\/2ec14f73fb96be2caf28f91afb14749d\"},\"headline\":\"Planilha do Flamengo revela redu\u00e7\u00e3o de premia\u00e7\u00e3o\",\"datePublished\":\"2020-05-15T16:00:00+00:00\",\"mainEntityOfPage\":{\"@id\":\"https:\/\/www.gaveanews.com\/index.php\/2020\/05\/15\/planilha-do-flamengo-revela-reducao-de-premiacao\/\"},\"wordCount\":260,\"commentCount\":3,\"image\":{\"@id\":\"https:\/\/www.gaveanews.com\/index.php\/2020\/05\/15\/planilha-do-flamengo-revela-reducao-de-premiacao\/#primaryimage\"},\"thumbnailUrl\":\"https:\/\/www.gaveanews.com\/wp-content\/uploads\/2019\/03\/Rodolfo-Landim-durante-entrevista-coletiva-na-Gavea.webp\",\"articleSection\":[\"Destaques\"],\"inLanguage\":\"pt-BR\",\"potentialAction\":[{\"@type\":\"CommentAction\",\"name\":\"Comment\",\"target\":[\"https:\/\/www.gaveanews.com\/index.php\/2020\/05\/15\/planilha-do-flamengo-revela-reducao-de-premiacao\/#respond\"]}],\"copyrightYear\":\"2020\",\"copyrightHolder\":{\"@id\":\"https:\/\/www.gaveanews.com\/#organization\"}},{\"@type\":\"WebPage\",\"@id\":\"https:\/\/www.gaveanews.com\/index.php\/2020\/05\/15\/planilha-do-flamengo-revela-reducao-de-premiacao\/\",\"url\":\"https:\/\/www.gaveanews.com\/index.php\/2020\/05\/15\/planilha-do-flamengo-revela-reducao-de-premiacao\/\",\"name\":\"Planilha do Flamengo revela redu\u00e7\u00e3o de premia\u00e7\u00e3o\",\"isPartOf\":{\"@id\":\"https:\/\/www.gaveanews.com\/#website\"},\"primaryImageOfPage\":{\"@id\":\"https:\/\/www.gaveanews.com\/index.php\/2020\/05\/15\/planilha-do-flamengo-revela-reducao-de-premiacao\/#primaryimage\"},\"image\":{\"@id\":\"https:\/\/www.gaveanews.com\/index.php\/2020\/05\/15\/planilha-do-flamengo-revela-reducao-de-premiacao\/#primaryimage\"},\"thumbnailUrl\":\"https:\/\/www.gaveanews.com\/wp-content\/uploads\/2019\/03\/Rodolfo-Landim-durante-entrevista-coletiva-na-Gavea.webp\",\"datePublished\":\"2020-05-15T16:00:00+00:00\",\"author\":{\"@id\":\"https:\/\/www.gaveanews.com\/#\/schema\/person\/2ec14f73fb96be2caf28f91afb14749d\"},\"breadcrumb\":{\"@id\":\"https:\/\/www.gaveanews.com\/index.php\/2020\/05\/15\/planilha-do-flamengo-revela-reducao-de-premiacao\/#breadcrumb\"},\"inLanguage\":\"pt-BR\",\"potentialAction\":[{\"@type\":\"ReadAction\",\"target\":[\"https:\/\/www.gaveanews.com\/index.php\/2020\/05\/15\/planilha-do-flamengo-revela-reducao-de-premiacao\/\"]}]},{\"@type\":\"ImageObject\",\"inLanguage\":\"pt-BR\",\"@id\":\"https:\/\/www.gaveanews.com\/index.php\/2020\/05\/15\/planilha-do-flamengo-revela-reducao-de-premiacao\/#primaryimage\",\"url\":\"https:\/\/www.gaveanews.com\/wp-content\/uploads\/2019\/03\/Rodolfo-Landim-durante-entrevista-coletiva-na-Gavea.webp\",\"contentUrl\":\"https:\/\/www.gaveanews.com\/wp-content\/uploads\/2019\/03\/Rodolfo-Landim-durante-entrevista-coletiva-na-Gavea.webp\",\"width\":900,\"height\":599,\"caption\":\"Rodolfo Landim durante entrevista coletiva na G\u00e1vea (Foto: Ag\u00eancia Foto BR)\"},{\"@type\":\"BreadcrumbList\",\"@id\":\"https:\/\/www.gaveanews.com\/index.php\/2020\/05\/15\/planilha-do-flamengo-revela-reducao-de-premiacao\/#breadcrumb\",\"itemListElement\":[{\"@type\":\"ListItem\",\"position\":1,\"name\":\"Home\",\"item\":\"https:\/\/www.gaveanews.com\/\"},{\"@type\":\"ListItem\",\"position\":2,\"name\":\"Planilha do Flamengo revela redu\u00e7\u00e3o de premia\u00e7\u00e3o\"}]},{\"@type\":\"WebSite\",\"@id\":\"https:\/\/www.gaveanews.com\/#website\",\"url\":\"https:\/\/www.gaveanews.com\/\",\"name\":\"G\u00e1vea News\",\"description\":\"Veja todas as not\u00edcias sobre o Flamengo: Contrata\u00e7\u00f5es, categorias de base, resultados das partidas, tabela de classifica\u00e7\u00e3o, pr\u00f3ximos jogos!\",\"potentialAction\":[{\"@type\":\"SearchAction\",\"target\":{\"@type\":\"EntryPoint\",\"urlTemplate\":\"https:\/\/www.gaveanews.com\/?s={search_term_string}\"},\"query-input\":{\"@type\":\"PropertyValueSpecification\",\"valueRequired\":true,\"valueName\":\"search_term_string\"}}],\"inLanguage\":\"pt-BR\"},{\"@type\":\"Person\",\"@id\":\"https:\/\/www.gaveanews.com\/#\/schema\/person\/2ec14f73fb96be2caf28f91afb14749d\",\"name\":\"Equipe G\u00e1vea News\",\"image\":{\"@type\":\"ImageObject\",\"inLanguage\":\"pt-BR\",\"@id\":\"https:\/\/www.gaveanews.com\/#\/schema\/person\/image\/\",\"url\":\"https:\/\/secure.gravatar.com\/avatar\/1e1956f1facbffd3f8fa53a326721950116b3b9dc9bd44939c01180fd4a745a9?s=96&d=mm&r=g\",\"contentUrl\":\"https:\/\/secure.gravatar.com\/avatar\/1e1956f1facbffd3f8fa53a326721950116b3b9dc9bd44939c01180fd4a745a9?s=96&d=mm&r=g\",\"caption\":\"Equipe G\u00e1vea News\"}}]}<\/script>\n<!-- \/ Yoast SEO Premium plugin. -->","yoast_head_json":{"title":"Planilha do Flamengo revela redu\u00e7\u00e3o de premia\u00e7\u00e3o","robots":{"index":"index","follow":"follow","max-snippet":"max-snippet:-1","max-image-preview":"max-image-preview:large","max-video-preview":"max-video-preview:-1"},"canonical":"https:\/\/www.gaveanews.com\/index.php\/2020\/05\/15\/planilha-do-flamengo-revela-reducao-de-premiacao\/","og_locale":"pt_BR","og_type":"article","og_title":"Planilha do Flamengo revela redu\u00e7\u00e3o de premia\u00e7\u00e3o","og_description":"As conquistas do&nbsp;Campeonato Brasileiro&nbsp;e da&nbsp;Libertadores&nbsp;foram muito comemoradas pela torcida do&nbsp;Flamengo. No entanto, a premia\u00e7\u00e3o provocou uma crise dentro do clube, que estourou pouco antes da final do&nbsp;Mundial de Clubes. Os jogadores rubro-negros n\u00e3o gostaram da redu\u00e7\u00e3o da premia\u00e7\u00e3o para os funcion\u00e1rios do departamento de futebol. Apesar de minimizada ainda no Catar, o desgaste causou inc\u00f4modo. [&hellip;]","og_url":"https:\/\/www.gaveanews.com\/index.php\/2020\/05\/15\/planilha-do-flamengo-revela-reducao-de-premiacao\/","og_site_name":"G\u00e1vea News","article_publisher":"https:\/\/facebook.com\/gaveaNews\/","article_published_time":"2020-05-15T16:00:00+00:00","og_image":[{"url":"https:\/\/www.gaveanews.com\/wp-content\/uploads\/2019\/03\/Rodolfo-Landim-durante-entrevista-coletiva-na-Gavea.webp","width":1,"height":1,"type":"image\/jpeg"}],"author":"Equipe G\u00e1vea News","twitter_card":"summary_large_image","twitter_misc":{"Escrito por":"Equipe G\u00e1vea News","Est. tempo de leitura":"1 minuto"},"schema":{"@context":"https:\/\/schema.org","@graph":[{"@type":"NewsArticle","@id":"https:\/\/www.gaveanews.com\/index.php\/2020\/05\/15\/planilha-do-flamengo-revela-reducao-de-premiacao\/#article","isPartOf":{"@id":"https:\/\/www.gaveanews.com\/index.php\/2020\/05\/15\/planilha-do-flamengo-revela-reducao-de-premiacao\/"},"author":{"name":"Equipe G\u00e1vea News","@id":"https:\/\/www.gaveanews.com\/#\/schema\/person\/2ec14f73fb96be2caf28f91afb14749d"},"headline":"Planilha do Flamengo revela redu\u00e7\u00e3o de premia\u00e7\u00e3o","datePublished":"2020-05-15T16:00:00+00:00","mainEntityOfPage":{"@id":"https:\/\/www.gaveanews.com\/index.php\/2020\/05\/15\/planilha-do-flamengo-revela-reducao-de-premiacao\/"},"wordCount":260,"commentCount":3,"image":{"@id":"https:\/\/www.gaveanews.com\/index.php\/2020\/05\/15\/planilha-do-flamengo-revela-reducao-de-premiacao\/#primaryimage"},"thumbnailUrl":"https:\/\/www.gaveanews.com\/wp-content\/uploads\/2019\/03\/Rodolfo-Landim-durante-entrevista-coletiva-na-Gavea.webp","articleSection":["Destaques"],"inLanguage":"pt-BR","potentialAction":[{"@type":"CommentAction","name":"Comment","target":["https:\/\/www.gaveanews.com\/index.php\/2020\/05\/15\/planilha-do-flamengo-revela-reducao-de-premiacao\/#respond"]}],"copyrightYear":"2020","copyrightHolder":{"@id":"https:\/\/www.gaveanews.com\/#organization"}},{"@type":"WebPage","@id":"https:\/\/www.gaveanews.com\/index.php\/2020\/05\/15\/planilha-do-flamengo-revela-reducao-de-premiacao\/","url":"https:\/\/www.gaveanews.com\/index.php\/2020\/05\/15\/planilha-do-flamengo-revela-reducao-de-premiacao\/","name":"Planilha do Flamengo revela redu\u00e7\u00e3o de premia\u00e7\u00e3o","isPartOf":{"@id":"https:\/\/www.gaveanews.com\/#website"},"primaryImageOfPage":{"@id":"https:\/\/www.gaveanews.com\/index.php\/2020\/05\/15\/planilha-do-flamengo-revela-reducao-de-premiacao\/#primaryimage"},"image":{"@id":"https:\/\/www.gaveanews.com\/index.php\/2020\/05\/15\/planilha-do-flamengo-revela-reducao-de-premiacao\/#primaryimage"},"thumbnailUrl":"https:\/\/www.gaveanews.com\/wp-content\/uploads\/2019\/03\/Rodolfo-Landim-durante-entrevista-coletiva-na-Gavea.webp","datePublished":"2020-05-15T16:00:00+00:00","author":{"@id":"https:\/\/www.gaveanews.com\/#\/schema\/person\/2ec14f73fb96be2caf28f91afb14749d"},"breadcrumb":{"@id":"https:\/\/www.gaveanews.com\/index.php\/2020\/05\/15\/planilha-do-flamengo-revela-reducao-de-premiacao\/#breadcrumb"},"inLanguage":"pt-BR","potentialAction":[{"@type":"ReadAction","target":["https:\/\/www.gaveanews.com\/index.php\/2020\/05\/15\/planilha-do-flamengo-revela-reducao-de-premiacao\/"]}]},{"@type":"ImageObject","inLanguage":"pt-BR","@id":"https:\/\/www.gaveanews.com\/index.php\/2020\/05\/15\/planilha-do-flamengo-revela-reducao-de-premiacao\/#primaryimage","url":"https:\/\/www.gaveanews.com\/wp-content\/uploads\/2019\/03\/Rodolfo-Landim-durante-entrevista-coletiva-na-Gavea.webp","contentUrl":"https:\/\/www.gaveanews.com\/wp-content\/uploads\/2019\/03\/Rodolfo-Landim-durante-entrevista-coletiva-na-Gavea.webp","width":900,"height":599,"caption":"Rodolfo Landim durante entrevista coletiva na G\u00e1vea (Foto: Ag\u00eancia Foto BR)"},{"@type":"BreadcrumbList","@id":"https:\/\/www.gaveanews.com\/index.php\/2020\/05\/15\/planilha-do-flamengo-revela-reducao-de-premiacao\/#breadcrumb","itemListElement":[{"@type":"ListItem","position":1,"name":"Home","item":"https:\/\/www.gaveanews.com\/"},{"@type":"ListItem","position":2,"name":"Planilha do Flamengo revela redu\u00e7\u00e3o de premia\u00e7\u00e3o"}]},{"@type":"WebSite","@id":"https:\/\/www.gaveanews.com\/#website","url":"https:\/\/www.gaveanews.com\/","name":"G\u00e1vea News","description":"Veja todas as not\u00edcias sobre o Flamengo: Contrata\u00e7\u00f5es, categorias de base, resultados das partidas, tabela de classifica\u00e7\u00e3o, pr\u00f3ximos jogos!","potentialAction":[{"@type":"SearchAction","target":{"@type":"EntryPoint","urlTemplate":"https:\/\/www.gaveanews.com\/?s={search_term_string}"},"query-input":{"@type":"PropertyValueSpecification","valueRequired":true,"valueName":"search_term_string"}}],"inLanguage":"pt-BR"},{"@type":"Person","@id":"https:\/\/www.gaveanews.com\/#\/schema\/person\/2ec14f73fb96be2caf28f91afb14749d","name":"Equipe G\u00e1vea News","image":{"@type":"ImageObject","inLanguage":"pt-BR","@id":"https:\/\/www.gaveanews.com\/#\/schema\/person\/image\/","url":"https:\/\/secure.gravatar.com\/avatar\/1e1956f1facbffd3f8fa53a326721950116b3b9dc9bd44939c01180fd4a745a9?s=96&d=mm&r=g","contentUrl":"https:\/\/secure.gravatar.com\/avatar\/1e1956f1facbffd3f8fa53a326721950116b3b9dc9bd44939c01180fd4a745a9?s=96&d=mm&r=g","caption":"Equipe G\u00e1vea News"}}]}},"_links":{"self":[{"href":"https:\/\/www.gaveanews.com\/index.php\/wp-json\/wp\/v2\/posts\/40535","targetHints":{"allow":["GET"]}}],"collection":[{"href":"https:\/\/www.gaveanews.com\/index.php\/wp-json\/wp\/v2\/posts"}],"about":[{"href":"https:\/\/www.gaveanews.com\/index.php\/wp-json\/wp\/v2\/types\/post"}],"author":[{"embeddable":true,"href":"https:\/\/www.gaveanews.com\/index.php\/wp-json\/wp\/v2\/users\/1"}],"replies":[{"embeddable":true,"href":"https:\/\/www.gaveanews.com\/index.php\/wp-json\/wp\/v2\/comments?post=40535"}],"version-history":[{"count":0,"href":"https:\/\/www.gaveanews.com\/index.php\/wp-json\/wp\/v2\/posts\/40535\/revisions"}],"wp:featuredmedia":[{"embeddable":true,"href":"https:\/\/www.gaveanews.com\/index.php\/wp-json\/wp\/v2\/media\/15077"}],"wp:attachment":[{"href":"https:\/\/www.gaveanews.com\/index.php\/wp-json\/wp\/v2\/media?parent=40535"}],"wp:term":[{"taxonomy":"category","embeddable":true,"href":"https:\/\/www.gaveanews.com\/index.php\/wp-json\/wp\/v2\/categories?post=40535"},{"taxonomy":"post_tag","embeddable":true,"href":"https:\/\/www.gaveanews.com\/index.php\/wp-json\/wp\/v2\/tags?post=40535"}],"curies":[{"name":"wp","href":"https:\/\/api.w.org\/{rel}","templated":true}]}}