{"id":40795,"date":"2020-05-23T23:52:48","date_gmt":"2020-05-24T02:52:48","guid":{"rendered":"https:\/\/www.gaveanews.com\/?p=40795"},"modified":"2020-05-23T23:52:53","modified_gmt":"2020-05-24T02:52:53","slug":"saiba-quanto-custa-o-aparelho-importado-pelo-flamengo-para-auxiliar-no-combate-a-covid-19","status":"publish","type":"post","link":"https:\/\/www.gaveanews.com\/index.php\/2020\/05\/23\/saiba-quanto-custa-o-aparelho-importado-pelo-flamengo-para-auxiliar-no-combate-a-covid-19\/","title":{"rendered":"Saiba quanto custa o aparelho importado pelo Flamengo para auxiliar no combate \u00e0 Covid-19"},"content":{"rendered":"\n<p>O Flamengo, atrav\u00e9s de seu departamento m\u00e9dico, vem se esfor\u00e7ando ao m\u00e1ximo para tornar o ambiente do Ninho do Urubu seguro aos atletas e profissionais envolvidos no dia a dia do futebol no retorno do elenco aos treinos. Um dos investimentos foi na importa\u00e7\u00e3o do PortCov, sistema de desinfec\u00e7\u00e3o que ser\u00e1 instalado no CT. O aparelho, desenvolvido em Portugal e com quatro vers\u00f5es, custa de R$ 63 mil (modelo basic) a R$ 105 mil (premium).<\/p>\n\n\n\n<p>O aparelho, que mede a temperatura dos colaboradores, desinfeta sapatos, roupas e m\u00e3os, j\u00e1 foi importado e sua chegada ao Ninho \u00e9 aguardada at\u00e9 o in\u00edcio de junho. Contudo, o time profissional j\u00e1 retomou as atividades no CT nesta semana, com o departamento adotando 13 medidas para evitar o cont\u00e1gio do novo coronav\u00edrus entre jogadores e profissionais &#8211; confira aqui.<\/p>\n\n\n\n<p>O modelo mais simples \u00e9 o basic, que disp\u00f5e de &#8220;pulveriza\u00e7\u00e3o por patamares controlada por sensor de altura, desinfec\u00e7\u00e3o de m\u00e3os, tapete desinfectante de cal\u00e7ado, rampa de acessos, dep\u00f3sito de 13 litros e display de 3,5 polegadas&#8221;. Para o plus, h\u00e1 a adi\u00e7\u00e3o de sensor de temperatura &#8211; esta vers\u00e3o custa R$ 70 mil.<\/p>\n\n\n\n<p>O modelo plus+, a custo de R$ 95 mil, oferece c\u00e2mera t\u00e9rmica para controle de temperatura &#8211; no lugar do sensor &#8211; e um display maior, de 7 polegadas.<\/p>\n\n\n\n<p>A vers\u00e3o mais completa do sistema de desinfec\u00e7\u00e3o (premium) ainda conta com acabamento em inox, tapete exterior, e dep\u00f3sito com capacidade de 26 litros.<\/p>\n\n\n\n<p>O aparelho conta com a declara\u00e7\u00e3o de adequa\u00e7\u00e3o ao servi\u00e7o dada pela TUV Rheinland Portugal, reunindo &#8220;de forma satisfat\u00f3ria as prescri\u00e7\u00f5es m\u00ednimas de seguran\u00e7a e de sa\u00fade para a utiliza\u00e7\u00e3o pelos trabalhadores de equipamentos de trabalho&#8221;, estando de acordo com as disposi\u00e7\u00f5es da Diretiva &#8220;Equipamento de Trabalho&#8221; (n.\u00ba 89\/655\/CEE e sua altera\u00e7\u00e3o) e com a legisla\u00e7\u00e3o nacional que a transp\u00f5e.<\/p>\n\n\n\n<p>O portal &#8216;Lance&#8217; entrou em contato com a empresa a fim de ter acesso a outras certifica\u00e7\u00f5es, como a da Anvisa, mas n\u00e3o obteve resposta at\u00e9 a publica\u00e7\u00e3o desta nota, tampouco sobre o resultado de testes de efici\u00eancia do sistema.<\/p>\n\n\n\n<p>Retirado de: Lance<\/p>\n","protected":false},"excerpt":{"rendered":"<p>O Flamengo, atrav\u00e9s de seu departamento m\u00e9dico, vem se esfor\u00e7ando ao m\u00e1ximo para tornar o ambiente do Ninho do Urubu seguro aos atletas e profissionais envolvidos no dia a dia do futebol no retorno do elenco aos treinos. Um dos investimentos foi na importa\u00e7\u00e3o do PortCov, sistema de desinfec\u00e7\u00e3o que ser\u00e1 instalado no CT. O [&hellip;]<\/p>\n","protected":false},"author":1,"featured_media":15081,"comment_status":"open","ping_status":"closed","sticky":false,"template":"","format":"standard","meta":{"footnotes":""},"categories":[1],"tags":[],"class_list":["post-40795","post","type-post","status-publish","format-standard","has-post-thumbnail","hentry","category-flamengo"],"yoast_head":"<!-- This site is optimized with the Yoast SEO Premium plugin v24.2 (Yoast SEO v26.9) - https:\/\/yoast.com\/product\/yoast-seo-premium-wordpress\/ -->\n<title>Saiba quanto custa o aparelho importado pelo Flamengo para auxiliar no combate \u00e0 Covid-19<\/title>\n<meta name=\"robots\" content=\"index, follow, max-snippet:-1, max-image-preview:large, max-video-preview:-1\" \/>\n<link rel=\"canonical\" href=\"https:\/\/www.gaveanews.com\/index.php\/2020\/05\/23\/saiba-quanto-custa-o-aparelho-importado-pelo-flamengo-para-auxiliar-no-combate-a-covid-19\/\" \/>\n<meta property=\"og:locale\" content=\"pt_BR\" \/>\n<meta property=\"og:type\" content=\"article\" \/>\n<meta property=\"og:title\" content=\"Saiba quanto custa o aparelho importado pelo Flamengo para auxiliar no combate \u00e0 Covid-19\" \/>\n<meta property=\"og:description\" content=\"O Flamengo, atrav\u00e9s de seu departamento m\u00e9dico, vem se esfor\u00e7ando ao m\u00e1ximo para tornar o ambiente do Ninho do Urubu seguro aos atletas e profissionais envolvidos no dia a dia do futebol no retorno do elenco aos treinos. Um dos investimentos foi na importa\u00e7\u00e3o do PortCov, sistema de desinfec\u00e7\u00e3o que ser\u00e1 instalado no CT. O [&hellip;]\" \/>\n<meta property=\"og:url\" content=\"https:\/\/www.gaveanews.com\/index.php\/2020\/05\/23\/saiba-quanto-custa-o-aparelho-importado-pelo-flamengo-para-auxiliar-no-combate-a-covid-19\/\" \/>\n<meta property=\"og:site_name\" content=\"G\u00e1vea News\" \/>\n<meta property=\"article:publisher\" content=\"https:\/\/facebook.com\/gaveaNews\/\" \/>\n<meta property=\"article:published_time\" content=\"2020-05-24T02:52:48+00:00\" \/>\n<meta property=\"article:modified_time\" content=\"2020-05-24T02:52:53+00:00\" \/>\n<meta property=\"og:image\" content=\"https:\/\/www.gaveanews.com\/wp-content\/uploads\/2019\/03\/Escudo-do-Flamengo-e-exposto-proximo-a-um-dos-gols-no-gramado-do-Maracana.webp\" \/>\n\t<meta property=\"og:image:width\" content=\"1\" \/>\n\t<meta property=\"og:image:height\" content=\"1\" \/>\n\t<meta property=\"og:image:type\" content=\"image\/jpeg\" \/>\n<meta name=\"author\" content=\"Equipe G\u00e1vea News\" \/>\n<meta name=\"twitter:card\" content=\"summary_large_image\" \/>\n<meta name=\"twitter:label1\" content=\"Escrito por\" \/>\n\t<meta name=\"twitter:data1\" content=\"Equipe G\u00e1vea News\" \/>\n\t<meta name=\"twitter:label2\" content=\"Est. tempo de leitura\" \/>\n\t<meta name=\"twitter:data2\" content=\"2 minutos\" \/>\n<script type=\"application\/ld+json\" class=\"yoast-schema-graph\">{\"@context\":\"https:\/\/schema.org\",\"@graph\":[{\"@type\":\"NewsArticle\",\"@id\":\"https:\/\/www.gaveanews.com\/index.php\/2020\/05\/23\/saiba-quanto-custa-o-aparelho-importado-pelo-flamengo-para-auxiliar-no-combate-a-covid-19\/#article\",\"isPartOf\":{\"@id\":\"https:\/\/www.gaveanews.com\/index.php\/2020\/05\/23\/saiba-quanto-custa-o-aparelho-importado-pelo-flamengo-para-auxiliar-no-combate-a-covid-19\/\"},\"author\":{\"name\":\"Equipe G\u00e1vea News\",\"@id\":\"https:\/\/www.gaveanews.com\/#\/schema\/person\/2ec14f73fb96be2caf28f91afb14749d\"},\"headline\":\"Saiba quanto custa o aparelho importado pelo Flamengo para auxiliar no combate \u00e0 Covid-19\",\"datePublished\":\"2020-05-24T02:52:48+00:00\",\"dateModified\":\"2020-05-24T02:52:53+00:00\",\"mainEntityOfPage\":{\"@id\":\"https:\/\/www.gaveanews.com\/index.php\/2020\/05\/23\/saiba-quanto-custa-o-aparelho-importado-pelo-flamengo-para-auxiliar-no-combate-a-covid-19\/\"},\"wordCount\":388,\"commentCount\":11,\"image\":{\"@id\":\"https:\/\/www.gaveanews.com\/index.php\/2020\/05\/23\/saiba-quanto-custa-o-aparelho-importado-pelo-flamengo-para-auxiliar-no-combate-a-covid-19\/#primaryimage\"},\"thumbnailUrl\":\"https:\/\/www.gaveanews.com\/wp-content\/uploads\/2019\/03\/Escudo-do-Flamengo-e-exposto-proximo-a-um-dos-gols-no-gramado-do-Maracana.webp\",\"articleSection\":[\"Flamengo\"],\"inLanguage\":\"pt-BR\",\"potentialAction\":[{\"@type\":\"CommentAction\",\"name\":\"Comment\",\"target\":[\"https:\/\/www.gaveanews.com\/index.php\/2020\/05\/23\/saiba-quanto-custa-o-aparelho-importado-pelo-flamengo-para-auxiliar-no-combate-a-covid-19\/#respond\"]}],\"copyrightYear\":\"2020\",\"copyrightHolder\":{\"@id\":\"https:\/\/www.gaveanews.com\/#organization\"}},{\"@type\":\"WebPage\",\"@id\":\"https:\/\/www.gaveanews.com\/index.php\/2020\/05\/23\/saiba-quanto-custa-o-aparelho-importado-pelo-flamengo-para-auxiliar-no-combate-a-covid-19\/\",\"url\":\"https:\/\/www.gaveanews.com\/index.php\/2020\/05\/23\/saiba-quanto-custa-o-aparelho-importado-pelo-flamengo-para-auxiliar-no-combate-a-covid-19\/\",\"name\":\"Saiba quanto custa o aparelho importado pelo Flamengo para auxiliar no combate \u00e0 Covid-19\",\"isPartOf\":{\"@id\":\"https:\/\/www.gaveanews.com\/#website\"},\"primaryImageOfPage\":{\"@id\":\"https:\/\/www.gaveanews.com\/index.php\/2020\/05\/23\/saiba-quanto-custa-o-aparelho-importado-pelo-flamengo-para-auxiliar-no-combate-a-covid-19\/#primaryimage\"},\"image\":{\"@id\":\"https:\/\/www.gaveanews.com\/index.php\/2020\/05\/23\/saiba-quanto-custa-o-aparelho-importado-pelo-flamengo-para-auxiliar-no-combate-a-covid-19\/#primaryimage\"},\"thumbnailUrl\":\"https:\/\/www.gaveanews.com\/wp-content\/uploads\/2019\/03\/Escudo-do-Flamengo-e-exposto-proximo-a-um-dos-gols-no-gramado-do-Maracana.webp\",\"datePublished\":\"2020-05-24T02:52:48+00:00\",\"dateModified\":\"2020-05-24T02:52:53+00:00\",\"author\":{\"@id\":\"https:\/\/www.gaveanews.com\/#\/schema\/person\/2ec14f73fb96be2caf28f91afb14749d\"},\"breadcrumb\":{\"@id\":\"https:\/\/www.gaveanews.com\/index.php\/2020\/05\/23\/saiba-quanto-custa-o-aparelho-importado-pelo-flamengo-para-auxiliar-no-combate-a-covid-19\/#breadcrumb\"},\"inLanguage\":\"pt-BR\",\"potentialAction\":[{\"@type\":\"ReadAction\",\"target\":[\"https:\/\/www.gaveanews.com\/index.php\/2020\/05\/23\/saiba-quanto-custa-o-aparelho-importado-pelo-flamengo-para-auxiliar-no-combate-a-covid-19\/\"]}]},{\"@type\":\"ImageObject\",\"inLanguage\":\"pt-BR\",\"@id\":\"https:\/\/www.gaveanews.com\/index.php\/2020\/05\/23\/saiba-quanto-custa-o-aparelho-importado-pelo-flamengo-para-auxiliar-no-combate-a-covid-19\/#primaryimage\",\"url\":\"https:\/\/www.gaveanews.com\/wp-content\/uploads\/2019\/03\/Escudo-do-Flamengo-e-exposto-proximo-a-um-dos-gols-no-gramado-do-Maracana.webp\",\"contentUrl\":\"https:\/\/www.gaveanews.com\/wp-content\/uploads\/2019\/03\/Escudo-do-Flamengo-e-exposto-proximo-a-um-dos-gols-no-gramado-do-Maracana.webp\",\"caption\":\"Escudo do Flamengo \u00e9 exposto pr\u00f3ximo a um dos gols, no gramado do Maracan\u00e3 (Foto: Daniel Castelo Branco)\"},{\"@type\":\"BreadcrumbList\",\"@id\":\"https:\/\/www.gaveanews.com\/index.php\/2020\/05\/23\/saiba-quanto-custa-o-aparelho-importado-pelo-flamengo-para-auxiliar-no-combate-a-covid-19\/#breadcrumb\",\"itemListElement\":[{\"@type\":\"ListItem\",\"position\":1,\"name\":\"Home\",\"item\":\"https:\/\/www.gaveanews.com\/\"},{\"@type\":\"ListItem\",\"position\":2,\"name\":\"Saiba quanto custa o aparelho importado pelo Flamengo para auxiliar no combate \u00e0 Covid-19\"}]},{\"@type\":\"WebSite\",\"@id\":\"https:\/\/www.gaveanews.com\/#website\",\"url\":\"https:\/\/www.gaveanews.com\/\",\"name\":\"G\u00e1vea News\",\"description\":\"Veja todas as not\u00edcias sobre o Flamengo: Contrata\u00e7\u00f5es, categorias de base, resultados das partidas, tabela de classifica\u00e7\u00e3o, pr\u00f3ximos jogos!\",\"potentialAction\":[{\"@type\":\"SearchAction\",\"target\":{\"@type\":\"EntryPoint\",\"urlTemplate\":\"https:\/\/www.gaveanews.com\/?s={search_term_string}\"},\"query-input\":{\"@type\":\"PropertyValueSpecification\",\"valueRequired\":true,\"valueName\":\"search_term_string\"}}],\"inLanguage\":\"pt-BR\"},{\"@type\":\"Person\",\"@id\":\"https:\/\/www.gaveanews.com\/#\/schema\/person\/2ec14f73fb96be2caf28f91afb14749d\",\"name\":\"Equipe G\u00e1vea News\",\"image\":{\"@type\":\"ImageObject\",\"inLanguage\":\"pt-BR\",\"@id\":\"https:\/\/www.gaveanews.com\/#\/schema\/person\/image\/\",\"url\":\"https:\/\/secure.gravatar.com\/avatar\/1e1956f1facbffd3f8fa53a326721950116b3b9dc9bd44939c01180fd4a745a9?s=96&d=mm&r=g\",\"contentUrl\":\"https:\/\/secure.gravatar.com\/avatar\/1e1956f1facbffd3f8fa53a326721950116b3b9dc9bd44939c01180fd4a745a9?s=96&d=mm&r=g\",\"caption\":\"Equipe G\u00e1vea News\"}}]}<\/script>\n<!-- \/ Yoast SEO Premium plugin. -->","yoast_head_json":{"title":"Saiba quanto custa o aparelho importado pelo Flamengo para auxiliar no combate \u00e0 Covid-19","robots":{"index":"index","follow":"follow","max-snippet":"max-snippet:-1","max-image-preview":"max-image-preview:large","max-video-preview":"max-video-preview:-1"},"canonical":"https:\/\/www.gaveanews.com\/index.php\/2020\/05\/23\/saiba-quanto-custa-o-aparelho-importado-pelo-flamengo-para-auxiliar-no-combate-a-covid-19\/","og_locale":"pt_BR","og_type":"article","og_title":"Saiba quanto custa o aparelho importado pelo Flamengo para auxiliar no combate \u00e0 Covid-19","og_description":"O Flamengo, atrav\u00e9s de seu departamento m\u00e9dico, vem se esfor\u00e7ando ao m\u00e1ximo para tornar o ambiente do Ninho do Urubu seguro aos atletas e profissionais envolvidos no dia a dia do futebol no retorno do elenco aos treinos. Um dos investimentos foi na importa\u00e7\u00e3o do PortCov, sistema de desinfec\u00e7\u00e3o que ser\u00e1 instalado no CT. O [&hellip;]","og_url":"https:\/\/www.gaveanews.com\/index.php\/2020\/05\/23\/saiba-quanto-custa-o-aparelho-importado-pelo-flamengo-para-auxiliar-no-combate-a-covid-19\/","og_site_name":"G\u00e1vea News","article_publisher":"https:\/\/facebook.com\/gaveaNews\/","article_published_time":"2020-05-24T02:52:48+00:00","article_modified_time":"2020-05-24T02:52:53+00:00","og_image":[{"url":"https:\/\/www.gaveanews.com\/wp-content\/uploads\/2019\/03\/Escudo-do-Flamengo-e-exposto-proximo-a-um-dos-gols-no-gramado-do-Maracana.webp","width":1,"height":1,"type":"image\/jpeg"}],"author":"Equipe G\u00e1vea News","twitter_card":"summary_large_image","twitter_misc":{"Escrito por":"Equipe G\u00e1vea News","Est. tempo de leitura":"2 minutos"},"schema":{"@context":"https:\/\/schema.org","@graph":[{"@type":"NewsArticle","@id":"https:\/\/www.gaveanews.com\/index.php\/2020\/05\/23\/saiba-quanto-custa-o-aparelho-importado-pelo-flamengo-para-auxiliar-no-combate-a-covid-19\/#article","isPartOf":{"@id":"https:\/\/www.gaveanews.com\/index.php\/2020\/05\/23\/saiba-quanto-custa-o-aparelho-importado-pelo-flamengo-para-auxiliar-no-combate-a-covid-19\/"},"author":{"name":"Equipe G\u00e1vea News","@id":"https:\/\/www.gaveanews.com\/#\/schema\/person\/2ec14f73fb96be2caf28f91afb14749d"},"headline":"Saiba quanto custa o aparelho importado pelo Flamengo para auxiliar no combate \u00e0 Covid-19","datePublished":"2020-05-24T02:52:48+00:00","dateModified":"2020-05-24T02:52:53+00:00","mainEntityOfPage":{"@id":"https:\/\/www.gaveanews.com\/index.php\/2020\/05\/23\/saiba-quanto-custa-o-aparelho-importado-pelo-flamengo-para-auxiliar-no-combate-a-covid-19\/"},"wordCount":388,"commentCount":11,"image":{"@id":"https:\/\/www.gaveanews.com\/index.php\/2020\/05\/23\/saiba-quanto-custa-o-aparelho-importado-pelo-flamengo-para-auxiliar-no-combate-a-covid-19\/#primaryimage"},"thumbnailUrl":"https:\/\/www.gaveanews.com\/wp-content\/uploads\/2019\/03\/Escudo-do-Flamengo-e-exposto-proximo-a-um-dos-gols-no-gramado-do-Maracana.webp","articleSection":["Flamengo"],"inLanguage":"pt-BR","potentialAction":[{"@type":"CommentAction","name":"Comment","target":["https:\/\/www.gaveanews.com\/index.php\/2020\/05\/23\/saiba-quanto-custa-o-aparelho-importado-pelo-flamengo-para-auxiliar-no-combate-a-covid-19\/#respond"]}],"copyrightYear":"2020","copyrightHolder":{"@id":"https:\/\/www.gaveanews.com\/#organization"}},{"@type":"WebPage","@id":"https:\/\/www.gaveanews.com\/index.php\/2020\/05\/23\/saiba-quanto-custa-o-aparelho-importado-pelo-flamengo-para-auxiliar-no-combate-a-covid-19\/","url":"https:\/\/www.gaveanews.com\/index.php\/2020\/05\/23\/saiba-quanto-custa-o-aparelho-importado-pelo-flamengo-para-auxiliar-no-combate-a-covid-19\/","name":"Saiba quanto custa o aparelho importado pelo Flamengo para auxiliar no combate \u00e0 Covid-19","isPartOf":{"@id":"https:\/\/www.gaveanews.com\/#website"},"primaryImageOfPage":{"@id":"https:\/\/www.gaveanews.com\/index.php\/2020\/05\/23\/saiba-quanto-custa-o-aparelho-importado-pelo-flamengo-para-auxiliar-no-combate-a-covid-19\/#primaryimage"},"image":{"@id":"https:\/\/www.gaveanews.com\/index.php\/2020\/05\/23\/saiba-quanto-custa-o-aparelho-importado-pelo-flamengo-para-auxiliar-no-combate-a-covid-19\/#primaryimage"},"thumbnailUrl":"https:\/\/www.gaveanews.com\/wp-content\/uploads\/2019\/03\/Escudo-do-Flamengo-e-exposto-proximo-a-um-dos-gols-no-gramado-do-Maracana.webp","datePublished":"2020-05-24T02:52:48+00:00","dateModified":"2020-05-24T02:52:53+00:00","author":{"@id":"https:\/\/www.gaveanews.com\/#\/schema\/person\/2ec14f73fb96be2caf28f91afb14749d"},"breadcrumb":{"@id":"https:\/\/www.gaveanews.com\/index.php\/2020\/05\/23\/saiba-quanto-custa-o-aparelho-importado-pelo-flamengo-para-auxiliar-no-combate-a-covid-19\/#breadcrumb"},"inLanguage":"pt-BR","potentialAction":[{"@type":"ReadAction","target":["https:\/\/www.gaveanews.com\/index.php\/2020\/05\/23\/saiba-quanto-custa-o-aparelho-importado-pelo-flamengo-para-auxiliar-no-combate-a-covid-19\/"]}]},{"@type":"ImageObject","inLanguage":"pt-BR","@id":"https:\/\/www.gaveanews.com\/index.php\/2020\/05\/23\/saiba-quanto-custa-o-aparelho-importado-pelo-flamengo-para-auxiliar-no-combate-a-covid-19\/#primaryimage","url":"https:\/\/www.gaveanews.com\/wp-content\/uploads\/2019\/03\/Escudo-do-Flamengo-e-exposto-proximo-a-um-dos-gols-no-gramado-do-Maracana.webp","contentUrl":"https:\/\/www.gaveanews.com\/wp-content\/uploads\/2019\/03\/Escudo-do-Flamengo-e-exposto-proximo-a-um-dos-gols-no-gramado-do-Maracana.webp","caption":"Escudo do Flamengo \u00e9 exposto pr\u00f3ximo a um dos gols, no gramado do Maracan\u00e3 (Foto: Daniel Castelo Branco)"},{"@type":"BreadcrumbList","@id":"https:\/\/www.gaveanews.com\/index.php\/2020\/05\/23\/saiba-quanto-custa-o-aparelho-importado-pelo-flamengo-para-auxiliar-no-combate-a-covid-19\/#breadcrumb","itemListElement":[{"@type":"ListItem","position":1,"name":"Home","item":"https:\/\/www.gaveanews.com\/"},{"@type":"ListItem","position":2,"name":"Saiba quanto custa o aparelho importado pelo Flamengo para auxiliar no combate \u00e0 Covid-19"}]},{"@type":"WebSite","@id":"https:\/\/www.gaveanews.com\/#website","url":"https:\/\/www.gaveanews.com\/","name":"G\u00e1vea News","description":"Veja todas as not\u00edcias sobre o Flamengo: Contrata\u00e7\u00f5es, categorias de base, resultados das partidas, tabela de classifica\u00e7\u00e3o, pr\u00f3ximos jogos!","potentialAction":[{"@type":"SearchAction","target":{"@type":"EntryPoint","urlTemplate":"https:\/\/www.gaveanews.com\/?s={search_term_string}"},"query-input":{"@type":"PropertyValueSpecification","valueRequired":true,"valueName":"search_term_string"}}],"inLanguage":"pt-BR"},{"@type":"Person","@id":"https:\/\/www.gaveanews.com\/#\/schema\/person\/2ec14f73fb96be2caf28f91afb14749d","name":"Equipe G\u00e1vea News","image":{"@type":"ImageObject","inLanguage":"pt-BR","@id":"https:\/\/www.gaveanews.com\/#\/schema\/person\/image\/","url":"https:\/\/secure.gravatar.com\/avatar\/1e1956f1facbffd3f8fa53a326721950116b3b9dc9bd44939c01180fd4a745a9?s=96&d=mm&r=g","contentUrl":"https:\/\/secure.gravatar.com\/avatar\/1e1956f1facbffd3f8fa53a326721950116b3b9dc9bd44939c01180fd4a745a9?s=96&d=mm&r=g","caption":"Equipe G\u00e1vea News"}}]}},"_links":{"self":[{"href":"https:\/\/www.gaveanews.com\/index.php\/wp-json\/wp\/v2\/posts\/40795","targetHints":{"allow":["GET"]}}],"collection":[{"href":"https:\/\/www.gaveanews.com\/index.php\/wp-json\/wp\/v2\/posts"}],"about":[{"href":"https:\/\/www.gaveanews.com\/index.php\/wp-json\/wp\/v2\/types\/post"}],"author":[{"embeddable":true,"href":"https:\/\/www.gaveanews.com\/index.php\/wp-json\/wp\/v2\/users\/1"}],"replies":[{"embeddable":true,"href":"https:\/\/www.gaveanews.com\/index.php\/wp-json\/wp\/v2\/comments?post=40795"}],"version-history":[{"count":0,"href":"https:\/\/www.gaveanews.com\/index.php\/wp-json\/wp\/v2\/posts\/40795\/revisions"}],"wp:featuredmedia":[{"embeddable":true,"href":"https:\/\/www.gaveanews.com\/index.php\/wp-json\/wp\/v2\/media\/15081"}],"wp:attachment":[{"href":"https:\/\/www.gaveanews.com\/index.php\/wp-json\/wp\/v2\/media?parent=40795"}],"wp:term":[{"taxonomy":"category","embeddable":true,"href":"https:\/\/www.gaveanews.com\/index.php\/wp-json\/wp\/v2\/categories?post=40795"},{"taxonomy":"post_tag","embeddable":true,"href":"https:\/\/www.gaveanews.com\/index.php\/wp-json\/wp\/v2\/tags?post=40795"}],"curies":[{"name":"wp","href":"https:\/\/api.w.org\/{rel}","templated":true}]}}