{"id":41042,"date":"2020-05-30T15:01:21","date_gmt":"2020-05-30T18:01:21","guid":{"rendered":"https:\/\/www.gaveanews.com\/?p=41042"},"modified":"2020-05-30T16:47:25","modified_gmt":"2020-05-30T19:47:25","slug":"meia-do-flamengo-descumpre-isolamento-e-publica-foto-em-praia-do-rio-de-janeiro","status":"publish","type":"post","link":"https:\/\/www.gaveanews.com\/index.php\/2020\/05\/30\/meia-do-flamengo-descumpre-isolamento-e-publica-foto-em-praia-do-rio-de-janeiro\/","title":{"rendered":"Meia do Flamengo descumpre isolamento e publica foto em praia do Rio de Janeiro"},"content":{"rendered":"\n<p>O meia Diego aproveitou o s\u00e1bado de sol para andar de bicicleta no Rio de Janeiro. Em suas redes sociais, o camisa 10 compartilhou fotos e v\u00eddeos do passeio pela orla da cidade. Um dos capit\u00e3es do Flamengo, ao lado de Diego Alves e Everton Ribeiro, esteve acompanhado da esposa e de um amigo.<\/p>\n\n\n\n<p>O elenco rubro-negro est\u00e1 de folga neste fim de semana, sem atividades programadas no Ninho do Urubu. Adotando medidas e procedimentos de seguran\u00e7a, o departamento de futebol voltou a ocupar o CT no \u00faltimo dia 18, com os atletas, comiss\u00e3o t\u00e9cnica e funcion\u00e1rios sendo testados para Covid-19.<\/p>\n\n\n\n<p>Segundo dados da Secretaria de Sa\u00fade do Rio de Janeiro, o estado alcan\u00e7ou 5.079 mortes desde o in\u00edcio da pandemia causadas pelo novo coronav\u00edrus. No total, foram registrados 47.953 casos de Covid-19 at\u00e9 esta sexta, dia 29.<\/p>\n\n\n\n<p>O Governo e a Prefeitura do Rio recomendam as medidas de isolamento e distanciamento social, al\u00e9m dos cuidados sanit\u00e1rios, como uso de m\u00e1scara.<\/p>\n\n\n\n<h2 class=\"wp-block-heading\"><strong>Veja fotos abaixo:<\/strong><\/h2>\n\n\n\n<figure class=\"wp-block-image size-large\"><img decoding=\"async\" src=\"https:\/\/s2.glbimg.com\/lVCvKyey8lIsSBz3Te8UPRs1ZzM=\/0x105:967x917\/1000x0\/smart\/filters:strip_icc()\/i.s3.glbimg.com\/v1\/AUTH_bc8228b6673f488aa253bbcb03c80ec5\/internal_photos\/bs\/2020\/E\/4\/f4FCW5TOa5NclAcgM2bw\/whatsapp-image-2020-05-30-at-14.29.43.webp\" alt=\"\"\/><\/figure>\n\n\n\n<figure class=\"wp-block-image size-large\"><img decoding=\"async\" src=\"https:\/\/s2.glbimg.com\/d2BNDA5_85VXKPHGlYs1lgG3iB8=\/0x335:591x974\/1000x0\/smart\/filters:strip_icc()\/i.s3.glbimg.com\/v1\/AUTH_bc8228b6673f488aa253bbcb03c80ec5\/internal_photos\/bs\/2020\/W\/W\/ZE5AacRlatWLzrdA0AlA\/whatsapp-image-2020-05-30-at-15.39.08-1-.webp\" alt=\"\"\/><\/figure>\n\n\n\n<figure class=\"wp-block-image size-large\"><img decoding=\"async\" src=\"https:\/\/s2.glbimg.com\/p89lcufwN7Ksfhvr3MtmQJVNyzg=\/0x346:591x1108\/1000x0\/smart\/filters:strip_icc()\/i.s3.glbimg.com\/v1\/AUTH_bc8228b6673f488aa253bbcb03c80ec5\/internal_photos\/bs\/2020\/o\/Q\/RYBXAnRTySVfxhAnrS4A\/whatsapp-image-2020-05-30-at-15.39.08.webp\" alt=\"\"\/><\/figure>\n\n\n\n<p>Retirado de: Lance<\/p>\n","protected":false},"excerpt":{"rendered":"<p>O meia Diego aproveitou o s\u00e1bado de sol para andar de bicicleta no Rio de Janeiro. Em suas redes sociais, o camisa 10 compartilhou fotos e v\u00eddeos do passeio pela orla da cidade. Um dos capit\u00e3es do Flamengo, ao lado de Diego Alves e Everton Ribeiro, esteve acompanhado da esposa e de um amigo. O [&hellip;]<\/p>\n","protected":false},"author":1,"featured_media":28888,"comment_status":"open","ping_status":"closed","sticky":false,"template":"","format":"standard","meta":{"footnotes":""},"categories":[1],"tags":[],"class_list":["post-41042","post","type-post","status-publish","format-standard","has-post-thumbnail","hentry","category-flamengo"],"yoast_head":"<!-- This site is optimized with the Yoast SEO Premium plugin v24.2 (Yoast SEO v26.9) - https:\/\/yoast.com\/product\/yoast-seo-premium-wordpress\/ -->\n<title>Meia do Flamengo descumpre isolamento e publica foto em praia do Rio de Janeiro<\/title>\n<meta name=\"robots\" content=\"index, follow, max-snippet:-1, max-image-preview:large, max-video-preview:-1\" \/>\n<link rel=\"canonical\" href=\"https:\/\/www.gaveanews.com\/index.php\/2020\/05\/30\/meia-do-flamengo-descumpre-isolamento-e-publica-foto-em-praia-do-rio-de-janeiro\/\" \/>\n<meta property=\"og:locale\" content=\"pt_BR\" \/>\n<meta property=\"og:type\" content=\"article\" \/>\n<meta property=\"og:title\" content=\"Meia do Flamengo descumpre isolamento e publica foto em praia do Rio de Janeiro\" \/>\n<meta property=\"og:description\" content=\"O meia Diego aproveitou o s\u00e1bado de sol para andar de bicicleta no Rio de Janeiro. Em suas redes sociais, o camisa 10 compartilhou fotos e v\u00eddeos do passeio pela orla da cidade. Um dos capit\u00e3es do Flamengo, ao lado de Diego Alves e Everton Ribeiro, esteve acompanhado da esposa e de um amigo. O [&hellip;]\" \/>\n<meta property=\"og:url\" content=\"https:\/\/www.gaveanews.com\/index.php\/2020\/05\/30\/meia-do-flamengo-descumpre-isolamento-e-publica-foto-em-praia-do-rio-de-janeiro\/\" \/>\n<meta property=\"og:site_name\" content=\"G\u00e1vea News\" \/>\n<meta property=\"article:publisher\" content=\"https:\/\/facebook.com\/gaveaNews\/\" \/>\n<meta property=\"article:published_time\" content=\"2020-05-30T18:01:21+00:00\" \/>\n<meta property=\"article:modified_time\" content=\"2020-05-30T19:47:25+00:00\" \/>\n<meta property=\"og:image\" content=\"https:\/\/www.gaveanews.com\/wp-content\/uploads\/Diego-Ribas-durante-uma-partida-do-Flamengo.webp\" \/>\n\t<meta property=\"og:image:width\" content=\"900\" \/>\n\t<meta property=\"og:image:height\" content=\"600\" \/>\n\t<meta property=\"og:image:type\" content=\"image\/jpeg\" \/>\n<meta name=\"author\" content=\"Equipe G\u00e1vea News\" \/>\n<meta name=\"twitter:card\" content=\"summary_large_image\" \/>\n<meta name=\"twitter:label1\" content=\"Escrito por\" \/>\n\t<meta name=\"twitter:data1\" content=\"Equipe G\u00e1vea News\" \/>\n\t<meta name=\"twitter:label2\" content=\"Est. tempo de leitura\" \/>\n\t<meta name=\"twitter:data2\" content=\"1 minuto\" \/>\n<script type=\"application\/ld+json\" class=\"yoast-schema-graph\">{\"@context\":\"https:\/\/schema.org\",\"@graph\":[{\"@type\":\"NewsArticle\",\"@id\":\"https:\/\/www.gaveanews.com\/index.php\/2020\/05\/30\/meia-do-flamengo-descumpre-isolamento-e-publica-foto-em-praia-do-rio-de-janeiro\/#article\",\"isPartOf\":{\"@id\":\"https:\/\/www.gaveanews.com\/index.php\/2020\/05\/30\/meia-do-flamengo-descumpre-isolamento-e-publica-foto-em-praia-do-rio-de-janeiro\/\"},\"author\":{\"name\":\"Equipe G\u00e1vea News\",\"@id\":\"https:\/\/www.gaveanews.com\/#\/schema\/person\/2ec14f73fb96be2caf28f91afb14749d\"},\"headline\":\"Meia do Flamengo descumpre isolamento e publica foto em praia do Rio de Janeiro\",\"datePublished\":\"2020-05-30T18:01:21+00:00\",\"dateModified\":\"2020-05-30T19:47:25+00:00\",\"mainEntityOfPage\":{\"@id\":\"https:\/\/www.gaveanews.com\/index.php\/2020\/05\/30\/meia-do-flamengo-descumpre-isolamento-e-publica-foto-em-praia-do-rio-de-janeiro\/\"},\"wordCount\":190,\"commentCount\":65,\"image\":{\"@id\":\"https:\/\/www.gaveanews.com\/index.php\/2020\/05\/30\/meia-do-flamengo-descumpre-isolamento-e-publica-foto-em-praia-do-rio-de-janeiro\/#primaryimage\"},\"thumbnailUrl\":\"https:\/\/www.gaveanews.com\/wp-content\/uploads\/Diego-Ribas-durante-uma-partida-do-Flamengo.webp\",\"articleSection\":[\"Flamengo\"],\"inLanguage\":\"pt-BR\",\"potentialAction\":[{\"@type\":\"CommentAction\",\"name\":\"Comment\",\"target\":[\"https:\/\/www.gaveanews.com\/index.php\/2020\/05\/30\/meia-do-flamengo-descumpre-isolamento-e-publica-foto-em-praia-do-rio-de-janeiro\/#respond\"]}],\"copyrightYear\":\"2020\",\"copyrightHolder\":{\"@id\":\"https:\/\/www.gaveanews.com\/#organization\"}},{\"@type\":\"WebPage\",\"@id\":\"https:\/\/www.gaveanews.com\/index.php\/2020\/05\/30\/meia-do-flamengo-descumpre-isolamento-e-publica-foto-em-praia-do-rio-de-janeiro\/\",\"url\":\"https:\/\/www.gaveanews.com\/index.php\/2020\/05\/30\/meia-do-flamengo-descumpre-isolamento-e-publica-foto-em-praia-do-rio-de-janeiro\/\",\"name\":\"Meia do Flamengo descumpre isolamento e publica foto em praia do Rio de Janeiro\",\"isPartOf\":{\"@id\":\"https:\/\/www.gaveanews.com\/#website\"},\"primaryImageOfPage\":{\"@id\":\"https:\/\/www.gaveanews.com\/index.php\/2020\/05\/30\/meia-do-flamengo-descumpre-isolamento-e-publica-foto-em-praia-do-rio-de-janeiro\/#primaryimage\"},\"image\":{\"@id\":\"https:\/\/www.gaveanews.com\/index.php\/2020\/05\/30\/meia-do-flamengo-descumpre-isolamento-e-publica-foto-em-praia-do-rio-de-janeiro\/#primaryimage\"},\"thumbnailUrl\":\"https:\/\/www.gaveanews.com\/wp-content\/uploads\/Diego-Ribas-durante-uma-partida-do-Flamengo.webp\",\"datePublished\":\"2020-05-30T18:01:21+00:00\",\"dateModified\":\"2020-05-30T19:47:25+00:00\",\"author\":{\"@id\":\"https:\/\/www.gaveanews.com\/#\/schema\/person\/2ec14f73fb96be2caf28f91afb14749d\"},\"breadcrumb\":{\"@id\":\"https:\/\/www.gaveanews.com\/index.php\/2020\/05\/30\/meia-do-flamengo-descumpre-isolamento-e-publica-foto-em-praia-do-rio-de-janeiro\/#breadcrumb\"},\"inLanguage\":\"pt-BR\",\"potentialAction\":[{\"@type\":\"ReadAction\",\"target\":[\"https:\/\/www.gaveanews.com\/index.php\/2020\/05\/30\/meia-do-flamengo-descumpre-isolamento-e-publica-foto-em-praia-do-rio-de-janeiro\/\"]}]},{\"@type\":\"ImageObject\",\"inLanguage\":\"pt-BR\",\"@id\":\"https:\/\/www.gaveanews.com\/index.php\/2020\/05\/30\/meia-do-flamengo-descumpre-isolamento-e-publica-foto-em-praia-do-rio-de-janeiro\/#primaryimage\",\"url\":\"https:\/\/www.gaveanews.com\/wp-content\/uploads\/Diego-Ribas-durante-uma-partida-do-Flamengo.webp\",\"contentUrl\":\"https:\/\/www.gaveanews.com\/wp-content\/uploads\/Diego-Ribas-durante-uma-partida-do-Flamengo.webp\",\"width\":900,\"height\":600,\"caption\":\"Diego Ribas durante uma partida do Flamengo (Foto: Alexandre Vidal\/Flamengo)\"},{\"@type\":\"BreadcrumbList\",\"@id\":\"https:\/\/www.gaveanews.com\/index.php\/2020\/05\/30\/meia-do-flamengo-descumpre-isolamento-e-publica-foto-em-praia-do-rio-de-janeiro\/#breadcrumb\",\"itemListElement\":[{\"@type\":\"ListItem\",\"position\":1,\"name\":\"Home\",\"item\":\"https:\/\/www.gaveanews.com\/\"},{\"@type\":\"ListItem\",\"position\":2,\"name\":\"Meia do Flamengo descumpre isolamento e publica foto em praia do Rio de Janeiro\"}]},{\"@type\":\"WebSite\",\"@id\":\"https:\/\/www.gaveanews.com\/#website\",\"url\":\"https:\/\/www.gaveanews.com\/\",\"name\":\"G\u00e1vea News\",\"description\":\"Veja todas as not\u00edcias sobre o Flamengo: Contrata\u00e7\u00f5es, categorias de base, resultados das partidas, tabela de classifica\u00e7\u00e3o, pr\u00f3ximos jogos!\",\"potentialAction\":[{\"@type\":\"SearchAction\",\"target\":{\"@type\":\"EntryPoint\",\"urlTemplate\":\"https:\/\/www.gaveanews.com\/?s={search_term_string}\"},\"query-input\":{\"@type\":\"PropertyValueSpecification\",\"valueRequired\":true,\"valueName\":\"search_term_string\"}}],\"inLanguage\":\"pt-BR\"},{\"@type\":\"Person\",\"@id\":\"https:\/\/www.gaveanews.com\/#\/schema\/person\/2ec14f73fb96be2caf28f91afb14749d\",\"name\":\"Equipe G\u00e1vea News\",\"image\":{\"@type\":\"ImageObject\",\"inLanguage\":\"pt-BR\",\"@id\":\"https:\/\/www.gaveanews.com\/#\/schema\/person\/image\/\",\"url\":\"https:\/\/secure.gravatar.com\/avatar\/1e1956f1facbffd3f8fa53a326721950116b3b9dc9bd44939c01180fd4a745a9?s=96&d=mm&r=g\",\"contentUrl\":\"https:\/\/secure.gravatar.com\/avatar\/1e1956f1facbffd3f8fa53a326721950116b3b9dc9bd44939c01180fd4a745a9?s=96&d=mm&r=g\",\"caption\":\"Equipe G\u00e1vea News\"}}]}<\/script>\n<!-- \/ Yoast SEO Premium plugin. -->","yoast_head_json":{"title":"Meia do Flamengo descumpre isolamento e publica foto em praia do Rio de Janeiro","robots":{"index":"index","follow":"follow","max-snippet":"max-snippet:-1","max-image-preview":"max-image-preview:large","max-video-preview":"max-video-preview:-1"},"canonical":"https:\/\/www.gaveanews.com\/index.php\/2020\/05\/30\/meia-do-flamengo-descumpre-isolamento-e-publica-foto-em-praia-do-rio-de-janeiro\/","og_locale":"pt_BR","og_type":"article","og_title":"Meia do Flamengo descumpre isolamento e publica foto em praia do Rio de Janeiro","og_description":"O meia Diego aproveitou o s\u00e1bado de sol para andar de bicicleta no Rio de Janeiro. Em suas redes sociais, o camisa 10 compartilhou fotos e v\u00eddeos do passeio pela orla da cidade. Um dos capit\u00e3es do Flamengo, ao lado de Diego Alves e Everton Ribeiro, esteve acompanhado da esposa e de um amigo. O [&hellip;]","og_url":"https:\/\/www.gaveanews.com\/index.php\/2020\/05\/30\/meia-do-flamengo-descumpre-isolamento-e-publica-foto-em-praia-do-rio-de-janeiro\/","og_site_name":"G\u00e1vea News","article_publisher":"https:\/\/facebook.com\/gaveaNews\/","article_published_time":"2020-05-30T18:01:21+00:00","article_modified_time":"2020-05-30T19:47:25+00:00","og_image":[{"width":900,"height":600,"url":"https:\/\/www.gaveanews.com\/wp-content\/uploads\/Diego-Ribas-durante-uma-partida-do-Flamengo.webp","type":"image\/jpeg"}],"author":"Equipe G\u00e1vea News","twitter_card":"summary_large_image","twitter_misc":{"Escrito por":"Equipe G\u00e1vea News","Est. tempo de leitura":"1 minuto"},"schema":{"@context":"https:\/\/schema.org","@graph":[{"@type":"NewsArticle","@id":"https:\/\/www.gaveanews.com\/index.php\/2020\/05\/30\/meia-do-flamengo-descumpre-isolamento-e-publica-foto-em-praia-do-rio-de-janeiro\/#article","isPartOf":{"@id":"https:\/\/www.gaveanews.com\/index.php\/2020\/05\/30\/meia-do-flamengo-descumpre-isolamento-e-publica-foto-em-praia-do-rio-de-janeiro\/"},"author":{"name":"Equipe G\u00e1vea News","@id":"https:\/\/www.gaveanews.com\/#\/schema\/person\/2ec14f73fb96be2caf28f91afb14749d"},"headline":"Meia do Flamengo descumpre isolamento e publica foto em praia do Rio de Janeiro","datePublished":"2020-05-30T18:01:21+00:00","dateModified":"2020-05-30T19:47:25+00:00","mainEntityOfPage":{"@id":"https:\/\/www.gaveanews.com\/index.php\/2020\/05\/30\/meia-do-flamengo-descumpre-isolamento-e-publica-foto-em-praia-do-rio-de-janeiro\/"},"wordCount":190,"commentCount":65,"image":{"@id":"https:\/\/www.gaveanews.com\/index.php\/2020\/05\/30\/meia-do-flamengo-descumpre-isolamento-e-publica-foto-em-praia-do-rio-de-janeiro\/#primaryimage"},"thumbnailUrl":"https:\/\/www.gaveanews.com\/wp-content\/uploads\/Diego-Ribas-durante-uma-partida-do-Flamengo.webp","articleSection":["Flamengo"],"inLanguage":"pt-BR","potentialAction":[{"@type":"CommentAction","name":"Comment","target":["https:\/\/www.gaveanews.com\/index.php\/2020\/05\/30\/meia-do-flamengo-descumpre-isolamento-e-publica-foto-em-praia-do-rio-de-janeiro\/#respond"]}],"copyrightYear":"2020","copyrightHolder":{"@id":"https:\/\/www.gaveanews.com\/#organization"}},{"@type":"WebPage","@id":"https:\/\/www.gaveanews.com\/index.php\/2020\/05\/30\/meia-do-flamengo-descumpre-isolamento-e-publica-foto-em-praia-do-rio-de-janeiro\/","url":"https:\/\/www.gaveanews.com\/index.php\/2020\/05\/30\/meia-do-flamengo-descumpre-isolamento-e-publica-foto-em-praia-do-rio-de-janeiro\/","name":"Meia do Flamengo descumpre isolamento e publica foto em praia do Rio de Janeiro","isPartOf":{"@id":"https:\/\/www.gaveanews.com\/#website"},"primaryImageOfPage":{"@id":"https:\/\/www.gaveanews.com\/index.php\/2020\/05\/30\/meia-do-flamengo-descumpre-isolamento-e-publica-foto-em-praia-do-rio-de-janeiro\/#primaryimage"},"image":{"@id":"https:\/\/www.gaveanews.com\/index.php\/2020\/05\/30\/meia-do-flamengo-descumpre-isolamento-e-publica-foto-em-praia-do-rio-de-janeiro\/#primaryimage"},"thumbnailUrl":"https:\/\/www.gaveanews.com\/wp-content\/uploads\/Diego-Ribas-durante-uma-partida-do-Flamengo.webp","datePublished":"2020-05-30T18:01:21+00:00","dateModified":"2020-05-30T19:47:25+00:00","author":{"@id":"https:\/\/www.gaveanews.com\/#\/schema\/person\/2ec14f73fb96be2caf28f91afb14749d"},"breadcrumb":{"@id":"https:\/\/www.gaveanews.com\/index.php\/2020\/05\/30\/meia-do-flamengo-descumpre-isolamento-e-publica-foto-em-praia-do-rio-de-janeiro\/#breadcrumb"},"inLanguage":"pt-BR","potentialAction":[{"@type":"ReadAction","target":["https:\/\/www.gaveanews.com\/index.php\/2020\/05\/30\/meia-do-flamengo-descumpre-isolamento-e-publica-foto-em-praia-do-rio-de-janeiro\/"]}]},{"@type":"ImageObject","inLanguage":"pt-BR","@id":"https:\/\/www.gaveanews.com\/index.php\/2020\/05\/30\/meia-do-flamengo-descumpre-isolamento-e-publica-foto-em-praia-do-rio-de-janeiro\/#primaryimage","url":"https:\/\/www.gaveanews.com\/wp-content\/uploads\/Diego-Ribas-durante-uma-partida-do-Flamengo.webp","contentUrl":"https:\/\/www.gaveanews.com\/wp-content\/uploads\/Diego-Ribas-durante-uma-partida-do-Flamengo.webp","width":900,"height":600,"caption":"Diego Ribas durante uma partida do Flamengo (Foto: Alexandre Vidal\/Flamengo)"},{"@type":"BreadcrumbList","@id":"https:\/\/www.gaveanews.com\/index.php\/2020\/05\/30\/meia-do-flamengo-descumpre-isolamento-e-publica-foto-em-praia-do-rio-de-janeiro\/#breadcrumb","itemListElement":[{"@type":"ListItem","position":1,"name":"Home","item":"https:\/\/www.gaveanews.com\/"},{"@type":"ListItem","position":2,"name":"Meia do Flamengo descumpre isolamento e publica foto em praia do Rio de Janeiro"}]},{"@type":"WebSite","@id":"https:\/\/www.gaveanews.com\/#website","url":"https:\/\/www.gaveanews.com\/","name":"G\u00e1vea News","description":"Veja todas as not\u00edcias sobre o Flamengo: Contrata\u00e7\u00f5es, categorias de base, resultados das partidas, tabela de classifica\u00e7\u00e3o, pr\u00f3ximos jogos!","potentialAction":[{"@type":"SearchAction","target":{"@type":"EntryPoint","urlTemplate":"https:\/\/www.gaveanews.com\/?s={search_term_string}"},"query-input":{"@type":"PropertyValueSpecification","valueRequired":true,"valueName":"search_term_string"}}],"inLanguage":"pt-BR"},{"@type":"Person","@id":"https:\/\/www.gaveanews.com\/#\/schema\/person\/2ec14f73fb96be2caf28f91afb14749d","name":"Equipe G\u00e1vea News","image":{"@type":"ImageObject","inLanguage":"pt-BR","@id":"https:\/\/www.gaveanews.com\/#\/schema\/person\/image\/","url":"https:\/\/secure.gravatar.com\/avatar\/1e1956f1facbffd3f8fa53a326721950116b3b9dc9bd44939c01180fd4a745a9?s=96&d=mm&r=g","contentUrl":"https:\/\/secure.gravatar.com\/avatar\/1e1956f1facbffd3f8fa53a326721950116b3b9dc9bd44939c01180fd4a745a9?s=96&d=mm&r=g","caption":"Equipe G\u00e1vea News"}}]}},"_links":{"self":[{"href":"https:\/\/www.gaveanews.com\/index.php\/wp-json\/wp\/v2\/posts\/41042","targetHints":{"allow":["GET"]}}],"collection":[{"href":"https:\/\/www.gaveanews.com\/index.php\/wp-json\/wp\/v2\/posts"}],"about":[{"href":"https:\/\/www.gaveanews.com\/index.php\/wp-json\/wp\/v2\/types\/post"}],"author":[{"embeddable":true,"href":"https:\/\/www.gaveanews.com\/index.php\/wp-json\/wp\/v2\/users\/1"}],"replies":[{"embeddable":true,"href":"https:\/\/www.gaveanews.com\/index.php\/wp-json\/wp\/v2\/comments?post=41042"}],"version-history":[{"count":0,"href":"https:\/\/www.gaveanews.com\/index.php\/wp-json\/wp\/v2\/posts\/41042\/revisions"}],"wp:featuredmedia":[{"embeddable":true,"href":"https:\/\/www.gaveanews.com\/index.php\/wp-json\/wp\/v2\/media\/28888"}],"wp:attachment":[{"href":"https:\/\/www.gaveanews.com\/index.php\/wp-json\/wp\/v2\/media?parent=41042"}],"wp:term":[{"taxonomy":"category","embeddable":true,"href":"https:\/\/www.gaveanews.com\/index.php\/wp-json\/wp\/v2\/categories?post=41042"},{"taxonomy":"post_tag","embeddable":true,"href":"https:\/\/www.gaveanews.com\/index.php\/wp-json\/wp\/v2\/tags?post=41042"}],"curies":[{"name":"wp","href":"https:\/\/api.w.org\/{rel}","templated":true}]}}