{"id":41069,"date":"2020-05-31T21:44:45","date_gmt":"2020-06-01T00:44:45","guid":{"rendered":"https:\/\/www.gaveanews.com\/?p=41069"},"modified":"2020-05-31T21:45:53","modified_gmt":"2020-06-01T00:45:53","slug":"ex-atacante-do-vasco-rasga-elogios-a-reinier-jesus-e-vinicius-junior","status":"publish","type":"post","link":"https:\/\/www.gaveanews.com\/index.php\/2020\/05\/31\/ex-atacante-do-vasco-rasga-elogios-a-reinier-jesus-e-vinicius-junior\/","title":{"rendered":"Ex-atacante do Vasco rasga elogios a Reinier Jesus e Vin\u00edcius J\u00fanior"},"content":{"rendered":"\n<p>O atacante Paulinho, ex-Vasco, concedeu entrevista ao jornal espanhol As e elogiou os compatriotas Reinier e Vin\u00edcius J\u00fanior, ambos do Real Madrid, e amigos desde a o in\u00edcio da carreira.<\/p>\n\n\n\n<p>\u201cJogamos futsal no Vasco, s\u00f3 que eu era dois anos mais velho. Ent\u00e3o nos encontramos novamente na sele\u00e7\u00e3o. Ele \u00e9 um menino com muito bom cora\u00e7\u00e3o, tenho muito carinho por ele\u201d, afirmou Paulinho sobre Reinier. \u201cTendo em conta a sua capacidade, ele certamente far\u00e1 algo excelente em Madri\u201d, completou.<\/p>\n\n\n\n<p>A dupla jogou lado a lado na Sele\u00e7\u00e3o Sub-23 durante o Torneio Pr\u00e9-Ol\u00edmpico, na Col\u00f4mbia, no qual o Brasil garantiu vaga para os Jogos de T\u00f3quio. \u201cFicamos muito empolgados ap\u00f3s a classifica\u00e7\u00e3o, mas a pandemia mudou tudo e, embora seja uma pena, temos que esperar at\u00e9 o pr\u00f3ximo ano. \u00c9 triste, mas ter\u00e1 que ser assim\u201d, disse o jovem do Leverkusen.<\/p>\n\n\n\n<p>Outra cria do Flamengo que busca o sucesso com a camisa dos Merengues \u00e9 Vin\u00edcius J\u00fanior. \u201cEle \u00e9 um jogador muito bom, especial, e \u00e9 por isso que ele est\u00e1 em um clube t\u00e3o bom e jogando muito, muito bem\u201d, ressaltou Paulinho. Eles tamb\u00e9m j\u00e1 jogaram juntos pela Amarelinha, na categoria Sub-17, em 2017.<\/p>\n\n\n\n<p>Ainda conquistando seu espa\u00e7o na Alemanha, o jovem atacante soma 35 jogos e quatro gols pelo atual clube. Mesmo assim, garante foco total no retorno da Bundesliga. \u201cTudo o que realmente quero \u00e9 ganhar t\u00edtulos, onde quer que esteja. O futebol espanhol \u00e9 um dos melhores do mundo, todo mundo quer jogar l\u00e1! Seria \u00f3timo, mas n\u00e3o sei se isso acontecer\u00e1\u201d, disse o jogador, a respeito de uma poss\u00edvel transfer\u00eancia para o mesmo pa\u00eds dos amigos madridistas.<\/p>\n\n\n\n<p>Retirado de: ESPN<\/p>\n","protected":false},"excerpt":{"rendered":"<p>O atacante Paulinho, ex-Vasco, concedeu entrevista ao jornal espanhol As e elogiou os compatriotas Reinier e Vin\u00edcius J\u00fanior, ambos do Real Madrid, e amigos desde a o in\u00edcio da carreira. \u201cJogamos futsal no Vasco, s\u00f3 que eu era dois anos mais velho. Ent\u00e3o nos encontramos novamente na sele\u00e7\u00e3o. Ele \u00e9 um menino com muito bom [&hellip;]<\/p>\n","protected":false},"author":1,"featured_media":15221,"comment_status":"open","ping_status":"closed","sticky":false,"template":"","format":"standard","meta":{"footnotes":""},"categories":[1],"tags":[],"class_list":["post-41069","post","type-post","status-publish","format-standard","has-post-thumbnail","hentry","category-flamengo"],"yoast_head":"<!-- This site is optimized with the Yoast SEO Premium plugin v24.2 (Yoast SEO v26.9) - https:\/\/yoast.com\/product\/yoast-seo-premium-wordpress\/ -->\n<title>Ex-atacante do Vasco rasga elogios a Reinier Jesus e Vin\u00edcius J\u00fanior<\/title>\n<meta name=\"robots\" content=\"index, follow, max-snippet:-1, max-image-preview:large, max-video-preview:-1\" \/>\n<link rel=\"canonical\" href=\"https:\/\/www.gaveanews.com\/index.php\/2020\/05\/31\/ex-atacante-do-vasco-rasga-elogios-a-reinier-jesus-e-vinicius-junior\/\" \/>\n<meta property=\"og:locale\" content=\"pt_BR\" \/>\n<meta property=\"og:type\" content=\"article\" \/>\n<meta property=\"og:title\" content=\"Ex-atacante do Vasco rasga elogios a Reinier Jesus e Vin\u00edcius J\u00fanior\" \/>\n<meta property=\"og:description\" content=\"O atacante Paulinho, ex-Vasco, concedeu entrevista ao jornal espanhol As e elogiou os compatriotas Reinier e Vin\u00edcius J\u00fanior, ambos do Real Madrid, e amigos desde a o in\u00edcio da carreira. \u201cJogamos futsal no Vasco, s\u00f3 que eu era dois anos mais velho. Ent\u00e3o nos encontramos novamente na sele\u00e7\u00e3o. Ele \u00e9 um menino com muito bom [&hellip;]\" \/>\n<meta property=\"og:url\" content=\"https:\/\/www.gaveanews.com\/index.php\/2020\/05\/31\/ex-atacante-do-vasco-rasga-elogios-a-reinier-jesus-e-vinicius-junior\/\" \/>\n<meta property=\"og:site_name\" content=\"G\u00e1vea News\" \/>\n<meta property=\"article:publisher\" content=\"https:\/\/facebook.com\/gaveaNews\/\" \/>\n<meta property=\"article:published_time\" content=\"2020-06-01T00:44:45+00:00\" \/>\n<meta property=\"article:modified_time\" content=\"2020-06-01T00:45:53+00:00\" \/>\n<meta property=\"og:image\" content=\"https:\/\/www.gaveanews.com\/wp-content\/uploads\/2019\/03\/Vinicius-Junior-em-acao-pelo-Real-Madrid.webp\" \/>\n\t<meta property=\"og:image:width\" content=\"1\" \/>\n\t<meta property=\"og:image:height\" content=\"1\" \/>\n\t<meta property=\"og:image:type\" content=\"image\/jpeg\" \/>\n<meta name=\"author\" content=\"Equipe G\u00e1vea News\" \/>\n<meta name=\"twitter:card\" content=\"summary_large_image\" \/>\n<meta name=\"twitter:label1\" content=\"Escrito por\" \/>\n\t<meta name=\"twitter:data1\" content=\"Equipe G\u00e1vea News\" \/>\n\t<meta name=\"twitter:label2\" content=\"Est. tempo de leitura\" \/>\n\t<meta name=\"twitter:data2\" content=\"1 minuto\" \/>\n<script type=\"application\/ld+json\" class=\"yoast-schema-graph\">{\"@context\":\"https:\/\/schema.org\",\"@graph\":[{\"@type\":\"NewsArticle\",\"@id\":\"https:\/\/www.gaveanews.com\/index.php\/2020\/05\/31\/ex-atacante-do-vasco-rasga-elogios-a-reinier-jesus-e-vinicius-junior\/#article\",\"isPartOf\":{\"@id\":\"https:\/\/www.gaveanews.com\/index.php\/2020\/05\/31\/ex-atacante-do-vasco-rasga-elogios-a-reinier-jesus-e-vinicius-junior\/\"},\"author\":{\"name\":\"Equipe G\u00e1vea News\",\"@id\":\"https:\/\/www.gaveanews.com\/#\/schema\/person\/2ec14f73fb96be2caf28f91afb14749d\"},\"headline\":\"Ex-atacante do Vasco rasga elogios a Reinier Jesus e Vin\u00edcius J\u00fanior\",\"datePublished\":\"2020-06-01T00:44:45+00:00\",\"dateModified\":\"2020-06-01T00:45:53+00:00\",\"mainEntityOfPage\":{\"@id\":\"https:\/\/www.gaveanews.com\/index.php\/2020\/05\/31\/ex-atacante-do-vasco-rasga-elogios-a-reinier-jesus-e-vinicius-junior\/\"},\"wordCount\":302,\"commentCount\":5,\"image\":{\"@id\":\"https:\/\/www.gaveanews.com\/index.php\/2020\/05\/31\/ex-atacante-do-vasco-rasga-elogios-a-reinier-jesus-e-vinicius-junior\/#primaryimage\"},\"thumbnailUrl\":\"https:\/\/www.gaveanews.com\/wp-content\/uploads\/2019\/03\/Vinicius-Junior-em-acao-pelo-Real-Madrid.webp\",\"articleSection\":[\"Flamengo\"],\"inLanguage\":\"pt-BR\",\"potentialAction\":[{\"@type\":\"CommentAction\",\"name\":\"Comment\",\"target\":[\"https:\/\/www.gaveanews.com\/index.php\/2020\/05\/31\/ex-atacante-do-vasco-rasga-elogios-a-reinier-jesus-e-vinicius-junior\/#respond\"]}],\"copyrightYear\":\"2020\",\"copyrightHolder\":{\"@id\":\"https:\/\/www.gaveanews.com\/#organization\"}},{\"@type\":\"WebPage\",\"@id\":\"https:\/\/www.gaveanews.com\/index.php\/2020\/05\/31\/ex-atacante-do-vasco-rasga-elogios-a-reinier-jesus-e-vinicius-junior\/\",\"url\":\"https:\/\/www.gaveanews.com\/index.php\/2020\/05\/31\/ex-atacante-do-vasco-rasga-elogios-a-reinier-jesus-e-vinicius-junior\/\",\"name\":\"Ex-atacante do Vasco rasga elogios a Reinier Jesus e Vin\u00edcius J\u00fanior\",\"isPartOf\":{\"@id\":\"https:\/\/www.gaveanews.com\/#website\"},\"primaryImageOfPage\":{\"@id\":\"https:\/\/www.gaveanews.com\/index.php\/2020\/05\/31\/ex-atacante-do-vasco-rasga-elogios-a-reinier-jesus-e-vinicius-junior\/#primaryimage\"},\"image\":{\"@id\":\"https:\/\/www.gaveanews.com\/index.php\/2020\/05\/31\/ex-atacante-do-vasco-rasga-elogios-a-reinier-jesus-e-vinicius-junior\/#primaryimage\"},\"thumbnailUrl\":\"https:\/\/www.gaveanews.com\/wp-content\/uploads\/2019\/03\/Vinicius-Junior-em-acao-pelo-Real-Madrid.webp\",\"datePublished\":\"2020-06-01T00:44:45+00:00\",\"dateModified\":\"2020-06-01T00:45:53+00:00\",\"author\":{\"@id\":\"https:\/\/www.gaveanews.com\/#\/schema\/person\/2ec14f73fb96be2caf28f91afb14749d\"},\"breadcrumb\":{\"@id\":\"https:\/\/www.gaveanews.com\/index.php\/2020\/05\/31\/ex-atacante-do-vasco-rasga-elogios-a-reinier-jesus-e-vinicius-junior\/#breadcrumb\"},\"inLanguage\":\"pt-BR\",\"potentialAction\":[{\"@type\":\"ReadAction\",\"target\":[\"https:\/\/www.gaveanews.com\/index.php\/2020\/05\/31\/ex-atacante-do-vasco-rasga-elogios-a-reinier-jesus-e-vinicius-junior\/\"]}]},{\"@type\":\"ImageObject\",\"inLanguage\":\"pt-BR\",\"@id\":\"https:\/\/www.gaveanews.com\/index.php\/2020\/05\/31\/ex-atacante-do-vasco-rasga-elogios-a-reinier-jesus-e-vinicius-junior\/#primaryimage\",\"url\":\"https:\/\/www.gaveanews.com\/wp-content\/uploads\/2019\/03\/Vinicius-Junior-em-acao-pelo-Real-Madrid.webp\",\"contentUrl\":\"https:\/\/www.gaveanews.com\/wp-content\/uploads\/2019\/03\/Vinicius-Junior-em-acao-pelo-Real-Madrid.webp\",\"caption\":\"Vinicius Junior em a\u00e7\u00e3o pelo Real Madrid (Foto: Javier Soriano\/AFP)\"},{\"@type\":\"BreadcrumbList\",\"@id\":\"https:\/\/www.gaveanews.com\/index.php\/2020\/05\/31\/ex-atacante-do-vasco-rasga-elogios-a-reinier-jesus-e-vinicius-junior\/#breadcrumb\",\"itemListElement\":[{\"@type\":\"ListItem\",\"position\":1,\"name\":\"Home\",\"item\":\"https:\/\/www.gaveanews.com\/\"},{\"@type\":\"ListItem\",\"position\":2,\"name\":\"Ex-atacante do Vasco rasga elogios a Reinier Jesus e Vin\u00edcius J\u00fanior\"}]},{\"@type\":\"WebSite\",\"@id\":\"https:\/\/www.gaveanews.com\/#website\",\"url\":\"https:\/\/www.gaveanews.com\/\",\"name\":\"G\u00e1vea News\",\"description\":\"Veja todas as not\u00edcias sobre o Flamengo: Contrata\u00e7\u00f5es, categorias de base, resultados das partidas, tabela de classifica\u00e7\u00e3o, pr\u00f3ximos jogos!\",\"potentialAction\":[{\"@type\":\"SearchAction\",\"target\":{\"@type\":\"EntryPoint\",\"urlTemplate\":\"https:\/\/www.gaveanews.com\/?s={search_term_string}\"},\"query-input\":{\"@type\":\"PropertyValueSpecification\",\"valueRequired\":true,\"valueName\":\"search_term_string\"}}],\"inLanguage\":\"pt-BR\"},{\"@type\":\"Person\",\"@id\":\"https:\/\/www.gaveanews.com\/#\/schema\/person\/2ec14f73fb96be2caf28f91afb14749d\",\"name\":\"Equipe G\u00e1vea News\",\"image\":{\"@type\":\"ImageObject\",\"inLanguage\":\"pt-BR\",\"@id\":\"https:\/\/www.gaveanews.com\/#\/schema\/person\/image\/\",\"url\":\"https:\/\/secure.gravatar.com\/avatar\/1e1956f1facbffd3f8fa53a326721950116b3b9dc9bd44939c01180fd4a745a9?s=96&d=mm&r=g\",\"contentUrl\":\"https:\/\/secure.gravatar.com\/avatar\/1e1956f1facbffd3f8fa53a326721950116b3b9dc9bd44939c01180fd4a745a9?s=96&d=mm&r=g\",\"caption\":\"Equipe G\u00e1vea News\"}}]}<\/script>\n<!-- \/ Yoast SEO Premium plugin. -->","yoast_head_json":{"title":"Ex-atacante do Vasco rasga elogios a Reinier Jesus e Vin\u00edcius J\u00fanior","robots":{"index":"index","follow":"follow","max-snippet":"max-snippet:-1","max-image-preview":"max-image-preview:large","max-video-preview":"max-video-preview:-1"},"canonical":"https:\/\/www.gaveanews.com\/index.php\/2020\/05\/31\/ex-atacante-do-vasco-rasga-elogios-a-reinier-jesus-e-vinicius-junior\/","og_locale":"pt_BR","og_type":"article","og_title":"Ex-atacante do Vasco rasga elogios a Reinier Jesus e Vin\u00edcius J\u00fanior","og_description":"O atacante Paulinho, ex-Vasco, concedeu entrevista ao jornal espanhol As e elogiou os compatriotas Reinier e Vin\u00edcius J\u00fanior, ambos do Real Madrid, e amigos desde a o in\u00edcio da carreira. \u201cJogamos futsal no Vasco, s\u00f3 que eu era dois anos mais velho. Ent\u00e3o nos encontramos novamente na sele\u00e7\u00e3o. Ele \u00e9 um menino com muito bom [&hellip;]","og_url":"https:\/\/www.gaveanews.com\/index.php\/2020\/05\/31\/ex-atacante-do-vasco-rasga-elogios-a-reinier-jesus-e-vinicius-junior\/","og_site_name":"G\u00e1vea News","article_publisher":"https:\/\/facebook.com\/gaveaNews\/","article_published_time":"2020-06-01T00:44:45+00:00","article_modified_time":"2020-06-01T00:45:53+00:00","og_image":[{"url":"https:\/\/www.gaveanews.com\/wp-content\/uploads\/2019\/03\/Vinicius-Junior-em-acao-pelo-Real-Madrid.webp","width":1,"height":1,"type":"image\/jpeg"}],"author":"Equipe G\u00e1vea News","twitter_card":"summary_large_image","twitter_misc":{"Escrito por":"Equipe G\u00e1vea News","Est. tempo de leitura":"1 minuto"},"schema":{"@context":"https:\/\/schema.org","@graph":[{"@type":"NewsArticle","@id":"https:\/\/www.gaveanews.com\/index.php\/2020\/05\/31\/ex-atacante-do-vasco-rasga-elogios-a-reinier-jesus-e-vinicius-junior\/#article","isPartOf":{"@id":"https:\/\/www.gaveanews.com\/index.php\/2020\/05\/31\/ex-atacante-do-vasco-rasga-elogios-a-reinier-jesus-e-vinicius-junior\/"},"author":{"name":"Equipe G\u00e1vea News","@id":"https:\/\/www.gaveanews.com\/#\/schema\/person\/2ec14f73fb96be2caf28f91afb14749d"},"headline":"Ex-atacante do Vasco rasga elogios a Reinier Jesus e Vin\u00edcius J\u00fanior","datePublished":"2020-06-01T00:44:45+00:00","dateModified":"2020-06-01T00:45:53+00:00","mainEntityOfPage":{"@id":"https:\/\/www.gaveanews.com\/index.php\/2020\/05\/31\/ex-atacante-do-vasco-rasga-elogios-a-reinier-jesus-e-vinicius-junior\/"},"wordCount":302,"commentCount":5,"image":{"@id":"https:\/\/www.gaveanews.com\/index.php\/2020\/05\/31\/ex-atacante-do-vasco-rasga-elogios-a-reinier-jesus-e-vinicius-junior\/#primaryimage"},"thumbnailUrl":"https:\/\/www.gaveanews.com\/wp-content\/uploads\/2019\/03\/Vinicius-Junior-em-acao-pelo-Real-Madrid.webp","articleSection":["Flamengo"],"inLanguage":"pt-BR","potentialAction":[{"@type":"CommentAction","name":"Comment","target":["https:\/\/www.gaveanews.com\/index.php\/2020\/05\/31\/ex-atacante-do-vasco-rasga-elogios-a-reinier-jesus-e-vinicius-junior\/#respond"]}],"copyrightYear":"2020","copyrightHolder":{"@id":"https:\/\/www.gaveanews.com\/#organization"}},{"@type":"WebPage","@id":"https:\/\/www.gaveanews.com\/index.php\/2020\/05\/31\/ex-atacante-do-vasco-rasga-elogios-a-reinier-jesus-e-vinicius-junior\/","url":"https:\/\/www.gaveanews.com\/index.php\/2020\/05\/31\/ex-atacante-do-vasco-rasga-elogios-a-reinier-jesus-e-vinicius-junior\/","name":"Ex-atacante do Vasco rasga elogios a Reinier Jesus e Vin\u00edcius J\u00fanior","isPartOf":{"@id":"https:\/\/www.gaveanews.com\/#website"},"primaryImageOfPage":{"@id":"https:\/\/www.gaveanews.com\/index.php\/2020\/05\/31\/ex-atacante-do-vasco-rasga-elogios-a-reinier-jesus-e-vinicius-junior\/#primaryimage"},"image":{"@id":"https:\/\/www.gaveanews.com\/index.php\/2020\/05\/31\/ex-atacante-do-vasco-rasga-elogios-a-reinier-jesus-e-vinicius-junior\/#primaryimage"},"thumbnailUrl":"https:\/\/www.gaveanews.com\/wp-content\/uploads\/2019\/03\/Vinicius-Junior-em-acao-pelo-Real-Madrid.webp","datePublished":"2020-06-01T00:44:45+00:00","dateModified":"2020-06-01T00:45:53+00:00","author":{"@id":"https:\/\/www.gaveanews.com\/#\/schema\/person\/2ec14f73fb96be2caf28f91afb14749d"},"breadcrumb":{"@id":"https:\/\/www.gaveanews.com\/index.php\/2020\/05\/31\/ex-atacante-do-vasco-rasga-elogios-a-reinier-jesus-e-vinicius-junior\/#breadcrumb"},"inLanguage":"pt-BR","potentialAction":[{"@type":"ReadAction","target":["https:\/\/www.gaveanews.com\/index.php\/2020\/05\/31\/ex-atacante-do-vasco-rasga-elogios-a-reinier-jesus-e-vinicius-junior\/"]}]},{"@type":"ImageObject","inLanguage":"pt-BR","@id":"https:\/\/www.gaveanews.com\/index.php\/2020\/05\/31\/ex-atacante-do-vasco-rasga-elogios-a-reinier-jesus-e-vinicius-junior\/#primaryimage","url":"https:\/\/www.gaveanews.com\/wp-content\/uploads\/2019\/03\/Vinicius-Junior-em-acao-pelo-Real-Madrid.webp","contentUrl":"https:\/\/www.gaveanews.com\/wp-content\/uploads\/2019\/03\/Vinicius-Junior-em-acao-pelo-Real-Madrid.webp","caption":"Vinicius Junior em a\u00e7\u00e3o pelo Real Madrid (Foto: Javier Soriano\/AFP)"},{"@type":"BreadcrumbList","@id":"https:\/\/www.gaveanews.com\/index.php\/2020\/05\/31\/ex-atacante-do-vasco-rasga-elogios-a-reinier-jesus-e-vinicius-junior\/#breadcrumb","itemListElement":[{"@type":"ListItem","position":1,"name":"Home","item":"https:\/\/www.gaveanews.com\/"},{"@type":"ListItem","position":2,"name":"Ex-atacante do Vasco rasga elogios a Reinier Jesus e Vin\u00edcius J\u00fanior"}]},{"@type":"WebSite","@id":"https:\/\/www.gaveanews.com\/#website","url":"https:\/\/www.gaveanews.com\/","name":"G\u00e1vea News","description":"Veja todas as not\u00edcias sobre o Flamengo: Contrata\u00e7\u00f5es, categorias de base, resultados das partidas, tabela de classifica\u00e7\u00e3o, pr\u00f3ximos jogos!","potentialAction":[{"@type":"SearchAction","target":{"@type":"EntryPoint","urlTemplate":"https:\/\/www.gaveanews.com\/?s={search_term_string}"},"query-input":{"@type":"PropertyValueSpecification","valueRequired":true,"valueName":"search_term_string"}}],"inLanguage":"pt-BR"},{"@type":"Person","@id":"https:\/\/www.gaveanews.com\/#\/schema\/person\/2ec14f73fb96be2caf28f91afb14749d","name":"Equipe G\u00e1vea News","image":{"@type":"ImageObject","inLanguage":"pt-BR","@id":"https:\/\/www.gaveanews.com\/#\/schema\/person\/image\/","url":"https:\/\/secure.gravatar.com\/avatar\/1e1956f1facbffd3f8fa53a326721950116b3b9dc9bd44939c01180fd4a745a9?s=96&d=mm&r=g","contentUrl":"https:\/\/secure.gravatar.com\/avatar\/1e1956f1facbffd3f8fa53a326721950116b3b9dc9bd44939c01180fd4a745a9?s=96&d=mm&r=g","caption":"Equipe G\u00e1vea News"}}]}},"_links":{"self":[{"href":"https:\/\/www.gaveanews.com\/index.php\/wp-json\/wp\/v2\/posts\/41069","targetHints":{"allow":["GET"]}}],"collection":[{"href":"https:\/\/www.gaveanews.com\/index.php\/wp-json\/wp\/v2\/posts"}],"about":[{"href":"https:\/\/www.gaveanews.com\/index.php\/wp-json\/wp\/v2\/types\/post"}],"author":[{"embeddable":true,"href":"https:\/\/www.gaveanews.com\/index.php\/wp-json\/wp\/v2\/users\/1"}],"replies":[{"embeddable":true,"href":"https:\/\/www.gaveanews.com\/index.php\/wp-json\/wp\/v2\/comments?post=41069"}],"version-history":[{"count":0,"href":"https:\/\/www.gaveanews.com\/index.php\/wp-json\/wp\/v2\/posts\/41069\/revisions"}],"wp:featuredmedia":[{"embeddable":true,"href":"https:\/\/www.gaveanews.com\/index.php\/wp-json\/wp\/v2\/media\/15221"}],"wp:attachment":[{"href":"https:\/\/www.gaveanews.com\/index.php\/wp-json\/wp\/v2\/media?parent=41069"}],"wp:term":[{"taxonomy":"category","embeddable":true,"href":"https:\/\/www.gaveanews.com\/index.php\/wp-json\/wp\/v2\/categories?post=41069"},{"taxonomy":"post_tag","embeddable":true,"href":"https:\/\/www.gaveanews.com\/index.php\/wp-json\/wp\/v2\/tags?post=41069"}],"curies":[{"name":"wp","href":"https:\/\/api.w.org\/{rel}","templated":true}]}}