{"id":41151,"date":"2020-06-02T00:30:00","date_gmt":"2020-06-02T03:30:00","guid":{"rendered":"https:\/\/www.gaveanews.com\/?p=41151"},"modified":"2020-06-01T23:35:28","modified_gmt":"2020-06-02T02:35:28","slug":"atualmente-no-flamengo-marcos-braz-garante-nao-saber-sobre-possibilidade-de-ser-vice-de-eduardo-paes-nas-eleicoes-2020","status":"publish","type":"post","link":"https:\/\/www.gaveanews.com\/index.php\/2020\/06\/02\/atualmente-no-flamengo-marcos-braz-garante-nao-saber-sobre-possibilidade-de-ser-vice-de-eduardo-paes-nas-eleicoes-2020\/","title":{"rendered":"Atualmente no Flamengo, Marcos Braz garante n\u00e3o saber sobre possibilidade de ser vice de Eduardo Paes nas elei\u00e7\u00f5es 2020"},"content":{"rendered":"\n<p>O jornalista Sidney Rezende, colunista do O Dia, informou, nesta segunda-feira, que Eduardo Paes, candidato \u00e0 prefeitura do Rio de Janeiro, ir\u00e1 convidar o Vice-Presidente de Futebol do Flamengo, Marcos Braz, para ser o seu vice nas elei\u00e7\u00f5es de outubro. A reportagem entrou em contato com o dirigente rubro-negro, que garantiu n\u00e3o estar por dentro do assunto.<\/p>\n\n\n\n<p>&#8220;N\u00e3o estou sabendo de nada. De verdade. Eduardo nunca falou comigo sobre isso&#8221;.<\/p>\n\n\n\n<p>Em 2015, Marcos Braz foi nomeado por Rom\u00e1rio, ent\u00e3o senador, a Secret\u00e1rio Municipal de Esportes e Lazer, mas no ano seguinte entregou o cargo. Braz, que j\u00e1 havia passado pelo Flamengo em outros anos, retornou ao clube no come\u00e7o de 2019 para ser o vice de futebol da gest\u00e3o de Rodolfo Landim, presidente do Rubro-Negro, pelo menos, at\u00e9 dezembro de 2021.<\/p>\n\n\n\n<p>Retirado de: O Dia<\/p>\n","protected":false},"excerpt":{"rendered":"<p>O jornalista Sidney Rezende, colunista do O Dia, informou, nesta segunda-feira, que Eduardo Paes, candidato \u00e0 prefeitura do Rio de Janeiro, ir\u00e1 convidar o Vice-Presidente de Futebol do Flamengo, Marcos Braz, para ser o seu vice nas elei\u00e7\u00f5es de outubro. A reportagem entrou em contato com o dirigente rubro-negro, que garantiu n\u00e3o estar por dentro [&hellip;]<\/p>\n","protected":false},"author":1,"featured_media":23694,"comment_status":"open","ping_status":"closed","sticky":false,"template":"","format":"standard","meta":{"footnotes":""},"categories":[1],"tags":[],"class_list":["post-41151","post","type-post","status-publish","format-standard","has-post-thumbnail","hentry","category-flamengo"],"yoast_head":"<!-- This site is optimized with the Yoast SEO Premium plugin v24.2 (Yoast SEO v26.9) - https:\/\/yoast.com\/product\/yoast-seo-premium-wordpress\/ -->\n<title>Atualmente no Flamengo, Marcos Braz garante n\u00e3o saber sobre possibilidade de ser vice de Eduardo Paes nas elei\u00e7\u00f5es 2020<\/title>\n<meta name=\"robots\" content=\"index, follow, max-snippet:-1, max-image-preview:large, max-video-preview:-1\" \/>\n<link rel=\"canonical\" href=\"https:\/\/www.gaveanews.com\/index.php\/2020\/06\/02\/atualmente-no-flamengo-marcos-braz-garante-nao-saber-sobre-possibilidade-de-ser-vice-de-eduardo-paes-nas-eleicoes-2020\/\" \/>\n<meta property=\"og:locale\" content=\"pt_BR\" \/>\n<meta property=\"og:type\" content=\"article\" \/>\n<meta property=\"og:title\" content=\"Atualmente no Flamengo, Marcos Braz garante n\u00e3o saber sobre possibilidade de ser vice de Eduardo Paes nas elei\u00e7\u00f5es 2020\" \/>\n<meta property=\"og:description\" content=\"O jornalista Sidney Rezende, colunista do O Dia, informou, nesta segunda-feira, que Eduardo Paes, candidato \u00e0 prefeitura do Rio de Janeiro, ir\u00e1 convidar o Vice-Presidente de Futebol do Flamengo, Marcos Braz, para ser o seu vice nas elei\u00e7\u00f5es de outubro. A reportagem entrou em contato com o dirigente rubro-negro, que garantiu n\u00e3o estar por dentro [&hellip;]\" \/>\n<meta property=\"og:url\" content=\"https:\/\/www.gaveanews.com\/index.php\/2020\/06\/02\/atualmente-no-flamengo-marcos-braz-garante-nao-saber-sobre-possibilidade-de-ser-vice-de-eduardo-paes-nas-eleicoes-2020\/\" \/>\n<meta property=\"og:site_name\" content=\"G\u00e1vea News\" \/>\n<meta property=\"article:publisher\" content=\"https:\/\/facebook.com\/gaveaNews\/\" \/>\n<meta property=\"article:published_time\" content=\"2020-06-02T03:30:00+00:00\" \/>\n<meta property=\"og:image\" content=\"https:\/\/www.gaveanews.com\/wp-content\/uploads\/2019\/07\/Marcos-Braz-durante-coletiva-de-imprensa-no-Ninho-do-Urubu.webp\" \/>\n\t<meta property=\"og:image:width\" content=\"846\" \/>\n\t<meta property=\"og:image:height\" content=\"563\" \/>\n\t<meta property=\"og:image:type\" content=\"image\/jpeg\" \/>\n<meta name=\"author\" content=\"Equipe G\u00e1vea News\" \/>\n<meta name=\"twitter:card\" content=\"summary_large_image\" \/>\n<meta name=\"twitter:label1\" content=\"Escrito por\" \/>\n\t<meta name=\"twitter:data1\" content=\"Equipe G\u00e1vea News\" \/>\n\t<meta name=\"twitter:label2\" content=\"Est. tempo de leitura\" \/>\n\t<meta name=\"twitter:data2\" content=\"1 minuto\" \/>\n<script type=\"application\/ld+json\" class=\"yoast-schema-graph\">{\"@context\":\"https:\/\/schema.org\",\"@graph\":[{\"@type\":\"NewsArticle\",\"@id\":\"https:\/\/www.gaveanews.com\/index.php\/2020\/06\/02\/atualmente-no-flamengo-marcos-braz-garante-nao-saber-sobre-possibilidade-de-ser-vice-de-eduardo-paes-nas-eleicoes-2020\/#article\",\"isPartOf\":{\"@id\":\"https:\/\/www.gaveanews.com\/index.php\/2020\/06\/02\/atualmente-no-flamengo-marcos-braz-garante-nao-saber-sobre-possibilidade-de-ser-vice-de-eduardo-paes-nas-eleicoes-2020\/\"},\"author\":{\"name\":\"Equipe G\u00e1vea News\",\"@id\":\"https:\/\/www.gaveanews.com\/#\/schema\/person\/2ec14f73fb96be2caf28f91afb14749d\"},\"headline\":\"Atualmente no Flamengo, Marcos Braz garante n\u00e3o saber sobre possibilidade de ser vice de Eduardo Paes nas elei\u00e7\u00f5es 2020\",\"datePublished\":\"2020-06-02T03:30:00+00:00\",\"mainEntityOfPage\":{\"@id\":\"https:\/\/www.gaveanews.com\/index.php\/2020\/06\/02\/atualmente-no-flamengo-marcos-braz-garante-nao-saber-sobre-possibilidade-de-ser-vice-de-eduardo-paes-nas-eleicoes-2020\/\"},\"wordCount\":159,\"commentCount\":2,\"image\":{\"@id\":\"https:\/\/www.gaveanews.com\/index.php\/2020\/06\/02\/atualmente-no-flamengo-marcos-braz-garante-nao-saber-sobre-possibilidade-de-ser-vice-de-eduardo-paes-nas-eleicoes-2020\/#primaryimage\"},\"thumbnailUrl\":\"https:\/\/www.gaveanews.com\/wp-content\/uploads\/2019\/07\/Marcos-Braz-durante-coletiva-de-imprensa-no-Ninho-do-Urubu.webp\",\"articleSection\":[\"Flamengo\"],\"inLanguage\":\"pt-BR\",\"potentialAction\":[{\"@type\":\"CommentAction\",\"name\":\"Comment\",\"target\":[\"https:\/\/www.gaveanews.com\/index.php\/2020\/06\/02\/atualmente-no-flamengo-marcos-braz-garante-nao-saber-sobre-possibilidade-de-ser-vice-de-eduardo-paes-nas-eleicoes-2020\/#respond\"]}],\"copyrightYear\":\"2020\",\"copyrightHolder\":{\"@id\":\"https:\/\/www.gaveanews.com\/#organization\"}},{\"@type\":\"WebPage\",\"@id\":\"https:\/\/www.gaveanews.com\/index.php\/2020\/06\/02\/atualmente-no-flamengo-marcos-braz-garante-nao-saber-sobre-possibilidade-de-ser-vice-de-eduardo-paes-nas-eleicoes-2020\/\",\"url\":\"https:\/\/www.gaveanews.com\/index.php\/2020\/06\/02\/atualmente-no-flamengo-marcos-braz-garante-nao-saber-sobre-possibilidade-de-ser-vice-de-eduardo-paes-nas-eleicoes-2020\/\",\"name\":\"Atualmente no Flamengo, Marcos Braz garante n\u00e3o saber sobre possibilidade de ser vice de Eduardo Paes nas elei\u00e7\u00f5es 2020\",\"isPartOf\":{\"@id\":\"https:\/\/www.gaveanews.com\/#website\"},\"primaryImageOfPage\":{\"@id\":\"https:\/\/www.gaveanews.com\/index.php\/2020\/06\/02\/atualmente-no-flamengo-marcos-braz-garante-nao-saber-sobre-possibilidade-de-ser-vice-de-eduardo-paes-nas-eleicoes-2020\/#primaryimage\"},\"image\":{\"@id\":\"https:\/\/www.gaveanews.com\/index.php\/2020\/06\/02\/atualmente-no-flamengo-marcos-braz-garante-nao-saber-sobre-possibilidade-de-ser-vice-de-eduardo-paes-nas-eleicoes-2020\/#primaryimage\"},\"thumbnailUrl\":\"https:\/\/www.gaveanews.com\/wp-content\/uploads\/2019\/07\/Marcos-Braz-durante-coletiva-de-imprensa-no-Ninho-do-Urubu.webp\",\"datePublished\":\"2020-06-02T03:30:00+00:00\",\"author\":{\"@id\":\"https:\/\/www.gaveanews.com\/#\/schema\/person\/2ec14f73fb96be2caf28f91afb14749d\"},\"breadcrumb\":{\"@id\":\"https:\/\/www.gaveanews.com\/index.php\/2020\/06\/02\/atualmente-no-flamengo-marcos-braz-garante-nao-saber-sobre-possibilidade-de-ser-vice-de-eduardo-paes-nas-eleicoes-2020\/#breadcrumb\"},\"inLanguage\":\"pt-BR\",\"potentialAction\":[{\"@type\":\"ReadAction\",\"target\":[\"https:\/\/www.gaveanews.com\/index.php\/2020\/06\/02\/atualmente-no-flamengo-marcos-braz-garante-nao-saber-sobre-possibilidade-de-ser-vice-de-eduardo-paes-nas-eleicoes-2020\/\"]}]},{\"@type\":\"ImageObject\",\"inLanguage\":\"pt-BR\",\"@id\":\"https:\/\/www.gaveanews.com\/index.php\/2020\/06\/02\/atualmente-no-flamengo-marcos-braz-garante-nao-saber-sobre-possibilidade-de-ser-vice-de-eduardo-paes-nas-eleicoes-2020\/#primaryimage\",\"url\":\"https:\/\/www.gaveanews.com\/wp-content\/uploads\/2019\/07\/Marcos-Braz-durante-coletiva-de-imprensa-no-Ninho-do-Urubu.webp\",\"contentUrl\":\"https:\/\/www.gaveanews.com\/wp-content\/uploads\/2019\/07\/Marcos-Braz-durante-coletiva-de-imprensa-no-Ninho-do-Urubu.webp\",\"width\":846,\"height\":563,\"caption\":\"Marcos Braz durante coletiva de imprensa no Ninho do Urubu (Foto: Alexandre Vidal\/Flamengo)\"},{\"@type\":\"BreadcrumbList\",\"@id\":\"https:\/\/www.gaveanews.com\/index.php\/2020\/06\/02\/atualmente-no-flamengo-marcos-braz-garante-nao-saber-sobre-possibilidade-de-ser-vice-de-eduardo-paes-nas-eleicoes-2020\/#breadcrumb\",\"itemListElement\":[{\"@type\":\"ListItem\",\"position\":1,\"name\":\"Home\",\"item\":\"https:\/\/www.gaveanews.com\/\"},{\"@type\":\"ListItem\",\"position\":2,\"name\":\"Atualmente no Flamengo, Marcos Braz garante n\u00e3o saber sobre possibilidade de ser vice de Eduardo Paes nas elei\u00e7\u00f5es 2020\"}]},{\"@type\":\"WebSite\",\"@id\":\"https:\/\/www.gaveanews.com\/#website\",\"url\":\"https:\/\/www.gaveanews.com\/\",\"name\":\"G\u00e1vea News\",\"description\":\"Veja todas as not\u00edcias sobre o Flamengo: Contrata\u00e7\u00f5es, categorias de base, resultados das partidas, tabela de classifica\u00e7\u00e3o, pr\u00f3ximos jogos!\",\"potentialAction\":[{\"@type\":\"SearchAction\",\"target\":{\"@type\":\"EntryPoint\",\"urlTemplate\":\"https:\/\/www.gaveanews.com\/?s={search_term_string}\"},\"query-input\":{\"@type\":\"PropertyValueSpecification\",\"valueRequired\":true,\"valueName\":\"search_term_string\"}}],\"inLanguage\":\"pt-BR\"},{\"@type\":\"Person\",\"@id\":\"https:\/\/www.gaveanews.com\/#\/schema\/person\/2ec14f73fb96be2caf28f91afb14749d\",\"name\":\"Equipe G\u00e1vea News\",\"image\":{\"@type\":\"ImageObject\",\"inLanguage\":\"pt-BR\",\"@id\":\"https:\/\/www.gaveanews.com\/#\/schema\/person\/image\/\",\"url\":\"https:\/\/secure.gravatar.com\/avatar\/1e1956f1facbffd3f8fa53a326721950116b3b9dc9bd44939c01180fd4a745a9?s=96&d=mm&r=g\",\"contentUrl\":\"https:\/\/secure.gravatar.com\/avatar\/1e1956f1facbffd3f8fa53a326721950116b3b9dc9bd44939c01180fd4a745a9?s=96&d=mm&r=g\",\"caption\":\"Equipe G\u00e1vea News\"}}]}<\/script>\n<!-- \/ Yoast SEO Premium plugin. -->","yoast_head_json":{"title":"Atualmente no Flamengo, Marcos Braz garante n\u00e3o saber sobre possibilidade de ser vice de Eduardo Paes nas elei\u00e7\u00f5es 2020","robots":{"index":"index","follow":"follow","max-snippet":"max-snippet:-1","max-image-preview":"max-image-preview:large","max-video-preview":"max-video-preview:-1"},"canonical":"https:\/\/www.gaveanews.com\/index.php\/2020\/06\/02\/atualmente-no-flamengo-marcos-braz-garante-nao-saber-sobre-possibilidade-de-ser-vice-de-eduardo-paes-nas-eleicoes-2020\/","og_locale":"pt_BR","og_type":"article","og_title":"Atualmente no Flamengo, Marcos Braz garante n\u00e3o saber sobre possibilidade de ser vice de Eduardo Paes nas elei\u00e7\u00f5es 2020","og_description":"O jornalista Sidney Rezende, colunista do O Dia, informou, nesta segunda-feira, que Eduardo Paes, candidato \u00e0 prefeitura do Rio de Janeiro, ir\u00e1 convidar o Vice-Presidente de Futebol do Flamengo, Marcos Braz, para ser o seu vice nas elei\u00e7\u00f5es de outubro. A reportagem entrou em contato com o dirigente rubro-negro, que garantiu n\u00e3o estar por dentro [&hellip;]","og_url":"https:\/\/www.gaveanews.com\/index.php\/2020\/06\/02\/atualmente-no-flamengo-marcos-braz-garante-nao-saber-sobre-possibilidade-de-ser-vice-de-eduardo-paes-nas-eleicoes-2020\/","og_site_name":"G\u00e1vea News","article_publisher":"https:\/\/facebook.com\/gaveaNews\/","article_published_time":"2020-06-02T03:30:00+00:00","og_image":[{"width":846,"height":563,"url":"https:\/\/www.gaveanews.com\/wp-content\/uploads\/2019\/07\/Marcos-Braz-durante-coletiva-de-imprensa-no-Ninho-do-Urubu.webp","type":"image\/jpeg"}],"author":"Equipe G\u00e1vea News","twitter_card":"summary_large_image","twitter_misc":{"Escrito por":"Equipe G\u00e1vea News","Est. tempo de leitura":"1 minuto"},"schema":{"@context":"https:\/\/schema.org","@graph":[{"@type":"NewsArticle","@id":"https:\/\/www.gaveanews.com\/index.php\/2020\/06\/02\/atualmente-no-flamengo-marcos-braz-garante-nao-saber-sobre-possibilidade-de-ser-vice-de-eduardo-paes-nas-eleicoes-2020\/#article","isPartOf":{"@id":"https:\/\/www.gaveanews.com\/index.php\/2020\/06\/02\/atualmente-no-flamengo-marcos-braz-garante-nao-saber-sobre-possibilidade-de-ser-vice-de-eduardo-paes-nas-eleicoes-2020\/"},"author":{"name":"Equipe G\u00e1vea News","@id":"https:\/\/www.gaveanews.com\/#\/schema\/person\/2ec14f73fb96be2caf28f91afb14749d"},"headline":"Atualmente no Flamengo, Marcos Braz garante n\u00e3o saber sobre possibilidade de ser vice de Eduardo Paes nas elei\u00e7\u00f5es 2020","datePublished":"2020-06-02T03:30:00+00:00","mainEntityOfPage":{"@id":"https:\/\/www.gaveanews.com\/index.php\/2020\/06\/02\/atualmente-no-flamengo-marcos-braz-garante-nao-saber-sobre-possibilidade-de-ser-vice-de-eduardo-paes-nas-eleicoes-2020\/"},"wordCount":159,"commentCount":2,"image":{"@id":"https:\/\/www.gaveanews.com\/index.php\/2020\/06\/02\/atualmente-no-flamengo-marcos-braz-garante-nao-saber-sobre-possibilidade-de-ser-vice-de-eduardo-paes-nas-eleicoes-2020\/#primaryimage"},"thumbnailUrl":"https:\/\/www.gaveanews.com\/wp-content\/uploads\/2019\/07\/Marcos-Braz-durante-coletiva-de-imprensa-no-Ninho-do-Urubu.webp","articleSection":["Flamengo"],"inLanguage":"pt-BR","potentialAction":[{"@type":"CommentAction","name":"Comment","target":["https:\/\/www.gaveanews.com\/index.php\/2020\/06\/02\/atualmente-no-flamengo-marcos-braz-garante-nao-saber-sobre-possibilidade-de-ser-vice-de-eduardo-paes-nas-eleicoes-2020\/#respond"]}],"copyrightYear":"2020","copyrightHolder":{"@id":"https:\/\/www.gaveanews.com\/#organization"}},{"@type":"WebPage","@id":"https:\/\/www.gaveanews.com\/index.php\/2020\/06\/02\/atualmente-no-flamengo-marcos-braz-garante-nao-saber-sobre-possibilidade-de-ser-vice-de-eduardo-paes-nas-eleicoes-2020\/","url":"https:\/\/www.gaveanews.com\/index.php\/2020\/06\/02\/atualmente-no-flamengo-marcos-braz-garante-nao-saber-sobre-possibilidade-de-ser-vice-de-eduardo-paes-nas-eleicoes-2020\/","name":"Atualmente no Flamengo, Marcos Braz garante n\u00e3o saber sobre possibilidade de ser vice de Eduardo Paes nas elei\u00e7\u00f5es 2020","isPartOf":{"@id":"https:\/\/www.gaveanews.com\/#website"},"primaryImageOfPage":{"@id":"https:\/\/www.gaveanews.com\/index.php\/2020\/06\/02\/atualmente-no-flamengo-marcos-braz-garante-nao-saber-sobre-possibilidade-de-ser-vice-de-eduardo-paes-nas-eleicoes-2020\/#primaryimage"},"image":{"@id":"https:\/\/www.gaveanews.com\/index.php\/2020\/06\/02\/atualmente-no-flamengo-marcos-braz-garante-nao-saber-sobre-possibilidade-de-ser-vice-de-eduardo-paes-nas-eleicoes-2020\/#primaryimage"},"thumbnailUrl":"https:\/\/www.gaveanews.com\/wp-content\/uploads\/2019\/07\/Marcos-Braz-durante-coletiva-de-imprensa-no-Ninho-do-Urubu.webp","datePublished":"2020-06-02T03:30:00+00:00","author":{"@id":"https:\/\/www.gaveanews.com\/#\/schema\/person\/2ec14f73fb96be2caf28f91afb14749d"},"breadcrumb":{"@id":"https:\/\/www.gaveanews.com\/index.php\/2020\/06\/02\/atualmente-no-flamengo-marcos-braz-garante-nao-saber-sobre-possibilidade-de-ser-vice-de-eduardo-paes-nas-eleicoes-2020\/#breadcrumb"},"inLanguage":"pt-BR","potentialAction":[{"@type":"ReadAction","target":["https:\/\/www.gaveanews.com\/index.php\/2020\/06\/02\/atualmente-no-flamengo-marcos-braz-garante-nao-saber-sobre-possibilidade-de-ser-vice-de-eduardo-paes-nas-eleicoes-2020\/"]}]},{"@type":"ImageObject","inLanguage":"pt-BR","@id":"https:\/\/www.gaveanews.com\/index.php\/2020\/06\/02\/atualmente-no-flamengo-marcos-braz-garante-nao-saber-sobre-possibilidade-de-ser-vice-de-eduardo-paes-nas-eleicoes-2020\/#primaryimage","url":"https:\/\/www.gaveanews.com\/wp-content\/uploads\/2019\/07\/Marcos-Braz-durante-coletiva-de-imprensa-no-Ninho-do-Urubu.webp","contentUrl":"https:\/\/www.gaveanews.com\/wp-content\/uploads\/2019\/07\/Marcos-Braz-durante-coletiva-de-imprensa-no-Ninho-do-Urubu.webp","width":846,"height":563,"caption":"Marcos Braz durante coletiva de imprensa no Ninho do Urubu (Foto: Alexandre Vidal\/Flamengo)"},{"@type":"BreadcrumbList","@id":"https:\/\/www.gaveanews.com\/index.php\/2020\/06\/02\/atualmente-no-flamengo-marcos-braz-garante-nao-saber-sobre-possibilidade-de-ser-vice-de-eduardo-paes-nas-eleicoes-2020\/#breadcrumb","itemListElement":[{"@type":"ListItem","position":1,"name":"Home","item":"https:\/\/www.gaveanews.com\/"},{"@type":"ListItem","position":2,"name":"Atualmente no Flamengo, Marcos Braz garante n\u00e3o saber sobre possibilidade de ser vice de Eduardo Paes nas elei\u00e7\u00f5es 2020"}]},{"@type":"WebSite","@id":"https:\/\/www.gaveanews.com\/#website","url":"https:\/\/www.gaveanews.com\/","name":"G\u00e1vea News","description":"Veja todas as not\u00edcias sobre o Flamengo: Contrata\u00e7\u00f5es, categorias de base, resultados das partidas, tabela de classifica\u00e7\u00e3o, pr\u00f3ximos jogos!","potentialAction":[{"@type":"SearchAction","target":{"@type":"EntryPoint","urlTemplate":"https:\/\/www.gaveanews.com\/?s={search_term_string}"},"query-input":{"@type":"PropertyValueSpecification","valueRequired":true,"valueName":"search_term_string"}}],"inLanguage":"pt-BR"},{"@type":"Person","@id":"https:\/\/www.gaveanews.com\/#\/schema\/person\/2ec14f73fb96be2caf28f91afb14749d","name":"Equipe G\u00e1vea News","image":{"@type":"ImageObject","inLanguage":"pt-BR","@id":"https:\/\/www.gaveanews.com\/#\/schema\/person\/image\/","url":"https:\/\/secure.gravatar.com\/avatar\/1e1956f1facbffd3f8fa53a326721950116b3b9dc9bd44939c01180fd4a745a9?s=96&d=mm&r=g","contentUrl":"https:\/\/secure.gravatar.com\/avatar\/1e1956f1facbffd3f8fa53a326721950116b3b9dc9bd44939c01180fd4a745a9?s=96&d=mm&r=g","caption":"Equipe G\u00e1vea News"}}]}},"_links":{"self":[{"href":"https:\/\/www.gaveanews.com\/index.php\/wp-json\/wp\/v2\/posts\/41151","targetHints":{"allow":["GET"]}}],"collection":[{"href":"https:\/\/www.gaveanews.com\/index.php\/wp-json\/wp\/v2\/posts"}],"about":[{"href":"https:\/\/www.gaveanews.com\/index.php\/wp-json\/wp\/v2\/types\/post"}],"author":[{"embeddable":true,"href":"https:\/\/www.gaveanews.com\/index.php\/wp-json\/wp\/v2\/users\/1"}],"replies":[{"embeddable":true,"href":"https:\/\/www.gaveanews.com\/index.php\/wp-json\/wp\/v2\/comments?post=41151"}],"version-history":[{"count":0,"href":"https:\/\/www.gaveanews.com\/index.php\/wp-json\/wp\/v2\/posts\/41151\/revisions"}],"wp:featuredmedia":[{"embeddable":true,"href":"https:\/\/www.gaveanews.com\/index.php\/wp-json\/wp\/v2\/media\/23694"}],"wp:attachment":[{"href":"https:\/\/www.gaveanews.com\/index.php\/wp-json\/wp\/v2\/media?parent=41151"}],"wp:term":[{"taxonomy":"category","embeddable":true,"href":"https:\/\/www.gaveanews.com\/index.php\/wp-json\/wp\/v2\/categories?post=41151"},{"taxonomy":"post_tag","embeddable":true,"href":"https:\/\/www.gaveanews.com\/index.php\/wp-json\/wp\/v2\/tags?post=41151"}],"curies":[{"name":"wp","href":"https:\/\/api.w.org\/{rel}","templated":true}]}}