{"id":41180,"date":"2020-06-02T15:35:07","date_gmt":"2020-06-02T18:35:07","guid":{"rendered":"https:\/\/www.gaveanews.com\/?p=41180"},"modified":"2020-06-02T15:35:08","modified_gmt":"2020-06-02T18:35:08","slug":"idolo-do-flamengo-rasga-elogios-para-everton-ribeiro-tem-capacidade-tecnica-tatica-e-lideranca","status":"publish","type":"post","link":"https:\/\/www.gaveanews.com\/index.php\/2020\/06\/02\/idolo-do-flamengo-rasga-elogios-para-everton-ribeiro-tem-capacidade-tecnica-tatica-e-lideranca\/","title":{"rendered":"\u00cddolo do Flamengo rasga elogios para Everton Ribeiro: &#8220;Tem capacidade t\u00e9cnica, t\u00e1tica e lideran\u00e7a&#8221;"},"content":{"rendered":"\n<p>Um dos principais jogadores do Flamengo nos \u00faltimos anos, Everton Ribeiro cresceu ainda mais sob comando de Jorge Jesus e, para muitos, j\u00e1 \u00e9 \u00eddolo no Rubro-Negro. Em entrevista ao Fox Sports, o ex-jogador S\u00e1vio rasgou elogios ao camisa 7 do Flamengo, e revelou ser um f\u00e3 do futebol apresentado por Everton.<\/p>\n\n\n\n<p>&#8220;Eu n\u00e3o consigo fazer muitas compara\u00e7\u00f5es, principalmente porque s\u00e3o \u00e9pocas e estilos diferentes. Mas, olha, tem um jogador no futebol brasileiro que eu gosto muito. Mas eu vou destacar dois. Pela capacidade t\u00e9cnica, pela personalidade, estilo de jogo, eu sou muito f\u00e3 do Everton Ribeiro, do Flamengo, gosto muito. Para mim, \u00e9 um dos pontos importantes desse time do Flamengo. Pela sua capacidade t\u00e9cnica, pela lideran\u00e7a e capacidade t\u00e1tica tamb\u00e9m&#8221;.<\/p>\n\n\n\n<p>O \u00eddolo do Flamengo tamb\u00e9m citou Everton Cebolinha, do Gr\u00eamio, e afirmou que os dois atletas s\u00e3o os maiores destaques da atualidade do futebol no Brasil.<\/p>\n\n\n\n<p>&#8220;E o outro jogador que eu gosto muito, tamb\u00e9m pelo lado individual, \u00e9 o Everton, do Gr\u00eamio. Para mim, esses dois jogadores, hoje, eu considero como os grandes destaques do futebol brasileiro&#8221;, concluiu.<\/p>\n\n\n\n<p>Retirado de: O Dia<\/p>\n","protected":false},"excerpt":{"rendered":"<p>Um dos principais jogadores do Flamengo nos \u00faltimos anos, Everton Ribeiro cresceu ainda mais sob comando de Jorge Jesus e, para muitos, j\u00e1 \u00e9 \u00eddolo no Rubro-Negro. Em entrevista ao Fox Sports, o ex-jogador S\u00e1vio rasgou elogios ao camisa 7 do Flamengo, e revelou ser um f\u00e3 do futebol apresentado por Everton. &#8220;Eu n\u00e3o consigo [&hellip;]<\/p>\n","protected":false},"author":1,"featured_media":28037,"comment_status":"open","ping_status":"closed","sticky":false,"template":"","format":"standard","meta":{"footnotes":""},"categories":[1],"tags":[],"class_list":["post-41180","post","type-post","status-publish","format-standard","has-post-thumbnail","hentry","category-flamengo"],"yoast_head":"<!-- This site is optimized with the Yoast SEO Premium plugin v24.2 (Yoast SEO v26.9) - https:\/\/yoast.com\/product\/yoast-seo-premium-wordpress\/ -->\n<title>\u00cddolo do Flamengo rasga elogios para Everton Ribeiro: &quot;Tem capacidade t\u00e9cnica, t\u00e1tica e lideran\u00e7a&quot;<\/title>\n<meta name=\"robots\" content=\"index, follow, max-snippet:-1, max-image-preview:large, max-video-preview:-1\" \/>\n<link rel=\"canonical\" href=\"https:\/\/www.gaveanews.com\/index.php\/2020\/06\/02\/idolo-do-flamengo-rasga-elogios-para-everton-ribeiro-tem-capacidade-tecnica-tatica-e-lideranca\/\" \/>\n<meta property=\"og:locale\" content=\"pt_BR\" \/>\n<meta property=\"og:type\" content=\"article\" \/>\n<meta property=\"og:title\" content=\"\u00cddolo do Flamengo rasga elogios para Everton Ribeiro: &quot;Tem capacidade t\u00e9cnica, t\u00e1tica e lideran\u00e7a&quot;\" \/>\n<meta property=\"og:description\" content=\"Um dos principais jogadores do Flamengo nos \u00faltimos anos, Everton Ribeiro cresceu ainda mais sob comando de Jorge Jesus e, para muitos, j\u00e1 \u00e9 \u00eddolo no Rubro-Negro. Em entrevista ao Fox Sports, o ex-jogador S\u00e1vio rasgou elogios ao camisa 7 do Flamengo, e revelou ser um f\u00e3 do futebol apresentado por Everton. &#8220;Eu n\u00e3o consigo [&hellip;]\" \/>\n<meta property=\"og:url\" content=\"https:\/\/www.gaveanews.com\/index.php\/2020\/06\/02\/idolo-do-flamengo-rasga-elogios-para-everton-ribeiro-tem-capacidade-tecnica-tatica-e-lideranca\/\" \/>\n<meta property=\"og:site_name\" content=\"G\u00e1vea News\" \/>\n<meta property=\"article:publisher\" content=\"https:\/\/facebook.com\/gaveaNews\/\" \/>\n<meta property=\"article:published_time\" content=\"2020-06-02T18:35:07+00:00\" \/>\n<meta property=\"article:modified_time\" content=\"2020-06-02T18:35:08+00:00\" \/>\n<meta property=\"og:image\" content=\"https:\/\/www.gaveanews.com\/wp-content\/uploads\/Everton-Ribeiro-em-acao-pelo-Flamengo.webp\" \/>\n\t<meta property=\"og:image:width\" content=\"1\" \/>\n\t<meta property=\"og:image:height\" content=\"1\" \/>\n\t<meta property=\"og:image:type\" content=\"image\/jpeg\" \/>\n<meta name=\"author\" content=\"Equipe G\u00e1vea News\" \/>\n<meta name=\"twitter:card\" content=\"summary_large_image\" \/>\n<meta name=\"twitter:label1\" content=\"Escrito por\" \/>\n\t<meta name=\"twitter:data1\" content=\"Equipe G\u00e1vea News\" \/>\n\t<meta name=\"twitter:label2\" content=\"Est. tempo de leitura\" \/>\n\t<meta name=\"twitter:data2\" content=\"1 minuto\" \/>\n<script type=\"application\/ld+json\" class=\"yoast-schema-graph\">{\"@context\":\"https:\/\/schema.org\",\"@graph\":[{\"@type\":\"NewsArticle\",\"@id\":\"https:\/\/www.gaveanews.com\/index.php\/2020\/06\/02\/idolo-do-flamengo-rasga-elogios-para-everton-ribeiro-tem-capacidade-tecnica-tatica-e-lideranca\/#article\",\"isPartOf\":{\"@id\":\"https:\/\/www.gaveanews.com\/index.php\/2020\/06\/02\/idolo-do-flamengo-rasga-elogios-para-everton-ribeiro-tem-capacidade-tecnica-tatica-e-lideranca\/\"},\"author\":{\"name\":\"Equipe G\u00e1vea News\",\"@id\":\"https:\/\/www.gaveanews.com\/#\/schema\/person\/2ec14f73fb96be2caf28f91afb14749d\"},\"headline\":\"\u00cddolo do Flamengo rasga elogios para Everton Ribeiro: &#8220;Tem capacidade t\u00e9cnica, t\u00e1tica e lideran\u00e7a&#8221;\",\"datePublished\":\"2020-06-02T18:35:07+00:00\",\"dateModified\":\"2020-06-02T18:35:08+00:00\",\"mainEntityOfPage\":{\"@id\":\"https:\/\/www.gaveanews.com\/index.php\/2020\/06\/02\/idolo-do-flamengo-rasga-elogios-para-everton-ribeiro-tem-capacidade-tecnica-tatica-e-lideranca\/\"},\"wordCount\":212,\"commentCount\":4,\"image\":{\"@id\":\"https:\/\/www.gaveanews.com\/index.php\/2020\/06\/02\/idolo-do-flamengo-rasga-elogios-para-everton-ribeiro-tem-capacidade-tecnica-tatica-e-lideranca\/#primaryimage\"},\"thumbnailUrl\":\"https:\/\/www.gaveanews.com\/wp-content\/uploads\/Everton-Ribeiro-em-acao-pelo-Flamengo.webp\",\"articleSection\":[\"Flamengo\"],\"inLanguage\":\"pt-BR\",\"potentialAction\":[{\"@type\":\"CommentAction\",\"name\":\"Comment\",\"target\":[\"https:\/\/www.gaveanews.com\/index.php\/2020\/06\/02\/idolo-do-flamengo-rasga-elogios-para-everton-ribeiro-tem-capacidade-tecnica-tatica-e-lideranca\/#respond\"]}],\"copyrightYear\":\"2020\",\"copyrightHolder\":{\"@id\":\"https:\/\/www.gaveanews.com\/#organization\"}},{\"@type\":\"WebPage\",\"@id\":\"https:\/\/www.gaveanews.com\/index.php\/2020\/06\/02\/idolo-do-flamengo-rasga-elogios-para-everton-ribeiro-tem-capacidade-tecnica-tatica-e-lideranca\/\",\"url\":\"https:\/\/www.gaveanews.com\/index.php\/2020\/06\/02\/idolo-do-flamengo-rasga-elogios-para-everton-ribeiro-tem-capacidade-tecnica-tatica-e-lideranca\/\",\"name\":\"\u00cddolo do Flamengo rasga elogios para Everton Ribeiro: \\\"Tem capacidade t\u00e9cnica, t\u00e1tica e lideran\u00e7a\\\"\",\"isPartOf\":{\"@id\":\"https:\/\/www.gaveanews.com\/#website\"},\"primaryImageOfPage\":{\"@id\":\"https:\/\/www.gaveanews.com\/index.php\/2020\/06\/02\/idolo-do-flamengo-rasga-elogios-para-everton-ribeiro-tem-capacidade-tecnica-tatica-e-lideranca\/#primaryimage\"},\"image\":{\"@id\":\"https:\/\/www.gaveanews.com\/index.php\/2020\/06\/02\/idolo-do-flamengo-rasga-elogios-para-everton-ribeiro-tem-capacidade-tecnica-tatica-e-lideranca\/#primaryimage\"},\"thumbnailUrl\":\"https:\/\/www.gaveanews.com\/wp-content\/uploads\/Everton-Ribeiro-em-acao-pelo-Flamengo.webp\",\"datePublished\":\"2020-06-02T18:35:07+00:00\",\"dateModified\":\"2020-06-02T18:35:08+00:00\",\"author\":{\"@id\":\"https:\/\/www.gaveanews.com\/#\/schema\/person\/2ec14f73fb96be2caf28f91afb14749d\"},\"breadcrumb\":{\"@id\":\"https:\/\/www.gaveanews.com\/index.php\/2020\/06\/02\/idolo-do-flamengo-rasga-elogios-para-everton-ribeiro-tem-capacidade-tecnica-tatica-e-lideranca\/#breadcrumb\"},\"inLanguage\":\"pt-BR\",\"potentialAction\":[{\"@type\":\"ReadAction\",\"target\":[\"https:\/\/www.gaveanews.com\/index.php\/2020\/06\/02\/idolo-do-flamengo-rasga-elogios-para-everton-ribeiro-tem-capacidade-tecnica-tatica-e-lideranca\/\"]}]},{\"@type\":\"ImageObject\",\"inLanguage\":\"pt-BR\",\"@id\":\"https:\/\/www.gaveanews.com\/index.php\/2020\/06\/02\/idolo-do-flamengo-rasga-elogios-para-everton-ribeiro-tem-capacidade-tecnica-tatica-e-lideranca\/#primaryimage\",\"url\":\"https:\/\/www.gaveanews.com\/wp-content\/uploads\/Everton-Ribeiro-em-acao-pelo-Flamengo.webp\",\"contentUrl\":\"https:\/\/www.gaveanews.com\/wp-content\/uploads\/Everton-Ribeiro-em-acao-pelo-Flamengo.webp\",\"caption\":\"Everton Ribeiro em a\u00e7\u00e3o pelo Flamengo (Foto: Alexandre Vidal\/Flamengo)\"},{\"@type\":\"BreadcrumbList\",\"@id\":\"https:\/\/www.gaveanews.com\/index.php\/2020\/06\/02\/idolo-do-flamengo-rasga-elogios-para-everton-ribeiro-tem-capacidade-tecnica-tatica-e-lideranca\/#breadcrumb\",\"itemListElement\":[{\"@type\":\"ListItem\",\"position\":1,\"name\":\"Home\",\"item\":\"https:\/\/www.gaveanews.com\/\"},{\"@type\":\"ListItem\",\"position\":2,\"name\":\"\u00cddolo do Flamengo rasga elogios para Everton Ribeiro: &#8220;Tem capacidade t\u00e9cnica, t\u00e1tica e lideran\u00e7a&#8221;\"}]},{\"@type\":\"WebSite\",\"@id\":\"https:\/\/www.gaveanews.com\/#website\",\"url\":\"https:\/\/www.gaveanews.com\/\",\"name\":\"G\u00e1vea News\",\"description\":\"Veja todas as not\u00edcias sobre o Flamengo: Contrata\u00e7\u00f5es, categorias de base, resultados das partidas, tabela de classifica\u00e7\u00e3o, pr\u00f3ximos jogos!\",\"potentialAction\":[{\"@type\":\"SearchAction\",\"target\":{\"@type\":\"EntryPoint\",\"urlTemplate\":\"https:\/\/www.gaveanews.com\/?s={search_term_string}\"},\"query-input\":{\"@type\":\"PropertyValueSpecification\",\"valueRequired\":true,\"valueName\":\"search_term_string\"}}],\"inLanguage\":\"pt-BR\"},{\"@type\":\"Person\",\"@id\":\"https:\/\/www.gaveanews.com\/#\/schema\/person\/2ec14f73fb96be2caf28f91afb14749d\",\"name\":\"Equipe G\u00e1vea News\",\"image\":{\"@type\":\"ImageObject\",\"inLanguage\":\"pt-BR\",\"@id\":\"https:\/\/www.gaveanews.com\/#\/schema\/person\/image\/\",\"url\":\"https:\/\/secure.gravatar.com\/avatar\/1e1956f1facbffd3f8fa53a326721950116b3b9dc9bd44939c01180fd4a745a9?s=96&d=mm&r=g\",\"contentUrl\":\"https:\/\/secure.gravatar.com\/avatar\/1e1956f1facbffd3f8fa53a326721950116b3b9dc9bd44939c01180fd4a745a9?s=96&d=mm&r=g\",\"caption\":\"Equipe G\u00e1vea News\"}}]}<\/script>\n<!-- \/ Yoast SEO Premium plugin. -->","yoast_head_json":{"title":"\u00cddolo do Flamengo rasga elogios para Everton Ribeiro: \"Tem capacidade t\u00e9cnica, t\u00e1tica e lideran\u00e7a\"","robots":{"index":"index","follow":"follow","max-snippet":"max-snippet:-1","max-image-preview":"max-image-preview:large","max-video-preview":"max-video-preview:-1"},"canonical":"https:\/\/www.gaveanews.com\/index.php\/2020\/06\/02\/idolo-do-flamengo-rasga-elogios-para-everton-ribeiro-tem-capacidade-tecnica-tatica-e-lideranca\/","og_locale":"pt_BR","og_type":"article","og_title":"\u00cddolo do Flamengo rasga elogios para Everton Ribeiro: \"Tem capacidade t\u00e9cnica, t\u00e1tica e lideran\u00e7a\"","og_description":"Um dos principais jogadores do Flamengo nos \u00faltimos anos, Everton Ribeiro cresceu ainda mais sob comando de Jorge Jesus e, para muitos, j\u00e1 \u00e9 \u00eddolo no Rubro-Negro. Em entrevista ao Fox Sports, o ex-jogador S\u00e1vio rasgou elogios ao camisa 7 do Flamengo, e revelou ser um f\u00e3 do futebol apresentado por Everton. &#8220;Eu n\u00e3o consigo [&hellip;]","og_url":"https:\/\/www.gaveanews.com\/index.php\/2020\/06\/02\/idolo-do-flamengo-rasga-elogios-para-everton-ribeiro-tem-capacidade-tecnica-tatica-e-lideranca\/","og_site_name":"G\u00e1vea News","article_publisher":"https:\/\/facebook.com\/gaveaNews\/","article_published_time":"2020-06-02T18:35:07+00:00","article_modified_time":"2020-06-02T18:35:08+00:00","og_image":[{"url":"https:\/\/www.gaveanews.com\/wp-content\/uploads\/Everton-Ribeiro-em-acao-pelo-Flamengo.webp","width":1,"height":1,"type":"image\/jpeg"}],"author":"Equipe G\u00e1vea News","twitter_card":"summary_large_image","twitter_misc":{"Escrito por":"Equipe G\u00e1vea News","Est. tempo de leitura":"1 minuto"},"schema":{"@context":"https:\/\/schema.org","@graph":[{"@type":"NewsArticle","@id":"https:\/\/www.gaveanews.com\/index.php\/2020\/06\/02\/idolo-do-flamengo-rasga-elogios-para-everton-ribeiro-tem-capacidade-tecnica-tatica-e-lideranca\/#article","isPartOf":{"@id":"https:\/\/www.gaveanews.com\/index.php\/2020\/06\/02\/idolo-do-flamengo-rasga-elogios-para-everton-ribeiro-tem-capacidade-tecnica-tatica-e-lideranca\/"},"author":{"name":"Equipe G\u00e1vea News","@id":"https:\/\/www.gaveanews.com\/#\/schema\/person\/2ec14f73fb96be2caf28f91afb14749d"},"headline":"\u00cddolo do Flamengo rasga elogios para Everton Ribeiro: &#8220;Tem capacidade t\u00e9cnica, t\u00e1tica e lideran\u00e7a&#8221;","datePublished":"2020-06-02T18:35:07+00:00","dateModified":"2020-06-02T18:35:08+00:00","mainEntityOfPage":{"@id":"https:\/\/www.gaveanews.com\/index.php\/2020\/06\/02\/idolo-do-flamengo-rasga-elogios-para-everton-ribeiro-tem-capacidade-tecnica-tatica-e-lideranca\/"},"wordCount":212,"commentCount":4,"image":{"@id":"https:\/\/www.gaveanews.com\/index.php\/2020\/06\/02\/idolo-do-flamengo-rasga-elogios-para-everton-ribeiro-tem-capacidade-tecnica-tatica-e-lideranca\/#primaryimage"},"thumbnailUrl":"https:\/\/www.gaveanews.com\/wp-content\/uploads\/Everton-Ribeiro-em-acao-pelo-Flamengo.webp","articleSection":["Flamengo"],"inLanguage":"pt-BR","potentialAction":[{"@type":"CommentAction","name":"Comment","target":["https:\/\/www.gaveanews.com\/index.php\/2020\/06\/02\/idolo-do-flamengo-rasga-elogios-para-everton-ribeiro-tem-capacidade-tecnica-tatica-e-lideranca\/#respond"]}],"copyrightYear":"2020","copyrightHolder":{"@id":"https:\/\/www.gaveanews.com\/#organization"}},{"@type":"WebPage","@id":"https:\/\/www.gaveanews.com\/index.php\/2020\/06\/02\/idolo-do-flamengo-rasga-elogios-para-everton-ribeiro-tem-capacidade-tecnica-tatica-e-lideranca\/","url":"https:\/\/www.gaveanews.com\/index.php\/2020\/06\/02\/idolo-do-flamengo-rasga-elogios-para-everton-ribeiro-tem-capacidade-tecnica-tatica-e-lideranca\/","name":"\u00cddolo do Flamengo rasga elogios para Everton Ribeiro: \"Tem capacidade t\u00e9cnica, t\u00e1tica e lideran\u00e7a\"","isPartOf":{"@id":"https:\/\/www.gaveanews.com\/#website"},"primaryImageOfPage":{"@id":"https:\/\/www.gaveanews.com\/index.php\/2020\/06\/02\/idolo-do-flamengo-rasga-elogios-para-everton-ribeiro-tem-capacidade-tecnica-tatica-e-lideranca\/#primaryimage"},"image":{"@id":"https:\/\/www.gaveanews.com\/index.php\/2020\/06\/02\/idolo-do-flamengo-rasga-elogios-para-everton-ribeiro-tem-capacidade-tecnica-tatica-e-lideranca\/#primaryimage"},"thumbnailUrl":"https:\/\/www.gaveanews.com\/wp-content\/uploads\/Everton-Ribeiro-em-acao-pelo-Flamengo.webp","datePublished":"2020-06-02T18:35:07+00:00","dateModified":"2020-06-02T18:35:08+00:00","author":{"@id":"https:\/\/www.gaveanews.com\/#\/schema\/person\/2ec14f73fb96be2caf28f91afb14749d"},"breadcrumb":{"@id":"https:\/\/www.gaveanews.com\/index.php\/2020\/06\/02\/idolo-do-flamengo-rasga-elogios-para-everton-ribeiro-tem-capacidade-tecnica-tatica-e-lideranca\/#breadcrumb"},"inLanguage":"pt-BR","potentialAction":[{"@type":"ReadAction","target":["https:\/\/www.gaveanews.com\/index.php\/2020\/06\/02\/idolo-do-flamengo-rasga-elogios-para-everton-ribeiro-tem-capacidade-tecnica-tatica-e-lideranca\/"]}]},{"@type":"ImageObject","inLanguage":"pt-BR","@id":"https:\/\/www.gaveanews.com\/index.php\/2020\/06\/02\/idolo-do-flamengo-rasga-elogios-para-everton-ribeiro-tem-capacidade-tecnica-tatica-e-lideranca\/#primaryimage","url":"https:\/\/www.gaveanews.com\/wp-content\/uploads\/Everton-Ribeiro-em-acao-pelo-Flamengo.webp","contentUrl":"https:\/\/www.gaveanews.com\/wp-content\/uploads\/Everton-Ribeiro-em-acao-pelo-Flamengo.webp","caption":"Everton Ribeiro em a\u00e7\u00e3o pelo Flamengo (Foto: Alexandre Vidal\/Flamengo)"},{"@type":"BreadcrumbList","@id":"https:\/\/www.gaveanews.com\/index.php\/2020\/06\/02\/idolo-do-flamengo-rasga-elogios-para-everton-ribeiro-tem-capacidade-tecnica-tatica-e-lideranca\/#breadcrumb","itemListElement":[{"@type":"ListItem","position":1,"name":"Home","item":"https:\/\/www.gaveanews.com\/"},{"@type":"ListItem","position":2,"name":"\u00cddolo do Flamengo rasga elogios para Everton Ribeiro: &#8220;Tem capacidade t\u00e9cnica, t\u00e1tica e lideran\u00e7a&#8221;"}]},{"@type":"WebSite","@id":"https:\/\/www.gaveanews.com\/#website","url":"https:\/\/www.gaveanews.com\/","name":"G\u00e1vea News","description":"Veja todas as not\u00edcias sobre o Flamengo: Contrata\u00e7\u00f5es, categorias de base, resultados das partidas, tabela de classifica\u00e7\u00e3o, pr\u00f3ximos jogos!","potentialAction":[{"@type":"SearchAction","target":{"@type":"EntryPoint","urlTemplate":"https:\/\/www.gaveanews.com\/?s={search_term_string}"},"query-input":{"@type":"PropertyValueSpecification","valueRequired":true,"valueName":"search_term_string"}}],"inLanguage":"pt-BR"},{"@type":"Person","@id":"https:\/\/www.gaveanews.com\/#\/schema\/person\/2ec14f73fb96be2caf28f91afb14749d","name":"Equipe G\u00e1vea News","image":{"@type":"ImageObject","inLanguage":"pt-BR","@id":"https:\/\/www.gaveanews.com\/#\/schema\/person\/image\/","url":"https:\/\/secure.gravatar.com\/avatar\/1e1956f1facbffd3f8fa53a326721950116b3b9dc9bd44939c01180fd4a745a9?s=96&d=mm&r=g","contentUrl":"https:\/\/secure.gravatar.com\/avatar\/1e1956f1facbffd3f8fa53a326721950116b3b9dc9bd44939c01180fd4a745a9?s=96&d=mm&r=g","caption":"Equipe G\u00e1vea News"}}]}},"_links":{"self":[{"href":"https:\/\/www.gaveanews.com\/index.php\/wp-json\/wp\/v2\/posts\/41180","targetHints":{"allow":["GET"]}}],"collection":[{"href":"https:\/\/www.gaveanews.com\/index.php\/wp-json\/wp\/v2\/posts"}],"about":[{"href":"https:\/\/www.gaveanews.com\/index.php\/wp-json\/wp\/v2\/types\/post"}],"author":[{"embeddable":true,"href":"https:\/\/www.gaveanews.com\/index.php\/wp-json\/wp\/v2\/users\/1"}],"replies":[{"embeddable":true,"href":"https:\/\/www.gaveanews.com\/index.php\/wp-json\/wp\/v2\/comments?post=41180"}],"version-history":[{"count":0,"href":"https:\/\/www.gaveanews.com\/index.php\/wp-json\/wp\/v2\/posts\/41180\/revisions"}],"wp:featuredmedia":[{"embeddable":true,"href":"https:\/\/www.gaveanews.com\/index.php\/wp-json\/wp\/v2\/media\/28037"}],"wp:attachment":[{"href":"https:\/\/www.gaveanews.com\/index.php\/wp-json\/wp\/v2\/media?parent=41180"}],"wp:term":[{"taxonomy":"category","embeddable":true,"href":"https:\/\/www.gaveanews.com\/index.php\/wp-json\/wp\/v2\/categories?post=41180"},{"taxonomy":"post_tag","embeddable":true,"href":"https:\/\/www.gaveanews.com\/index.php\/wp-json\/wp\/v2\/tags?post=41180"}],"curies":[{"name":"wp","href":"https:\/\/api.w.org\/{rel}","templated":true}]}}