{"id":41185,"date":"2020-06-02T18:10:36","date_gmt":"2020-06-02T21:10:36","guid":{"rendered":"https:\/\/www.gaveanews.com\/?p=41185"},"modified":"2020-06-02T18:25:13","modified_gmt":"2020-06-02T21:25:13","slug":"fim-da-espera-jorge-jesus-renova-o-seu-contrato-com-o-flamengo","status":"publish","type":"post","link":"https:\/\/www.gaveanews.com\/index.php\/2020\/06\/02\/fim-da-espera-jorge-jesus-renova-o-seu-contrato-com-o-flamengo\/","title":{"rendered":"Fim da espera! Jorge Jesus renova o seu contrato com o Flamengo; veja detalhes"},"content":{"rendered":"\n<p>Arrastas aparadas, documentos em fase de reda\u00e7\u00e3o. Flamengo e Jorge Jesus entraram em consenso para renova\u00e7\u00e3o de contrato por um ano. Em reuni\u00e3o realizada nesta ter\u00e7a-feira, ficou definido que o novo v\u00ednculo do treinador portugu\u00eas vai at\u00e9 junho de 2021, com cl\u00e1usulas que permitem a libera\u00e7\u00e3o mediante ofertas de clubes pr\u00e9-determinados do futebol europeu.<\/p>\n\n\n\n<p>Desde os primeiros encontros ap\u00f3s o retorno de Jorge Jesus ao Flamengo, dia 1\u00ba de maio, ficou escancarado o desejo m\u00fatuo de continuidade. O Mister, por sua vez, fez quest\u00e3o de amarrar bem o contrato para a possibilidade de assumir um gigante europeu e tamb\u00e9m se cercar a respeito de varia\u00e7\u00f5es cambiais por conta do impacto econ\u00f4mico da pandemia do coronav\u00edrus.<\/p>\n\n\n\n<p>H\u00e1 cerca de duas semanas, a sensa\u00e7\u00e3o nos bastidores era de que o acerto seria quest\u00e3o de tempo, mas problemas pessoais de partes envolvidas adiaram novas reuni\u00f5es presenciais. Havia ainda pend\u00eancias a respeito de pagamentos do contrato em vigor que o Mister fez quest\u00e3o de que fossem resolvidas antes de bater o martelo para o novo v\u00ednculo.<\/p>\n\n\n\n<figure class=\"wp-block-embed-instagram wp-block-embed is-type-rich is-provider-instagram\"><div class=\"wp-block-embed__wrapper\">\nhttps:\/\/www.instagram.com\/p\/CA8oNDxBLLf\/\n<\/div><\/figure>\n\n\n\n<p>Jorge Jesus completou um ano no Flamengo na \u00faltima segunda-feira, com 51 jogos, 38 vit\u00f3rias, nove empates e quatro derrotas. Sob o comando do portugu\u00eas, a equipe marcou 118 gols e sofreu 45, sendo campe\u00e3 da Libertadores, do Brasileir\u00e3o, da Recopa e da Supercopa do Brasil. O Mister segue acompanhado de seis membros de sua comiss\u00e3o t\u00e9cnica particular.<\/p>\n\n\n\n<h2 class=\"wp-block-heading\">Bastidores agitados<\/h2>\n\n\n\n<p>Al\u00e9m da renova\u00e7\u00e3o de Jesus, outro assunto agita os bastidores na G\u00e1vea. Isso porque, os mandat\u00e1rios flamenguistas tamb\u00e9m negociam a chegada da Amazon para o patroc\u00ednio master. \u00c9 importante destacar que Amazon, j\u00e1 est\u00e1 comercializando diversos produtos oficiais do Flamengo. Dentre as promo\u00e7\u00f5es, podemos citar as camisas. Com v\u00e1rias promo\u00e7\u00f5es, alguns modelos podem ser comprados por apenas R$ 69,99 (<a rel=\"noreferrer noopener\" href=\"https:\/\/amzn.to\/2zztvVp\" target=\"_blank\"><strong>clique aqui para comprar<\/strong><\/a>). Outro produto que merece ser destacado, \u00e9 o \u00e1lbum de figurinhas do Meng\u00e3o, que est\u00e1 sendo vendido por 38 reais e 30 centavos (<a rel=\"noreferrer noopener\" href=\"https:\/\/amzn.to\/2M8UYQn\" target=\"_blank\"><strong>clique aqui para comprar o seu<\/strong><\/a>).<\/p>\n\n\n\n<p>Adaptado de: Globo Esporte<\/p>\n","protected":false},"excerpt":{"rendered":"<p>Arrastas aparadas, documentos em fase de reda\u00e7\u00e3o. Flamengo e Jorge Jesus entraram em consenso para renova\u00e7\u00e3o de contrato por um ano. Em reuni\u00e3o realizada nesta ter\u00e7a-feira, ficou definido que o novo v\u00ednculo do treinador portugu\u00eas vai at\u00e9 junho de 2021, com cl\u00e1usulas que permitem a libera\u00e7\u00e3o mediante ofertas de clubes pr\u00e9-determinados do futebol europeu. Desde [&hellip;]<\/p>\n","protected":false},"author":1,"featured_media":28883,"comment_status":"open","ping_status":"closed","sticky":false,"template":"","format":"standard","meta":{"footnotes":""},"categories":[1],"tags":[],"class_list":["post-41185","post","type-post","status-publish","format-standard","has-post-thumbnail","hentry","category-flamengo"],"yoast_head":"<!-- This site is optimized with the Yoast SEO Premium plugin v24.2 (Yoast SEO v26.9) - https:\/\/yoast.com\/product\/yoast-seo-premium-wordpress\/ -->\n<title>Fim da espera! Jorge Jesus renova o seu contrato com o Flamengo; veja detalhes<\/title>\n<meta name=\"robots\" content=\"index, follow, max-snippet:-1, max-image-preview:large, max-video-preview:-1\" \/>\n<link rel=\"canonical\" href=\"https:\/\/www.gaveanews.com\/index.php\/2020\/06\/02\/fim-da-espera-jorge-jesus-renova-o-seu-contrato-com-o-flamengo\/\" \/>\n<meta property=\"og:locale\" content=\"pt_BR\" \/>\n<meta property=\"og:type\" content=\"article\" \/>\n<meta property=\"og:title\" content=\"Fim da espera! Jorge Jesus renova o seu contrato com o Flamengo; veja detalhes\" \/>\n<meta property=\"og:description\" content=\"Arrastas aparadas, documentos em fase de reda\u00e7\u00e3o. Flamengo e Jorge Jesus entraram em consenso para renova\u00e7\u00e3o de contrato por um ano. Em reuni\u00e3o realizada nesta ter\u00e7a-feira, ficou definido que o novo v\u00ednculo do treinador portugu\u00eas vai at\u00e9 junho de 2021, com cl\u00e1usulas que permitem a libera\u00e7\u00e3o mediante ofertas de clubes pr\u00e9-determinados do futebol europeu. Desde [&hellip;]\" \/>\n<meta property=\"og:url\" content=\"https:\/\/www.gaveanews.com\/index.php\/2020\/06\/02\/fim-da-espera-jorge-jesus-renova-o-seu-contrato-com-o-flamengo\/\" \/>\n<meta property=\"og:site_name\" content=\"G\u00e1vea News\" \/>\n<meta property=\"article:publisher\" content=\"https:\/\/facebook.com\/gaveaNews\/\" \/>\n<meta property=\"article:published_time\" content=\"2020-06-02T21:10:36+00:00\" \/>\n<meta property=\"article:modified_time\" content=\"2020-06-02T21:25:13+00:00\" \/>\n<meta property=\"og:image\" content=\"https:\/\/www.gaveanews.com\/wp-content\/uploads\/Tecnico-Jorge-Jesus-durante-uma-partida-do-Flamengo.webp\" \/>\n\t<meta property=\"og:image:width\" content=\"1\" \/>\n\t<meta property=\"og:image:height\" content=\"1\" \/>\n\t<meta property=\"og:image:type\" content=\"image\/jpeg\" \/>\n<meta name=\"author\" content=\"Equipe G\u00e1vea News\" \/>\n<meta name=\"twitter:card\" content=\"summary_large_image\" \/>\n<meta name=\"twitter:label1\" content=\"Escrito por\" \/>\n\t<meta name=\"twitter:data1\" content=\"Equipe G\u00e1vea News\" \/>\n\t<meta name=\"twitter:label2\" content=\"Est. tempo de leitura\" \/>\n\t<meta name=\"twitter:data2\" content=\"2 minutos\" \/>\n<script type=\"application\/ld+json\" class=\"yoast-schema-graph\">{\"@context\":\"https:\/\/schema.org\",\"@graph\":[{\"@type\":\"NewsArticle\",\"@id\":\"https:\/\/www.gaveanews.com\/index.php\/2020\/06\/02\/fim-da-espera-jorge-jesus-renova-o-seu-contrato-com-o-flamengo\/#article\",\"isPartOf\":{\"@id\":\"https:\/\/www.gaveanews.com\/index.php\/2020\/06\/02\/fim-da-espera-jorge-jesus-renova-o-seu-contrato-com-o-flamengo\/\"},\"author\":{\"name\":\"Equipe G\u00e1vea News\",\"@id\":\"https:\/\/www.gaveanews.com\/#\/schema\/person\/2ec14f73fb96be2caf28f91afb14749d\"},\"headline\":\"Fim da espera! Jorge Jesus renova o seu contrato com o Flamengo; veja detalhes\",\"datePublished\":\"2020-06-02T21:10:36+00:00\",\"dateModified\":\"2020-06-02T21:25:13+00:00\",\"mainEntityOfPage\":{\"@id\":\"https:\/\/www.gaveanews.com\/index.php\/2020\/06\/02\/fim-da-espera-jorge-jesus-renova-o-seu-contrato-com-o-flamengo\/\"},\"wordCount\":375,\"commentCount\":53,\"image\":{\"@id\":\"https:\/\/www.gaveanews.com\/index.php\/2020\/06\/02\/fim-da-espera-jorge-jesus-renova-o-seu-contrato-com-o-flamengo\/#primaryimage\"},\"thumbnailUrl\":\"https:\/\/www.gaveanews.com\/wp-content\/uploads\/Tecnico-Jorge-Jesus-durante-uma-partida-do-Flamengo.webp\",\"articleSection\":[\"Flamengo\"],\"inLanguage\":\"pt-BR\",\"potentialAction\":[{\"@type\":\"CommentAction\",\"name\":\"Comment\",\"target\":[\"https:\/\/www.gaveanews.com\/index.php\/2020\/06\/02\/fim-da-espera-jorge-jesus-renova-o-seu-contrato-com-o-flamengo\/#respond\"]}],\"copyrightYear\":\"2020\",\"copyrightHolder\":{\"@id\":\"https:\/\/www.gaveanews.com\/#organization\"}},{\"@type\":\"WebPage\",\"@id\":\"https:\/\/www.gaveanews.com\/index.php\/2020\/06\/02\/fim-da-espera-jorge-jesus-renova-o-seu-contrato-com-o-flamengo\/\",\"url\":\"https:\/\/www.gaveanews.com\/index.php\/2020\/06\/02\/fim-da-espera-jorge-jesus-renova-o-seu-contrato-com-o-flamengo\/\",\"name\":\"Fim da espera! Jorge Jesus renova o seu contrato com o Flamengo; veja detalhes\",\"isPartOf\":{\"@id\":\"https:\/\/www.gaveanews.com\/#website\"},\"primaryImageOfPage\":{\"@id\":\"https:\/\/www.gaveanews.com\/index.php\/2020\/06\/02\/fim-da-espera-jorge-jesus-renova-o-seu-contrato-com-o-flamengo\/#primaryimage\"},\"image\":{\"@id\":\"https:\/\/www.gaveanews.com\/index.php\/2020\/06\/02\/fim-da-espera-jorge-jesus-renova-o-seu-contrato-com-o-flamengo\/#primaryimage\"},\"thumbnailUrl\":\"https:\/\/www.gaveanews.com\/wp-content\/uploads\/Tecnico-Jorge-Jesus-durante-uma-partida-do-Flamengo.webp\",\"datePublished\":\"2020-06-02T21:10:36+00:00\",\"dateModified\":\"2020-06-02T21:25:13+00:00\",\"author\":{\"@id\":\"https:\/\/www.gaveanews.com\/#\/schema\/person\/2ec14f73fb96be2caf28f91afb14749d\"},\"breadcrumb\":{\"@id\":\"https:\/\/www.gaveanews.com\/index.php\/2020\/06\/02\/fim-da-espera-jorge-jesus-renova-o-seu-contrato-com-o-flamengo\/#breadcrumb\"},\"inLanguage\":\"pt-BR\",\"potentialAction\":[{\"@type\":\"ReadAction\",\"target\":[\"https:\/\/www.gaveanews.com\/index.php\/2020\/06\/02\/fim-da-espera-jorge-jesus-renova-o-seu-contrato-com-o-flamengo\/\"]}]},{\"@type\":\"ImageObject\",\"inLanguage\":\"pt-BR\",\"@id\":\"https:\/\/www.gaveanews.com\/index.php\/2020\/06\/02\/fim-da-espera-jorge-jesus-renova-o-seu-contrato-com-o-flamengo\/#primaryimage\",\"url\":\"https:\/\/www.gaveanews.com\/wp-content\/uploads\/Tecnico-Jorge-Jesus-durante-uma-partida-do-Flamengo.webp\",\"contentUrl\":\"https:\/\/www.gaveanews.com\/wp-content\/uploads\/Tecnico-Jorge-Jesus-durante-uma-partida-do-Flamengo.webp\",\"width\":900,\"height\":600,\"caption\":\"T\u00e9cnico Jorge Jesus durante uma partida do Flamengo (Foto: Reprodu\u00e7\u00e3o\/Flamengo)\"},{\"@type\":\"BreadcrumbList\",\"@id\":\"https:\/\/www.gaveanews.com\/index.php\/2020\/06\/02\/fim-da-espera-jorge-jesus-renova-o-seu-contrato-com-o-flamengo\/#breadcrumb\",\"itemListElement\":[{\"@type\":\"ListItem\",\"position\":1,\"name\":\"Home\",\"item\":\"https:\/\/www.gaveanews.com\/\"},{\"@type\":\"ListItem\",\"position\":2,\"name\":\"Fim da espera! Jorge Jesus renova o seu contrato com o Flamengo; veja detalhes\"}]},{\"@type\":\"WebSite\",\"@id\":\"https:\/\/www.gaveanews.com\/#website\",\"url\":\"https:\/\/www.gaveanews.com\/\",\"name\":\"G\u00e1vea News\",\"description\":\"Veja todas as not\u00edcias sobre o Flamengo: Contrata\u00e7\u00f5es, categorias de base, resultados das partidas, tabela de classifica\u00e7\u00e3o, pr\u00f3ximos jogos!\",\"potentialAction\":[{\"@type\":\"SearchAction\",\"target\":{\"@type\":\"EntryPoint\",\"urlTemplate\":\"https:\/\/www.gaveanews.com\/?s={search_term_string}\"},\"query-input\":{\"@type\":\"PropertyValueSpecification\",\"valueRequired\":true,\"valueName\":\"search_term_string\"}}],\"inLanguage\":\"pt-BR\"},{\"@type\":\"Person\",\"@id\":\"https:\/\/www.gaveanews.com\/#\/schema\/person\/2ec14f73fb96be2caf28f91afb14749d\",\"name\":\"Equipe G\u00e1vea News\",\"image\":{\"@type\":\"ImageObject\",\"inLanguage\":\"pt-BR\",\"@id\":\"https:\/\/www.gaveanews.com\/#\/schema\/person\/image\/\",\"url\":\"https:\/\/secure.gravatar.com\/avatar\/1e1956f1facbffd3f8fa53a326721950116b3b9dc9bd44939c01180fd4a745a9?s=96&d=mm&r=g\",\"contentUrl\":\"https:\/\/secure.gravatar.com\/avatar\/1e1956f1facbffd3f8fa53a326721950116b3b9dc9bd44939c01180fd4a745a9?s=96&d=mm&r=g\",\"caption\":\"Equipe G\u00e1vea News\"}}]}<\/script>\n<!-- \/ Yoast SEO Premium plugin. -->","yoast_head_json":{"title":"Fim da espera! Jorge Jesus renova o seu contrato com o Flamengo; veja detalhes","robots":{"index":"index","follow":"follow","max-snippet":"max-snippet:-1","max-image-preview":"max-image-preview:large","max-video-preview":"max-video-preview:-1"},"canonical":"https:\/\/www.gaveanews.com\/index.php\/2020\/06\/02\/fim-da-espera-jorge-jesus-renova-o-seu-contrato-com-o-flamengo\/","og_locale":"pt_BR","og_type":"article","og_title":"Fim da espera! Jorge Jesus renova o seu contrato com o Flamengo; veja detalhes","og_description":"Arrastas aparadas, documentos em fase de reda\u00e7\u00e3o. Flamengo e Jorge Jesus entraram em consenso para renova\u00e7\u00e3o de contrato por um ano. Em reuni\u00e3o realizada nesta ter\u00e7a-feira, ficou definido que o novo v\u00ednculo do treinador portugu\u00eas vai at\u00e9 junho de 2021, com cl\u00e1usulas que permitem a libera\u00e7\u00e3o mediante ofertas de clubes pr\u00e9-determinados do futebol europeu. Desde [&hellip;]","og_url":"https:\/\/www.gaveanews.com\/index.php\/2020\/06\/02\/fim-da-espera-jorge-jesus-renova-o-seu-contrato-com-o-flamengo\/","og_site_name":"G\u00e1vea News","article_publisher":"https:\/\/facebook.com\/gaveaNews\/","article_published_time":"2020-06-02T21:10:36+00:00","article_modified_time":"2020-06-02T21:25:13+00:00","og_image":[{"url":"https:\/\/www.gaveanews.com\/wp-content\/uploads\/Tecnico-Jorge-Jesus-durante-uma-partida-do-Flamengo.webp","width":1,"height":1,"type":"image\/jpeg"}],"author":"Equipe G\u00e1vea News","twitter_card":"summary_large_image","twitter_misc":{"Escrito por":"Equipe G\u00e1vea News","Est. tempo de leitura":"2 minutos"},"schema":{"@context":"https:\/\/schema.org","@graph":[{"@type":"NewsArticle","@id":"https:\/\/www.gaveanews.com\/index.php\/2020\/06\/02\/fim-da-espera-jorge-jesus-renova-o-seu-contrato-com-o-flamengo\/#article","isPartOf":{"@id":"https:\/\/www.gaveanews.com\/index.php\/2020\/06\/02\/fim-da-espera-jorge-jesus-renova-o-seu-contrato-com-o-flamengo\/"},"author":{"name":"Equipe G\u00e1vea News","@id":"https:\/\/www.gaveanews.com\/#\/schema\/person\/2ec14f73fb96be2caf28f91afb14749d"},"headline":"Fim da espera! Jorge Jesus renova o seu contrato com o Flamengo; veja detalhes","datePublished":"2020-06-02T21:10:36+00:00","dateModified":"2020-06-02T21:25:13+00:00","mainEntityOfPage":{"@id":"https:\/\/www.gaveanews.com\/index.php\/2020\/06\/02\/fim-da-espera-jorge-jesus-renova-o-seu-contrato-com-o-flamengo\/"},"wordCount":375,"commentCount":53,"image":{"@id":"https:\/\/www.gaveanews.com\/index.php\/2020\/06\/02\/fim-da-espera-jorge-jesus-renova-o-seu-contrato-com-o-flamengo\/#primaryimage"},"thumbnailUrl":"https:\/\/www.gaveanews.com\/wp-content\/uploads\/Tecnico-Jorge-Jesus-durante-uma-partida-do-Flamengo.webp","articleSection":["Flamengo"],"inLanguage":"pt-BR","potentialAction":[{"@type":"CommentAction","name":"Comment","target":["https:\/\/www.gaveanews.com\/index.php\/2020\/06\/02\/fim-da-espera-jorge-jesus-renova-o-seu-contrato-com-o-flamengo\/#respond"]}],"copyrightYear":"2020","copyrightHolder":{"@id":"https:\/\/www.gaveanews.com\/#organization"}},{"@type":"WebPage","@id":"https:\/\/www.gaveanews.com\/index.php\/2020\/06\/02\/fim-da-espera-jorge-jesus-renova-o-seu-contrato-com-o-flamengo\/","url":"https:\/\/www.gaveanews.com\/index.php\/2020\/06\/02\/fim-da-espera-jorge-jesus-renova-o-seu-contrato-com-o-flamengo\/","name":"Fim da espera! Jorge Jesus renova o seu contrato com o Flamengo; veja detalhes","isPartOf":{"@id":"https:\/\/www.gaveanews.com\/#website"},"primaryImageOfPage":{"@id":"https:\/\/www.gaveanews.com\/index.php\/2020\/06\/02\/fim-da-espera-jorge-jesus-renova-o-seu-contrato-com-o-flamengo\/#primaryimage"},"image":{"@id":"https:\/\/www.gaveanews.com\/index.php\/2020\/06\/02\/fim-da-espera-jorge-jesus-renova-o-seu-contrato-com-o-flamengo\/#primaryimage"},"thumbnailUrl":"https:\/\/www.gaveanews.com\/wp-content\/uploads\/Tecnico-Jorge-Jesus-durante-uma-partida-do-Flamengo.webp","datePublished":"2020-06-02T21:10:36+00:00","dateModified":"2020-06-02T21:25:13+00:00","author":{"@id":"https:\/\/www.gaveanews.com\/#\/schema\/person\/2ec14f73fb96be2caf28f91afb14749d"},"breadcrumb":{"@id":"https:\/\/www.gaveanews.com\/index.php\/2020\/06\/02\/fim-da-espera-jorge-jesus-renova-o-seu-contrato-com-o-flamengo\/#breadcrumb"},"inLanguage":"pt-BR","potentialAction":[{"@type":"ReadAction","target":["https:\/\/www.gaveanews.com\/index.php\/2020\/06\/02\/fim-da-espera-jorge-jesus-renova-o-seu-contrato-com-o-flamengo\/"]}]},{"@type":"ImageObject","inLanguage":"pt-BR","@id":"https:\/\/www.gaveanews.com\/index.php\/2020\/06\/02\/fim-da-espera-jorge-jesus-renova-o-seu-contrato-com-o-flamengo\/#primaryimage","url":"https:\/\/www.gaveanews.com\/wp-content\/uploads\/Tecnico-Jorge-Jesus-durante-uma-partida-do-Flamengo.webp","contentUrl":"https:\/\/www.gaveanews.com\/wp-content\/uploads\/Tecnico-Jorge-Jesus-durante-uma-partida-do-Flamengo.webp","width":900,"height":600,"caption":"T\u00e9cnico Jorge Jesus durante uma partida do Flamengo (Foto: Reprodu\u00e7\u00e3o\/Flamengo)"},{"@type":"BreadcrumbList","@id":"https:\/\/www.gaveanews.com\/index.php\/2020\/06\/02\/fim-da-espera-jorge-jesus-renova-o-seu-contrato-com-o-flamengo\/#breadcrumb","itemListElement":[{"@type":"ListItem","position":1,"name":"Home","item":"https:\/\/www.gaveanews.com\/"},{"@type":"ListItem","position":2,"name":"Fim da espera! Jorge Jesus renova o seu contrato com o Flamengo; veja detalhes"}]},{"@type":"WebSite","@id":"https:\/\/www.gaveanews.com\/#website","url":"https:\/\/www.gaveanews.com\/","name":"G\u00e1vea News","description":"Veja todas as not\u00edcias sobre o Flamengo: Contrata\u00e7\u00f5es, categorias de base, resultados das partidas, tabela de classifica\u00e7\u00e3o, pr\u00f3ximos jogos!","potentialAction":[{"@type":"SearchAction","target":{"@type":"EntryPoint","urlTemplate":"https:\/\/www.gaveanews.com\/?s={search_term_string}"},"query-input":{"@type":"PropertyValueSpecification","valueRequired":true,"valueName":"search_term_string"}}],"inLanguage":"pt-BR"},{"@type":"Person","@id":"https:\/\/www.gaveanews.com\/#\/schema\/person\/2ec14f73fb96be2caf28f91afb14749d","name":"Equipe G\u00e1vea News","image":{"@type":"ImageObject","inLanguage":"pt-BR","@id":"https:\/\/www.gaveanews.com\/#\/schema\/person\/image\/","url":"https:\/\/secure.gravatar.com\/avatar\/1e1956f1facbffd3f8fa53a326721950116b3b9dc9bd44939c01180fd4a745a9?s=96&d=mm&r=g","contentUrl":"https:\/\/secure.gravatar.com\/avatar\/1e1956f1facbffd3f8fa53a326721950116b3b9dc9bd44939c01180fd4a745a9?s=96&d=mm&r=g","caption":"Equipe G\u00e1vea News"}}]}},"_links":{"self":[{"href":"https:\/\/www.gaveanews.com\/index.php\/wp-json\/wp\/v2\/posts\/41185","targetHints":{"allow":["GET"]}}],"collection":[{"href":"https:\/\/www.gaveanews.com\/index.php\/wp-json\/wp\/v2\/posts"}],"about":[{"href":"https:\/\/www.gaveanews.com\/index.php\/wp-json\/wp\/v2\/types\/post"}],"author":[{"embeddable":true,"href":"https:\/\/www.gaveanews.com\/index.php\/wp-json\/wp\/v2\/users\/1"}],"replies":[{"embeddable":true,"href":"https:\/\/www.gaveanews.com\/index.php\/wp-json\/wp\/v2\/comments?post=41185"}],"version-history":[{"count":0,"href":"https:\/\/www.gaveanews.com\/index.php\/wp-json\/wp\/v2\/posts\/41185\/revisions"}],"wp:featuredmedia":[{"embeddable":true,"href":"https:\/\/www.gaveanews.com\/index.php\/wp-json\/wp\/v2\/media\/28883"}],"wp:attachment":[{"href":"https:\/\/www.gaveanews.com\/index.php\/wp-json\/wp\/v2\/media?parent=41185"}],"wp:term":[{"taxonomy":"category","embeddable":true,"href":"https:\/\/www.gaveanews.com\/index.php\/wp-json\/wp\/v2\/categories?post=41185"},{"taxonomy":"post_tag","embeddable":true,"href":"https:\/\/www.gaveanews.com\/index.php\/wp-json\/wp\/v2\/tags?post=41185"}],"curies":[{"name":"wp","href":"https:\/\/api.w.org\/{rel}","templated":true}]}}