{"id":42445,"date":"2020-06-25T23:29:01","date_gmt":"2020-06-26T02:29:01","guid":{"rendered":"https:\/\/www.gaveanews.com\/?p=42445"},"modified":"2020-06-25T23:29:04","modified_gmt":"2020-06-26T02:29:04","slug":"adeus-agente-ve-meio-campista-desvalorizado-pelo-flamengo-e-revela-nao-ha-possibilidade-de-continuar","status":"publish","type":"post","link":"https:\/\/www.gaveanews.com\/index.php\/2020\/06\/25\/adeus-agente-ve-meio-campista-desvalorizado-pelo-flamengo-e-revela-nao-ha-possibilidade-de-continuar\/","title":{"rendered":"Adeus? Agente v\u00ea meio-campista desvalorizado pelo Flamengo e revela: \u201cN\u00e3o h\u00e1 possibilidade de continuar\u201d"},"content":{"rendered":"\n<p>A briga por posi\u00e7\u00e3o no Flamengo de Jorge Jesus tem sido t\u00e3o intensa nos \u00faltimos tempos que h\u00e1 jogadores que pouco conseguem jogar por n\u00e3o convencer o t\u00e9cnico portugu\u00eas. Um dele \u00e9 o volante Piris da Motta e o fato tem causado descontentamento no empres\u00e1rio Isidoro Gimenez.<\/p>\n\n\n\n<p>Em entrevista ao site Urubu Interativo, o agente n\u00e3o esconde que a atual situa\u00e7\u00e3o acabou desvalorizando o paraguaio a ponto de ter dificuldades para buscar novos ares para seu cliente. Afinal, se n\u00e3o joga, n\u00e3o tem visibilidade.<\/p>\n\n\n\n<p>\u201cA situa\u00e7\u00e3o do jogador no clube \u00e9 de p\u00fablico conhecimento. Hoje n\u00e3o h\u00e1 possibilidade de continuar assim\u201c, disse.<\/p>\n\n\n\n<p>\u201cAinda n\u00e3o existem clubes [interessador] porque o jogador est\u00e1 muito desvalorizado. \u00c9 dif\u00edcil conseguir um clube para um jogador valorizado. Imagina para um que n\u00e3o [joga]\u201c, completou.<\/p>\n\n\n\n<p>Curiosamente, a insatisfa\u00e7\u00e3o do agente de Piris da Motta se torna p\u00fablica no dia em que a extens\u00e3o autom\u00e1tica de seu v\u00ednculo at\u00e9 o fim de 2022 se tornou oficial no BID (Boletim Informativo Di\u00e1rio) da CBF.<\/p>\n\n\n\n<p>No come\u00e7o da temporada de 2020, Piris da Motta recebeu aval do Flamengo para negociar transfer\u00eancia com Am\u00e9rica, do M\u00e9xico, e San Lorenzo, da Argentina, mas ambos as conversas n\u00e3o avan\u00e7aram e o paraguaio permaneceu no grupo rubro-negro.<\/p>\n\n\n\n<p>Sem ter jogado em 2020, o volante paraguaio ocupa o status de terceiro reserva na disputa por vaga no meio de campo. Willian Ar\u00e3o \u00e9 o titular absoluto, Thiago Maia \u00e9 a sombra e o Piris ainda v\u00ea o jovem Vinicius Souza arrancar elogios de Jesus.<\/p>\n\n\n\n<h2 class=\"wp-block-heading\">N\u00fameros de Piris da Motta no Flamengo<\/h2>\n\n\n\n<p>Contratado em 2018 com status de revela\u00e7\u00e3o do futebol paraguaio para ocupar a vaga do vendido Jonas, Piris da Motta n\u00e3o caiu nas gra\u00e7as e oscilou nas chances que recebeu dos t\u00e9cnicos Mauricio Barbieri, Dorival J\u00fanior, Abel Braga e Jorge Jesus.<\/p>\n\n\n\n<p>Retirado de: Hastag Rubro Negro <\/p>\n","protected":false},"excerpt":{"rendered":"<p>A briga por posi\u00e7\u00e3o no Flamengo de Jorge Jesus tem sido t\u00e3o intensa nos \u00faltimos tempos que h\u00e1 jogadores que pouco conseguem jogar por n\u00e3o convencer o t\u00e9cnico portugu\u00eas. Um dele \u00e9 o volante Piris da Motta e o fato tem causado descontentamento no empres\u00e1rio Isidoro Gimenez. Em entrevista ao site Urubu Interativo, o agente [&hellip;]<\/p>\n","protected":false},"author":1,"featured_media":36215,"comment_status":"open","ping_status":"closed","sticky":false,"template":"","format":"standard","meta":{"footnotes":""},"categories":[1],"tags":[],"class_list":["post-42445","post","type-post","status-publish","format-standard","has-post-thumbnail","hentry","category-flamengo"],"yoast_head":"<!-- This site is optimized with the Yoast SEO Premium plugin v24.2 (Yoast SEO v26.9) - https:\/\/yoast.com\/product\/yoast-seo-premium-wordpress\/ -->\n<title>Adeus? Agente v\u00ea meio-campista desvalorizado pelo Flamengo e revela: \u201cN\u00e3o h\u00e1 possibilidade de continuar\u201d<\/title>\n<meta name=\"robots\" content=\"index, follow, max-snippet:-1, max-image-preview:large, max-video-preview:-1\" \/>\n<link rel=\"canonical\" href=\"https:\/\/www.gaveanews.com\/index.php\/2020\/06\/25\/adeus-agente-ve-meio-campista-desvalorizado-pelo-flamengo-e-revela-nao-ha-possibilidade-de-continuar\/\" \/>\n<meta property=\"og:locale\" content=\"pt_BR\" \/>\n<meta property=\"og:type\" content=\"article\" \/>\n<meta property=\"og:title\" content=\"Adeus? Agente v\u00ea meio-campista desvalorizado pelo Flamengo e revela: \u201cN\u00e3o h\u00e1 possibilidade de continuar\u201d\" \/>\n<meta property=\"og:description\" content=\"A briga por posi\u00e7\u00e3o no Flamengo de Jorge Jesus tem sido t\u00e3o intensa nos \u00faltimos tempos que h\u00e1 jogadores que pouco conseguem jogar por n\u00e3o convencer o t\u00e9cnico portugu\u00eas. Um dele \u00e9 o volante Piris da Motta e o fato tem causado descontentamento no empres\u00e1rio Isidoro Gimenez. Em entrevista ao site Urubu Interativo, o agente [&hellip;]\" \/>\n<meta property=\"og:url\" content=\"https:\/\/www.gaveanews.com\/index.php\/2020\/06\/25\/adeus-agente-ve-meio-campista-desvalorizado-pelo-flamengo-e-revela-nao-ha-possibilidade-de-continuar\/\" \/>\n<meta property=\"og:site_name\" content=\"G\u00e1vea News\" \/>\n<meta property=\"article:publisher\" content=\"https:\/\/facebook.com\/gaveaNews\/\" \/>\n<meta property=\"article:published_time\" content=\"2020-06-26T02:29:01+00:00\" \/>\n<meta property=\"article:modified_time\" content=\"2020-06-26T02:29:04+00:00\" \/>\n<meta property=\"og:image\" content=\"https:\/\/www.gaveanews.com\/wp-content\/uploads\/Piris-da-Motta-1024x682.webp\" \/>\n\t<meta property=\"og:image:width\" content=\"1024\" \/>\n\t<meta property=\"og:image:height\" content=\"682\" \/>\n\t<meta property=\"og:image:type\" content=\"image\/png\" \/>\n<meta name=\"author\" content=\"Equipe G\u00e1vea News\" \/>\n<meta name=\"twitter:card\" content=\"summary_large_image\" \/>\n<meta name=\"twitter:label1\" content=\"Escrito por\" \/>\n\t<meta name=\"twitter:data1\" content=\"Equipe G\u00e1vea News\" \/>\n\t<meta name=\"twitter:label2\" content=\"Est. tempo de leitura\" \/>\n\t<meta name=\"twitter:data2\" content=\"2 minutos\" \/>\n<script type=\"application\/ld+json\" class=\"yoast-schema-graph\">{\"@context\":\"https:\/\/schema.org\",\"@graph\":[{\"@type\":\"NewsArticle\",\"@id\":\"https:\/\/www.gaveanews.com\/index.php\/2020\/06\/25\/adeus-agente-ve-meio-campista-desvalorizado-pelo-flamengo-e-revela-nao-ha-possibilidade-de-continuar\/#article\",\"isPartOf\":{\"@id\":\"https:\/\/www.gaveanews.com\/index.php\/2020\/06\/25\/adeus-agente-ve-meio-campista-desvalorizado-pelo-flamengo-e-revela-nao-ha-possibilidade-de-continuar\/\"},\"author\":{\"name\":\"Equipe G\u00e1vea News\",\"@id\":\"https:\/\/www.gaveanews.com\/#\/schema\/person\/2ec14f73fb96be2caf28f91afb14749d\"},\"headline\":\"Adeus? Agente v\u00ea meio-campista desvalorizado pelo Flamengo e revela: \u201cN\u00e3o h\u00e1 possibilidade de continuar\u201d\",\"datePublished\":\"2020-06-26T02:29:01+00:00\",\"dateModified\":\"2020-06-26T02:29:04+00:00\",\"mainEntityOfPage\":{\"@id\":\"https:\/\/www.gaveanews.com\/index.php\/2020\/06\/25\/adeus-agente-ve-meio-campista-desvalorizado-pelo-flamengo-e-revela-nao-ha-possibilidade-de-continuar\/\"},\"wordCount\":344,\"commentCount\":24,\"image\":{\"@id\":\"https:\/\/www.gaveanews.com\/index.php\/2020\/06\/25\/adeus-agente-ve-meio-campista-desvalorizado-pelo-flamengo-e-revela-nao-ha-possibilidade-de-continuar\/#primaryimage\"},\"thumbnailUrl\":\"https:\/\/www.gaveanews.com\/wp-content\/uploads\/Piris-da-Motta.webp\",\"articleSection\":[\"Flamengo\"],\"inLanguage\":\"pt-BR\",\"potentialAction\":[{\"@type\":\"CommentAction\",\"name\":\"Comment\",\"target\":[\"https:\/\/www.gaveanews.com\/index.php\/2020\/06\/25\/adeus-agente-ve-meio-campista-desvalorizado-pelo-flamengo-e-revela-nao-ha-possibilidade-de-continuar\/#respond\"]}],\"copyrightYear\":\"2020\",\"copyrightHolder\":{\"@id\":\"https:\/\/www.gaveanews.com\/#organization\"}},{\"@type\":\"WebPage\",\"@id\":\"https:\/\/www.gaveanews.com\/index.php\/2020\/06\/25\/adeus-agente-ve-meio-campista-desvalorizado-pelo-flamengo-e-revela-nao-ha-possibilidade-de-continuar\/\",\"url\":\"https:\/\/www.gaveanews.com\/index.php\/2020\/06\/25\/adeus-agente-ve-meio-campista-desvalorizado-pelo-flamengo-e-revela-nao-ha-possibilidade-de-continuar\/\",\"name\":\"Adeus? Agente v\u00ea meio-campista desvalorizado pelo Flamengo e revela: \u201cN\u00e3o h\u00e1 possibilidade de continuar\u201d\",\"isPartOf\":{\"@id\":\"https:\/\/www.gaveanews.com\/#website\"},\"primaryImageOfPage\":{\"@id\":\"https:\/\/www.gaveanews.com\/index.php\/2020\/06\/25\/adeus-agente-ve-meio-campista-desvalorizado-pelo-flamengo-e-revela-nao-ha-possibilidade-de-continuar\/#primaryimage\"},\"image\":{\"@id\":\"https:\/\/www.gaveanews.com\/index.php\/2020\/06\/25\/adeus-agente-ve-meio-campista-desvalorizado-pelo-flamengo-e-revela-nao-ha-possibilidade-de-continuar\/#primaryimage\"},\"thumbnailUrl\":\"https:\/\/www.gaveanews.com\/wp-content\/uploads\/Piris-da-Motta.webp\",\"datePublished\":\"2020-06-26T02:29:01+00:00\",\"dateModified\":\"2020-06-26T02:29:04+00:00\",\"author\":{\"@id\":\"https:\/\/www.gaveanews.com\/#\/schema\/person\/2ec14f73fb96be2caf28f91afb14749d\"},\"breadcrumb\":{\"@id\":\"https:\/\/www.gaveanews.com\/index.php\/2020\/06\/25\/adeus-agente-ve-meio-campista-desvalorizado-pelo-flamengo-e-revela-nao-ha-possibilidade-de-continuar\/#breadcrumb\"},\"inLanguage\":\"pt-BR\",\"potentialAction\":[{\"@type\":\"ReadAction\",\"target\":[\"https:\/\/www.gaveanews.com\/index.php\/2020\/06\/25\/adeus-agente-ve-meio-campista-desvalorizado-pelo-flamengo-e-revela-nao-ha-possibilidade-de-continuar\/\"]}]},{\"@type\":\"ImageObject\",\"inLanguage\":\"pt-BR\",\"@id\":\"https:\/\/www.gaveanews.com\/index.php\/2020\/06\/25\/adeus-agente-ve-meio-campista-desvalorizado-pelo-flamengo-e-revela-nao-ha-possibilidade-de-continuar\/#primaryimage\",\"url\":\"https:\/\/www.gaveanews.com\/wp-content\/uploads\/Piris-da-Motta.webp\",\"contentUrl\":\"https:\/\/www.gaveanews.com\/wp-content\/uploads\/Piris-da-Motta.webp\",\"width\":1352,\"height\":901},{\"@type\":\"BreadcrumbList\",\"@id\":\"https:\/\/www.gaveanews.com\/index.php\/2020\/06\/25\/adeus-agente-ve-meio-campista-desvalorizado-pelo-flamengo-e-revela-nao-ha-possibilidade-de-continuar\/#breadcrumb\",\"itemListElement\":[{\"@type\":\"ListItem\",\"position\":1,\"name\":\"Home\",\"item\":\"https:\/\/www.gaveanews.com\/\"},{\"@type\":\"ListItem\",\"position\":2,\"name\":\"Adeus? Agente v\u00ea meio-campista desvalorizado pelo Flamengo e revela: \u201cN\u00e3o h\u00e1 possibilidade de continuar\u201d\"}]},{\"@type\":\"WebSite\",\"@id\":\"https:\/\/www.gaveanews.com\/#website\",\"url\":\"https:\/\/www.gaveanews.com\/\",\"name\":\"G\u00e1vea News\",\"description\":\"Veja todas as not\u00edcias sobre o Flamengo: Contrata\u00e7\u00f5es, categorias de base, resultados das partidas, tabela de classifica\u00e7\u00e3o, pr\u00f3ximos jogos!\",\"potentialAction\":[{\"@type\":\"SearchAction\",\"target\":{\"@type\":\"EntryPoint\",\"urlTemplate\":\"https:\/\/www.gaveanews.com\/?s={search_term_string}\"},\"query-input\":{\"@type\":\"PropertyValueSpecification\",\"valueRequired\":true,\"valueName\":\"search_term_string\"}}],\"inLanguage\":\"pt-BR\"},{\"@type\":\"Person\",\"@id\":\"https:\/\/www.gaveanews.com\/#\/schema\/person\/2ec14f73fb96be2caf28f91afb14749d\",\"name\":\"Equipe G\u00e1vea News\",\"image\":{\"@type\":\"ImageObject\",\"inLanguage\":\"pt-BR\",\"@id\":\"https:\/\/www.gaveanews.com\/#\/schema\/person\/image\/\",\"url\":\"https:\/\/secure.gravatar.com\/avatar\/1e1956f1facbffd3f8fa53a326721950116b3b9dc9bd44939c01180fd4a745a9?s=96&d=mm&r=g\",\"contentUrl\":\"https:\/\/secure.gravatar.com\/avatar\/1e1956f1facbffd3f8fa53a326721950116b3b9dc9bd44939c01180fd4a745a9?s=96&d=mm&r=g\",\"caption\":\"Equipe G\u00e1vea News\"}}]}<\/script>\n<!-- \/ Yoast SEO Premium plugin. -->","yoast_head_json":{"title":"Adeus? Agente v\u00ea meio-campista desvalorizado pelo Flamengo e revela: \u201cN\u00e3o h\u00e1 possibilidade de continuar\u201d","robots":{"index":"index","follow":"follow","max-snippet":"max-snippet:-1","max-image-preview":"max-image-preview:large","max-video-preview":"max-video-preview:-1"},"canonical":"https:\/\/www.gaveanews.com\/index.php\/2020\/06\/25\/adeus-agente-ve-meio-campista-desvalorizado-pelo-flamengo-e-revela-nao-ha-possibilidade-de-continuar\/","og_locale":"pt_BR","og_type":"article","og_title":"Adeus? Agente v\u00ea meio-campista desvalorizado pelo Flamengo e revela: \u201cN\u00e3o h\u00e1 possibilidade de continuar\u201d","og_description":"A briga por posi\u00e7\u00e3o no Flamengo de Jorge Jesus tem sido t\u00e3o intensa nos \u00faltimos tempos que h\u00e1 jogadores que pouco conseguem jogar por n\u00e3o convencer o t\u00e9cnico portugu\u00eas. Um dele \u00e9 o volante Piris da Motta e o fato tem causado descontentamento no empres\u00e1rio Isidoro Gimenez. Em entrevista ao site Urubu Interativo, o agente [&hellip;]","og_url":"https:\/\/www.gaveanews.com\/index.php\/2020\/06\/25\/adeus-agente-ve-meio-campista-desvalorizado-pelo-flamengo-e-revela-nao-ha-possibilidade-de-continuar\/","og_site_name":"G\u00e1vea News","article_publisher":"https:\/\/facebook.com\/gaveaNews\/","article_published_time":"2020-06-26T02:29:01+00:00","article_modified_time":"2020-06-26T02:29:04+00:00","og_image":[{"width":1024,"height":682,"url":"https:\/\/www.gaveanews.com\/wp-content\/uploads\/Piris-da-Motta-1024x682.webp","type":"image\/png"}],"author":"Equipe G\u00e1vea News","twitter_card":"summary_large_image","twitter_misc":{"Escrito por":"Equipe G\u00e1vea News","Est. tempo de leitura":"2 minutos"},"schema":{"@context":"https:\/\/schema.org","@graph":[{"@type":"NewsArticle","@id":"https:\/\/www.gaveanews.com\/index.php\/2020\/06\/25\/adeus-agente-ve-meio-campista-desvalorizado-pelo-flamengo-e-revela-nao-ha-possibilidade-de-continuar\/#article","isPartOf":{"@id":"https:\/\/www.gaveanews.com\/index.php\/2020\/06\/25\/adeus-agente-ve-meio-campista-desvalorizado-pelo-flamengo-e-revela-nao-ha-possibilidade-de-continuar\/"},"author":{"name":"Equipe G\u00e1vea News","@id":"https:\/\/www.gaveanews.com\/#\/schema\/person\/2ec14f73fb96be2caf28f91afb14749d"},"headline":"Adeus? Agente v\u00ea meio-campista desvalorizado pelo Flamengo e revela: \u201cN\u00e3o h\u00e1 possibilidade de continuar\u201d","datePublished":"2020-06-26T02:29:01+00:00","dateModified":"2020-06-26T02:29:04+00:00","mainEntityOfPage":{"@id":"https:\/\/www.gaveanews.com\/index.php\/2020\/06\/25\/adeus-agente-ve-meio-campista-desvalorizado-pelo-flamengo-e-revela-nao-ha-possibilidade-de-continuar\/"},"wordCount":344,"commentCount":24,"image":{"@id":"https:\/\/www.gaveanews.com\/index.php\/2020\/06\/25\/adeus-agente-ve-meio-campista-desvalorizado-pelo-flamengo-e-revela-nao-ha-possibilidade-de-continuar\/#primaryimage"},"thumbnailUrl":"https:\/\/www.gaveanews.com\/wp-content\/uploads\/Piris-da-Motta.webp","articleSection":["Flamengo"],"inLanguage":"pt-BR","potentialAction":[{"@type":"CommentAction","name":"Comment","target":["https:\/\/www.gaveanews.com\/index.php\/2020\/06\/25\/adeus-agente-ve-meio-campista-desvalorizado-pelo-flamengo-e-revela-nao-ha-possibilidade-de-continuar\/#respond"]}],"copyrightYear":"2020","copyrightHolder":{"@id":"https:\/\/www.gaveanews.com\/#organization"}},{"@type":"WebPage","@id":"https:\/\/www.gaveanews.com\/index.php\/2020\/06\/25\/adeus-agente-ve-meio-campista-desvalorizado-pelo-flamengo-e-revela-nao-ha-possibilidade-de-continuar\/","url":"https:\/\/www.gaveanews.com\/index.php\/2020\/06\/25\/adeus-agente-ve-meio-campista-desvalorizado-pelo-flamengo-e-revela-nao-ha-possibilidade-de-continuar\/","name":"Adeus? Agente v\u00ea meio-campista desvalorizado pelo Flamengo e revela: \u201cN\u00e3o h\u00e1 possibilidade de continuar\u201d","isPartOf":{"@id":"https:\/\/www.gaveanews.com\/#website"},"primaryImageOfPage":{"@id":"https:\/\/www.gaveanews.com\/index.php\/2020\/06\/25\/adeus-agente-ve-meio-campista-desvalorizado-pelo-flamengo-e-revela-nao-ha-possibilidade-de-continuar\/#primaryimage"},"image":{"@id":"https:\/\/www.gaveanews.com\/index.php\/2020\/06\/25\/adeus-agente-ve-meio-campista-desvalorizado-pelo-flamengo-e-revela-nao-ha-possibilidade-de-continuar\/#primaryimage"},"thumbnailUrl":"https:\/\/www.gaveanews.com\/wp-content\/uploads\/Piris-da-Motta.webp","datePublished":"2020-06-26T02:29:01+00:00","dateModified":"2020-06-26T02:29:04+00:00","author":{"@id":"https:\/\/www.gaveanews.com\/#\/schema\/person\/2ec14f73fb96be2caf28f91afb14749d"},"breadcrumb":{"@id":"https:\/\/www.gaveanews.com\/index.php\/2020\/06\/25\/adeus-agente-ve-meio-campista-desvalorizado-pelo-flamengo-e-revela-nao-ha-possibilidade-de-continuar\/#breadcrumb"},"inLanguage":"pt-BR","potentialAction":[{"@type":"ReadAction","target":["https:\/\/www.gaveanews.com\/index.php\/2020\/06\/25\/adeus-agente-ve-meio-campista-desvalorizado-pelo-flamengo-e-revela-nao-ha-possibilidade-de-continuar\/"]}]},{"@type":"ImageObject","inLanguage":"pt-BR","@id":"https:\/\/www.gaveanews.com\/index.php\/2020\/06\/25\/adeus-agente-ve-meio-campista-desvalorizado-pelo-flamengo-e-revela-nao-ha-possibilidade-de-continuar\/#primaryimage","url":"https:\/\/www.gaveanews.com\/wp-content\/uploads\/Piris-da-Motta.webp","contentUrl":"https:\/\/www.gaveanews.com\/wp-content\/uploads\/Piris-da-Motta.webp","width":1352,"height":901},{"@type":"BreadcrumbList","@id":"https:\/\/www.gaveanews.com\/index.php\/2020\/06\/25\/adeus-agente-ve-meio-campista-desvalorizado-pelo-flamengo-e-revela-nao-ha-possibilidade-de-continuar\/#breadcrumb","itemListElement":[{"@type":"ListItem","position":1,"name":"Home","item":"https:\/\/www.gaveanews.com\/"},{"@type":"ListItem","position":2,"name":"Adeus? Agente v\u00ea meio-campista desvalorizado pelo Flamengo e revela: \u201cN\u00e3o h\u00e1 possibilidade de continuar\u201d"}]},{"@type":"WebSite","@id":"https:\/\/www.gaveanews.com\/#website","url":"https:\/\/www.gaveanews.com\/","name":"G\u00e1vea News","description":"Veja todas as not\u00edcias sobre o Flamengo: Contrata\u00e7\u00f5es, categorias de base, resultados das partidas, tabela de classifica\u00e7\u00e3o, pr\u00f3ximos jogos!","potentialAction":[{"@type":"SearchAction","target":{"@type":"EntryPoint","urlTemplate":"https:\/\/www.gaveanews.com\/?s={search_term_string}"},"query-input":{"@type":"PropertyValueSpecification","valueRequired":true,"valueName":"search_term_string"}}],"inLanguage":"pt-BR"},{"@type":"Person","@id":"https:\/\/www.gaveanews.com\/#\/schema\/person\/2ec14f73fb96be2caf28f91afb14749d","name":"Equipe G\u00e1vea News","image":{"@type":"ImageObject","inLanguage":"pt-BR","@id":"https:\/\/www.gaveanews.com\/#\/schema\/person\/image\/","url":"https:\/\/secure.gravatar.com\/avatar\/1e1956f1facbffd3f8fa53a326721950116b3b9dc9bd44939c01180fd4a745a9?s=96&d=mm&r=g","contentUrl":"https:\/\/secure.gravatar.com\/avatar\/1e1956f1facbffd3f8fa53a326721950116b3b9dc9bd44939c01180fd4a745a9?s=96&d=mm&r=g","caption":"Equipe G\u00e1vea News"}}]}},"_links":{"self":[{"href":"https:\/\/www.gaveanews.com\/index.php\/wp-json\/wp\/v2\/posts\/42445","targetHints":{"allow":["GET"]}}],"collection":[{"href":"https:\/\/www.gaveanews.com\/index.php\/wp-json\/wp\/v2\/posts"}],"about":[{"href":"https:\/\/www.gaveanews.com\/index.php\/wp-json\/wp\/v2\/types\/post"}],"author":[{"embeddable":true,"href":"https:\/\/www.gaveanews.com\/index.php\/wp-json\/wp\/v2\/users\/1"}],"replies":[{"embeddable":true,"href":"https:\/\/www.gaveanews.com\/index.php\/wp-json\/wp\/v2\/comments?post=42445"}],"version-history":[{"count":0,"href":"https:\/\/www.gaveanews.com\/index.php\/wp-json\/wp\/v2\/posts\/42445\/revisions"}],"wp:featuredmedia":[{"embeddable":true,"href":"https:\/\/www.gaveanews.com\/index.php\/wp-json\/wp\/v2\/media\/36215"}],"wp:attachment":[{"href":"https:\/\/www.gaveanews.com\/index.php\/wp-json\/wp\/v2\/media?parent=42445"}],"wp:term":[{"taxonomy":"category","embeddable":true,"href":"https:\/\/www.gaveanews.com\/index.php\/wp-json\/wp\/v2\/categories?post=42445"},{"taxonomy":"post_tag","embeddable":true,"href":"https:\/\/www.gaveanews.com\/index.php\/wp-json\/wp\/v2\/tags?post=42445"}],"curies":[{"name":"wp","href":"https:\/\/api.w.org\/{rel}","templated":true}]}}