{"id":42465,"date":"2020-06-26T16:18:17","date_gmt":"2020-06-26T19:18:17","guid":{"rendered":"https:\/\/www.gaveanews.com\/?p=42465"},"modified":"2020-06-26T16:18:20","modified_gmt":"2020-06-26T19:18:20","slug":"apos-flamengo-anunciar-transmissao-em-seu-canal-rede-globo-se-recusa-a-se-posicionar","status":"publish","type":"post","link":"https:\/\/www.gaveanews.com\/index.php\/2020\/06\/26\/apos-flamengo-anunciar-transmissao-em-seu-canal-rede-globo-se-recusa-a-se-posicionar\/","title":{"rendered":"Ap\u00f3s Flamengo anunciar transmiss\u00e3o em seu canal, Rede Globo se recusa a se posicionar"},"content":{"rendered":"\n<p>No in\u00edcio da tarde desta sexta-feira, o Flamengo anunciou, atrav\u00e9s de uma nota oficial, que transmitir\u00e1 a partida contra o Boavista, na pr\u00f3xima quarta-feira, dia 1\u00ba de julho, em seu canal no Youtube. A diretoria do clube sente-se respaldada juridicamente para dar &#8220;um passo importante para o futebol brasileiro&#8221;. E o que o Grupo Globo, em queda de bra\u00e7o com o clube ap\u00f3s a publica\u00e7\u00e3o da Medida Provis\u00f3ria n\u00ba 984, que determina que a negocia\u00e7\u00e3o dos direitos de transmiss\u00e3o fique a cargo dos clubes mandante, tem a dizer? Publicamente, nada de novo.<\/p>\n\n\n\n<p>Procurado pelo &#8216;Lance&#8217;, o setor de Comunica\u00e7\u00e3o da Globo afirmou que n\u00e3o &#8220;n\u00e3o comenta casos sub judice&#8221;. Ou seja, a emissora aguarda a decis\u00e3o da Justi\u00e7a, ap\u00f3s acion\u00e1-la requerendo a tutela antecipada para evitar que o Rubro-Negro transmita a partida na Fla TV &#8211; oficializada e anunciada pelo clube. <\/p>\n\n\n\n<p>\u2014 A Globo vem esclarecer que a nova legisla\u00e7\u00e3o, ainda que seja aprovada pelo Congresso Nacional, n\u00e3o modifica contratos j\u00e1 assinados, que s\u00e3o neg\u00f3cios jur\u00eddicos perfeitos, protegidos pela Constitui\u00e7\u00e3o Federal &#8211; diz parte de trecho reiterado pela emissora, \u00e0 nossa reportagem, nesta sexta.<\/p>\n\n\n\n<p>Acionado na Justi\u00e7a pela Globo, a dire\u00e7\u00e3o do Flamengo explica que a transmiss\u00e3o s\u00f3 n\u00e3o ocorrer\u00e1 se houve impedimento judicial. A aguardar os pr\u00f3ximos cap\u00edtulos desta novela. <\/p>\n\n\n\n<h2 class=\"wp-block-heading\"><strong>Confira o mais recente comunicado da Globo na \u00edntegra:<\/strong><\/h2>\n\n\n\n<p>&#8220;A Globo n\u00e3o comenta casos sub judice.<\/p>\n\n\n\n<p>Reiteramos as informa\u00e7\u00f5es da nota abaixo, divulgada anteriormente.<\/p>\n\n\n\n<p>Sobre a medida provis\u00f3ria 984, que alterou Lei Pel\u00e9 e determinou que os clubes mandantes dos jogos passem a ser os \u00fanicos titulares dos direitos de transmiss\u00e3o, a Globo vem esclarecer que a nova legisla\u00e7\u00e3o, ainda que seja aprovada pelo Congresso Nacional, n\u00e3o modifica contratos j\u00e1 assinados, que s\u00e3o neg\u00f3cios jur\u00eddicos perfeitos, protegidos pela Constitui\u00e7\u00e3o Federal.<\/p>\n\n\n\n<p>Por essa raz\u00e3o, a nova medida provis\u00f3ria n\u00e3o afeta as competi\u00e7\u00f5es cujos direitos j\u00e1 foram cedidos pelos clubes, seja para as temporadas atuais ou futuras. A Globo continuar\u00e1 a transmitir regularmente os jogos dos campeonatos que adquiriu, de acordo com os contratos celebrados, e est\u00e1 pronta para tomar medidas legais contra qualquer tentativa de viola\u00e7\u00e3o de seus direitos adquiridos.<\/p>\n\n\n\n<p>O Campeonato Carioca foi cedido na vig\u00eancia da lei que exigia a concord\u00e2ncia de ambos os clubes participantes do jogo para a transmiss\u00e3o. A nova MP, ainda que seja aprovada pelo Congresso Nacional, n\u00e3o altera essa cess\u00e3o j\u00e1 realizada, que \u00e9 um neg\u00f3cio jur\u00eddico perfeito, garantido pela Constitui\u00e7\u00e3o Federal. A Globo n\u00e3o det\u00e9m os direitos sobre os jogos do Flamengo e por isso n\u00e3o ir\u00e1 transmiti-los. Da mesma forma, o Flamengo n\u00e3o poder\u00e1 transmitir qualquer um de seus jogos (ainda que seja mandante) porque a Globo \u00e9 detentora dos direitos de todos os demais clubes participantes do Campeonato Carioca.&#8221;<\/p>\n\n\n\n<p>Retirado de: Lance<\/p>\n","protected":false},"excerpt":{"rendered":"<p>No in\u00edcio da tarde desta sexta-feira, o Flamengo anunciou, atrav\u00e9s de uma nota oficial, que transmitir\u00e1 a partida contra o Boavista, na pr\u00f3xima quarta-feira, dia 1\u00ba de julho, em seu canal no Youtube. A diretoria do clube sente-se respaldada juridicamente para dar &#8220;um passo importante para o futebol brasileiro&#8221;. E o que o Grupo Globo, [&hellip;]<\/p>\n","protected":false},"author":1,"featured_media":17043,"comment_status":"open","ping_status":"closed","sticky":false,"template":"","format":"standard","meta":{"footnotes":""},"categories":[1],"tags":[],"class_list":["post-42465","post","type-post","status-publish","format-standard","has-post-thumbnail","hentry","category-flamengo"],"yoast_head":"<!-- This site is optimized with the Yoast SEO Premium plugin v24.2 (Yoast SEO v26.9) - https:\/\/yoast.com\/product\/yoast-seo-premium-wordpress\/ -->\n<title>Ap\u00f3s Flamengo anunciar transmiss\u00e3o em seu canal, Rede Globo se recusa a se posicionar<\/title>\n<meta name=\"robots\" content=\"index, follow, max-snippet:-1, max-image-preview:large, max-video-preview:-1\" \/>\n<link rel=\"canonical\" href=\"https:\/\/www.gaveanews.com\/index.php\/2020\/06\/26\/apos-flamengo-anunciar-transmissao-em-seu-canal-rede-globo-se-recusa-a-se-posicionar\/\" \/>\n<meta property=\"og:locale\" content=\"pt_BR\" \/>\n<meta property=\"og:type\" content=\"article\" \/>\n<meta property=\"og:title\" content=\"Ap\u00f3s Flamengo anunciar transmiss\u00e3o em seu canal, Rede Globo se recusa a se posicionar\" \/>\n<meta property=\"og:description\" content=\"No in\u00edcio da tarde desta sexta-feira, o Flamengo anunciou, atrav\u00e9s de uma nota oficial, que transmitir\u00e1 a partida contra o Boavista, na pr\u00f3xima quarta-feira, dia 1\u00ba de julho, em seu canal no Youtube. A diretoria do clube sente-se respaldada juridicamente para dar &#8220;um passo importante para o futebol brasileiro&#8221;. E o que o Grupo Globo, [&hellip;]\" \/>\n<meta property=\"og:url\" content=\"https:\/\/www.gaveanews.com\/index.php\/2020\/06\/26\/apos-flamengo-anunciar-transmissao-em-seu-canal-rede-globo-se-recusa-a-se-posicionar\/\" \/>\n<meta property=\"og:site_name\" content=\"G\u00e1vea News\" \/>\n<meta property=\"article:publisher\" content=\"https:\/\/facebook.com\/gaveaNews\/\" \/>\n<meta property=\"article:published_time\" content=\"2020-06-26T19:18:17+00:00\" \/>\n<meta property=\"article:modified_time\" content=\"2020-06-26T19:18:20+00:00\" \/>\n<meta property=\"og:image\" content=\"https:\/\/www.gaveanews.com\/wp-content\/uploads\/2019\/04\/Logomarca-da-Rede-Globo.webp\" \/>\n\t<meta property=\"og:image:width\" content=\"1920\" \/>\n\t<meta property=\"og:image:height\" content=\"1076\" \/>\n\t<meta property=\"og:image:type\" content=\"image\/png\" \/>\n<meta name=\"author\" content=\"Equipe G\u00e1vea News\" \/>\n<meta name=\"twitter:card\" content=\"summary_large_image\" \/>\n<meta name=\"twitter:label1\" content=\"Escrito por\" \/>\n\t<meta name=\"twitter:data1\" content=\"Equipe G\u00e1vea News\" \/>\n\t<meta name=\"twitter:label2\" content=\"Est. tempo de leitura\" \/>\n\t<meta name=\"twitter:data2\" content=\"3 minutos\" \/>\n<script type=\"application\/ld+json\" class=\"yoast-schema-graph\">{\"@context\":\"https:\/\/schema.org\",\"@graph\":[{\"@type\":\"NewsArticle\",\"@id\":\"https:\/\/www.gaveanews.com\/index.php\/2020\/06\/26\/apos-flamengo-anunciar-transmissao-em-seu-canal-rede-globo-se-recusa-a-se-posicionar\/#article\",\"isPartOf\":{\"@id\":\"https:\/\/www.gaveanews.com\/index.php\/2020\/06\/26\/apos-flamengo-anunciar-transmissao-em-seu-canal-rede-globo-se-recusa-a-se-posicionar\/\"},\"author\":{\"name\":\"Equipe G\u00e1vea News\",\"@id\":\"https:\/\/www.gaveanews.com\/#\/schema\/person\/2ec14f73fb96be2caf28f91afb14749d\"},\"headline\":\"Ap\u00f3s Flamengo anunciar transmiss\u00e3o em seu canal, Rede Globo se recusa a se posicionar\",\"datePublished\":\"2020-06-26T19:18:17+00:00\",\"dateModified\":\"2020-06-26T19:18:20+00:00\",\"mainEntityOfPage\":{\"@id\":\"https:\/\/www.gaveanews.com\/index.php\/2020\/06\/26\/apos-flamengo-anunciar-transmissao-em-seu-canal-rede-globo-se-recusa-a-se-posicionar\/\"},\"wordCount\":516,\"commentCount\":12,\"image\":{\"@id\":\"https:\/\/www.gaveanews.com\/index.php\/2020\/06\/26\/apos-flamengo-anunciar-transmissao-em-seu-canal-rede-globo-se-recusa-a-se-posicionar\/#primaryimage\"},\"thumbnailUrl\":\"https:\/\/www.gaveanews.com\/wp-content\/uploads\/2019\/04\/Logomarca-da-Rede-Globo.webp\",\"articleSection\":[\"Flamengo\"],\"inLanguage\":\"pt-BR\",\"potentialAction\":[{\"@type\":\"CommentAction\",\"name\":\"Comment\",\"target\":[\"https:\/\/www.gaveanews.com\/index.php\/2020\/06\/26\/apos-flamengo-anunciar-transmissao-em-seu-canal-rede-globo-se-recusa-a-se-posicionar\/#respond\"]}],\"copyrightYear\":\"2020\",\"copyrightHolder\":{\"@id\":\"https:\/\/www.gaveanews.com\/#organization\"}},{\"@type\":\"WebPage\",\"@id\":\"https:\/\/www.gaveanews.com\/index.php\/2020\/06\/26\/apos-flamengo-anunciar-transmissao-em-seu-canal-rede-globo-se-recusa-a-se-posicionar\/\",\"url\":\"https:\/\/www.gaveanews.com\/index.php\/2020\/06\/26\/apos-flamengo-anunciar-transmissao-em-seu-canal-rede-globo-se-recusa-a-se-posicionar\/\",\"name\":\"Ap\u00f3s Flamengo anunciar transmiss\u00e3o em seu canal, Rede Globo se recusa a se posicionar\",\"isPartOf\":{\"@id\":\"https:\/\/www.gaveanews.com\/#website\"},\"primaryImageOfPage\":{\"@id\":\"https:\/\/www.gaveanews.com\/index.php\/2020\/06\/26\/apos-flamengo-anunciar-transmissao-em-seu-canal-rede-globo-se-recusa-a-se-posicionar\/#primaryimage\"},\"image\":{\"@id\":\"https:\/\/www.gaveanews.com\/index.php\/2020\/06\/26\/apos-flamengo-anunciar-transmissao-em-seu-canal-rede-globo-se-recusa-a-se-posicionar\/#primaryimage\"},\"thumbnailUrl\":\"https:\/\/www.gaveanews.com\/wp-content\/uploads\/2019\/04\/Logomarca-da-Rede-Globo.webp\",\"datePublished\":\"2020-06-26T19:18:17+00:00\",\"dateModified\":\"2020-06-26T19:18:20+00:00\",\"author\":{\"@id\":\"https:\/\/www.gaveanews.com\/#\/schema\/person\/2ec14f73fb96be2caf28f91afb14749d\"},\"breadcrumb\":{\"@id\":\"https:\/\/www.gaveanews.com\/index.php\/2020\/06\/26\/apos-flamengo-anunciar-transmissao-em-seu-canal-rede-globo-se-recusa-a-se-posicionar\/#breadcrumb\"},\"inLanguage\":\"pt-BR\",\"potentialAction\":[{\"@type\":\"ReadAction\",\"target\":[\"https:\/\/www.gaveanews.com\/index.php\/2020\/06\/26\/apos-flamengo-anunciar-transmissao-em-seu-canal-rede-globo-se-recusa-a-se-posicionar\/\"]}]},{\"@type\":\"ImageObject\",\"inLanguage\":\"pt-BR\",\"@id\":\"https:\/\/www.gaveanews.com\/index.php\/2020\/06\/26\/apos-flamengo-anunciar-transmissao-em-seu-canal-rede-globo-se-recusa-a-se-posicionar\/#primaryimage\",\"url\":\"https:\/\/www.gaveanews.com\/wp-content\/uploads\/2019\/04\/Logomarca-da-Rede-Globo.webp\",\"contentUrl\":\"https:\/\/www.gaveanews.com\/wp-content\/uploads\/2019\/04\/Logomarca-da-Rede-Globo.webp\",\"width\":1920,\"height\":1076,\"caption\":\"Logomarca da Rede Globo (Foto: Reprodu\u00e7\u00e3o)\"},{\"@type\":\"BreadcrumbList\",\"@id\":\"https:\/\/www.gaveanews.com\/index.php\/2020\/06\/26\/apos-flamengo-anunciar-transmissao-em-seu-canal-rede-globo-se-recusa-a-se-posicionar\/#breadcrumb\",\"itemListElement\":[{\"@type\":\"ListItem\",\"position\":1,\"name\":\"Home\",\"item\":\"https:\/\/www.gaveanews.com\/\"},{\"@type\":\"ListItem\",\"position\":2,\"name\":\"Ap\u00f3s Flamengo anunciar transmiss\u00e3o em seu canal, Rede Globo se recusa a se posicionar\"}]},{\"@type\":\"WebSite\",\"@id\":\"https:\/\/www.gaveanews.com\/#website\",\"url\":\"https:\/\/www.gaveanews.com\/\",\"name\":\"G\u00e1vea News\",\"description\":\"Veja todas as not\u00edcias sobre o Flamengo: Contrata\u00e7\u00f5es, categorias de base, resultados das partidas, tabela de classifica\u00e7\u00e3o, pr\u00f3ximos jogos!\",\"potentialAction\":[{\"@type\":\"SearchAction\",\"target\":{\"@type\":\"EntryPoint\",\"urlTemplate\":\"https:\/\/www.gaveanews.com\/?s={search_term_string}\"},\"query-input\":{\"@type\":\"PropertyValueSpecification\",\"valueRequired\":true,\"valueName\":\"search_term_string\"}}],\"inLanguage\":\"pt-BR\"},{\"@type\":\"Person\",\"@id\":\"https:\/\/www.gaveanews.com\/#\/schema\/person\/2ec14f73fb96be2caf28f91afb14749d\",\"name\":\"Equipe G\u00e1vea News\",\"image\":{\"@type\":\"ImageObject\",\"inLanguage\":\"pt-BR\",\"@id\":\"https:\/\/www.gaveanews.com\/#\/schema\/person\/image\/\",\"url\":\"https:\/\/secure.gravatar.com\/avatar\/1e1956f1facbffd3f8fa53a326721950116b3b9dc9bd44939c01180fd4a745a9?s=96&d=mm&r=g\",\"contentUrl\":\"https:\/\/secure.gravatar.com\/avatar\/1e1956f1facbffd3f8fa53a326721950116b3b9dc9bd44939c01180fd4a745a9?s=96&d=mm&r=g\",\"caption\":\"Equipe G\u00e1vea News\"}}]}<\/script>\n<!-- \/ Yoast SEO Premium plugin. -->","yoast_head_json":{"title":"Ap\u00f3s Flamengo anunciar transmiss\u00e3o em seu canal, Rede Globo se recusa a se posicionar","robots":{"index":"index","follow":"follow","max-snippet":"max-snippet:-1","max-image-preview":"max-image-preview:large","max-video-preview":"max-video-preview:-1"},"canonical":"https:\/\/www.gaveanews.com\/index.php\/2020\/06\/26\/apos-flamengo-anunciar-transmissao-em-seu-canal-rede-globo-se-recusa-a-se-posicionar\/","og_locale":"pt_BR","og_type":"article","og_title":"Ap\u00f3s Flamengo anunciar transmiss\u00e3o em seu canal, Rede Globo se recusa a se posicionar","og_description":"No in\u00edcio da tarde desta sexta-feira, o Flamengo anunciou, atrav\u00e9s de uma nota oficial, que transmitir\u00e1 a partida contra o Boavista, na pr\u00f3xima quarta-feira, dia 1\u00ba de julho, em seu canal no Youtube. A diretoria do clube sente-se respaldada juridicamente para dar &#8220;um passo importante para o futebol brasileiro&#8221;. E o que o Grupo Globo, [&hellip;]","og_url":"https:\/\/www.gaveanews.com\/index.php\/2020\/06\/26\/apos-flamengo-anunciar-transmissao-em-seu-canal-rede-globo-se-recusa-a-se-posicionar\/","og_site_name":"G\u00e1vea News","article_publisher":"https:\/\/facebook.com\/gaveaNews\/","article_published_time":"2020-06-26T19:18:17+00:00","article_modified_time":"2020-06-26T19:18:20+00:00","og_image":[{"width":1920,"height":1076,"url":"https:\/\/www.gaveanews.com\/wp-content\/uploads\/2019\/04\/Logomarca-da-Rede-Globo.webp","type":"image\/png"}],"author":"Equipe G\u00e1vea News","twitter_card":"summary_large_image","twitter_misc":{"Escrito por":"Equipe G\u00e1vea News","Est. tempo de leitura":"3 minutos"},"schema":{"@context":"https:\/\/schema.org","@graph":[{"@type":"NewsArticle","@id":"https:\/\/www.gaveanews.com\/index.php\/2020\/06\/26\/apos-flamengo-anunciar-transmissao-em-seu-canal-rede-globo-se-recusa-a-se-posicionar\/#article","isPartOf":{"@id":"https:\/\/www.gaveanews.com\/index.php\/2020\/06\/26\/apos-flamengo-anunciar-transmissao-em-seu-canal-rede-globo-se-recusa-a-se-posicionar\/"},"author":{"name":"Equipe G\u00e1vea News","@id":"https:\/\/www.gaveanews.com\/#\/schema\/person\/2ec14f73fb96be2caf28f91afb14749d"},"headline":"Ap\u00f3s Flamengo anunciar transmiss\u00e3o em seu canal, Rede Globo se recusa a se posicionar","datePublished":"2020-06-26T19:18:17+00:00","dateModified":"2020-06-26T19:18:20+00:00","mainEntityOfPage":{"@id":"https:\/\/www.gaveanews.com\/index.php\/2020\/06\/26\/apos-flamengo-anunciar-transmissao-em-seu-canal-rede-globo-se-recusa-a-se-posicionar\/"},"wordCount":516,"commentCount":12,"image":{"@id":"https:\/\/www.gaveanews.com\/index.php\/2020\/06\/26\/apos-flamengo-anunciar-transmissao-em-seu-canal-rede-globo-se-recusa-a-se-posicionar\/#primaryimage"},"thumbnailUrl":"https:\/\/www.gaveanews.com\/wp-content\/uploads\/2019\/04\/Logomarca-da-Rede-Globo.webp","articleSection":["Flamengo"],"inLanguage":"pt-BR","potentialAction":[{"@type":"CommentAction","name":"Comment","target":["https:\/\/www.gaveanews.com\/index.php\/2020\/06\/26\/apos-flamengo-anunciar-transmissao-em-seu-canal-rede-globo-se-recusa-a-se-posicionar\/#respond"]}],"copyrightYear":"2020","copyrightHolder":{"@id":"https:\/\/www.gaveanews.com\/#organization"}},{"@type":"WebPage","@id":"https:\/\/www.gaveanews.com\/index.php\/2020\/06\/26\/apos-flamengo-anunciar-transmissao-em-seu-canal-rede-globo-se-recusa-a-se-posicionar\/","url":"https:\/\/www.gaveanews.com\/index.php\/2020\/06\/26\/apos-flamengo-anunciar-transmissao-em-seu-canal-rede-globo-se-recusa-a-se-posicionar\/","name":"Ap\u00f3s Flamengo anunciar transmiss\u00e3o em seu canal, Rede Globo se recusa a se posicionar","isPartOf":{"@id":"https:\/\/www.gaveanews.com\/#website"},"primaryImageOfPage":{"@id":"https:\/\/www.gaveanews.com\/index.php\/2020\/06\/26\/apos-flamengo-anunciar-transmissao-em-seu-canal-rede-globo-se-recusa-a-se-posicionar\/#primaryimage"},"image":{"@id":"https:\/\/www.gaveanews.com\/index.php\/2020\/06\/26\/apos-flamengo-anunciar-transmissao-em-seu-canal-rede-globo-se-recusa-a-se-posicionar\/#primaryimage"},"thumbnailUrl":"https:\/\/www.gaveanews.com\/wp-content\/uploads\/2019\/04\/Logomarca-da-Rede-Globo.webp","datePublished":"2020-06-26T19:18:17+00:00","dateModified":"2020-06-26T19:18:20+00:00","author":{"@id":"https:\/\/www.gaveanews.com\/#\/schema\/person\/2ec14f73fb96be2caf28f91afb14749d"},"breadcrumb":{"@id":"https:\/\/www.gaveanews.com\/index.php\/2020\/06\/26\/apos-flamengo-anunciar-transmissao-em-seu-canal-rede-globo-se-recusa-a-se-posicionar\/#breadcrumb"},"inLanguage":"pt-BR","potentialAction":[{"@type":"ReadAction","target":["https:\/\/www.gaveanews.com\/index.php\/2020\/06\/26\/apos-flamengo-anunciar-transmissao-em-seu-canal-rede-globo-se-recusa-a-se-posicionar\/"]}]},{"@type":"ImageObject","inLanguage":"pt-BR","@id":"https:\/\/www.gaveanews.com\/index.php\/2020\/06\/26\/apos-flamengo-anunciar-transmissao-em-seu-canal-rede-globo-se-recusa-a-se-posicionar\/#primaryimage","url":"https:\/\/www.gaveanews.com\/wp-content\/uploads\/2019\/04\/Logomarca-da-Rede-Globo.webp","contentUrl":"https:\/\/www.gaveanews.com\/wp-content\/uploads\/2019\/04\/Logomarca-da-Rede-Globo.webp","width":1920,"height":1076,"caption":"Logomarca da Rede Globo (Foto: Reprodu\u00e7\u00e3o)"},{"@type":"BreadcrumbList","@id":"https:\/\/www.gaveanews.com\/index.php\/2020\/06\/26\/apos-flamengo-anunciar-transmissao-em-seu-canal-rede-globo-se-recusa-a-se-posicionar\/#breadcrumb","itemListElement":[{"@type":"ListItem","position":1,"name":"Home","item":"https:\/\/www.gaveanews.com\/"},{"@type":"ListItem","position":2,"name":"Ap\u00f3s Flamengo anunciar transmiss\u00e3o em seu canal, Rede Globo se recusa a se posicionar"}]},{"@type":"WebSite","@id":"https:\/\/www.gaveanews.com\/#website","url":"https:\/\/www.gaveanews.com\/","name":"G\u00e1vea News","description":"Veja todas as not\u00edcias sobre o Flamengo: Contrata\u00e7\u00f5es, categorias de base, resultados das partidas, tabela de classifica\u00e7\u00e3o, pr\u00f3ximos jogos!","potentialAction":[{"@type":"SearchAction","target":{"@type":"EntryPoint","urlTemplate":"https:\/\/www.gaveanews.com\/?s={search_term_string}"},"query-input":{"@type":"PropertyValueSpecification","valueRequired":true,"valueName":"search_term_string"}}],"inLanguage":"pt-BR"},{"@type":"Person","@id":"https:\/\/www.gaveanews.com\/#\/schema\/person\/2ec14f73fb96be2caf28f91afb14749d","name":"Equipe G\u00e1vea News","image":{"@type":"ImageObject","inLanguage":"pt-BR","@id":"https:\/\/www.gaveanews.com\/#\/schema\/person\/image\/","url":"https:\/\/secure.gravatar.com\/avatar\/1e1956f1facbffd3f8fa53a326721950116b3b9dc9bd44939c01180fd4a745a9?s=96&d=mm&r=g","contentUrl":"https:\/\/secure.gravatar.com\/avatar\/1e1956f1facbffd3f8fa53a326721950116b3b9dc9bd44939c01180fd4a745a9?s=96&d=mm&r=g","caption":"Equipe G\u00e1vea News"}}]}},"_links":{"self":[{"href":"https:\/\/www.gaveanews.com\/index.php\/wp-json\/wp\/v2\/posts\/42465","targetHints":{"allow":["GET"]}}],"collection":[{"href":"https:\/\/www.gaveanews.com\/index.php\/wp-json\/wp\/v2\/posts"}],"about":[{"href":"https:\/\/www.gaveanews.com\/index.php\/wp-json\/wp\/v2\/types\/post"}],"author":[{"embeddable":true,"href":"https:\/\/www.gaveanews.com\/index.php\/wp-json\/wp\/v2\/users\/1"}],"replies":[{"embeddable":true,"href":"https:\/\/www.gaveanews.com\/index.php\/wp-json\/wp\/v2\/comments?post=42465"}],"version-history":[{"count":0,"href":"https:\/\/www.gaveanews.com\/index.php\/wp-json\/wp\/v2\/posts\/42465\/revisions"}],"wp:featuredmedia":[{"embeddable":true,"href":"https:\/\/www.gaveanews.com\/index.php\/wp-json\/wp\/v2\/media\/17043"}],"wp:attachment":[{"href":"https:\/\/www.gaveanews.com\/index.php\/wp-json\/wp\/v2\/media?parent=42465"}],"wp:term":[{"taxonomy":"category","embeddable":true,"href":"https:\/\/www.gaveanews.com\/index.php\/wp-json\/wp\/v2\/categories?post=42465"},{"taxonomy":"post_tag","embeddable":true,"href":"https:\/\/www.gaveanews.com\/index.php\/wp-json\/wp\/v2\/tags?post=42465"}],"curies":[{"name":"wp","href":"https:\/\/api.w.org\/{rel}","templated":true}]}}