{"id":42482,"date":"2020-06-27T22:15:00","date_gmt":"2020-06-28T01:15:00","guid":{"rendered":"https:\/\/www.gaveanews.com\/?p=42482"},"modified":"2020-06-27T21:43:35","modified_gmt":"2020-06-28T00:43:35","slug":"dirigente-do-flamengo-nao-teme-saida-de-jorge-jesus-e-um-reconhecimento-pelo-bom-trabalho-dele","status":"publish","type":"post","link":"https:\/\/www.gaveanews.com\/index.php\/2020\/06\/27\/dirigente-do-flamengo-nao-teme-saida-de-jorge-jesus-e-um-reconhecimento-pelo-bom-trabalho-dele\/","title":{"rendered":"Dirigente do Flamengo n\u00e3o teme sa\u00edda de Jorge Jesus: &#8220;\u00c9 um reconhecimento pelo bom trabalho dele&#8221;"},"content":{"rendered":"\n<p>Jorge Jesus, nesta semana, teve seu futuro no futebol em \u00eanfase, ap\u00f3s especula\u00e7\u00f5es de que o Benfica estaria de olho no treinador rubro-negro. Por\u00e9m, nos bastidores do Flamengo, Luiz Eduardo Baptista, vice-presidente de rela\u00e7\u00f5es externas do Flamengo, disse que o clube n\u00e3o teme a sa\u00edda do Mister, em entrevista ao Fox Sports.<\/p>\n\n\n\n<p>&#8220;A gente v\u00ea essa procura pelo Jesus com naturalidade e ficamos lisonjeados. \u00c9 um reconhecimento pelo bom trabalho dele. \u00c9 natural que quem almeje mudar de patamar, fazer diferente do que fez na \u00faltima temporada v\u00e1 atr\u00e1s de grandes treinadores. Ent\u00e3o, \u00e9 natural que os clubes de Portugal o procurem. E, dito isso, acreditamos que o Jesus \u00e9 nosso. (\u2026) Acreditamos que o Flamengo re\u00fane fatores irresist\u00edveis para o Jesus ficar. Acreditamos que ele considera o Flamengo como sua casa&#8221;, declarou o dirigente.<\/p>\n\n\n\n<p>Jorge Jesus renovou o contrato com o Flamengo at\u00e9 o meio do ano que vem. Ele chegou ao clube carioca no ano passado e conquistou um Brasileiro, uma Libertadores, uma Supercopa do Brasil, uma Recopa Sul-Americana e uma Ta\u00e7a Guanabara.<\/p>\n\n\n\n<p>Retirado de: Sportbuzz<\/p>\n","protected":false},"excerpt":{"rendered":"<p>Jorge Jesus, nesta semana, teve seu futuro no futebol em \u00eanfase, ap\u00f3s especula\u00e7\u00f5es de que o Benfica estaria de olho no treinador rubro-negro. Por\u00e9m, nos bastidores do Flamengo, Luiz Eduardo Baptista, vice-presidente de rela\u00e7\u00f5es externas do Flamengo, disse que o clube n\u00e3o teme a sa\u00edda do Mister, em entrevista ao Fox Sports. &#8220;A gente v\u00ea [&hellip;]<\/p>\n","protected":false},"author":1,"featured_media":28884,"comment_status":"open","ping_status":"closed","sticky":false,"template":"","format":"standard","meta":{"footnotes":""},"categories":[1],"tags":[],"class_list":["post-42482","post","type-post","status-publish","format-standard","has-post-thumbnail","hentry","category-flamengo"],"yoast_head":"<!-- This site is optimized with the Yoast SEO Premium plugin v24.2 (Yoast SEO v26.9) - https:\/\/yoast.com\/product\/yoast-seo-premium-wordpress\/ -->\n<title>Dirigente do Flamengo n\u00e3o teme sa\u00edda de Jorge Jesus: &quot;\u00c9 um reconhecimento pelo bom trabalho dele&quot;<\/title>\n<meta name=\"robots\" content=\"index, follow, max-snippet:-1, max-image-preview:large, max-video-preview:-1\" \/>\n<link rel=\"canonical\" href=\"https:\/\/www.gaveanews.com\/index.php\/2020\/06\/27\/dirigente-do-flamengo-nao-teme-saida-de-jorge-jesus-e-um-reconhecimento-pelo-bom-trabalho-dele\/\" \/>\n<meta property=\"og:locale\" content=\"pt_BR\" \/>\n<meta property=\"og:type\" content=\"article\" \/>\n<meta property=\"og:title\" content=\"Dirigente do Flamengo n\u00e3o teme sa\u00edda de Jorge Jesus: &quot;\u00c9 um reconhecimento pelo bom trabalho dele&quot;\" \/>\n<meta property=\"og:description\" content=\"Jorge Jesus, nesta semana, teve seu futuro no futebol em \u00eanfase, ap\u00f3s especula\u00e7\u00f5es de que o Benfica estaria de olho no treinador rubro-negro. Por\u00e9m, nos bastidores do Flamengo, Luiz Eduardo Baptista, vice-presidente de rela\u00e7\u00f5es externas do Flamengo, disse que o clube n\u00e3o teme a sa\u00edda do Mister, em entrevista ao Fox Sports. &#8220;A gente v\u00ea [&hellip;]\" \/>\n<meta property=\"og:url\" content=\"https:\/\/www.gaveanews.com\/index.php\/2020\/06\/27\/dirigente-do-flamengo-nao-teme-saida-de-jorge-jesus-e-um-reconhecimento-pelo-bom-trabalho-dele\/\" \/>\n<meta property=\"og:site_name\" content=\"G\u00e1vea News\" \/>\n<meta property=\"article:publisher\" content=\"https:\/\/facebook.com\/gaveaNews\/\" \/>\n<meta property=\"article:published_time\" content=\"2020-06-28T01:15:00+00:00\" \/>\n<meta property=\"og:image\" content=\"https:\/\/www.gaveanews.com\/wp-content\/uploads\/Treinador-Jorge-Jesus-durante-uma-partida-do-Flamengo.webp\" \/>\n\t<meta property=\"og:image:width\" content=\"900\" \/>\n\t<meta property=\"og:image:height\" content=\"600\" \/>\n\t<meta property=\"og:image:type\" content=\"image\/jpeg\" \/>\n<meta name=\"author\" content=\"Equipe G\u00e1vea News\" \/>\n<meta name=\"twitter:card\" content=\"summary_large_image\" \/>\n<meta name=\"twitter:label1\" content=\"Escrito por\" \/>\n\t<meta name=\"twitter:data1\" content=\"Equipe G\u00e1vea News\" \/>\n\t<meta name=\"twitter:label2\" content=\"Est. tempo de leitura\" \/>\n\t<meta name=\"twitter:data2\" content=\"1 minuto\" \/>\n<script type=\"application\/ld+json\" class=\"yoast-schema-graph\">{\"@context\":\"https:\/\/schema.org\",\"@graph\":[{\"@type\":\"NewsArticle\",\"@id\":\"https:\/\/www.gaveanews.com\/index.php\/2020\/06\/27\/dirigente-do-flamengo-nao-teme-saida-de-jorge-jesus-e-um-reconhecimento-pelo-bom-trabalho-dele\/#article\",\"isPartOf\":{\"@id\":\"https:\/\/www.gaveanews.com\/index.php\/2020\/06\/27\/dirigente-do-flamengo-nao-teme-saida-de-jorge-jesus-e-um-reconhecimento-pelo-bom-trabalho-dele\/\"},\"author\":{\"name\":\"Equipe G\u00e1vea News\",\"@id\":\"https:\/\/www.gaveanews.com\/#\/schema\/person\/2ec14f73fb96be2caf28f91afb14749d\"},\"headline\":\"Dirigente do Flamengo n\u00e3o teme sa\u00edda de Jorge Jesus: &#8220;\u00c9 um reconhecimento pelo bom trabalho dele&#8221;\",\"datePublished\":\"2020-06-28T01:15:00+00:00\",\"mainEntityOfPage\":{\"@id\":\"https:\/\/www.gaveanews.com\/index.php\/2020\/06\/27\/dirigente-do-flamengo-nao-teme-saida-de-jorge-jesus-e-um-reconhecimento-pelo-bom-trabalho-dele\/\"},\"wordCount\":201,\"commentCount\":1,\"image\":{\"@id\":\"https:\/\/www.gaveanews.com\/index.php\/2020\/06\/27\/dirigente-do-flamengo-nao-teme-saida-de-jorge-jesus-e-um-reconhecimento-pelo-bom-trabalho-dele\/#primaryimage\"},\"thumbnailUrl\":\"https:\/\/www.gaveanews.com\/wp-content\/uploads\/Treinador-Jorge-Jesus-durante-uma-partida-do-Flamengo.webp\",\"articleSection\":[\"Flamengo\"],\"inLanguage\":\"pt-BR\",\"potentialAction\":[{\"@type\":\"CommentAction\",\"name\":\"Comment\",\"target\":[\"https:\/\/www.gaveanews.com\/index.php\/2020\/06\/27\/dirigente-do-flamengo-nao-teme-saida-de-jorge-jesus-e-um-reconhecimento-pelo-bom-trabalho-dele\/#respond\"]}],\"copyrightYear\":\"2020\",\"copyrightHolder\":{\"@id\":\"https:\/\/www.gaveanews.com\/#organization\"}},{\"@type\":\"WebPage\",\"@id\":\"https:\/\/www.gaveanews.com\/index.php\/2020\/06\/27\/dirigente-do-flamengo-nao-teme-saida-de-jorge-jesus-e-um-reconhecimento-pelo-bom-trabalho-dele\/\",\"url\":\"https:\/\/www.gaveanews.com\/index.php\/2020\/06\/27\/dirigente-do-flamengo-nao-teme-saida-de-jorge-jesus-e-um-reconhecimento-pelo-bom-trabalho-dele\/\",\"name\":\"Dirigente do Flamengo n\u00e3o teme sa\u00edda de Jorge Jesus: \\\"\u00c9 um reconhecimento pelo bom trabalho dele\\\"\",\"isPartOf\":{\"@id\":\"https:\/\/www.gaveanews.com\/#website\"},\"primaryImageOfPage\":{\"@id\":\"https:\/\/www.gaveanews.com\/index.php\/2020\/06\/27\/dirigente-do-flamengo-nao-teme-saida-de-jorge-jesus-e-um-reconhecimento-pelo-bom-trabalho-dele\/#primaryimage\"},\"image\":{\"@id\":\"https:\/\/www.gaveanews.com\/index.php\/2020\/06\/27\/dirigente-do-flamengo-nao-teme-saida-de-jorge-jesus-e-um-reconhecimento-pelo-bom-trabalho-dele\/#primaryimage\"},\"thumbnailUrl\":\"https:\/\/www.gaveanews.com\/wp-content\/uploads\/Treinador-Jorge-Jesus-durante-uma-partida-do-Flamengo.webp\",\"datePublished\":\"2020-06-28T01:15:00+00:00\",\"author\":{\"@id\":\"https:\/\/www.gaveanews.com\/#\/schema\/person\/2ec14f73fb96be2caf28f91afb14749d\"},\"breadcrumb\":{\"@id\":\"https:\/\/www.gaveanews.com\/index.php\/2020\/06\/27\/dirigente-do-flamengo-nao-teme-saida-de-jorge-jesus-e-um-reconhecimento-pelo-bom-trabalho-dele\/#breadcrumb\"},\"inLanguage\":\"pt-BR\",\"potentialAction\":[{\"@type\":\"ReadAction\",\"target\":[\"https:\/\/www.gaveanews.com\/index.php\/2020\/06\/27\/dirigente-do-flamengo-nao-teme-saida-de-jorge-jesus-e-um-reconhecimento-pelo-bom-trabalho-dele\/\"]}]},{\"@type\":\"ImageObject\",\"inLanguage\":\"pt-BR\",\"@id\":\"https:\/\/www.gaveanews.com\/index.php\/2020\/06\/27\/dirigente-do-flamengo-nao-teme-saida-de-jorge-jesus-e-um-reconhecimento-pelo-bom-trabalho-dele\/#primaryimage\",\"url\":\"https:\/\/www.gaveanews.com\/wp-content\/uploads\/Treinador-Jorge-Jesus-durante-uma-partida-do-Flamengo.webp\",\"contentUrl\":\"https:\/\/www.gaveanews.com\/wp-content\/uploads\/Treinador-Jorge-Jesus-durante-uma-partida-do-Flamengo.webp\",\"width\":900,\"height\":600,\"caption\":\"Treinador Jorge Jesus durante uma partida do Flamengo (Foto: Alexandre Vidal\/Flamengo)\"},{\"@type\":\"BreadcrumbList\",\"@id\":\"https:\/\/www.gaveanews.com\/index.php\/2020\/06\/27\/dirigente-do-flamengo-nao-teme-saida-de-jorge-jesus-e-um-reconhecimento-pelo-bom-trabalho-dele\/#breadcrumb\",\"itemListElement\":[{\"@type\":\"ListItem\",\"position\":1,\"name\":\"Home\",\"item\":\"https:\/\/www.gaveanews.com\/\"},{\"@type\":\"ListItem\",\"position\":2,\"name\":\"Dirigente do Flamengo n\u00e3o teme sa\u00edda de Jorge Jesus: &#8220;\u00c9 um reconhecimento pelo bom trabalho dele&#8221;\"}]},{\"@type\":\"WebSite\",\"@id\":\"https:\/\/www.gaveanews.com\/#website\",\"url\":\"https:\/\/www.gaveanews.com\/\",\"name\":\"G\u00e1vea News\",\"description\":\"Veja todas as not\u00edcias sobre o Flamengo: Contrata\u00e7\u00f5es, categorias de base, resultados das partidas, tabela de classifica\u00e7\u00e3o, pr\u00f3ximos jogos!\",\"potentialAction\":[{\"@type\":\"SearchAction\",\"target\":{\"@type\":\"EntryPoint\",\"urlTemplate\":\"https:\/\/www.gaveanews.com\/?s={search_term_string}\"},\"query-input\":{\"@type\":\"PropertyValueSpecification\",\"valueRequired\":true,\"valueName\":\"search_term_string\"}}],\"inLanguage\":\"pt-BR\"},{\"@type\":\"Person\",\"@id\":\"https:\/\/www.gaveanews.com\/#\/schema\/person\/2ec14f73fb96be2caf28f91afb14749d\",\"name\":\"Equipe G\u00e1vea News\",\"image\":{\"@type\":\"ImageObject\",\"inLanguage\":\"pt-BR\",\"@id\":\"https:\/\/www.gaveanews.com\/#\/schema\/person\/image\/\",\"url\":\"https:\/\/secure.gravatar.com\/avatar\/1e1956f1facbffd3f8fa53a326721950116b3b9dc9bd44939c01180fd4a745a9?s=96&d=mm&r=g\",\"contentUrl\":\"https:\/\/secure.gravatar.com\/avatar\/1e1956f1facbffd3f8fa53a326721950116b3b9dc9bd44939c01180fd4a745a9?s=96&d=mm&r=g\",\"caption\":\"Equipe G\u00e1vea News\"}}]}<\/script>\n<!-- \/ Yoast SEO Premium plugin. -->","yoast_head_json":{"title":"Dirigente do Flamengo n\u00e3o teme sa\u00edda de Jorge Jesus: \"\u00c9 um reconhecimento pelo bom trabalho dele\"","robots":{"index":"index","follow":"follow","max-snippet":"max-snippet:-1","max-image-preview":"max-image-preview:large","max-video-preview":"max-video-preview:-1"},"canonical":"https:\/\/www.gaveanews.com\/index.php\/2020\/06\/27\/dirigente-do-flamengo-nao-teme-saida-de-jorge-jesus-e-um-reconhecimento-pelo-bom-trabalho-dele\/","og_locale":"pt_BR","og_type":"article","og_title":"Dirigente do Flamengo n\u00e3o teme sa\u00edda de Jorge Jesus: \"\u00c9 um reconhecimento pelo bom trabalho dele\"","og_description":"Jorge Jesus, nesta semana, teve seu futuro no futebol em \u00eanfase, ap\u00f3s especula\u00e7\u00f5es de que o Benfica estaria de olho no treinador rubro-negro. Por\u00e9m, nos bastidores do Flamengo, Luiz Eduardo Baptista, vice-presidente de rela\u00e7\u00f5es externas do Flamengo, disse que o clube n\u00e3o teme a sa\u00edda do Mister, em entrevista ao Fox Sports. &#8220;A gente v\u00ea [&hellip;]","og_url":"https:\/\/www.gaveanews.com\/index.php\/2020\/06\/27\/dirigente-do-flamengo-nao-teme-saida-de-jorge-jesus-e-um-reconhecimento-pelo-bom-trabalho-dele\/","og_site_name":"G\u00e1vea News","article_publisher":"https:\/\/facebook.com\/gaveaNews\/","article_published_time":"2020-06-28T01:15:00+00:00","og_image":[{"width":900,"height":600,"url":"https:\/\/www.gaveanews.com\/wp-content\/uploads\/Treinador-Jorge-Jesus-durante-uma-partida-do-Flamengo.webp","type":"image\/jpeg"}],"author":"Equipe G\u00e1vea News","twitter_card":"summary_large_image","twitter_misc":{"Escrito por":"Equipe G\u00e1vea News","Est. tempo de leitura":"1 minuto"},"schema":{"@context":"https:\/\/schema.org","@graph":[{"@type":"NewsArticle","@id":"https:\/\/www.gaveanews.com\/index.php\/2020\/06\/27\/dirigente-do-flamengo-nao-teme-saida-de-jorge-jesus-e-um-reconhecimento-pelo-bom-trabalho-dele\/#article","isPartOf":{"@id":"https:\/\/www.gaveanews.com\/index.php\/2020\/06\/27\/dirigente-do-flamengo-nao-teme-saida-de-jorge-jesus-e-um-reconhecimento-pelo-bom-trabalho-dele\/"},"author":{"name":"Equipe G\u00e1vea News","@id":"https:\/\/www.gaveanews.com\/#\/schema\/person\/2ec14f73fb96be2caf28f91afb14749d"},"headline":"Dirigente do Flamengo n\u00e3o teme sa\u00edda de Jorge Jesus: &#8220;\u00c9 um reconhecimento pelo bom trabalho dele&#8221;","datePublished":"2020-06-28T01:15:00+00:00","mainEntityOfPage":{"@id":"https:\/\/www.gaveanews.com\/index.php\/2020\/06\/27\/dirigente-do-flamengo-nao-teme-saida-de-jorge-jesus-e-um-reconhecimento-pelo-bom-trabalho-dele\/"},"wordCount":201,"commentCount":1,"image":{"@id":"https:\/\/www.gaveanews.com\/index.php\/2020\/06\/27\/dirigente-do-flamengo-nao-teme-saida-de-jorge-jesus-e-um-reconhecimento-pelo-bom-trabalho-dele\/#primaryimage"},"thumbnailUrl":"https:\/\/www.gaveanews.com\/wp-content\/uploads\/Treinador-Jorge-Jesus-durante-uma-partida-do-Flamengo.webp","articleSection":["Flamengo"],"inLanguage":"pt-BR","potentialAction":[{"@type":"CommentAction","name":"Comment","target":["https:\/\/www.gaveanews.com\/index.php\/2020\/06\/27\/dirigente-do-flamengo-nao-teme-saida-de-jorge-jesus-e-um-reconhecimento-pelo-bom-trabalho-dele\/#respond"]}],"copyrightYear":"2020","copyrightHolder":{"@id":"https:\/\/www.gaveanews.com\/#organization"}},{"@type":"WebPage","@id":"https:\/\/www.gaveanews.com\/index.php\/2020\/06\/27\/dirigente-do-flamengo-nao-teme-saida-de-jorge-jesus-e-um-reconhecimento-pelo-bom-trabalho-dele\/","url":"https:\/\/www.gaveanews.com\/index.php\/2020\/06\/27\/dirigente-do-flamengo-nao-teme-saida-de-jorge-jesus-e-um-reconhecimento-pelo-bom-trabalho-dele\/","name":"Dirigente do Flamengo n\u00e3o teme sa\u00edda de Jorge Jesus: \"\u00c9 um reconhecimento pelo bom trabalho dele\"","isPartOf":{"@id":"https:\/\/www.gaveanews.com\/#website"},"primaryImageOfPage":{"@id":"https:\/\/www.gaveanews.com\/index.php\/2020\/06\/27\/dirigente-do-flamengo-nao-teme-saida-de-jorge-jesus-e-um-reconhecimento-pelo-bom-trabalho-dele\/#primaryimage"},"image":{"@id":"https:\/\/www.gaveanews.com\/index.php\/2020\/06\/27\/dirigente-do-flamengo-nao-teme-saida-de-jorge-jesus-e-um-reconhecimento-pelo-bom-trabalho-dele\/#primaryimage"},"thumbnailUrl":"https:\/\/www.gaveanews.com\/wp-content\/uploads\/Treinador-Jorge-Jesus-durante-uma-partida-do-Flamengo.webp","datePublished":"2020-06-28T01:15:00+00:00","author":{"@id":"https:\/\/www.gaveanews.com\/#\/schema\/person\/2ec14f73fb96be2caf28f91afb14749d"},"breadcrumb":{"@id":"https:\/\/www.gaveanews.com\/index.php\/2020\/06\/27\/dirigente-do-flamengo-nao-teme-saida-de-jorge-jesus-e-um-reconhecimento-pelo-bom-trabalho-dele\/#breadcrumb"},"inLanguage":"pt-BR","potentialAction":[{"@type":"ReadAction","target":["https:\/\/www.gaveanews.com\/index.php\/2020\/06\/27\/dirigente-do-flamengo-nao-teme-saida-de-jorge-jesus-e-um-reconhecimento-pelo-bom-trabalho-dele\/"]}]},{"@type":"ImageObject","inLanguage":"pt-BR","@id":"https:\/\/www.gaveanews.com\/index.php\/2020\/06\/27\/dirigente-do-flamengo-nao-teme-saida-de-jorge-jesus-e-um-reconhecimento-pelo-bom-trabalho-dele\/#primaryimage","url":"https:\/\/www.gaveanews.com\/wp-content\/uploads\/Treinador-Jorge-Jesus-durante-uma-partida-do-Flamengo.webp","contentUrl":"https:\/\/www.gaveanews.com\/wp-content\/uploads\/Treinador-Jorge-Jesus-durante-uma-partida-do-Flamengo.webp","width":900,"height":600,"caption":"Treinador Jorge Jesus durante uma partida do Flamengo (Foto: Alexandre Vidal\/Flamengo)"},{"@type":"BreadcrumbList","@id":"https:\/\/www.gaveanews.com\/index.php\/2020\/06\/27\/dirigente-do-flamengo-nao-teme-saida-de-jorge-jesus-e-um-reconhecimento-pelo-bom-trabalho-dele\/#breadcrumb","itemListElement":[{"@type":"ListItem","position":1,"name":"Home","item":"https:\/\/www.gaveanews.com\/"},{"@type":"ListItem","position":2,"name":"Dirigente do Flamengo n\u00e3o teme sa\u00edda de Jorge Jesus: &#8220;\u00c9 um reconhecimento pelo bom trabalho dele&#8221;"}]},{"@type":"WebSite","@id":"https:\/\/www.gaveanews.com\/#website","url":"https:\/\/www.gaveanews.com\/","name":"G\u00e1vea News","description":"Veja todas as not\u00edcias sobre o Flamengo: Contrata\u00e7\u00f5es, categorias de base, resultados das partidas, tabela de classifica\u00e7\u00e3o, pr\u00f3ximos jogos!","potentialAction":[{"@type":"SearchAction","target":{"@type":"EntryPoint","urlTemplate":"https:\/\/www.gaveanews.com\/?s={search_term_string}"},"query-input":{"@type":"PropertyValueSpecification","valueRequired":true,"valueName":"search_term_string"}}],"inLanguage":"pt-BR"},{"@type":"Person","@id":"https:\/\/www.gaveanews.com\/#\/schema\/person\/2ec14f73fb96be2caf28f91afb14749d","name":"Equipe G\u00e1vea News","image":{"@type":"ImageObject","inLanguage":"pt-BR","@id":"https:\/\/www.gaveanews.com\/#\/schema\/person\/image\/","url":"https:\/\/secure.gravatar.com\/avatar\/1e1956f1facbffd3f8fa53a326721950116b3b9dc9bd44939c01180fd4a745a9?s=96&d=mm&r=g","contentUrl":"https:\/\/secure.gravatar.com\/avatar\/1e1956f1facbffd3f8fa53a326721950116b3b9dc9bd44939c01180fd4a745a9?s=96&d=mm&r=g","caption":"Equipe G\u00e1vea News"}}]}},"_links":{"self":[{"href":"https:\/\/www.gaveanews.com\/index.php\/wp-json\/wp\/v2\/posts\/42482","targetHints":{"allow":["GET"]}}],"collection":[{"href":"https:\/\/www.gaveanews.com\/index.php\/wp-json\/wp\/v2\/posts"}],"about":[{"href":"https:\/\/www.gaveanews.com\/index.php\/wp-json\/wp\/v2\/types\/post"}],"author":[{"embeddable":true,"href":"https:\/\/www.gaveanews.com\/index.php\/wp-json\/wp\/v2\/users\/1"}],"replies":[{"embeddable":true,"href":"https:\/\/www.gaveanews.com\/index.php\/wp-json\/wp\/v2\/comments?post=42482"}],"version-history":[{"count":0,"href":"https:\/\/www.gaveanews.com\/index.php\/wp-json\/wp\/v2\/posts\/42482\/revisions"}],"wp:featuredmedia":[{"embeddable":true,"href":"https:\/\/www.gaveanews.com\/index.php\/wp-json\/wp\/v2\/media\/28884"}],"wp:attachment":[{"href":"https:\/\/www.gaveanews.com\/index.php\/wp-json\/wp\/v2\/media?parent=42482"}],"wp:term":[{"taxonomy":"category","embeddable":true,"href":"https:\/\/www.gaveanews.com\/index.php\/wp-json\/wp\/v2\/categories?post=42482"},{"taxonomy":"post_tag","embeddable":true,"href":"https:\/\/www.gaveanews.com\/index.php\/wp-json\/wp\/v2\/tags?post=42482"}],"curies":[{"name":"wp","href":"https:\/\/api.w.org\/{rel}","templated":true}]}}